{"id":32018,"date":"2024-09-23T11:38:54","date_gmt":"2024-09-23T14:38:54","guid":{"rendered":"https:\/\/jornaltimoneiro.com.br\/?p=32018"},"modified":"2024-09-23T11:38:54","modified_gmt":"2024-09-23T14:38:54","slug":"feriado-de-20-de-setembro-marcou-a-retomada-da-operacao-da-trensurb-em-porto-alegre","status":"publish","type":"post","link":"https:\/\/jornaltimoneiro.com.br\/index.php\/2024\/09\/23\/feriado-de-20-de-setembro-marcou-a-retomada-da-operacao-da-trensurb-em-porto-alegre\/","title":{"rendered":"Feriado de 20 de Setembro marcou a retomada da opera\u00e7\u00e3o da Trensurb em Porto Alegre"},"content":{"rendered":"<p>No feriado do dia 20 de setembro, a Trensurb celebrou mais um importante cap\u00edtulo de seu plano de reconstru\u00e7\u00e3o: a retomada da circula\u00e7\u00e3o dos trens em Porto Alegre, chegando at\u00e9 a Esta\u00e7\u00e3o Farrapos.<\/p>\n<p>A Trensurb far\u00e1 circula\u00e7\u00e3o dos trens no trecho entre as esta\u00e7\u00f5es Novo Hamburgo e Farrapos das 5h \u00e0s 23h, diariamente, com intervalos de 15 minutos entre as viagens, em dias \u00fateis e s\u00e1bados e, nos domingos e feriados, intervalo de 20 minutos entre as viagens.<\/p>\n<h4><strong>Manuten\u00e7\u00e3o e ajustes<\/strong><\/h4>\n<p>Uma s\u00e9rie de medidas foram implementadas, dentre entre elas, manuten\u00e7\u00f5es e ajustes realizados nos sistemas de sinaliza\u00e7\u00e3o, energia el\u00e9trica de tra\u00e7\u00e3o, via permanente e o transporte alternativo de passageiros.<\/p>\n<h4><strong>Opera\u00e7\u00e3o Emergencial \u2013 \u00d4nibus<\/strong><\/h4>\n<p>Complementando as viagens de metr\u00f4, o servi\u00e7o de \u00f4nibus fretados pela Trensurb no munic\u00edpio de Porto Alegre ser\u00e1 entre as esta\u00e7\u00f5es Farrapos e Mercado (Terminal J\u00falio de Castilhos), com uma parada para desembarque na Esta\u00e7\u00e3o S\u00e3o Pedro no sentido Farrapos\/Mercado e para embarque, na mesma esta\u00e7\u00e3o, no sentido Mercado\/Farrapos. Vale destacar que n\u00e3o h\u00e1 cobran\u00e7a de passagem nos \u00f4nibus.<\/p>\n<p><strong>Partidas Terminal J\u00falio de Castilhos\/Centro de POA<\/strong> \u2013 Viagens com destino \u00e0 Esta\u00e7\u00e3o Farrapos, com paradas apenas para embarque na Esta\u00e7\u00e3o S\u00e3o Pedro, das 5h30 \u00e0s 22h45. O embarque e desembarque pr\u00f3ximo \u00e0 Esta\u00e7\u00e3o Mercado \u00e9 realizado no terminal J\u00falio de Castilhos, em parada devidamente identificada.<\/p>\n<p><strong>Partidas do Terminal Farrapos<\/strong> \u2013 Viagens com destino ao Terminal J\u00falio de Castilhos\/Centro de POA, com paradas apenas para desembarque na Esta\u00e7\u00e3o S\u00e3o Pedro, das 5h20 \u00e0s 00h10. O embarque e desembarque na Esta\u00e7\u00e3o Farrapos \u00e9 feito no terminal de integra\u00e7\u00e3o da esta\u00e7\u00e3o.<\/p>\n","protected":false},"excerpt":{"rendered":"<p>No feriado do dia 20 de setembro, a Trensurb celebrou mais um importante cap\u00edtulo de seu plano de reconstru\u00e7\u00e3o: a retomada da circula\u00e7\u00e3o dos trens em Porto Alegre, chegando at\u00e9 a Esta\u00e7\u00e3o Farrapos. A Trensurb far\u00e1 circula\u00e7\u00e3o dos trens no trecho entre as esta\u00e7\u00f5es Novo Hamburgo e Farrapos das 5h \u00e0s 23h, diariamente, com intervalos [&hellip;]<\/p>\n","protected":false},"author":2,"featured_media":32019,"comment_status":"open","ping_status":"open","sticky":false,"template":"","format":"standard","meta":{"amp_status":"","footnotes":""},"categories":[2629],"tags":[791,190,1246,2188,121,2663,213,80,3387,258,250],"class_list":["post-32018","post","type-post","status-publish","format-standard","has-post-thumbnail","hentry","category-transporte","tag-enchente","tag-featured","tag-metro","tag-operacao","tag-porto-alegre","tag-retomada","tag-rio-grande-do-sul","tag-rs","tag-transorte","tag-trem","tag-trensurb"],"yoast_head":"<!-- This site is optimized with the Yoast SEO plugin v20.5 - https:\/\/yoast.com\/wordpress\/plugins\/seo\/ -->\n<title>Feriado de 20 de Setembro marcou a retomada da opera\u00e7\u00e3o da Trensurb em Porto Alegre - O Timoneiro Jornal Canoas RS<\/title>\n<meta name=\"description\" content=\"No feriado do dia 20 de setembro, a Trensurb teve retomada da circula\u00e7\u00e3o dos trens em Porto Alegre, chegando at\u00e9 a Esta\u00e7\u00e3o Farrapos.\" \/>\n<meta name=\"robots\" content=\"index, follow, max-snippet:-1, max-image-preview:large, max-video-preview:-1\" \/>\n<link rel=\"canonical\" href=\"https:\/\/jornaltimoneiro.com.br\/index.php\/2024\/09\/23\/feriado-de-20-de-setembro-marcou-a-retomada-da-operacao-da-trensurb-em-porto-alegre\/\" \/>\n<meta property=\"og:locale\" content=\"pt_BR\" \/>\n<meta property=\"og:type\" content=\"article\" \/>\n<meta property=\"og:title\" content=\"Feriado de 20 de Setembro marcou a retomada da opera\u00e7\u00e3o da Trensurb em Porto Alegre - O Timoneiro Jornal Canoas RS\" \/>\n<meta property=\"og:description\" content=\"No feriado do dia 20 de setembro, a Trensurb teve retomada da circula\u00e7\u00e3o dos trens em Porto Alegre, chegando at\u00e9 a Esta\u00e7\u00e3o Farrapos.\" \/>\n<meta property=\"og:url\" content=\"https:\/\/jornaltimoneiro.com.br\/index.php\/2024\/09\/23\/feriado-de-20-de-setembro-marcou-a-retomada-da-operacao-da-trensurb-em-porto-alegre\/\" \/>\n<meta property=\"og:site_name\" content=\"O Timoneiro Jornal Canoas RS\" \/>\n<meta property=\"article:publisher\" content=\"https:\/\/www.facebook.com\/jornaltimoneiro\" \/>\n<meta property=\"article:published_time\" content=\"2024-09-23T14:38:54+00:00\" \/>\n<meta property=\"og:image\" content=\"https:\/\/jornaltimoneiro.com.br\/wp-content\/uploads\/2024\/09\/Feriado-de-20-de-Setembro-marcou-a-retomada-da-operacao-da-Trensurb-em-Porto-Alegre.jpg\" \/>\n\t<meta property=\"og:image:width\" content=\"1080\" \/>\n\t<meta property=\"og:image:height\" content=\"720\" \/>\n\t<meta property=\"og:image:type\" content=\"image\/jpeg\" \/>\n<meta name=\"author\" content=\"Reda\u00e7\u00e3o\" \/>\n<meta name=\"twitter:card\" content=\"summary_large_image\" \/>\n<meta name=\"twitter:creator\" content=\"@_OTimoneiro\" \/>\n<meta name=\"twitter:site\" content=\"@_OTimoneiro\" \/>\n<meta name=\"twitter:label1\" content=\"Escrito por\" \/>\n\t<meta name=\"twitter:data1\" content=\"Reda\u00e7\u00e3o\" \/>\n\t<meta name=\"twitter:label2\" content=\"Est. tempo de leitura\" \/>\n\t<meta name=\"twitter:data2\" content=\"2 minutos\" \/>\n<script type=\"application\/ld+json\" class=\"yoast-schema-graph\">{\"@context\":\"https:\/\/schema.org\",\"@graph\":[{\"@type\":\"Article\",\"@id\":\"https:\/\/jornaltimoneiro.com.br\/index.php\/2024\/09\/23\/feriado-de-20-de-setembro-marcou-a-retomada-da-operacao-da-trensurb-em-porto-alegre\/#article\",\"isPartOf\":{\"@id\":\"https:\/\/jornaltimoneiro.com.br\/index.php\/2024\/09\/23\/feriado-de-20-de-setembro-marcou-a-retomada-da-operacao-da-trensurb-em-porto-alegre\/\"},\"author\":{\"name\":\"Reda\u00e7\u00e3o\",\"@id\":\"https:\/\/jornaltimoneiro.com.br\/#\/schema\/person\/f63482f1a02b1a9592707865e509ab40\"},\"headline\":\"Feriado de 20 de Setembro marcou a retomada da opera\u00e7\u00e3o da Trensurb em Porto Alegre\",\"datePublished\":\"2024-09-23T14:38:54+00:00\",\"dateModified\":\"2024-09-23T14:38:54+00:00\",\"mainEntityOfPage\":{\"@id\":\"https:\/\/jornaltimoneiro.com.br\/index.php\/2024\/09\/23\/feriado-de-20-de-setembro-marcou-a-retomada-da-operacao-da-trensurb-em-porto-alegre\/\"},\"wordCount\":307,\"commentCount\":0,\"publisher\":{\"@id\":\"https:\/\/jornaltimoneiro.com.br\/#organization\"},\"keywords\":[\"enchente\",\"featured\",\"metr\u00f4\",\"opera\u00e7\u00e3o\",\"Porto Alegre\",\"retomada\",\"rio grande do sul\",\"RS\",\"transorte\",\"trem\",\"trensurb\"],\"articleSection\":[\"Transporte\"],\"inLanguage\":\"pt-BR\",\"potentialAction\":[{\"@type\":\"CommentAction\",\"name\":\"Comment\",\"target\":[\"https:\/\/jornaltimoneiro.com.br\/index.php\/2024\/09\/23\/feriado-de-20-de-setembro-marcou-a-retomada-da-operacao-da-trensurb-em-porto-alegre\/#respond\"]}]},{\"@type\":\"WebPage\",\"@id\":\"https:\/\/jornaltimoneiro.com.br\/index.php\/2024\/09\/23\/feriado-de-20-de-setembro-marcou-a-retomada-da-operacao-da-trensurb-em-porto-alegre\/\",\"url\":\"https:\/\/jornaltimoneiro.com.br\/index.php\/2024\/09\/23\/feriado-de-20-de-setembro-marcou-a-retomada-da-operacao-da-trensurb-em-porto-alegre\/\",\"name\":\"Feriado de 20 de Setembro marcou a retomada da opera\u00e7\u00e3o da Trensurb em Porto Alegre - O Timoneiro Jornal Canoas RS\",\"isPartOf\":{\"@id\":\"https:\/\/jornaltimoneiro.com.br\/#website\"},\"datePublished\":\"2024-09-23T14:38:54+00:00\",\"dateModified\":\"2024-09-23T14:38:54+00:00\",\"description\":\"No feriado do dia 20 de setembro, a Trensurb teve retomada da circula\u00e7\u00e3o dos trens em Porto Alegre, chegando at\u00e9 a Esta\u00e7\u00e3o Farrapos.\",\"breadcrumb\":{\"@id\":\"https:\/\/jornaltimoneiro.com.br\/index.php\/2024\/09\/23\/feriado-de-20-de-setembro-marcou-a-retomada-da-operacao-da-trensurb-em-porto-alegre\/#breadcrumb\"},\"inLanguage\":\"pt-BR\",\"potentialAction\":[{\"@type\":\"ReadAction\",\"target\":[\"https:\/\/jornaltimoneiro.com.br\/index.php\/2024\/09\/23\/feriado-de-20-de-setembro-marcou-a-retomada-da-operacao-da-trensurb-em-porto-alegre\/\"]}]},{\"@type\":\"BreadcrumbList\",\"@id\":\"https:\/\/jornaltimoneiro.com.br\/index.php\/2024\/09\/23\/feriado-de-20-de-setembro-marcou-a-retomada-da-operacao-da-trensurb-em-porto-alegre\/#breadcrumb\",\"itemListElement\":[{\"@type\":\"ListItem\",\"position\":1,\"name\":\"In\u00edcio\",\"item\":\"https:\/\/jornaltimoneiro.com.br\/\"},{\"@type\":\"ListItem\",\"position\":2,\"name\":\"Feriado de 20 de Setembro marcou a retomada da opera\u00e7\u00e3o da Trensurb em Porto Alegre\"}]},{\"@type\":\"WebSite\",\"@id\":\"https:\/\/jornaltimoneiro.com.br\/#website\",\"url\":\"https:\/\/jornaltimoneiro.com.br\/\",\"name\":\"Jornal Timoneiro Canoas RS\",\"description\":\"Jornal O Timoneiro, o verdadeiro jornal de Canoas\",\"publisher\":{\"@id\":\"https:\/\/jornaltimoneiro.com.br\/#organization\"},\"potentialAction\":[{\"@type\":\"SearchAction\",\"target\":{\"@type\":\"EntryPoint\",\"urlTemplate\":\"https:\/\/jornaltimoneiro.com.br\/?s={search_term_string}\"},\"query-input\":\"required name=search_term_string\"}],\"inLanguage\":\"pt-BR\"},{\"@type\":\"Organization\",\"@id\":\"https:\/\/jornaltimoneiro.com.br\/#organization\",\"name\":\"Jornal Timoneiro Canoas RS\",\"url\":\"https:\/\/jornaltimoneiro.com.br\/\",\"logo\":{\"@type\":\"ImageObject\",\"inLanguage\":\"pt-BR\",\"@id\":\"https:\/\/jornaltimoneiro.com.br\/#\/schema\/logo\/image\/\",\"url\":\"https:\/\/jornaltimoneiro.com.br\/wp-content\/uploads\/2023\/03\/logonovo.png\",\"contentUrl\":\"https:\/\/jornaltimoneiro.com.br\/wp-content\/uploads\/2023\/03\/logonovo.png\",\"width\":\"469\",\"height\":\"171\",\"caption\":\"Jornal Timoneiro Canoas RS\"},\"image\":{\"@id\":\"https:\/\/jornaltimoneiro.com.br\/#\/schema\/logo\/image\/\"},\"sameAs\":[\"https:\/\/www.facebook.com\/jornaltimoneiro\",\"https:\/\/twitter.com\/_OTimoneiro\",\"https:\/\/www.instagram.com\/jornaltimoneirocanoas\/\",\"https:\/\/www.youtube.com\/@jornalotimoneiro7927\"]},{\"@type\":\"Person\",\"@id\":\"https:\/\/jornaltimoneiro.com.br\/#\/schema\/person\/f63482f1a02b1a9592707865e509ab40\",\"name\":\"Reda\u00e7\u00e3o\",\"image\":{\"@type\":\"ImageObject\",\"inLanguage\":\"pt-BR\",\"@id\":\"https:\/\/jornaltimoneiro.com.br\/#\/schema\/person\/image\/\",\"url\":\"https:\/\/jornaltimoneiro.com.br\/wp-content\/uploads\/2023\/03\/download.jpeg\",\"contentUrl\":\"https:\/\/jornaltimoneiro.com.br\/wp-content\/uploads\/2023\/03\/download.jpeg\",\"caption\":\"Reda\u00e7\u00e3o\"},\"url\":\"https:\/\/jornaltimoneiro.com.br\/index.php\/author\/simone-dutra\/\"}]}<\/script>\n<!-- \/ Yoast SEO plugin. -->","yoast_head_json":{"title":"Feriado de 20 de Setembro marcou a retomada da opera\u00e7\u00e3o da Trensurb em Porto Alegre - O Timoneiro Jornal Canoas RS","description":"No feriado do dia 20 de setembro, a Trensurb teve retomada da circula\u00e7\u00e3o dos trens em Porto Alegre, chegando at\u00e9 a Esta\u00e7\u00e3o Farrapos.","robots":{"index":"index","follow":"follow","max-snippet":"max-snippet:-1","max-image-preview":"max-image-preview:large","max-video-preview":"max-video-preview:-1"},"canonical":"https:\/\/jornaltimoneiro.com.br\/index.php\/2024\/09\/23\/feriado-de-20-de-setembro-marcou-a-retomada-da-operacao-da-trensurb-em-porto-alegre\/","og_locale":"pt_BR","og_type":"article","og_title":"Feriado de 20 de Setembro marcou a retomada da opera\u00e7\u00e3o da Trensurb em Porto Alegre - O Timoneiro Jornal Canoas RS","og_description":"No feriado do dia 20 de setembro, a Trensurb teve retomada da circula\u00e7\u00e3o dos trens em Porto Alegre, chegando at\u00e9 a Esta\u00e7\u00e3o Farrapos.","og_url":"https:\/\/jornaltimoneiro.com.br\/index.php\/2024\/09\/23\/feriado-de-20-de-setembro-marcou-a-retomada-da-operacao-da-trensurb-em-porto-alegre\/","og_site_name":"O Timoneiro Jornal Canoas RS","article_publisher":"https:\/\/www.facebook.com\/jornaltimoneiro","article_published_time":"2024-09-23T14:38:54+00:00","og_image":[{"width":"1080","height":"720","url":"https:\/\/jornaltimoneiro.com.br\/wp-content\/uploads\/2024\/09\/Feriado-de-20-de-Setembro-marcou-a-retomada-da-operacao-da-Trensurb-em-Porto-Alegre.jpg","type":"image\/jpeg"}],"author":"Reda\u00e7\u00e3o","twitter_card":"summary_large_image","twitter_creator":"@_OTimoneiro","twitter_site":"@_OTimoneiro","twitter_misc":{"Escrito por":"Reda\u00e7\u00e3o","Est. tempo de leitura":"2 minutos"},"schema":{"@context":"https:\/\/schema.org","@graph":[{"@type":"Article","@id":"https:\/\/jornaltimoneiro.com.br\/index.php\/2024\/09\/23\/feriado-de-20-de-setembro-marcou-a-retomada-da-operacao-da-trensurb-em-porto-alegre\/#article","isPartOf":{"@id":"https:\/\/jornaltimoneiro.com.br\/index.php\/2024\/09\/23\/feriado-de-20-de-setembro-marcou-a-retomada-da-operacao-da-trensurb-em-porto-alegre\/"},"author":{"name":"Reda\u00e7\u00e3o","@id":"https:\/\/jornaltimoneiro.com.br\/#\/schema\/person\/f63482f1a02b1a9592707865e509ab40"},"headline":"Feriado de 20 de Setembro marcou a retomada da opera\u00e7\u00e3o da Trensurb em Porto Alegre","datePublished":"2024-09-23T14:38:54+00:00","dateModified":"2024-09-23T14:38:54+00:00","mainEntityOfPage":{"@id":"https:\/\/jornaltimoneiro.com.br\/index.php\/2024\/09\/23\/feriado-de-20-de-setembro-marcou-a-retomada-da-operacao-da-trensurb-em-porto-alegre\/"},"wordCount":307,"commentCount":0,"publisher":{"@id":"https:\/\/jornaltimoneiro.com.br\/#organization"},"keywords":["enchente","featured","metr\u00f4","opera\u00e7\u00e3o","Porto Alegre","retomada","rio grande do sul","RS","transorte","trem","trensurb"],"articleSection":["Transporte"],"inLanguage":"pt-BR","potentialAction":[{"@type":"CommentAction","name":"Comment","target":["https:\/\/jornaltimoneiro.com.br\/index.php\/2024\/09\/23\/feriado-de-20-de-setembro-marcou-a-retomada-da-operacao-da-trensurb-em-porto-alegre\/#respond"]}]},{"@type":"WebPage","@id":"https:\/\/jornaltimoneiro.com.br\/index.php\/2024\/09\/23\/feriado-de-20-de-setembro-marcou-a-retomada-da-operacao-da-trensurb-em-porto-alegre\/","url":"https:\/\/jornaltimoneiro.com.br\/index.php\/2024\/09\/23\/feriado-de-20-de-setembro-marcou-a-retomada-da-operacao-da-trensurb-em-porto-alegre\/","name":"Feriado de 20 de Setembro marcou a retomada da opera\u00e7\u00e3o da Trensurb em Porto Alegre - O Timoneiro Jornal Canoas RS","isPartOf":{"@id":"https:\/\/jornaltimoneiro.com.br\/#website"},"datePublished":"2024-09-23T14:38:54+00:00","dateModified":"2024-09-23T14:38:54+00:00","description":"No feriado do dia 20 de setembro, a Trensurb teve retomada da circula\u00e7\u00e3o dos trens em Porto Alegre, chegando at\u00e9 a Esta\u00e7\u00e3o Farrapos.","breadcrumb":{"@id":"https:\/\/jornaltimoneiro.com.br\/index.php\/2024\/09\/23\/feriado-de-20-de-setembro-marcou-a-retomada-da-operacao-da-trensurb-em-porto-alegre\/#breadcrumb"},"inLanguage":"pt-BR","potentialAction":[{"@type":"ReadAction","target":["https:\/\/jornaltimoneiro.com.br\/index.php\/2024\/09\/23\/feriado-de-20-de-setembro-marcou-a-retomada-da-operacao-da-trensurb-em-porto-alegre\/"]}]},{"@type":"BreadcrumbList","@id":"https:\/\/jornaltimoneiro.com.br\/index.php\/2024\/09\/23\/feriado-de-20-de-setembro-marcou-a-retomada-da-operacao-da-trensurb-em-porto-alegre\/#breadcrumb","itemListElement":[{"@type":"ListItem","position":1,"name":"In\u00edcio","item":"https:\/\/jornaltimoneiro.com.br\/"},{"@type":"ListItem","position":2,"name":"Feriado de 20 de Setembro marcou a retomada da opera\u00e7\u00e3o da Trensurb em Porto Alegre"}]},{"@type":"WebSite","@id":"https:\/\/jornaltimoneiro.com.br\/#website","url":"https:\/\/jornaltimoneiro.com.br\/","name":"Jornal Timoneiro Canoas RS","description":"Jornal O Timoneiro, o verdadeiro jornal de Canoas","publisher":{"@id":"https:\/\/jornaltimoneiro.com.br\/#organization"},"potentialAction":[{"@type":"SearchAction","target":{"@type":"EntryPoint","urlTemplate":"https:\/\/jornaltimoneiro.com.br\/?s={search_term_string}"},"query-input":"required name=search_term_string"}],"inLanguage":"pt-BR"},{"@type":"Organization","@id":"https:\/\/jornaltimoneiro.com.br\/#organization","name":"Jornal Timoneiro Canoas RS","url":"https:\/\/jornaltimoneiro.com.br\/","logo":{"@type":"ImageObject","inLanguage":"pt-BR","@id":"https:\/\/jornaltimoneiro.com.br\/#\/schema\/logo\/image\/","url":"https:\/\/jornaltimoneiro.com.br\/wp-content\/uploads\/2023\/03\/logonovo.png","contentUrl":"https:\/\/jornaltimoneiro.com.br\/wp-content\/uploads\/2023\/03\/logonovo.png","width":"469","height":"171","caption":"Jornal Timoneiro Canoas RS"},"image":{"@id":"https:\/\/jornaltimoneiro.com.br\/#\/schema\/logo\/image\/"},"sameAs":["https:\/\/www.facebook.com\/jornaltimoneiro","https:\/\/twitter.com\/_OTimoneiro","https:\/\/www.instagram.com\/jornaltimoneirocanoas\/","https:\/\/www.youtube.com\/@jornalotimoneiro7927"]},{"@type":"Person","@id":"https:\/\/jornaltimoneiro.com.br\/#\/schema\/person\/f63482f1a02b1a9592707865e509ab40","name":"Reda\u00e7\u00e3o","image":{"@type":"ImageObject","inLanguage":"pt-BR","@id":"https:\/\/jornaltimoneiro.com.br\/#\/schema\/person\/image\/","url":"https:\/\/jornaltimoneiro.com.br\/wp-content\/uploads\/2023\/03\/download.jpeg","contentUrl":"https:\/\/jornaltimoneiro.com.br\/wp-content\/uploads\/2023\/03\/download.jpeg","caption":"Reda\u00e7\u00e3o"},"url":"https:\/\/jornaltimoneiro.com.br\/index.php\/author\/simone-dutra\/"}]}},"_links":{"self":[{"href":"https:\/\/jornaltimoneiro.com.br\/index.php\/wp-json\/wp\/v2\/posts\/32018"}],"collection":[{"href":"https:\/\/jornaltimoneiro.com.br\/index.php\/wp-json\/wp\/v2\/posts"}],"about":[{"href":"https:\/\/jornaltimoneiro.com.br\/index.php\/wp-json\/wp\/v2\/types\/post"}],"author":[{"embeddable":true,"href":"https:\/\/jornaltimoneiro.com.br\/index.php\/wp-json\/wp\/v2\/users\/2"}],"replies":[{"embeddable":true,"href":"https:\/\/jornaltimoneiro.com.br\/index.php\/wp-json\/wp\/v2\/comments?post=32018"}],"version-history":[{"count":1,"href":"https:\/\/jornaltimoneiro.com.br\/index.php\/wp-json\/wp\/v2\/posts\/32018\/revisions"}],"predecessor-version":[{"id":32020,"href":"https:\/\/jornaltimoneiro.com.br\/index.php\/wp-json\/wp\/v2\/posts\/32018\/revisions\/32020"}],"wp:featuredmedia":[{"embeddable":true,"href":"https:\/\/jornaltimoneiro.com.br\/index.php\/wp-json\/wp\/v2\/media\/32019"}],"wp:attachment":[{"href":"https:\/\/jornaltimoneiro.com.br\/index.php\/wp-json\/wp\/v2\/media?parent=32018"}],"wp:term":[{"taxonomy":"category","embeddable":true,"href":"https:\/\/jornaltimoneiro.com.br\/index.php\/wp-json\/wp\/v2\/categories?post=32018"},{"taxonomy":"post_tag","embeddable":true,"href":"https:\/\/jornaltimoneiro.com.br\/index.php\/wp-json\/wp\/v2\/tags?post=32018"}],"curies":[{"name":"wp","href":"https:\/\/api.w.org\/{rel}","templated":true}]}}