{"id":32002,"date":"2024-09-18T21:33:26","date_gmt":"2024-09-19T00:33:26","guid":{"rendered":"https:\/\/jornaltimoneiro.com.br\/?p=32002"},"modified":"2024-09-18T19:47:08","modified_gmt":"2024-09-18T22:47:08","slug":"primeira-semana-no-parque-do-gaucho-foi-repleta-de-musica-comidas-tipicas-e-reencontros","status":"publish","type":"post","link":"https:\/\/jornaltimoneiro.com.br\/index.php\/2024\/09\/18\/primeira-semana-no-parque-do-gaucho-foi-repleta-de-musica-comidas-tipicas-e-reencontros\/","title":{"rendered":"Primeira semana no Parque do Ga\u00facho foi repleta de m\u00fasica, comidas t\u00edpicas e reencontros"},"content":{"rendered":"<p>A Chama Crioula foi acesa no Parque do Ga\u00facho, em Canoas, \u00e0s 00h01 do dia 14 de setembro, abrindo as festividades da 30\u00aa Semana Farroupilha de Canoas, que neste ano est\u00e1 sendo diferente. Quatro meses ap\u00f3s a maior enchente da cidade, o momento \u00e9 de reencontro e supera\u00e7\u00e3o.<\/p>\n<div id=\"attachment_32003\" style=\"width: 710px\" class=\"wp-caption alignnone\"><img decoding=\"async\" aria-describedby=\"caption-attachment-32003\" class=\"size-full wp-image-32003\" src=\"https:\/\/jornaltimoneiro.com.br\/wp-content\/uploads\/2024\/09\/WhatsApp-Image-2024-09-18-at-18.50.14.jpeg\" alt=\"Arquivo O Timoneiro\" width=\"700\" height=\"775\" srcset=\"https:\/\/jornaltimoneiro.com.br\/wp-content\/uploads\/2024\/09\/WhatsApp-Image-2024-09-18-at-18.50.14.jpeg 700w, https:\/\/jornaltimoneiro.com.br\/wp-content\/uploads\/2024\/09\/WhatsApp-Image-2024-09-18-at-18.50.14-271x300.jpeg 271w\" sizes=\"(max-width: 700px) 100vw, 700px\" \/><p id=\"caption-attachment-32003\" class=\"wp-caption-text\">Arquivo O Timoneiro<\/p><\/div>\n<p>O final de semana com tempo bom lotou o Parque \u2013 principalmente no domingo -, com a presen\u00e7a de muitas fam\u00edlias, o tradicional churrasco e os shows no Multipalco, com destaque para Pedro Ernesto Denardin, Cristiano Quevedo, Grupo Alma Gaud\u00e9ria, Joca Martins e Juliana Spanevello, Jo\u00e3o Guedes e Fam\u00edlia e o Grupo Tch\u00ea Guri.<\/p>\n<div id=\"attachment_32004\" style=\"width: 710px\" class=\"wp-caption alignnone\"><img decoding=\"async\" aria-describedby=\"caption-attachment-32004\" class=\"size-full wp-image-32004\" src=\"https:\/\/jornaltimoneiro.com.br\/wp-content\/uploads\/2024\/09\/WhatsApp-Image-2024-09-15-at-22.07.30-1.jpeg\" alt=\"Tch\u00ea Guri - O Timoneiro\" width=\"700\" height=\"727\" srcset=\"https:\/\/jornaltimoneiro.com.br\/wp-content\/uploads\/2024\/09\/WhatsApp-Image-2024-09-15-at-22.07.30-1.jpeg 700w, https:\/\/jornaltimoneiro.com.br\/wp-content\/uploads\/2024\/09\/WhatsApp-Image-2024-09-15-at-22.07.30-1-289x300.jpeg 289w\" sizes=\"(max-width: 700px) 100vw, 700px\" \/><p id=\"caption-attachment-32004\" class=\"wp-caption-text\">Tch\u00ea Guri &#8211; O Timoneiro<\/p><\/div>\n<h4><strong>IV Circuito Instrumental<\/strong><\/h4>\n<p>Mostrando diversidade nas apresenta\u00e7\u00f5es, o evento apresentou tamb\u00e9m a quarta edi\u00e7\u00e3o do Circuito Instrumental, com dezenas de m\u00fasicos de diversas idades, emocionando o p\u00fablico com solos de violino, a presen\u00e7a de integrantes da Oficina de Gaiteiros e artistas de todos os lugares do Rio Grande do Sul.<\/p>\n<div id=\"attachment_32005\" style=\"width: 710px\" class=\"wp-caption alignnone\"><img decoding=\"async\" aria-describedby=\"caption-attachment-32005\" class=\"size-full wp-image-32005\" src=\"https:\/\/jornaltimoneiro.com.br\/wp-content\/uploads\/2024\/09\/WhatsApp-Image-2024-09-17-at-20.23.24.jpeg\" alt=\"Isabelle Campos - IV Circuito Instrumental - O Timoneiro\" width=\"700\" height=\"912\" srcset=\"https:\/\/jornaltimoneiro.com.br\/wp-content\/uploads\/2024\/09\/WhatsApp-Image-2024-09-17-at-20.23.24.jpeg 700w, https:\/\/jornaltimoneiro.com.br\/wp-content\/uploads\/2024\/09\/WhatsApp-Image-2024-09-17-at-20.23.24-230x300.jpeg 230w\" sizes=\"(max-width: 700px) 100vw, 700px\" \/><p id=\"caption-attachment-32005\" class=\"wp-caption-text\">Isabelle Campos &#8211; IV Circuito Instrumental &#8211; O Timoneiro<\/p><\/div>\n<h4><strong>Shows e apresenta\u00e7\u00f5es culturais<\/strong><\/h4>\n<p>Na segunda, ter\u00e7a e quarta-feira, as atividades culturais seguiram acontecendo no Multipalco, com oficinas dos CTGs e o DTG Rancho da Poesia da Casa do Poeta de Canoas, al\u00e9m dos shows de Daniel Hack e Ga\u00fachos L\u00e1 de Fora, Grupo O Som do Sul, Lucio Yanel e para finalizar o Baile do Grupo Can\u00e7\u00e3o Nativa.<\/p>\n<h4><strong>Confira a programa\u00e7\u00e3o dos pr\u00f3ximos dias:<\/strong><\/h4>\n<p><strong>Quinta-feira (19)<\/strong><br \/>\n14h \u2013 Multipalco \u2013 Oficina Ritmos Ga\u00fachos \u2013 GPF Aldebaran<br \/>\n15h \u2013 Multipalco \u2013 Oficina Dan\u00e7as Tradicionais Ga\u00fachas \u2013 GPF Aldebaran<br \/>\n21h \u2013 Multipalco \u2013 Show Dante Ramon Ledesma<br \/>\n23h \u2013 Multipalco \u2013 Baile Ra\u00e7a de Ouro<\/p>\n<p><strong>Sexta-feira (20)<\/strong><br \/>\n7h30 \u2013 Parque do Ga\u00facho \u2013 Desfile Farroupilha Solid\u00e1rio (Concentra\u00e7\u00e3o)<br \/>\n9h \u2013 Parque do Ga\u00facho \u2013 Desfile Farroupilha Solid\u00e1rio (Sa\u00edda)<br \/>\n11h \u2013 Cancha de Tiro de La\u00e7o \u2013 Chegada ao Parque do Ga\u00facho<br \/>\n15h \u2013 Multipalco \u2013 Premia\u00e7\u00e3o das Entidades Tradicionalistas<br \/>\n19h \u2013 Multipalco \u2013 Show Marcelo Caminha<br \/>\n21h \u2013 Multipalco \u2013 Show Gurias Ga\u00fachas e Bandas<br \/>\n23h \u2013 Multipalco \u2013 Baile Grupo Bochincho (Extin\u00e7\u00e3o da Chama Crioula 23h45)<\/p>\n<p><strong>S\u00e1bado (21)<\/strong><br \/>\n9h \u2013 Quadra de esportes Parque Eduardo Gomes Esportes \u2013 C\u00e2mbio Pilchado \u2013 SMEL<br \/>\n15h \u2013 Multipalco Mostra Folcl\u00f3rica de Dan\u00e7as Tradicionais<br \/>\n20h \u2013 Galp\u00e3o da AETC \u2013 Oficina de Dan\u00e7as tradicionais, baseada nos livros Passos &amp; Compassos das Dan\u00e7as Ga\u00facha e do livro Bailares Ga\u00fachos de Antanho. Oficina ministrada por Moacir Gomes dos Santos e Rodrigo Gil Ribeiro.<br \/>\n21h \u2013 Multipalco \u2013 Show Grupo Tranco Monarca<br \/>\n23h \u2013 Multipalco \u2013 Baile Jo\u00e3o Luiz Corr\u00eaa e Grupo Campeirismo<\/p>\n<p><strong>Domingo (22)<\/strong><br \/>\n10h \u2013 Cancha de Tiro de La\u00e7o Esportes \u2013 Futebol de Bombacha \u2013 SMEL<br \/>\n16h \u2013 Multipalco \u2013 Baile da 3\u00aa Idade<br \/>\n20h \u2013 Multipalco \u2013 Show baile Machado e Marcelo do Tch\u00ea<br \/>\n22h \u2013 Multipalco \u2013 Show baile Sandro Coelho (Encerramento da 30\u00aa Semana Farroupilha)<\/p>\n<p>&nbsp;<\/p>\n<p>&nbsp;<\/p>\n","protected":false},"excerpt":{"rendered":"<p>A Chama Crioula foi acesa no Parque do Ga\u00facho, em Canoas, \u00e0s 00h01 do dia 14 de setembro, abrindo as festividades da 30\u00aa Semana Farroupilha de Canoas, que neste ano est\u00e1 sendo diferente. Quatro meses ap\u00f3s a maior enchente da cidade, o momento \u00e9 de reencontro e supera\u00e7\u00e3o. O final de semana com tempo bom [&hellip;]<\/p>\n","protected":false},"author":2,"featured_media":32006,"comment_status":"open","ping_status":"open","sticky":false,"template":"","format":"standard","meta":{"amp_status":"","footnotes":""},"categories":[3334],"tags":[3335,31,190,648,321,2451,3347,1368,3385,1358],"class_list":["post-32002","post","type-post","status-publish","format-standard","has-post-thumbnail","hentry","category-semana-farroupilha-2024","tag-30a-semana-farroupilha","tag-canoas","tag-featured","tag-parque-do-gaucho","tag-parque-eduardo-gomes","tag-reconstrucao","tag-regionalismo","tag-semana-farroupilha","tag-shows","tag-tradicionalismo"],"yoast_head":"<!-- This site is optimized with the Yoast SEO plugin v20.5 - https:\/\/yoast.com\/wordpress\/plugins\/seo\/ -->\n<title>Primeira semana no Parque do Ga\u00facho foi repleta de m\u00fasica, comidas t\u00edpicas e reencontros - O Timoneiro Jornal Canoas RS<\/title>\n<meta name=\"description\" content=\"A Chama Crioula foi acesa no Parque do Ga\u00facho \u00e0s 00h01 do dia 14 de setembro, abrindo as festividades da 30\u00aa Semana Farroupilha de Canoas\" \/>\n<meta name=\"robots\" content=\"index, follow, max-snippet:-1, max-image-preview:large, max-video-preview:-1\" \/>\n<link rel=\"canonical\" href=\"https:\/\/jornaltimoneiro.com.br\/index.php\/2024\/09\/18\/primeira-semana-no-parque-do-gaucho-foi-repleta-de-musica-comidas-tipicas-e-reencontros\/\" \/>\n<meta property=\"og:locale\" content=\"pt_BR\" \/>\n<meta property=\"og:type\" content=\"article\" \/>\n<meta property=\"og:title\" content=\"Primeira semana no Parque do Ga\u00facho foi repleta de m\u00fasica, comidas t\u00edpicas e reencontros - O Timoneiro Jornal Canoas RS\" \/>\n<meta property=\"og:description\" content=\"A Chama Crioula foi acesa no Parque do Ga\u00facho \u00e0s 00h01 do dia 14 de setembro, abrindo as festividades da 30\u00aa Semana Farroupilha de Canoas\" \/>\n<meta property=\"og:url\" content=\"https:\/\/jornaltimoneiro.com.br\/index.php\/2024\/09\/18\/primeira-semana-no-parque-do-gaucho-foi-repleta-de-musica-comidas-tipicas-e-reencontros\/\" \/>\n<meta property=\"og:site_name\" content=\"O Timoneiro Jornal Canoas RS\" \/>\n<meta property=\"article:publisher\" content=\"https:\/\/www.facebook.com\/jornaltimoneiro\" \/>\n<meta property=\"article:published_time\" content=\"2024-09-19T00:33:26+00:00\" \/>\n<meta property=\"article:modified_time\" content=\"2024-09-18T22:47:08+00:00\" \/>\n<meta property=\"og:image\" content=\"https:\/\/jornaltimoneiro.com.br\/wp-content\/uploads\/2024\/09\/Primeira-semana-no-Parque-do-Gaucho-foi-repleta-de-musica-comidas-tipicas-e-reencontros.jpeg\" \/>\n\t<meta property=\"og:image:width\" content=\"1080\" \/>\n\t<meta property=\"og:image:height\" content=\"607\" \/>\n\t<meta property=\"og:image:type\" content=\"image\/jpeg\" \/>\n<meta name=\"author\" content=\"Reda\u00e7\u00e3o\" \/>\n<meta name=\"twitter:card\" content=\"summary_large_image\" \/>\n<meta name=\"twitter:creator\" content=\"@_OTimoneiro\" \/>\n<meta name=\"twitter:site\" content=\"@_OTimoneiro\" \/>\n<meta name=\"twitter:label1\" content=\"Escrito por\" \/>\n\t<meta name=\"twitter:data1\" content=\"Reda\u00e7\u00e3o\" \/>\n\t<meta name=\"twitter:label2\" content=\"Est. tempo de leitura\" \/>\n\t<meta name=\"twitter:data2\" content=\"4 minutos\" \/>\n<script type=\"application\/ld+json\" class=\"yoast-schema-graph\">{\"@context\":\"https:\/\/schema.org\",\"@graph\":[{\"@type\":\"Article\",\"@id\":\"https:\/\/jornaltimoneiro.com.br\/index.php\/2024\/09\/18\/primeira-semana-no-parque-do-gaucho-foi-repleta-de-musica-comidas-tipicas-e-reencontros\/#article\",\"isPartOf\":{\"@id\":\"https:\/\/jornaltimoneiro.com.br\/index.php\/2024\/09\/18\/primeira-semana-no-parque-do-gaucho-foi-repleta-de-musica-comidas-tipicas-e-reencontros\/\"},\"author\":{\"name\":\"Reda\u00e7\u00e3o\",\"@id\":\"https:\/\/jornaltimoneiro.com.br\/#\/schema\/person\/f63482f1a02b1a9592707865e509ab40\"},\"headline\":\"Primeira semana no Parque do Ga\u00facho foi repleta de m\u00fasica, comidas t\u00edpicas e reencontros\",\"datePublished\":\"2024-09-19T00:33:26+00:00\",\"dateModified\":\"2024-09-18T22:47:08+00:00\",\"mainEntityOfPage\":{\"@id\":\"https:\/\/jornaltimoneiro.com.br\/index.php\/2024\/09\/18\/primeira-semana-no-parque-do-gaucho-foi-repleta-de-musica-comidas-tipicas-e-reencontros\/\"},\"wordCount\":507,\"commentCount\":0,\"publisher\":{\"@id\":\"https:\/\/jornaltimoneiro.com.br\/#organization\"},\"keywords\":[\"30\u00aa Semana Farroupilha\",\"canoas\",\"featured\",\"parque do ga\u00facho\",\"parque eduardo gomes\",\"reconstru\u00e7\u00e3o\",\"regionalismo\",\"semana farroupilha\",\"shows\",\"tradicionalismo\"],\"articleSection\":[\"Semana Farroupilha 2024\"],\"inLanguage\":\"pt-BR\",\"potentialAction\":[{\"@type\":\"CommentAction\",\"name\":\"Comment\",\"target\":[\"https:\/\/jornaltimoneiro.com.br\/index.php\/2024\/09\/18\/primeira-semana-no-parque-do-gaucho-foi-repleta-de-musica-comidas-tipicas-e-reencontros\/#respond\"]}]},{\"@type\":\"WebPage\",\"@id\":\"https:\/\/jornaltimoneiro.com.br\/index.php\/2024\/09\/18\/primeira-semana-no-parque-do-gaucho-foi-repleta-de-musica-comidas-tipicas-e-reencontros\/\",\"url\":\"https:\/\/jornaltimoneiro.com.br\/index.php\/2024\/09\/18\/primeira-semana-no-parque-do-gaucho-foi-repleta-de-musica-comidas-tipicas-e-reencontros\/\",\"name\":\"Primeira semana no Parque do Ga\u00facho foi repleta de m\u00fasica, comidas t\u00edpicas e reencontros - O Timoneiro Jornal Canoas RS\",\"isPartOf\":{\"@id\":\"https:\/\/jornaltimoneiro.com.br\/#website\"},\"datePublished\":\"2024-09-19T00:33:26+00:00\",\"dateModified\":\"2024-09-18T22:47:08+00:00\",\"description\":\"A Chama Crioula foi acesa no Parque do Ga\u00facho \u00e0s 00h01 do dia 14 de setembro, abrindo as festividades da 30\u00aa Semana Farroupilha de Canoas\",\"breadcrumb\":{\"@id\":\"https:\/\/jornaltimoneiro.com.br\/index.php\/2024\/09\/18\/primeira-semana-no-parque-do-gaucho-foi-repleta-de-musica-comidas-tipicas-e-reencontros\/#breadcrumb\"},\"inLanguage\":\"pt-BR\",\"potentialAction\":[{\"@type\":\"ReadAction\",\"target\":[\"https:\/\/jornaltimoneiro.com.br\/index.php\/2024\/09\/18\/primeira-semana-no-parque-do-gaucho-foi-repleta-de-musica-comidas-tipicas-e-reencontros\/\"]}]},{\"@type\":\"BreadcrumbList\",\"@id\":\"https:\/\/jornaltimoneiro.com.br\/index.php\/2024\/09\/18\/primeira-semana-no-parque-do-gaucho-foi-repleta-de-musica-comidas-tipicas-e-reencontros\/#breadcrumb\",\"itemListElement\":[{\"@type\":\"ListItem\",\"position\":1,\"name\":\"In\u00edcio\",\"item\":\"https:\/\/jornaltimoneiro.com.br\/\"},{\"@type\":\"ListItem\",\"position\":2,\"name\":\"Primeira semana no Parque do Ga\u00facho foi repleta de m\u00fasica, comidas t\u00edpicas e reencontros\"}]},{\"@type\":\"WebSite\",\"@id\":\"https:\/\/jornaltimoneiro.com.br\/#website\",\"url\":\"https:\/\/jornaltimoneiro.com.br\/\",\"name\":\"Jornal Timoneiro Canoas RS\",\"description\":\"Jornal O Timoneiro, o verdadeiro jornal de Canoas\",\"publisher\":{\"@id\":\"https:\/\/jornaltimoneiro.com.br\/#organization\"},\"potentialAction\":[{\"@type\":\"SearchAction\",\"target\":{\"@type\":\"EntryPoint\",\"urlTemplate\":\"https:\/\/jornaltimoneiro.com.br\/?s={search_term_string}\"},\"query-input\":\"required name=search_term_string\"}],\"inLanguage\":\"pt-BR\"},{\"@type\":\"Organization\",\"@id\":\"https:\/\/jornaltimoneiro.com.br\/#organization\",\"name\":\"Jornal Timoneiro Canoas RS\",\"url\":\"https:\/\/jornaltimoneiro.com.br\/\",\"logo\":{\"@type\":\"ImageObject\",\"inLanguage\":\"pt-BR\",\"@id\":\"https:\/\/jornaltimoneiro.com.br\/#\/schema\/logo\/image\/\",\"url\":\"https:\/\/jornaltimoneiro.com.br\/wp-content\/uploads\/2023\/03\/logonovo.png\",\"contentUrl\":\"https:\/\/jornaltimoneiro.com.br\/wp-content\/uploads\/2023\/03\/logonovo.png\",\"width\":\"469\",\"height\":\"171\",\"caption\":\"Jornal Timoneiro Canoas RS\"},\"image\":{\"@id\":\"https:\/\/jornaltimoneiro.com.br\/#\/schema\/logo\/image\/\"},\"sameAs\":[\"https:\/\/www.facebook.com\/jornaltimoneiro\",\"https:\/\/twitter.com\/_OTimoneiro\",\"https:\/\/www.instagram.com\/jornaltimoneirocanoas\/\",\"https:\/\/www.youtube.com\/@jornalotimoneiro7927\"]},{\"@type\":\"Person\",\"@id\":\"https:\/\/jornaltimoneiro.com.br\/#\/schema\/person\/f63482f1a02b1a9592707865e509ab40\",\"name\":\"Reda\u00e7\u00e3o\",\"image\":{\"@type\":\"ImageObject\",\"inLanguage\":\"pt-BR\",\"@id\":\"https:\/\/jornaltimoneiro.com.br\/#\/schema\/person\/image\/\",\"url\":\"https:\/\/jornaltimoneiro.com.br\/wp-content\/uploads\/2023\/03\/download.jpeg\",\"contentUrl\":\"https:\/\/jornaltimoneiro.com.br\/wp-content\/uploads\/2023\/03\/download.jpeg\",\"caption\":\"Reda\u00e7\u00e3o\"},\"url\":\"https:\/\/jornaltimoneiro.com.br\/index.php\/author\/simone-dutra\/\"}]}<\/script>\n<!-- \/ Yoast SEO plugin. -->","yoast_head_json":{"title":"Primeira semana no Parque do Ga\u00facho foi repleta de m\u00fasica, comidas t\u00edpicas e reencontros - O Timoneiro Jornal Canoas RS","description":"A Chama Crioula foi acesa no Parque do Ga\u00facho \u00e0s 00h01 do dia 14 de setembro, abrindo as festividades da 30\u00aa Semana Farroupilha de Canoas","robots":{"index":"index","follow":"follow","max-snippet":"max-snippet:-1","max-image-preview":"max-image-preview:large","max-video-preview":"max-video-preview:-1"},"canonical":"https:\/\/jornaltimoneiro.com.br\/index.php\/2024\/09\/18\/primeira-semana-no-parque-do-gaucho-foi-repleta-de-musica-comidas-tipicas-e-reencontros\/","og_locale":"pt_BR","og_type":"article","og_title":"Primeira semana no Parque do Ga\u00facho foi repleta de m\u00fasica, comidas t\u00edpicas e reencontros - O Timoneiro Jornal Canoas RS","og_description":"A Chama Crioula foi acesa no Parque do Ga\u00facho \u00e0s 00h01 do dia 14 de setembro, abrindo as festividades da 30\u00aa Semana Farroupilha de Canoas","og_url":"https:\/\/jornaltimoneiro.com.br\/index.php\/2024\/09\/18\/primeira-semana-no-parque-do-gaucho-foi-repleta-de-musica-comidas-tipicas-e-reencontros\/","og_site_name":"O Timoneiro Jornal Canoas RS","article_publisher":"https:\/\/www.facebook.com\/jornaltimoneiro","article_published_time":"2024-09-19T00:33:26+00:00","article_modified_time":"2024-09-18T22:47:08+00:00","og_image":[{"width":"1080","height":"607","url":"https:\/\/jornaltimoneiro.com.br\/wp-content\/uploads\/2024\/09\/Primeira-semana-no-Parque-do-Gaucho-foi-repleta-de-musica-comidas-tipicas-e-reencontros.jpeg","type":"image\/jpeg"}],"author":"Reda\u00e7\u00e3o","twitter_card":"summary_large_image","twitter_creator":"@_OTimoneiro","twitter_site":"@_OTimoneiro","twitter_misc":{"Escrito por":"Reda\u00e7\u00e3o","Est. tempo de leitura":"4 minutos"},"schema":{"@context":"https:\/\/schema.org","@graph":[{"@type":"Article","@id":"https:\/\/jornaltimoneiro.com.br\/index.php\/2024\/09\/18\/primeira-semana-no-parque-do-gaucho-foi-repleta-de-musica-comidas-tipicas-e-reencontros\/#article","isPartOf":{"@id":"https:\/\/jornaltimoneiro.com.br\/index.php\/2024\/09\/18\/primeira-semana-no-parque-do-gaucho-foi-repleta-de-musica-comidas-tipicas-e-reencontros\/"},"author":{"name":"Reda\u00e7\u00e3o","@id":"https:\/\/jornaltimoneiro.com.br\/#\/schema\/person\/f63482f1a02b1a9592707865e509ab40"},"headline":"Primeira semana no Parque do Ga\u00facho foi repleta de m\u00fasica, comidas t\u00edpicas e reencontros","datePublished":"2024-09-19T00:33:26+00:00","dateModified":"2024-09-18T22:47:08+00:00","mainEntityOfPage":{"@id":"https:\/\/jornaltimoneiro.com.br\/index.php\/2024\/09\/18\/primeira-semana-no-parque-do-gaucho-foi-repleta-de-musica-comidas-tipicas-e-reencontros\/"},"wordCount":507,"commentCount":0,"publisher":{"@id":"https:\/\/jornaltimoneiro.com.br\/#organization"},"keywords":["30\u00aa Semana Farroupilha","canoas","featured","parque do ga\u00facho","parque eduardo gomes","reconstru\u00e7\u00e3o","regionalismo","semana farroupilha","shows","tradicionalismo"],"articleSection":["Semana Farroupilha 2024"],"inLanguage":"pt-BR","potentialAction":[{"@type":"CommentAction","name":"Comment","target":["https:\/\/jornaltimoneiro.com.br\/index.php\/2024\/09\/18\/primeira-semana-no-parque-do-gaucho-foi-repleta-de-musica-comidas-tipicas-e-reencontros\/#respond"]}]},{"@type":"WebPage","@id":"https:\/\/jornaltimoneiro.com.br\/index.php\/2024\/09\/18\/primeira-semana-no-parque-do-gaucho-foi-repleta-de-musica-comidas-tipicas-e-reencontros\/","url":"https:\/\/jornaltimoneiro.com.br\/index.php\/2024\/09\/18\/primeira-semana-no-parque-do-gaucho-foi-repleta-de-musica-comidas-tipicas-e-reencontros\/","name":"Primeira semana no Parque do Ga\u00facho foi repleta de m\u00fasica, comidas t\u00edpicas e reencontros - O Timoneiro Jornal Canoas RS","isPartOf":{"@id":"https:\/\/jornaltimoneiro.com.br\/#website"},"datePublished":"2024-09-19T00:33:26+00:00","dateModified":"2024-09-18T22:47:08+00:00","description":"A Chama Crioula foi acesa no Parque do Ga\u00facho \u00e0s 00h01 do dia 14 de setembro, abrindo as festividades da 30\u00aa Semana Farroupilha de Canoas","breadcrumb":{"@id":"https:\/\/jornaltimoneiro.com.br\/index.php\/2024\/09\/18\/primeira-semana-no-parque-do-gaucho-foi-repleta-de-musica-comidas-tipicas-e-reencontros\/#breadcrumb"},"inLanguage":"pt-BR","potentialAction":[{"@type":"ReadAction","target":["https:\/\/jornaltimoneiro.com.br\/index.php\/2024\/09\/18\/primeira-semana-no-parque-do-gaucho-foi-repleta-de-musica-comidas-tipicas-e-reencontros\/"]}]},{"@type":"BreadcrumbList","@id":"https:\/\/jornaltimoneiro.com.br\/index.php\/2024\/09\/18\/primeira-semana-no-parque-do-gaucho-foi-repleta-de-musica-comidas-tipicas-e-reencontros\/#breadcrumb","itemListElement":[{"@type":"ListItem","position":1,"name":"In\u00edcio","item":"https:\/\/jornaltimoneiro.com.br\/"},{"@type":"ListItem","position":2,"name":"Primeira semana no Parque do Ga\u00facho foi repleta de m\u00fasica, comidas t\u00edpicas e reencontros"}]},{"@type":"WebSite","@id":"https:\/\/jornaltimoneiro.com.br\/#website","url":"https:\/\/jornaltimoneiro.com.br\/","name":"Jornal Timoneiro Canoas RS","description":"Jornal O Timoneiro, o verdadeiro jornal de Canoas","publisher":{"@id":"https:\/\/jornaltimoneiro.com.br\/#organization"},"potentialAction":[{"@type":"SearchAction","target":{"@type":"EntryPoint","urlTemplate":"https:\/\/jornaltimoneiro.com.br\/?s={search_term_string}"},"query-input":"required name=search_term_string"}],"inLanguage":"pt-BR"},{"@type":"Organization","@id":"https:\/\/jornaltimoneiro.com.br\/#organization","name":"Jornal Timoneiro Canoas RS","url":"https:\/\/jornaltimoneiro.com.br\/","logo":{"@type":"ImageObject","inLanguage":"pt-BR","@id":"https:\/\/jornaltimoneiro.com.br\/#\/schema\/logo\/image\/","url":"https:\/\/jornaltimoneiro.com.br\/wp-content\/uploads\/2023\/03\/logonovo.png","contentUrl":"https:\/\/jornaltimoneiro.com.br\/wp-content\/uploads\/2023\/03\/logonovo.png","width":"469","height":"171","caption":"Jornal Timoneiro Canoas RS"},"image":{"@id":"https:\/\/jornaltimoneiro.com.br\/#\/schema\/logo\/image\/"},"sameAs":["https:\/\/www.facebook.com\/jornaltimoneiro","https:\/\/twitter.com\/_OTimoneiro","https:\/\/www.instagram.com\/jornaltimoneirocanoas\/","https:\/\/www.youtube.com\/@jornalotimoneiro7927"]},{"@type":"Person","@id":"https:\/\/jornaltimoneiro.com.br\/#\/schema\/person\/f63482f1a02b1a9592707865e509ab40","name":"Reda\u00e7\u00e3o","image":{"@type":"ImageObject","inLanguage":"pt-BR","@id":"https:\/\/jornaltimoneiro.com.br\/#\/schema\/person\/image\/","url":"https:\/\/jornaltimoneiro.com.br\/wp-content\/uploads\/2023\/03\/download.jpeg","contentUrl":"https:\/\/jornaltimoneiro.com.br\/wp-content\/uploads\/2023\/03\/download.jpeg","caption":"Reda\u00e7\u00e3o"},"url":"https:\/\/jornaltimoneiro.com.br\/index.php\/author\/simone-dutra\/"}]}},"_links":{"self":[{"href":"https:\/\/jornaltimoneiro.com.br\/index.php\/wp-json\/wp\/v2\/posts\/32002"}],"collection":[{"href":"https:\/\/jornaltimoneiro.com.br\/index.php\/wp-json\/wp\/v2\/posts"}],"about":[{"href":"https:\/\/jornaltimoneiro.com.br\/index.php\/wp-json\/wp\/v2\/types\/post"}],"author":[{"embeddable":true,"href":"https:\/\/jornaltimoneiro.com.br\/index.php\/wp-json\/wp\/v2\/users\/2"}],"replies":[{"embeddable":true,"href":"https:\/\/jornaltimoneiro.com.br\/index.php\/wp-json\/wp\/v2\/comments?post=32002"}],"version-history":[{"count":1,"href":"https:\/\/jornaltimoneiro.com.br\/index.php\/wp-json\/wp\/v2\/posts\/32002\/revisions"}],"predecessor-version":[{"id":32007,"href":"https:\/\/jornaltimoneiro.com.br\/index.php\/wp-json\/wp\/v2\/posts\/32002\/revisions\/32007"}],"wp:featuredmedia":[{"embeddable":true,"href":"https:\/\/jornaltimoneiro.com.br\/index.php\/wp-json\/wp\/v2\/media\/32006"}],"wp:attachment":[{"href":"https:\/\/jornaltimoneiro.com.br\/index.php\/wp-json\/wp\/v2\/media?parent=32002"}],"wp:term":[{"taxonomy":"category","embeddable":true,"href":"https:\/\/jornaltimoneiro.com.br\/index.php\/wp-json\/wp\/v2\/categories?post=32002"},{"taxonomy":"post_tag","embeddable":true,"href":"https:\/\/jornaltimoneiro.com.br\/index.php\/wp-json\/wp\/v2\/tags?post=32002"}],"curies":[{"name":"wp","href":"https:\/\/api.w.org\/{rel}","templated":true}]}}