{"id":31912,"date":"2024-09-05T15:28:26","date_gmt":"2024-09-05T18:28:26","guid":{"rendered":"https:\/\/jornaltimoneiro.com.br\/?p=31912"},"modified":"2024-09-05T15:28:26","modified_gmt":"2024-09-05T18:28:26","slug":"vem-ai-a-30a-semana-farroupilha-de-canoas-no-parque-do-gaucho-de-14-a-22-de-setembro","status":"publish","type":"post","link":"https:\/\/jornaltimoneiro.com.br\/index.php\/2024\/09\/05\/vem-ai-a-30a-semana-farroupilha-de-canoas-no-parque-do-gaucho-de-14-a-22-de-setembro\/","title":{"rendered":"Vem a\u00ed a 30\u00aa Semana Farroupilha de Canoas no Parque do Ga\u00facho, de 14 a 22 de setembro"},"content":{"rendered":"<p>Ap\u00f3s passar pela maior trag\u00e9dia ambiental e social da sua hist\u00f3ria, os canoenses cantar\u00e3o, cultuar\u00e3o sua Hist\u00f3ria e chorar\u00e3o suas perdas em uma Semana Farroupilha que ser\u00e1 de reencontros, lamentos e reconstru\u00e7\u00e3o.<\/p>\n<p>N\u00e3o ser\u00e1 como as \u00faltimas, n\u00e3o ter\u00e1 rodeio e uma programa\u00e7\u00e3o geral mais enxuta por ter menos verba, mas a 30\u00aa Semana Farroupilha de Canoas ser\u00e1 realizada entre os dias 14 e 22 de setembro com grandes atra\u00e7\u00f5es que tamb\u00e9m fizeram esfor\u00e7o financeiro para estarem presentes e poder\u00e1 ser um dos pontos de virada de chave para muita gente.<\/p>\n<p>A festa ser\u00e1 no Parque do Ga\u00facho, localizado no Parque Eduardo Gomes, cujo estacionamento que serviu de dep\u00f3sito dos res\u00edduos do que um dia foi a casa de dezenas de milhares de canoenses est\u00e1 sendo limpo e estar\u00e1 em condi\u00e7\u00f5es de uso para a festa.<\/p>\n<p>A programa\u00e7\u00e3o inclui shows com nomes conhecidos no tradicionalismo como Cristiano Quevedo, Alma Gaud\u00e9ria, Jo\u00e3o Luiz Corr\u00eaa e Sandro Coelho, entre outras atra\u00e7\u00f5es.<\/p>\n<p>Tamb\u00e9m est\u00e3o previstas atividades art\u00edsticas, al\u00e9m de parque de divers\u00f5es, pra\u00e7a de alimenta\u00e7\u00e3o e espa\u00e7o para feira de artesanato e utens\u00edlios gauchescos. A abertura oficial ser\u00e1 \u00e0s 00h01 do dia 14 de setembro, com a chegada da Chama Crioula, no Parque do Ga\u00facho.<\/p>\n<h4><strong>Confira a programa\u00e7\u00e3o:<\/strong><\/h4>\n<p><strong>Sexta-feira (13)<\/strong><br \/>\n20h \u2013 Galp\u00e3o Sede da AETC \u2013 Esportes Campeiros \u2013 Truco Cego<br \/>\n23h45 \u2013 Cancha Coberta de Tiro de La\u00e7o \u2013 Chegada da Chama Crioula \u2013<\/p>\n<h4><strong><em>00h01 \u2013 Abertura Oficial \u2013 14\/09<\/em><\/strong><\/h4>\n<p><strong>S\u00e1bado (14)<\/strong><br \/>\n8h \u2013 Parque do Ga\u00facho Esportes Campeiros \u2013 Tava e Tetarfe<br \/>\n10h \u2013 Multipalco \u2013 Missa Crioula<br \/>\n15h \u2013 Multipalco\u00a0\u2013 Tert\u00falia Grupo Entardecer<br \/>\n18h \u2013 Multipalco \u2013 Tert\u00falia CTG Mata Nativa<br \/>\n17h \u2013 Galp\u00e3o Sede da AETC \u2013 Esportes Campeiros \u2013 Bocha quarenta e oito<br \/>\n19h \u2013 Multipalco \u2013 Show Pedro Ernesto Denardin<br \/>\n21h \u2013 Multipalco \u2013 Show Cristiano Quevedo<br \/>\n23h \u2013 Multipalco \u2013 Baile \u2013 Grupo Alma Gaud\u00e9ria<\/p>\n<p><strong>Domingo (15)<\/strong><br \/>\n14h \u2013 Multipalco \u2013 Tert\u00falia GPF Aldebaran<br \/>\n15h \u2013 Multipalco \u2013 Tert\u00falia CTG Bras\u00e3o do R\u00edo Grande<br \/>\n16h \u2013 Multipalco \u2013 Tert\u00falia GAG Piazitos do Sul<br \/>\n17h \u2013 Multipalco \u2013 Tert\u00falia\u00a0CTG Seiva Nativa<br \/>\n17h \u2013 Descentralizado \u2013 Esportes Campeiros \u2013 Bocha Campeira<br \/>\n18h \u2013 Multipalco \u2013 Show Joca Martins e Juliana Spanevello<br \/>\n20h \u2013 Multipalco \u2013 Show Jorge Guedes e Fam\u00edlia<br \/>\n22h \u2013 Multipalco \u2013 Baile Grupo Tch\u00ea Guri<\/p>\n<p><strong>Segunda-feira (16)<\/strong><br \/>\n14h \u2013 Oficina \u201cBrincando com a Alemoada Canoense\u201d \u2013 200 anos da imigra\u00e7\u00e3o Alem\u00e3 no RS \u2013 CTG Sentinela do Rio Grande<br \/>\n15h \u2013 Multipalco \u2013 Oficina Dan\u00e7a da Sarna \u2013 CTG Seiva Nativa<br \/>\n18h \u2013 Multipalco \u2013 IV Circuito Instrumental<br \/>\n19h \u2013 Multipalco \u2013 IV Circuito Instrumental<br \/>\n20h45 \u2013 Multipalco \u2013 Show \u2013 Instrumental Picum\u00e3<br \/>\n22h Multipalco \u2013 Show Daniel Hack e Ga\u00fachos L\u00e1 de Fora<\/p>\n<p><strong>Ter\u00e7a-feira (17)<\/strong><br \/>\n14h Oficina \u2013 \u201cOs impactos das garrafas pet neutras<br \/>\n\u00e0 sa\u00fade e ao meio ambiente \u2013 Paulo Picoli<br \/>\n15h \u2013 Multipalco \u2013 Oficina Lendas \u2013 CTG Seiva Nativa<br \/>\n18h30 \u2013 Multipalco \u2013 Tert\u00falia DTG Rancho da Poesia da Casa do Poeta<br \/>\n20h30 \u2013 Galp\u00e3o do CTG Seiva Nativa \u2013 Esportes Campeiros \u2013 Solo<br \/>\n20h \u2013 Multipalco \u2013 IV Circuito Instrumental<br \/>\n22h \u2013 Multipalco \u2013 Show Grupo O Som do Sul<\/p>\n<p><strong>Quarta-feira (18)<\/strong><br \/>\n14h \u2013 Multipalco \u2013 Oficina Brinquedos e brincadeiras de antigamente \u2013 CTG Seiva Nativa<br \/>\n15h \u2013 Multipalco \u2013 Oficina La\u00e7o em vaquinha parada \u2013 Piquete Confirmados do Sul<br \/>\n18h \u2013 Galp\u00e3o do Piquete Alma de Truqueiro \u2013 Esportes Campeiros \u2013 Truco de Amostra<br \/>\n18h30 \u2013 Multipalco IV Circuito Instrumental<br \/>\n19h \u2013 Multipalco IV Circuito Instrumental<br \/>\n20h \u2013 Galp\u00e3o do Piquete Coxilha do Vento \u2013 Mostra Folcl\u00f3rica \u2013 Fios, Licores e Sabores<br \/>\n20h45 \u2013 Multipalco \u2013 Show Lucio Yanel e instrumental<br \/>\n22h \u2013\u00a0 Multipalco \u2013 Baile Grupo Can\u00e7\u00e3o Nativa<\/p>\n<p><strong>Quinta-feira (19)<\/strong><br \/>\n14h \u2013 Multipalco \u2013 Oficina Ritmos Ga\u00fachos \u2013 GPF Aldebaran<br \/>\n15h \u2013 Multipalco \u2013 Oficina Dan\u00e7as Tradicionais Ga\u00fachas \u2013 GPF Aldebaran<br \/>\n21h \u2013 Multipalco \u2013 Show Dante Ramon Ledesma<br \/>\n23h \u2013 Multipalco \u2013 Baile Ra\u00e7a de Ouro<\/p>\n<p><strong>Sexta-feira (20)<\/strong><br \/>\n7h30 \u2013 Parque do Ga\u00facho \u2013 Desfile Farroupilha Solid\u00e1rio (Concentra\u00e7\u00e3o)<br \/>\n9h \u2013 Parque do Ga\u00facho \u2013 Desfile Farroupilha Solid\u00e1rio (Sa\u00edda)<br \/>\n11h \u2013 Cancha de Tiro de La\u00e7o \u2013 Chegada ao Parque do Ga\u00facho<br \/>\n15h \u2013 Multipalco \u2013 Premia\u00e7\u00e3o das Entidades Tradicionalistas<br \/>\n19h \u2013 Multipalco \u2013 Show Marcelo Caminha<br \/>\n21h \u2013 Multipalco \u2013 Show Gurias Ga\u00fachas e Bandas<br \/>\n23h \u2013 Multipalco \u2013 Baile Grupo Bochincho (Extin\u00e7\u00e3o da Chama Crioula 23h45)<\/p>\n<p><strong>S\u00e1bado (21)<\/strong><br \/>\n9h \u2013 Quadra de esportes Parque Eduardo Gomes Esportes \u2013 C\u00e2mbio Pilchado \u2013 SMEL<br \/>\n15h \u2013 Multipalco Mostra Folcl\u00f3rica de Dan\u00e7as Tradicionais<br \/>\n20h \u2013 Galp\u00e3o da AETC \u2013 Oficina de Dan\u00e7as tradicionais, baseada nos livros Passos &amp; Compassos das Dan\u00e7as Ga\u00facha e do livro Bailares Ga\u00fachos de Antanho. Oficina ministrada por Moacir Gomes dos Santos e Rodrigo Gil Ribeiro.<br \/>\n21h \u2013 Multipalco \u2013 Show Grupo Tranco Monarca<br \/>\n23h \u2013 Multipalco \u2013 Baile Jo\u00e3o Luiz Corr\u00eaa e Grupo Campeirismo<\/p>\n<p><strong>Domingo (22)<\/strong><br \/>\n10h \u2013 Cancha de Tiro de La\u00e7o Esportes \u2013 Futebol de Bombacha \u2013 SMEL<br \/>\n16h \u2013 Multipalco \u2013 Baile da 3\u00aa Idade<br \/>\n20h \u2013 Multipalco \u2013 Show baile Machado e Marcelo do Tch\u00ea<br \/>\n22h \u2013 Multipalco \u2013 Show baile Sandro Coelho (Encerramento da 30\u00aa Semana Farroupilha)<\/p>\n<p>&nbsp;<\/p>\n","protected":false},"excerpt":{"rendered":"<p>Ap\u00f3s passar pela maior trag\u00e9dia ambiental e social da sua hist\u00f3ria, os canoenses cantar\u00e3o, cultuar\u00e3o sua Hist\u00f3ria e chorar\u00e3o suas perdas em uma Semana Farroupilha que ser\u00e1 de reencontros, lamentos e reconstru\u00e7\u00e3o. N\u00e3o ser\u00e1 como as \u00faltimas, n\u00e3o ter\u00e1 rodeio e uma programa\u00e7\u00e3o geral mais enxuta por ter menos verba, mas a 30\u00aa Semana Farroupilha [&hellip;]<\/p>\n","protected":false},"author":2,"featured_media":31913,"comment_status":"open","ping_status":"open","sticky":false,"template":"","format":"standard","meta":{"amp_status":"","footnotes":""},"categories":[3334],"tags":[3335,31,649,190,648,2451,3347,213,1368,1358],"class_list":["post-31912","post","type-post","status-publish","format-standard","has-post-thumbnail","hentry","category-semana-farroupilha-2024","tag-30a-semana-farroupilha","tag-canoas","tag-cultura-gaucha","tag-featured","tag-parque-do-gaucho","tag-reconstrucao","tag-regionalismo","tag-rio-grande-do-sul","tag-semana-farroupilha","tag-tradicionalismo"],"yoast_head":"<!-- This site is optimized with the Yoast SEO plugin v20.5 - https:\/\/yoast.com\/wordpress\/plugins\/seo\/ -->\n<title>Vem a\u00ed a 30\u00aa Semana Farroupilha de Canoas no Parque do Ga\u00facho, de 14 a 22 de setembro - O Timoneiro Jornal Canoas RS<\/title>\n<meta name=\"description\" content=\"Ap\u00f3s maior trag\u00e9dia ambiental e social da sua hist\u00f3ria, os canoenses cantar\u00e3o sua Hist\u00f3ria na Semana Farroupilha que ser\u00e1 de reencontros\" \/>\n<meta name=\"robots\" content=\"index, follow, max-snippet:-1, max-image-preview:large, max-video-preview:-1\" \/>\n<link rel=\"canonical\" href=\"https:\/\/jornaltimoneiro.com.br\/index.php\/2024\/09\/05\/vem-ai-a-30a-semana-farroupilha-de-canoas-no-parque-do-gaucho-de-14-a-22-de-setembro\/\" \/>\n<meta property=\"og:locale\" content=\"pt_BR\" \/>\n<meta property=\"og:type\" content=\"article\" \/>\n<meta property=\"og:title\" content=\"Vem a\u00ed a 30\u00aa Semana Farroupilha de Canoas no Parque do Ga\u00facho, de 14 a 22 de setembro - O Timoneiro Jornal Canoas RS\" \/>\n<meta property=\"og:description\" content=\"Ap\u00f3s maior trag\u00e9dia ambiental e social da sua hist\u00f3ria, os canoenses cantar\u00e3o sua Hist\u00f3ria na Semana Farroupilha que ser\u00e1 de reencontros\" \/>\n<meta property=\"og:url\" content=\"https:\/\/jornaltimoneiro.com.br\/index.php\/2024\/09\/05\/vem-ai-a-30a-semana-farroupilha-de-canoas-no-parque-do-gaucho-de-14-a-22-de-setembro\/\" \/>\n<meta property=\"og:site_name\" content=\"O Timoneiro Jornal Canoas RS\" \/>\n<meta property=\"article:publisher\" content=\"https:\/\/www.facebook.com\/jornaltimoneiro\" \/>\n<meta property=\"article:published_time\" content=\"2024-09-05T18:28:26+00:00\" \/>\n<meta property=\"og:image\" content=\"https:\/\/jornaltimoneiro.com.br\/wp-content\/uploads\/2024\/09\/Vem-ai-a-30a-Semana-Farroupilha-de-Canoas-no-Parque-do-Gaucho-de-14-a-22-de-setembro.jpeg\" \/>\n\t<meta property=\"og:image:width\" content=\"1080\" \/>\n\t<meta property=\"og:image:height\" content=\"720\" \/>\n\t<meta property=\"og:image:type\" content=\"image\/jpeg\" \/>\n<meta name=\"author\" content=\"Reda\u00e7\u00e3o\" \/>\n<meta name=\"twitter:card\" content=\"summary_large_image\" \/>\n<meta name=\"twitter:creator\" content=\"@_OTimoneiro\" \/>\n<meta name=\"twitter:site\" content=\"@_OTimoneiro\" \/>\n<meta name=\"twitter:label1\" content=\"Escrito por\" \/>\n\t<meta name=\"twitter:data1\" content=\"Reda\u00e7\u00e3o\" \/>\n\t<meta name=\"twitter:label2\" content=\"Est. tempo de leitura\" \/>\n\t<meta name=\"twitter:data2\" content=\"4 minutos\" \/>\n<script type=\"application\/ld+json\" class=\"yoast-schema-graph\">{\"@context\":\"https:\/\/schema.org\",\"@graph\":[{\"@type\":\"Article\",\"@id\":\"https:\/\/jornaltimoneiro.com.br\/index.php\/2024\/09\/05\/vem-ai-a-30a-semana-farroupilha-de-canoas-no-parque-do-gaucho-de-14-a-22-de-setembro\/#article\",\"isPartOf\":{\"@id\":\"https:\/\/jornaltimoneiro.com.br\/index.php\/2024\/09\/05\/vem-ai-a-30a-semana-farroupilha-de-canoas-no-parque-do-gaucho-de-14-a-22-de-setembro\/\"},\"author\":{\"name\":\"Reda\u00e7\u00e3o\",\"@id\":\"https:\/\/jornaltimoneiro.com.br\/#\/schema\/person\/f63482f1a02b1a9592707865e509ab40\"},\"headline\":\"Vem a\u00ed a 30\u00aa Semana Farroupilha de Canoas no Parque do Ga\u00facho, de 14 a 22 de setembro\",\"datePublished\":\"2024-09-05T18:28:26+00:00\",\"dateModified\":\"2024-09-05T18:28:26+00:00\",\"mainEntityOfPage\":{\"@id\":\"https:\/\/jornaltimoneiro.com.br\/index.php\/2024\/09\/05\/vem-ai-a-30a-semana-farroupilha-de-canoas-no-parque-do-gaucho-de-14-a-22-de-setembro\/\"},\"wordCount\":806,\"commentCount\":0,\"publisher\":{\"@id\":\"https:\/\/jornaltimoneiro.com.br\/#organization\"},\"keywords\":[\"30\u00aa Semana Farroupilha\",\"canoas\",\"cultura ga\u00facha\",\"featured\",\"parque do ga\u00facho\",\"reconstru\u00e7\u00e3o\",\"regionalismo\",\"rio grande do sul\",\"semana farroupilha\",\"tradicionalismo\"],\"articleSection\":[\"Semana Farroupilha 2024\"],\"inLanguage\":\"pt-BR\",\"potentialAction\":[{\"@type\":\"CommentAction\",\"name\":\"Comment\",\"target\":[\"https:\/\/jornaltimoneiro.com.br\/index.php\/2024\/09\/05\/vem-ai-a-30a-semana-farroupilha-de-canoas-no-parque-do-gaucho-de-14-a-22-de-setembro\/#respond\"]}]},{\"@type\":\"WebPage\",\"@id\":\"https:\/\/jornaltimoneiro.com.br\/index.php\/2024\/09\/05\/vem-ai-a-30a-semana-farroupilha-de-canoas-no-parque-do-gaucho-de-14-a-22-de-setembro\/\",\"url\":\"https:\/\/jornaltimoneiro.com.br\/index.php\/2024\/09\/05\/vem-ai-a-30a-semana-farroupilha-de-canoas-no-parque-do-gaucho-de-14-a-22-de-setembro\/\",\"name\":\"Vem a\u00ed a 30\u00aa Semana Farroupilha de Canoas no Parque do Ga\u00facho, de 14 a 22 de setembro - O Timoneiro Jornal Canoas RS\",\"isPartOf\":{\"@id\":\"https:\/\/jornaltimoneiro.com.br\/#website\"},\"datePublished\":\"2024-09-05T18:28:26+00:00\",\"dateModified\":\"2024-09-05T18:28:26+00:00\",\"description\":\"Ap\u00f3s maior trag\u00e9dia ambiental e social da sua hist\u00f3ria, os canoenses cantar\u00e3o sua Hist\u00f3ria na Semana Farroupilha que ser\u00e1 de reencontros\",\"breadcrumb\":{\"@id\":\"https:\/\/jornaltimoneiro.com.br\/index.php\/2024\/09\/05\/vem-ai-a-30a-semana-farroupilha-de-canoas-no-parque-do-gaucho-de-14-a-22-de-setembro\/#breadcrumb\"},\"inLanguage\":\"pt-BR\",\"potentialAction\":[{\"@type\":\"ReadAction\",\"target\":[\"https:\/\/jornaltimoneiro.com.br\/index.php\/2024\/09\/05\/vem-ai-a-30a-semana-farroupilha-de-canoas-no-parque-do-gaucho-de-14-a-22-de-setembro\/\"]}]},{\"@type\":\"BreadcrumbList\",\"@id\":\"https:\/\/jornaltimoneiro.com.br\/index.php\/2024\/09\/05\/vem-ai-a-30a-semana-farroupilha-de-canoas-no-parque-do-gaucho-de-14-a-22-de-setembro\/#breadcrumb\",\"itemListElement\":[{\"@type\":\"ListItem\",\"position\":1,\"name\":\"In\u00edcio\",\"item\":\"https:\/\/jornaltimoneiro.com.br\/\"},{\"@type\":\"ListItem\",\"position\":2,\"name\":\"Vem a\u00ed a 30\u00aa Semana Farroupilha de Canoas no Parque do Ga\u00facho, de 14 a 22 de setembro\"}]},{\"@type\":\"WebSite\",\"@id\":\"https:\/\/jornaltimoneiro.com.br\/#website\",\"url\":\"https:\/\/jornaltimoneiro.com.br\/\",\"name\":\"Jornal Timoneiro Canoas RS\",\"description\":\"Jornal O Timoneiro, o verdadeiro jornal de Canoas\",\"publisher\":{\"@id\":\"https:\/\/jornaltimoneiro.com.br\/#organization\"},\"potentialAction\":[{\"@type\":\"SearchAction\",\"target\":{\"@type\":\"EntryPoint\",\"urlTemplate\":\"https:\/\/jornaltimoneiro.com.br\/?s={search_term_string}\"},\"query-input\":\"required name=search_term_string\"}],\"inLanguage\":\"pt-BR\"},{\"@type\":\"Organization\",\"@id\":\"https:\/\/jornaltimoneiro.com.br\/#organization\",\"name\":\"Jornal Timoneiro Canoas RS\",\"url\":\"https:\/\/jornaltimoneiro.com.br\/\",\"logo\":{\"@type\":\"ImageObject\",\"inLanguage\":\"pt-BR\",\"@id\":\"https:\/\/jornaltimoneiro.com.br\/#\/schema\/logo\/image\/\",\"url\":\"https:\/\/jornaltimoneiro.com.br\/wp-content\/uploads\/2023\/03\/logonovo.png\",\"contentUrl\":\"https:\/\/jornaltimoneiro.com.br\/wp-content\/uploads\/2023\/03\/logonovo.png\",\"width\":\"469\",\"height\":\"171\",\"caption\":\"Jornal Timoneiro Canoas RS\"},\"image\":{\"@id\":\"https:\/\/jornaltimoneiro.com.br\/#\/schema\/logo\/image\/\"},\"sameAs\":[\"https:\/\/www.facebook.com\/jornaltimoneiro\",\"https:\/\/twitter.com\/_OTimoneiro\",\"https:\/\/www.instagram.com\/jornaltimoneirocanoas\/\",\"https:\/\/www.youtube.com\/@jornalotimoneiro7927\"]},{\"@type\":\"Person\",\"@id\":\"https:\/\/jornaltimoneiro.com.br\/#\/schema\/person\/f63482f1a02b1a9592707865e509ab40\",\"name\":\"Reda\u00e7\u00e3o\",\"image\":{\"@type\":\"ImageObject\",\"inLanguage\":\"pt-BR\",\"@id\":\"https:\/\/jornaltimoneiro.com.br\/#\/schema\/person\/image\/\",\"url\":\"https:\/\/jornaltimoneiro.com.br\/wp-content\/uploads\/2023\/03\/download.jpeg\",\"contentUrl\":\"https:\/\/jornaltimoneiro.com.br\/wp-content\/uploads\/2023\/03\/download.jpeg\",\"caption\":\"Reda\u00e7\u00e3o\"},\"url\":\"https:\/\/jornaltimoneiro.com.br\/index.php\/author\/simone-dutra\/\"}]}<\/script>\n<!-- \/ Yoast SEO plugin. -->","yoast_head_json":{"title":"Vem a\u00ed a 30\u00aa Semana Farroupilha de Canoas no Parque do Ga\u00facho, de 14 a 22 de setembro - O Timoneiro Jornal Canoas RS","description":"Ap\u00f3s maior trag\u00e9dia ambiental e social da sua hist\u00f3ria, os canoenses cantar\u00e3o sua Hist\u00f3ria na Semana Farroupilha que ser\u00e1 de reencontros","robots":{"index":"index","follow":"follow","max-snippet":"max-snippet:-1","max-image-preview":"max-image-preview:large","max-video-preview":"max-video-preview:-1"},"canonical":"https:\/\/jornaltimoneiro.com.br\/index.php\/2024\/09\/05\/vem-ai-a-30a-semana-farroupilha-de-canoas-no-parque-do-gaucho-de-14-a-22-de-setembro\/","og_locale":"pt_BR","og_type":"article","og_title":"Vem a\u00ed a 30\u00aa Semana Farroupilha de Canoas no Parque do Ga\u00facho, de 14 a 22 de setembro - O Timoneiro Jornal Canoas RS","og_description":"Ap\u00f3s maior trag\u00e9dia ambiental e social da sua hist\u00f3ria, os canoenses cantar\u00e3o sua Hist\u00f3ria na Semana Farroupilha que ser\u00e1 de reencontros","og_url":"https:\/\/jornaltimoneiro.com.br\/index.php\/2024\/09\/05\/vem-ai-a-30a-semana-farroupilha-de-canoas-no-parque-do-gaucho-de-14-a-22-de-setembro\/","og_site_name":"O Timoneiro Jornal Canoas RS","article_publisher":"https:\/\/www.facebook.com\/jornaltimoneiro","article_published_time":"2024-09-05T18:28:26+00:00","og_image":[{"width":"1080","height":"720","url":"https:\/\/jornaltimoneiro.com.br\/wp-content\/uploads\/2024\/09\/Vem-ai-a-30a-Semana-Farroupilha-de-Canoas-no-Parque-do-Gaucho-de-14-a-22-de-setembro.jpeg","type":"image\/jpeg"}],"author":"Reda\u00e7\u00e3o","twitter_card":"summary_large_image","twitter_creator":"@_OTimoneiro","twitter_site":"@_OTimoneiro","twitter_misc":{"Escrito por":"Reda\u00e7\u00e3o","Est. tempo de leitura":"4 minutos"},"schema":{"@context":"https:\/\/schema.org","@graph":[{"@type":"Article","@id":"https:\/\/jornaltimoneiro.com.br\/index.php\/2024\/09\/05\/vem-ai-a-30a-semana-farroupilha-de-canoas-no-parque-do-gaucho-de-14-a-22-de-setembro\/#article","isPartOf":{"@id":"https:\/\/jornaltimoneiro.com.br\/index.php\/2024\/09\/05\/vem-ai-a-30a-semana-farroupilha-de-canoas-no-parque-do-gaucho-de-14-a-22-de-setembro\/"},"author":{"name":"Reda\u00e7\u00e3o","@id":"https:\/\/jornaltimoneiro.com.br\/#\/schema\/person\/f63482f1a02b1a9592707865e509ab40"},"headline":"Vem a\u00ed a 30\u00aa Semana Farroupilha de Canoas no Parque do Ga\u00facho, de 14 a 22 de setembro","datePublished":"2024-09-05T18:28:26+00:00","dateModified":"2024-09-05T18:28:26+00:00","mainEntityOfPage":{"@id":"https:\/\/jornaltimoneiro.com.br\/index.php\/2024\/09\/05\/vem-ai-a-30a-semana-farroupilha-de-canoas-no-parque-do-gaucho-de-14-a-22-de-setembro\/"},"wordCount":806,"commentCount":0,"publisher":{"@id":"https:\/\/jornaltimoneiro.com.br\/#organization"},"keywords":["30\u00aa Semana Farroupilha","canoas","cultura ga\u00facha","featured","parque do ga\u00facho","reconstru\u00e7\u00e3o","regionalismo","rio grande do sul","semana farroupilha","tradicionalismo"],"articleSection":["Semana Farroupilha 2024"],"inLanguage":"pt-BR","potentialAction":[{"@type":"CommentAction","name":"Comment","target":["https:\/\/jornaltimoneiro.com.br\/index.php\/2024\/09\/05\/vem-ai-a-30a-semana-farroupilha-de-canoas-no-parque-do-gaucho-de-14-a-22-de-setembro\/#respond"]}]},{"@type":"WebPage","@id":"https:\/\/jornaltimoneiro.com.br\/index.php\/2024\/09\/05\/vem-ai-a-30a-semana-farroupilha-de-canoas-no-parque-do-gaucho-de-14-a-22-de-setembro\/","url":"https:\/\/jornaltimoneiro.com.br\/index.php\/2024\/09\/05\/vem-ai-a-30a-semana-farroupilha-de-canoas-no-parque-do-gaucho-de-14-a-22-de-setembro\/","name":"Vem a\u00ed a 30\u00aa Semana Farroupilha de Canoas no Parque do Ga\u00facho, de 14 a 22 de setembro - O Timoneiro Jornal Canoas RS","isPartOf":{"@id":"https:\/\/jornaltimoneiro.com.br\/#website"},"datePublished":"2024-09-05T18:28:26+00:00","dateModified":"2024-09-05T18:28:26+00:00","description":"Ap\u00f3s maior trag\u00e9dia ambiental e social da sua hist\u00f3ria, os canoenses cantar\u00e3o sua Hist\u00f3ria na Semana Farroupilha que ser\u00e1 de reencontros","breadcrumb":{"@id":"https:\/\/jornaltimoneiro.com.br\/index.php\/2024\/09\/05\/vem-ai-a-30a-semana-farroupilha-de-canoas-no-parque-do-gaucho-de-14-a-22-de-setembro\/#breadcrumb"},"inLanguage":"pt-BR","potentialAction":[{"@type":"ReadAction","target":["https:\/\/jornaltimoneiro.com.br\/index.php\/2024\/09\/05\/vem-ai-a-30a-semana-farroupilha-de-canoas-no-parque-do-gaucho-de-14-a-22-de-setembro\/"]}]},{"@type":"BreadcrumbList","@id":"https:\/\/jornaltimoneiro.com.br\/index.php\/2024\/09\/05\/vem-ai-a-30a-semana-farroupilha-de-canoas-no-parque-do-gaucho-de-14-a-22-de-setembro\/#breadcrumb","itemListElement":[{"@type":"ListItem","position":1,"name":"In\u00edcio","item":"https:\/\/jornaltimoneiro.com.br\/"},{"@type":"ListItem","position":2,"name":"Vem a\u00ed a 30\u00aa Semana Farroupilha de Canoas no Parque do Ga\u00facho, de 14 a 22 de setembro"}]},{"@type":"WebSite","@id":"https:\/\/jornaltimoneiro.com.br\/#website","url":"https:\/\/jornaltimoneiro.com.br\/","name":"Jornal Timoneiro Canoas RS","description":"Jornal O Timoneiro, o verdadeiro jornal de Canoas","publisher":{"@id":"https:\/\/jornaltimoneiro.com.br\/#organization"},"potentialAction":[{"@type":"SearchAction","target":{"@type":"EntryPoint","urlTemplate":"https:\/\/jornaltimoneiro.com.br\/?s={search_term_string}"},"query-input":"required name=search_term_string"}],"inLanguage":"pt-BR"},{"@type":"Organization","@id":"https:\/\/jornaltimoneiro.com.br\/#organization","name":"Jornal Timoneiro Canoas RS","url":"https:\/\/jornaltimoneiro.com.br\/","logo":{"@type":"ImageObject","inLanguage":"pt-BR","@id":"https:\/\/jornaltimoneiro.com.br\/#\/schema\/logo\/image\/","url":"https:\/\/jornaltimoneiro.com.br\/wp-content\/uploads\/2023\/03\/logonovo.png","contentUrl":"https:\/\/jornaltimoneiro.com.br\/wp-content\/uploads\/2023\/03\/logonovo.png","width":"469","height":"171","caption":"Jornal Timoneiro Canoas RS"},"image":{"@id":"https:\/\/jornaltimoneiro.com.br\/#\/schema\/logo\/image\/"},"sameAs":["https:\/\/www.facebook.com\/jornaltimoneiro","https:\/\/twitter.com\/_OTimoneiro","https:\/\/www.instagram.com\/jornaltimoneirocanoas\/","https:\/\/www.youtube.com\/@jornalotimoneiro7927"]},{"@type":"Person","@id":"https:\/\/jornaltimoneiro.com.br\/#\/schema\/person\/f63482f1a02b1a9592707865e509ab40","name":"Reda\u00e7\u00e3o","image":{"@type":"ImageObject","inLanguage":"pt-BR","@id":"https:\/\/jornaltimoneiro.com.br\/#\/schema\/person\/image\/","url":"https:\/\/jornaltimoneiro.com.br\/wp-content\/uploads\/2023\/03\/download.jpeg","contentUrl":"https:\/\/jornaltimoneiro.com.br\/wp-content\/uploads\/2023\/03\/download.jpeg","caption":"Reda\u00e7\u00e3o"},"url":"https:\/\/jornaltimoneiro.com.br\/index.php\/author\/simone-dutra\/"}]}},"_links":{"self":[{"href":"https:\/\/jornaltimoneiro.com.br\/index.php\/wp-json\/wp\/v2\/posts\/31912"}],"collection":[{"href":"https:\/\/jornaltimoneiro.com.br\/index.php\/wp-json\/wp\/v2\/posts"}],"about":[{"href":"https:\/\/jornaltimoneiro.com.br\/index.php\/wp-json\/wp\/v2\/types\/post"}],"author":[{"embeddable":true,"href":"https:\/\/jornaltimoneiro.com.br\/index.php\/wp-json\/wp\/v2\/users\/2"}],"replies":[{"embeddable":true,"href":"https:\/\/jornaltimoneiro.com.br\/index.php\/wp-json\/wp\/v2\/comments?post=31912"}],"version-history":[{"count":1,"href":"https:\/\/jornaltimoneiro.com.br\/index.php\/wp-json\/wp\/v2\/posts\/31912\/revisions"}],"predecessor-version":[{"id":31914,"href":"https:\/\/jornaltimoneiro.com.br\/index.php\/wp-json\/wp\/v2\/posts\/31912\/revisions\/31914"}],"wp:featuredmedia":[{"embeddable":true,"href":"https:\/\/jornaltimoneiro.com.br\/index.php\/wp-json\/wp\/v2\/media\/31913"}],"wp:attachment":[{"href":"https:\/\/jornaltimoneiro.com.br\/index.php\/wp-json\/wp\/v2\/media?parent=31912"}],"wp:term":[{"taxonomy":"category","embeddable":true,"href":"https:\/\/jornaltimoneiro.com.br\/index.php\/wp-json\/wp\/v2\/categories?post=31912"},{"taxonomy":"post_tag","embeddable":true,"href":"https:\/\/jornaltimoneiro.com.br\/index.php\/wp-json\/wp\/v2\/tags?post=31912"}],"curies":[{"name":"wp","href":"https:\/\/api.w.org\/{rel}","templated":true}]}}