{"id":31911,"date":"2024-09-05T16:43:29","date_gmt":"2024-09-05T19:43:29","guid":{"rendered":"https:\/\/jornaltimoneiro.com.br\/?p=31911"},"modified":"2024-09-05T16:43:29","modified_gmt":"2024-09-05T19:43:29","slug":"prefeitura-de-canoas-divulga-edital-para-construcao-do-dique-do-mato-grande","status":"publish","type":"post","link":"https:\/\/jornaltimoneiro.com.br\/index.php\/2024\/09\/05\/prefeitura-de-canoas-divulga-edital-para-construcao-do-dique-do-mato-grande\/","title":{"rendered":"Prefeitura de Canoas divulga edital para constru\u00e7\u00e3o do dique do Mato Grande"},"content":{"rendered":"<p>A Prefeitura de Canoas publicou, na quarta-feira, 4, o edital para contrata\u00e7\u00e3o da empresa que far\u00e1 as obras de constru\u00e7\u00e3o do dique do Mato Grande. A estrutura, com 7 metros de altura, ser\u00e1 erguida ao lado da BR-448.<\/p>\n<p>S\u00e3o previstos R$ 69,3 milh\u00f5es para esta obra, que al\u00e9m de garantir a prote\u00e7\u00e3o do bairro Mato Grande, ir\u00e1 refor\u00e7ar a dos bairros Harmonia e Mathias Velho.<\/p>\n<h4><strong>R$ 1 bilh\u00e3o<\/strong><\/h4>\n<blockquote><p>\u201cCanoas foi o primeiro munic\u00edpio a fazer as licita\u00e7\u00f5es e iniciar as obras nos diques. N\u00f3s vamos fazer um grande cintur\u00e3o de diques, elevando, refor\u00e7ando e construindo novos, exatamente para proteger a nossa cidade e n\u00e3o ter enchentes nunca mais. \u00c9 muito importante termos celeridade neste processo, para n\u00e3o perdermos os mais de R$ 1 bilh\u00e3o conquistados junto aos governos Federal e do Estado\u201d, destacou o prefeito Jairo Jorge.<\/p><\/blockquote>\n<h4><strong>In\u00edcio das obras<\/strong><\/h4>\n<p>As obras para conserto definitivo e fortifica\u00e7\u00e3o do dique Rio Branco\/F\u00e1tima j\u00e1 iniciaram. Nesta sexta-feira, 6, ser\u00e1 divulgada a empresa que ser\u00e1 respons\u00e1vel pela recupera\u00e7\u00e3o e amplia\u00e7\u00e3o do dique Harmonia\/Mathias Velho, com investimento de R$ 75 milh\u00f5es.<\/p>\n<p>Tamb\u00e9m j\u00e1 foram retomadas as obras de eleva\u00e7\u00e3o do dique de Niter\u00f3i, que protegeram o bairro da enchente.<\/p>\n","protected":false},"excerpt":{"rendered":"<p>A Prefeitura de Canoas publicou, na quarta-feira, 4, o edital para contrata\u00e7\u00e3o da empresa que far\u00e1 as obras de constru\u00e7\u00e3o do dique do Mato Grande. A estrutura, com 7 metros de altura, ser\u00e1 erguida ao lado da BR-448. S\u00e3o previstos R$ 69,3 milh\u00f5es para esta obra, que al\u00e9m de garantir a prote\u00e7\u00e3o do bairro Mato [&hellip;]<\/p>\n","protected":false},"author":2,"featured_media":31915,"comment_status":"open","ping_status":"open","sticky":false,"template":"","format":"standard","meta":{"amp_status":"","footnotes":""},"categories":[3234],"tags":[1483,31,2578,683,2162,110,44],"class_list":["post-31911","post","type-post","status-publish","format-standard","has-post-thumbnail","hentry","category-servicos","tag-br-448","tag-canoas","tag-dique","tag-edital","tag-mato-grande","tag-obras","tag-prefeitura-de-canoas"],"yoast_head":"<!-- This site is optimized with the Yoast SEO plugin v20.5 - https:\/\/yoast.com\/wordpress\/plugins\/seo\/ -->\n<title>Prefeitura de Canoas divulga edital para constru\u00e7\u00e3o do dique do Mato Grande - O Timoneiro Jornal Canoas RS<\/title>\n<meta name=\"description\" content=\"Prefeitura de Canoas publica edital para obras de constru\u00e7\u00e3o do dique do Mato Grande com 7 metros de altura ao lado da BR-448\" \/>\n<meta name=\"robots\" content=\"index, follow, max-snippet:-1, max-image-preview:large, max-video-preview:-1\" \/>\n<link rel=\"canonical\" href=\"https:\/\/jornaltimoneiro.com.br\/index.php\/2024\/09\/05\/prefeitura-de-canoas-divulga-edital-para-construcao-do-dique-do-mato-grande\/\" \/>\n<meta property=\"og:locale\" content=\"pt_BR\" \/>\n<meta property=\"og:type\" content=\"article\" \/>\n<meta property=\"og:title\" content=\"Prefeitura de Canoas divulga edital para constru\u00e7\u00e3o do dique do Mato Grande - O Timoneiro Jornal Canoas RS\" \/>\n<meta property=\"og:description\" content=\"Prefeitura de Canoas publica edital para obras de constru\u00e7\u00e3o do dique do Mato Grande com 7 metros de altura ao lado da BR-448\" \/>\n<meta property=\"og:url\" content=\"https:\/\/jornaltimoneiro.com.br\/index.php\/2024\/09\/05\/prefeitura-de-canoas-divulga-edital-para-construcao-do-dique-do-mato-grande\/\" \/>\n<meta property=\"og:site_name\" content=\"O Timoneiro Jornal Canoas RS\" \/>\n<meta property=\"article:publisher\" content=\"https:\/\/www.facebook.com\/jornaltimoneiro\" \/>\n<meta property=\"article:published_time\" content=\"2024-09-05T19:43:29+00:00\" \/>\n<meta property=\"og:image\" content=\"https:\/\/jornaltimoneiro.com.br\/wp-content\/uploads\/2024\/09\/WhatsApp-Image-2024-09-05-at-16.36.13-scaled-e1725565307250.jpeg\" \/>\n\t<meta property=\"og:image:width\" content=\"1080\" \/>\n\t<meta property=\"og:image:height\" content=\"810\" \/>\n\t<meta property=\"og:image:type\" content=\"image\/jpeg\" \/>\n<meta name=\"author\" content=\"Reda\u00e7\u00e3o\" \/>\n<meta name=\"twitter:card\" content=\"summary_large_image\" \/>\n<meta name=\"twitter:creator\" content=\"@_OTimoneiro\" \/>\n<meta name=\"twitter:site\" content=\"@_OTimoneiro\" \/>\n<meta name=\"twitter:label1\" content=\"Escrito por\" \/>\n\t<meta name=\"twitter:data1\" content=\"Reda\u00e7\u00e3o\" \/>\n\t<meta name=\"twitter:label2\" content=\"Est. tempo de leitura\" \/>\n\t<meta name=\"twitter:data2\" content=\"2 minutos\" \/>\n<script type=\"application\/ld+json\" class=\"yoast-schema-graph\">{\"@context\":\"https:\/\/schema.org\",\"@graph\":[{\"@type\":\"Article\",\"@id\":\"https:\/\/jornaltimoneiro.com.br\/index.php\/2024\/09\/05\/prefeitura-de-canoas-divulga-edital-para-construcao-do-dique-do-mato-grande\/#article\",\"isPartOf\":{\"@id\":\"https:\/\/jornaltimoneiro.com.br\/index.php\/2024\/09\/05\/prefeitura-de-canoas-divulga-edital-para-construcao-do-dique-do-mato-grande\/\"},\"author\":{\"name\":\"Reda\u00e7\u00e3o\",\"@id\":\"https:\/\/jornaltimoneiro.com.br\/#\/schema\/person\/f63482f1a02b1a9592707865e509ab40\"},\"headline\":\"Prefeitura de Canoas divulga edital para constru\u00e7\u00e3o do dique do Mato Grande\",\"datePublished\":\"2024-09-05T19:43:29+00:00\",\"dateModified\":\"2024-09-05T19:43:29+00:00\",\"mainEntityOfPage\":{\"@id\":\"https:\/\/jornaltimoneiro.com.br\/index.php\/2024\/09\/05\/prefeitura-de-canoas-divulga-edital-para-construcao-do-dique-do-mato-grande\/\"},\"wordCount\":228,\"commentCount\":0,\"publisher\":{\"@id\":\"https:\/\/jornaltimoneiro.com.br\/#organization\"},\"keywords\":[\"BR 448\",\"canoas\",\"dique\",\"edital\",\"Mato Grande\",\"Obras\",\"Prefeitura de Canoas\"],\"articleSection\":[\"Servi\u00e7os\"],\"inLanguage\":\"pt-BR\",\"potentialAction\":[{\"@type\":\"CommentAction\",\"name\":\"Comment\",\"target\":[\"https:\/\/jornaltimoneiro.com.br\/index.php\/2024\/09\/05\/prefeitura-de-canoas-divulga-edital-para-construcao-do-dique-do-mato-grande\/#respond\"]}]},{\"@type\":\"WebPage\",\"@id\":\"https:\/\/jornaltimoneiro.com.br\/index.php\/2024\/09\/05\/prefeitura-de-canoas-divulga-edital-para-construcao-do-dique-do-mato-grande\/\",\"url\":\"https:\/\/jornaltimoneiro.com.br\/index.php\/2024\/09\/05\/prefeitura-de-canoas-divulga-edital-para-construcao-do-dique-do-mato-grande\/\",\"name\":\"Prefeitura de Canoas divulga edital para constru\u00e7\u00e3o do dique do Mato Grande - O Timoneiro Jornal Canoas RS\",\"isPartOf\":{\"@id\":\"https:\/\/jornaltimoneiro.com.br\/#website\"},\"datePublished\":\"2024-09-05T19:43:29+00:00\",\"dateModified\":\"2024-09-05T19:43:29+00:00\",\"description\":\"Prefeitura de Canoas publica edital para obras de constru\u00e7\u00e3o do dique do Mato Grande com 7 metros de altura ao lado da BR-448\",\"breadcrumb\":{\"@id\":\"https:\/\/jornaltimoneiro.com.br\/index.php\/2024\/09\/05\/prefeitura-de-canoas-divulga-edital-para-construcao-do-dique-do-mato-grande\/#breadcrumb\"},\"inLanguage\":\"pt-BR\",\"potentialAction\":[{\"@type\":\"ReadAction\",\"target\":[\"https:\/\/jornaltimoneiro.com.br\/index.php\/2024\/09\/05\/prefeitura-de-canoas-divulga-edital-para-construcao-do-dique-do-mato-grande\/\"]}]},{\"@type\":\"BreadcrumbList\",\"@id\":\"https:\/\/jornaltimoneiro.com.br\/index.php\/2024\/09\/05\/prefeitura-de-canoas-divulga-edital-para-construcao-do-dique-do-mato-grande\/#breadcrumb\",\"itemListElement\":[{\"@type\":\"ListItem\",\"position\":1,\"name\":\"In\u00edcio\",\"item\":\"https:\/\/jornaltimoneiro.com.br\/\"},{\"@type\":\"ListItem\",\"position\":2,\"name\":\"Prefeitura de Canoas divulga edital para constru\u00e7\u00e3o do dique do Mato Grande\"}]},{\"@type\":\"WebSite\",\"@id\":\"https:\/\/jornaltimoneiro.com.br\/#website\",\"url\":\"https:\/\/jornaltimoneiro.com.br\/\",\"name\":\"Jornal Timoneiro Canoas RS\",\"description\":\"Jornal O Timoneiro, o verdadeiro jornal de Canoas\",\"publisher\":{\"@id\":\"https:\/\/jornaltimoneiro.com.br\/#organization\"},\"potentialAction\":[{\"@type\":\"SearchAction\",\"target\":{\"@type\":\"EntryPoint\",\"urlTemplate\":\"https:\/\/jornaltimoneiro.com.br\/?s={search_term_string}\"},\"query-input\":\"required name=search_term_string\"}],\"inLanguage\":\"pt-BR\"},{\"@type\":\"Organization\",\"@id\":\"https:\/\/jornaltimoneiro.com.br\/#organization\",\"name\":\"Jornal Timoneiro Canoas RS\",\"url\":\"https:\/\/jornaltimoneiro.com.br\/\",\"logo\":{\"@type\":\"ImageObject\",\"inLanguage\":\"pt-BR\",\"@id\":\"https:\/\/jornaltimoneiro.com.br\/#\/schema\/logo\/image\/\",\"url\":\"https:\/\/jornaltimoneiro.com.br\/wp-content\/uploads\/2023\/03\/logonovo.png\",\"contentUrl\":\"https:\/\/jornaltimoneiro.com.br\/wp-content\/uploads\/2023\/03\/logonovo.png\",\"width\":\"469\",\"height\":\"171\",\"caption\":\"Jornal Timoneiro Canoas RS\"},\"image\":{\"@id\":\"https:\/\/jornaltimoneiro.com.br\/#\/schema\/logo\/image\/\"},\"sameAs\":[\"https:\/\/www.facebook.com\/jornaltimoneiro\",\"https:\/\/twitter.com\/_OTimoneiro\",\"https:\/\/www.instagram.com\/jornaltimoneirocanoas\/\",\"https:\/\/www.youtube.com\/@jornalotimoneiro7927\"]},{\"@type\":\"Person\",\"@id\":\"https:\/\/jornaltimoneiro.com.br\/#\/schema\/person\/f63482f1a02b1a9592707865e509ab40\",\"name\":\"Reda\u00e7\u00e3o\",\"image\":{\"@type\":\"ImageObject\",\"inLanguage\":\"pt-BR\",\"@id\":\"https:\/\/jornaltimoneiro.com.br\/#\/schema\/person\/image\/\",\"url\":\"https:\/\/jornaltimoneiro.com.br\/wp-content\/uploads\/2023\/03\/download.jpeg\",\"contentUrl\":\"https:\/\/jornaltimoneiro.com.br\/wp-content\/uploads\/2023\/03\/download.jpeg\",\"caption\":\"Reda\u00e7\u00e3o\"},\"url\":\"https:\/\/jornaltimoneiro.com.br\/index.php\/author\/simone-dutra\/\"}]}<\/script>\n<!-- \/ Yoast SEO plugin. -->","yoast_head_json":{"title":"Prefeitura de Canoas divulga edital para constru\u00e7\u00e3o do dique do Mato Grande - O Timoneiro Jornal Canoas RS","description":"Prefeitura de Canoas publica edital para obras de constru\u00e7\u00e3o do dique do Mato Grande com 7 metros de altura ao lado da BR-448","robots":{"index":"index","follow":"follow","max-snippet":"max-snippet:-1","max-image-preview":"max-image-preview:large","max-video-preview":"max-video-preview:-1"},"canonical":"https:\/\/jornaltimoneiro.com.br\/index.php\/2024\/09\/05\/prefeitura-de-canoas-divulga-edital-para-construcao-do-dique-do-mato-grande\/","og_locale":"pt_BR","og_type":"article","og_title":"Prefeitura de Canoas divulga edital para constru\u00e7\u00e3o do dique do Mato Grande - O Timoneiro Jornal Canoas RS","og_description":"Prefeitura de Canoas publica edital para obras de constru\u00e7\u00e3o do dique do Mato Grande com 7 metros de altura ao lado da BR-448","og_url":"https:\/\/jornaltimoneiro.com.br\/index.php\/2024\/09\/05\/prefeitura-de-canoas-divulga-edital-para-construcao-do-dique-do-mato-grande\/","og_site_name":"O Timoneiro Jornal Canoas RS","article_publisher":"https:\/\/www.facebook.com\/jornaltimoneiro","article_published_time":"2024-09-05T19:43:29+00:00","og_image":[{"width":1080,"height":810,"url":"https:\/\/jornaltimoneiro.com.br\/wp-content\/uploads\/2024\/09\/WhatsApp-Image-2024-09-05-at-16.36.13-scaled-e1725565307250.jpeg","type":"image\/jpeg"}],"author":"Reda\u00e7\u00e3o","twitter_card":"summary_large_image","twitter_creator":"@_OTimoneiro","twitter_site":"@_OTimoneiro","twitter_misc":{"Escrito por":"Reda\u00e7\u00e3o","Est. tempo de leitura":"2 minutos"},"schema":{"@context":"https:\/\/schema.org","@graph":[{"@type":"Article","@id":"https:\/\/jornaltimoneiro.com.br\/index.php\/2024\/09\/05\/prefeitura-de-canoas-divulga-edital-para-construcao-do-dique-do-mato-grande\/#article","isPartOf":{"@id":"https:\/\/jornaltimoneiro.com.br\/index.php\/2024\/09\/05\/prefeitura-de-canoas-divulga-edital-para-construcao-do-dique-do-mato-grande\/"},"author":{"name":"Reda\u00e7\u00e3o","@id":"https:\/\/jornaltimoneiro.com.br\/#\/schema\/person\/f63482f1a02b1a9592707865e509ab40"},"headline":"Prefeitura de Canoas divulga edital para constru\u00e7\u00e3o do dique do Mato Grande","datePublished":"2024-09-05T19:43:29+00:00","dateModified":"2024-09-05T19:43:29+00:00","mainEntityOfPage":{"@id":"https:\/\/jornaltimoneiro.com.br\/index.php\/2024\/09\/05\/prefeitura-de-canoas-divulga-edital-para-construcao-do-dique-do-mato-grande\/"},"wordCount":228,"commentCount":0,"publisher":{"@id":"https:\/\/jornaltimoneiro.com.br\/#organization"},"keywords":["BR 448","canoas","dique","edital","Mato Grande","Obras","Prefeitura de Canoas"],"articleSection":["Servi\u00e7os"],"inLanguage":"pt-BR","potentialAction":[{"@type":"CommentAction","name":"Comment","target":["https:\/\/jornaltimoneiro.com.br\/index.php\/2024\/09\/05\/prefeitura-de-canoas-divulga-edital-para-construcao-do-dique-do-mato-grande\/#respond"]}]},{"@type":"WebPage","@id":"https:\/\/jornaltimoneiro.com.br\/index.php\/2024\/09\/05\/prefeitura-de-canoas-divulga-edital-para-construcao-do-dique-do-mato-grande\/","url":"https:\/\/jornaltimoneiro.com.br\/index.php\/2024\/09\/05\/prefeitura-de-canoas-divulga-edital-para-construcao-do-dique-do-mato-grande\/","name":"Prefeitura de Canoas divulga edital para constru\u00e7\u00e3o do dique do Mato Grande - O Timoneiro Jornal Canoas RS","isPartOf":{"@id":"https:\/\/jornaltimoneiro.com.br\/#website"},"datePublished":"2024-09-05T19:43:29+00:00","dateModified":"2024-09-05T19:43:29+00:00","description":"Prefeitura de Canoas publica edital para obras de constru\u00e7\u00e3o do dique do Mato Grande com 7 metros de altura ao lado da BR-448","breadcrumb":{"@id":"https:\/\/jornaltimoneiro.com.br\/index.php\/2024\/09\/05\/prefeitura-de-canoas-divulga-edital-para-construcao-do-dique-do-mato-grande\/#breadcrumb"},"inLanguage":"pt-BR","potentialAction":[{"@type":"ReadAction","target":["https:\/\/jornaltimoneiro.com.br\/index.php\/2024\/09\/05\/prefeitura-de-canoas-divulga-edital-para-construcao-do-dique-do-mato-grande\/"]}]},{"@type":"BreadcrumbList","@id":"https:\/\/jornaltimoneiro.com.br\/index.php\/2024\/09\/05\/prefeitura-de-canoas-divulga-edital-para-construcao-do-dique-do-mato-grande\/#breadcrumb","itemListElement":[{"@type":"ListItem","position":1,"name":"In\u00edcio","item":"https:\/\/jornaltimoneiro.com.br\/"},{"@type":"ListItem","position":2,"name":"Prefeitura de Canoas divulga edital para constru\u00e7\u00e3o do dique do Mato Grande"}]},{"@type":"WebSite","@id":"https:\/\/jornaltimoneiro.com.br\/#website","url":"https:\/\/jornaltimoneiro.com.br\/","name":"Jornal Timoneiro Canoas RS","description":"Jornal O Timoneiro, o verdadeiro jornal de Canoas","publisher":{"@id":"https:\/\/jornaltimoneiro.com.br\/#organization"},"potentialAction":[{"@type":"SearchAction","target":{"@type":"EntryPoint","urlTemplate":"https:\/\/jornaltimoneiro.com.br\/?s={search_term_string}"},"query-input":"required name=search_term_string"}],"inLanguage":"pt-BR"},{"@type":"Organization","@id":"https:\/\/jornaltimoneiro.com.br\/#organization","name":"Jornal Timoneiro Canoas RS","url":"https:\/\/jornaltimoneiro.com.br\/","logo":{"@type":"ImageObject","inLanguage":"pt-BR","@id":"https:\/\/jornaltimoneiro.com.br\/#\/schema\/logo\/image\/","url":"https:\/\/jornaltimoneiro.com.br\/wp-content\/uploads\/2023\/03\/logonovo.png","contentUrl":"https:\/\/jornaltimoneiro.com.br\/wp-content\/uploads\/2023\/03\/logonovo.png","width":"469","height":"171","caption":"Jornal Timoneiro Canoas RS"},"image":{"@id":"https:\/\/jornaltimoneiro.com.br\/#\/schema\/logo\/image\/"},"sameAs":["https:\/\/www.facebook.com\/jornaltimoneiro","https:\/\/twitter.com\/_OTimoneiro","https:\/\/www.instagram.com\/jornaltimoneirocanoas\/","https:\/\/www.youtube.com\/@jornalotimoneiro7927"]},{"@type":"Person","@id":"https:\/\/jornaltimoneiro.com.br\/#\/schema\/person\/f63482f1a02b1a9592707865e509ab40","name":"Reda\u00e7\u00e3o","image":{"@type":"ImageObject","inLanguage":"pt-BR","@id":"https:\/\/jornaltimoneiro.com.br\/#\/schema\/person\/image\/","url":"https:\/\/jornaltimoneiro.com.br\/wp-content\/uploads\/2023\/03\/download.jpeg","contentUrl":"https:\/\/jornaltimoneiro.com.br\/wp-content\/uploads\/2023\/03\/download.jpeg","caption":"Reda\u00e7\u00e3o"},"url":"https:\/\/jornaltimoneiro.com.br\/index.php\/author\/simone-dutra\/"}]}},"_links":{"self":[{"href":"https:\/\/jornaltimoneiro.com.br\/index.php\/wp-json\/wp\/v2\/posts\/31911"}],"collection":[{"href":"https:\/\/jornaltimoneiro.com.br\/index.php\/wp-json\/wp\/v2\/posts"}],"about":[{"href":"https:\/\/jornaltimoneiro.com.br\/index.php\/wp-json\/wp\/v2\/types\/post"}],"author":[{"embeddable":true,"href":"https:\/\/jornaltimoneiro.com.br\/index.php\/wp-json\/wp\/v2\/users\/2"}],"replies":[{"embeddable":true,"href":"https:\/\/jornaltimoneiro.com.br\/index.php\/wp-json\/wp\/v2\/comments?post=31911"}],"version-history":[{"count":1,"href":"https:\/\/jornaltimoneiro.com.br\/index.php\/wp-json\/wp\/v2\/posts\/31911\/revisions"}],"predecessor-version":[{"id":31916,"href":"https:\/\/jornaltimoneiro.com.br\/index.php\/wp-json\/wp\/v2\/posts\/31911\/revisions\/31916"}],"wp:featuredmedia":[{"embeddable":true,"href":"https:\/\/jornaltimoneiro.com.br\/index.php\/wp-json\/wp\/v2\/media\/31915"}],"wp:attachment":[{"href":"https:\/\/jornaltimoneiro.com.br\/index.php\/wp-json\/wp\/v2\/media?parent=31911"}],"wp:term":[{"taxonomy":"category","embeddable":true,"href":"https:\/\/jornaltimoneiro.com.br\/index.php\/wp-json\/wp\/v2\/categories?post=31911"},{"taxonomy":"post_tag","embeddable":true,"href":"https:\/\/jornaltimoneiro.com.br\/index.php\/wp-json\/wp\/v2\/tags?post=31911"}],"curies":[{"name":"wp","href":"https:\/\/api.w.org\/{rel}","templated":true}]}}