{"id":31872,"date":"2024-09-03T13:20:43","date_gmt":"2024-09-03T16:20:43","guid":{"rendered":"https:\/\/jornaltimoneiro.com.br\/?p=31872"},"modified":"2024-09-03T13:20:43","modified_gmt":"2024-09-03T16:20:43","slug":"unidades-de-saude-normalizam-atendimento-a-partir-desta-terca-feira-em-canoas","status":"publish","type":"post","link":"https:\/\/jornaltimoneiro.com.br\/index.php\/2024\/09\/03\/unidades-de-saude-normalizam-atendimento-a-partir-desta-terca-feira-em-canoas\/","title":{"rendered":"Unidades de Sa\u00fade normalizam atendimento a partir desta ter\u00e7a-feira em Canoas"},"content":{"rendered":"<p>A partir desta ter\u00e7a-feira, 3, a Unidade de Sa\u00fade Santo Oper\u00e1rio volta a prestar os servi\u00e7os de aten\u00e7\u00e3o b\u00e1sica na sua sede, na Rua da Associa\u00e7\u00e3o, 331, na Vila Cerne.<\/p>\n<p>Durante a recupera\u00e7\u00e3o do equipamento de sa\u00fade, danificado em raz\u00e3o da enchente de maio, as equipes realizavam atendimentos m\u00e9dicos e de enfermagem em um espa\u00e7o tempor\u00e1rio na Igreja Evang\u00e9lica Pentecostal Crist\u00e3, no Bairro Harmonia. Os servi\u00e7os est\u00e3o dispon\u00edveis das 8h \u00e0s 17h, de segunda a sexta-feira.<\/p>\n<h4><strong>Unidade de Sa\u00fade Harmonia volta a atender em sua sede na quarta-feira, 4<\/strong><\/h4>\n<p>A Unidade de Sa\u00fade Harmonia volta a atender a comunidade da regi\u00e3o a partir desta quarta-feira, 4, na sua sede, Rua Machado de Assis, 201, no bairro Harmonia. Os servi\u00e7os est\u00e3o dispon\u00edveis das 8h \u00e0s 17h, de segunda a sexta-feira.<\/p>\n<p>At\u00e9 a recupera\u00e7\u00e3o da US, atingida pela enchente de maio, as equipes prestavam os servi\u00e7os de aten\u00e7\u00e3o b\u00e1sica na ATAPEC, na Rua Marechal Malet, 103, tamb\u00e9m no Harmonia.<\/p>\n<h4><strong>&#8211; UNIDADES ABERTAS<\/strong><\/h4>\n<ul>\n<li>CAIC | 7h \u00e0s 19h<br \/>\nRua 21 de Mar\u00e7o, 100, Guajuviras<\/li>\n<li>CERNE |8h \u00e0s 17h<br \/>\nRua Engenheiro Kindler, 1460, Harmonia<\/li>\n<li>CONCOBAN | 8h \u00e0s 17h<br \/>\nRua Fernando Ferrari, 2674, Niter\u00f3i<\/li>\n<li>EST\u00c2NCIA VELHA | 7h \u00e0s 19h<br \/>\nRua S\u00e3o Mateus, s\/n\u00ba, Est\u00e2ncia Velha<\/li>\n<li>F\u00c1TIMA\/ PRATA | 8h \u00e0s 17h<br \/>\nRua Jo\u00e3o Nicolau, 218, F\u00e1tima<\/li>\n<li>FERNANDES | 8h \u00e0s 17h<br \/>\nRua Gomes Freire de Andrade, 1036, Nossa Senhora das Gra\u00e7as<br \/>\nGUAJUVIRAS | 7h \u00e0s 19h<br \/>\n17 de Abril, 1991, Guajuviras<\/li>\n<li>IGARA | 8h \u00e0s 17h<br \/>\nFarroupilha, 8001, S\u00e3o Jos\u00e9<\/li>\n<li>MATO GRANDE\/CENTRAL PARK | 8h \u00e0s 17h<br \/>\nRua Rep\u00fablica, 560, Mato Grande<\/li>\n<li>NITER\u00d3I | 7h \u00e0s 19h<br \/>\nRua Mal. Rondon, 132, Niter\u00f3i<\/li>\n<li>NOVA NANCY | 8h \u00e0s 17h<br \/>\nRua Barbosa Lima Sobrinho, 884, Guajuviras<\/li>\n<li>NOVA NITER\u00d3I | 8h \u00e0s 17h<br \/>\nRua Quara\u00ed, 401, Niter\u00f3i<\/li>\n<li>OLARIA | 8h \u00e0s 17h<br \/>\nRua Walter de Oliveira Ilha, 90, Est\u00e2ncia Velha<\/li>\n<li>SANTA ISABEL | 8h \u00e0s 17h<br \/>\nRua Frei Orlando, 141, Centro<\/li>\n<li>S\u00c3O JOS\u00c9 | 8h \u00e0s 17h<br \/>\nRua Jo\u00e3o Pessoa s\/n.\u00b0, S\u00e3o Jos\u00e9<\/li>\n<li>S\u00c3O LU\u00cdS | 8h \u00e0s 17h<br \/>\nRua Te\u00f3filo Otoni, 268, S\u00e3o Lu\u00eds<\/li>\n<li>S\u00c3O VICENTE | 8h \u00e0s 17h<br \/>\nRua Walter de Oliveira Ilha, 90, Est\u00e2ncia Velha<\/li>\n<li>UNI\u00c3O | 8h \u00e0s 17h<br \/>\nRua S\u00e3o Borja, 395, Mathias Velho<\/li>\n<\/ul>\n<h4><strong>&#8211; UNIDADES ABERTAS EM TENDAS<\/strong><\/h4>\n<ul>\n<li>MATHIAS VELHO\/ PRA\u00c7A AM\u00c9RICA | 8h \u00e0s 17h<br \/>\nRua Florian\u00f3polis, 1686, Mathias Velho (estacionamento do HPSC)<\/li>\n<li>NATAL | 8h \u00e0s 17h<br \/>\nRua Profa. Dona Sara, 100, Harmonia<\/li>\n<\/ul>\n<h4><strong>&#8211; UNIDADES ABERTAS EM OUTROS LOCAIS<\/strong><\/h4>\n<ul>\n<li>RIO BRANCO\/ BOA SA\u00daDE\/ PEDRO LUIS DA SILVEIRA | 8h \u00e0s 17h<br \/>\nRua Jos\u00e9 de Alencar, s\/n, Rio Branco (Antiga UPA do Idoso)<\/li>\n<li>HARMONIA | 8h \u00e0s 17h<br \/>\nRua Mal. Malet, 103 Harmonia (ATAPEC)<\/li>\n<\/ul>\n","protected":false},"excerpt":{"rendered":"<p>A partir desta ter\u00e7a-feira, 3, a Unidade de Sa\u00fade Santo Oper\u00e1rio volta a prestar os servi\u00e7os de aten\u00e7\u00e3o b\u00e1sica na sua sede, na Rua da Associa\u00e7\u00e3o, 331, na Vila Cerne. Durante a recupera\u00e7\u00e3o do equipamento de sa\u00fade, danificado em raz\u00e3o da enchente de maio, as equipes realizavam atendimentos m\u00e9dicos e de enfermagem em um espa\u00e7o [&hellip;]<\/p>\n","protected":false},"author":2,"featured_media":28130,"comment_status":"open","ping_status":"open","sticky":false,"template":"","format":"standard","meta":{"amp_status":"","footnotes":""},"categories":[26],"tags":[618,2865,31,791,190,213,80,3323,189,2165],"class_list":["post-31872","post","type-post","status-publish","format-standard","has-post-thumbnail","hentry","category-saude","tag-atendimento","tag-bairro-harmonia","tag-canoas","tag-enchente","tag-featured","tag-rio-grande-do-sul","tag-rs","tag-santo-operario","tag-saude","tag-unidade-de-saude"],"yoast_head":"<!-- This site is optimized with the Yoast SEO plugin v20.5 - https:\/\/yoast.com\/wordpress\/plugins\/seo\/ -->\n<title>Unidades de Sa\u00fade normalizam atendimento a partir desta ter\u00e7a-feira em Canoas - O Timoneiro Jornal Canoas RS<\/title>\n<meta name=\"description\" content=\"A a Unidade de Sa\u00fade Santo Oper\u00e1rio volta a prestar os servi\u00e7os de aten\u00e7\u00e3o b\u00e1sica na sua sede, na Rua da Associa\u00e7\u00e3o, 331, na Vila Cerne Canoas\" \/>\n<meta name=\"robots\" content=\"index, follow, max-snippet:-1, max-image-preview:large, max-video-preview:-1\" \/>\n<link rel=\"canonical\" href=\"https:\/\/jornaltimoneiro.com.br\/index.php\/2024\/09\/03\/unidades-de-saude-normalizam-atendimento-a-partir-desta-terca-feira-em-canoas\/\" \/>\n<meta property=\"og:locale\" content=\"pt_BR\" \/>\n<meta property=\"og:type\" content=\"article\" \/>\n<meta property=\"og:title\" content=\"Unidades de Sa\u00fade normalizam atendimento a partir desta ter\u00e7a-feira em Canoas - O Timoneiro Jornal Canoas RS\" \/>\n<meta property=\"og:description\" content=\"A a Unidade de Sa\u00fade Santo Oper\u00e1rio volta a prestar os servi\u00e7os de aten\u00e7\u00e3o b\u00e1sica na sua sede, na Rua da Associa\u00e7\u00e3o, 331, na Vila Cerne Canoas\" \/>\n<meta property=\"og:url\" content=\"https:\/\/jornaltimoneiro.com.br\/index.php\/2024\/09\/03\/unidades-de-saude-normalizam-atendimento-a-partir-desta-terca-feira-em-canoas\/\" \/>\n<meta property=\"og:site_name\" content=\"O Timoneiro Jornal Canoas RS\" \/>\n<meta property=\"article:publisher\" content=\"https:\/\/www.facebook.com\/jornaltimoneiro\" \/>\n<meta property=\"article:published_time\" content=\"2024-09-03T16:20:43+00:00\" \/>\n<meta property=\"og:image\" content=\"https:\/\/jornaltimoneiro.com.br\/wp-content\/uploads\/2024\/03\/Reduzidas-11.03.2024-Atendimento-as-mulheres_Amanda_Furtado-4.jpg\" \/>\n\t<meta property=\"og:image:width\" content=\"1080\" \/>\n\t<meta property=\"og:image:height\" content=\"771\" \/>\n\t<meta property=\"og:image:type\" content=\"image\/jpeg\" \/>\n<meta name=\"author\" content=\"Reda\u00e7\u00e3o\" \/>\n<meta name=\"twitter:card\" content=\"summary_large_image\" \/>\n<meta name=\"twitter:creator\" content=\"@_OTimoneiro\" \/>\n<meta name=\"twitter:site\" content=\"@_OTimoneiro\" \/>\n<meta name=\"twitter:label1\" content=\"Escrito por\" \/>\n\t<meta name=\"twitter:data1\" content=\"Reda\u00e7\u00e3o\" \/>\n\t<meta name=\"twitter:label2\" content=\"Est. tempo de leitura\" \/>\n\t<meta name=\"twitter:data2\" content=\"3 minutos\" \/>\n<script type=\"application\/ld+json\" class=\"yoast-schema-graph\">{\"@context\":\"https:\/\/schema.org\",\"@graph\":[{\"@type\":\"Article\",\"@id\":\"https:\/\/jornaltimoneiro.com.br\/index.php\/2024\/09\/03\/unidades-de-saude-normalizam-atendimento-a-partir-desta-terca-feira-em-canoas\/#article\",\"isPartOf\":{\"@id\":\"https:\/\/jornaltimoneiro.com.br\/index.php\/2024\/09\/03\/unidades-de-saude-normalizam-atendimento-a-partir-desta-terca-feira-em-canoas\/\"},\"author\":{\"name\":\"Reda\u00e7\u00e3o\",\"@id\":\"https:\/\/jornaltimoneiro.com.br\/#\/schema\/person\/f63482f1a02b1a9592707865e509ab40\"},\"headline\":\"Unidades de Sa\u00fade normalizam atendimento a partir desta ter\u00e7a-feira em Canoas\",\"datePublished\":\"2024-09-03T16:20:43+00:00\",\"dateModified\":\"2024-09-03T16:20:43+00:00\",\"mainEntityOfPage\":{\"@id\":\"https:\/\/jornaltimoneiro.com.br\/index.php\/2024\/09\/03\/unidades-de-saude-normalizam-atendimento-a-partir-desta-terca-feira-em-canoas\/\"},\"wordCount\":465,\"commentCount\":0,\"publisher\":{\"@id\":\"https:\/\/jornaltimoneiro.com.br\/#organization\"},\"keywords\":[\"atendimento\",\"bairro harmonia\",\"canoas\",\"enchente\",\"featured\",\"rio grande do sul\",\"RS\",\"santo oper\u00e1rio\",\"sa\u00fade\",\"unidade de sa\u00fade\"],\"articleSection\":[\"Sa\u00fade\"],\"inLanguage\":\"pt-BR\",\"potentialAction\":[{\"@type\":\"CommentAction\",\"name\":\"Comment\",\"target\":[\"https:\/\/jornaltimoneiro.com.br\/index.php\/2024\/09\/03\/unidades-de-saude-normalizam-atendimento-a-partir-desta-terca-feira-em-canoas\/#respond\"]}]},{\"@type\":\"WebPage\",\"@id\":\"https:\/\/jornaltimoneiro.com.br\/index.php\/2024\/09\/03\/unidades-de-saude-normalizam-atendimento-a-partir-desta-terca-feira-em-canoas\/\",\"url\":\"https:\/\/jornaltimoneiro.com.br\/index.php\/2024\/09\/03\/unidades-de-saude-normalizam-atendimento-a-partir-desta-terca-feira-em-canoas\/\",\"name\":\"Unidades de Sa\u00fade normalizam atendimento a partir desta ter\u00e7a-feira em Canoas - O Timoneiro Jornal Canoas RS\",\"isPartOf\":{\"@id\":\"https:\/\/jornaltimoneiro.com.br\/#website\"},\"datePublished\":\"2024-09-03T16:20:43+00:00\",\"dateModified\":\"2024-09-03T16:20:43+00:00\",\"description\":\"A a Unidade de Sa\u00fade Santo Oper\u00e1rio volta a prestar os servi\u00e7os de aten\u00e7\u00e3o b\u00e1sica na sua sede, na Rua da Associa\u00e7\u00e3o, 331, na Vila Cerne Canoas\",\"breadcrumb\":{\"@id\":\"https:\/\/jornaltimoneiro.com.br\/index.php\/2024\/09\/03\/unidades-de-saude-normalizam-atendimento-a-partir-desta-terca-feira-em-canoas\/#breadcrumb\"},\"inLanguage\":\"pt-BR\",\"potentialAction\":[{\"@type\":\"ReadAction\",\"target\":[\"https:\/\/jornaltimoneiro.com.br\/index.php\/2024\/09\/03\/unidades-de-saude-normalizam-atendimento-a-partir-desta-terca-feira-em-canoas\/\"]}]},{\"@type\":\"BreadcrumbList\",\"@id\":\"https:\/\/jornaltimoneiro.com.br\/index.php\/2024\/09\/03\/unidades-de-saude-normalizam-atendimento-a-partir-desta-terca-feira-em-canoas\/#breadcrumb\",\"itemListElement\":[{\"@type\":\"ListItem\",\"position\":1,\"name\":\"In\u00edcio\",\"item\":\"https:\/\/jornaltimoneiro.com.br\/\"},{\"@type\":\"ListItem\",\"position\":2,\"name\":\"Unidades de Sa\u00fade normalizam atendimento a partir desta ter\u00e7a-feira em Canoas\"}]},{\"@type\":\"WebSite\",\"@id\":\"https:\/\/jornaltimoneiro.com.br\/#website\",\"url\":\"https:\/\/jornaltimoneiro.com.br\/\",\"name\":\"Jornal Timoneiro Canoas RS\",\"description\":\"Jornal O Timoneiro, o verdadeiro jornal de Canoas\",\"publisher\":{\"@id\":\"https:\/\/jornaltimoneiro.com.br\/#organization\"},\"potentialAction\":[{\"@type\":\"SearchAction\",\"target\":{\"@type\":\"EntryPoint\",\"urlTemplate\":\"https:\/\/jornaltimoneiro.com.br\/?s={search_term_string}\"},\"query-input\":\"required name=search_term_string\"}],\"inLanguage\":\"pt-BR\"},{\"@type\":\"Organization\",\"@id\":\"https:\/\/jornaltimoneiro.com.br\/#organization\",\"name\":\"Jornal Timoneiro Canoas RS\",\"url\":\"https:\/\/jornaltimoneiro.com.br\/\",\"logo\":{\"@type\":\"ImageObject\",\"inLanguage\":\"pt-BR\",\"@id\":\"https:\/\/jornaltimoneiro.com.br\/#\/schema\/logo\/image\/\",\"url\":\"https:\/\/jornaltimoneiro.com.br\/wp-content\/uploads\/2023\/03\/logonovo.png\",\"contentUrl\":\"https:\/\/jornaltimoneiro.com.br\/wp-content\/uploads\/2023\/03\/logonovo.png\",\"width\":\"469\",\"height\":\"171\",\"caption\":\"Jornal Timoneiro Canoas RS\"},\"image\":{\"@id\":\"https:\/\/jornaltimoneiro.com.br\/#\/schema\/logo\/image\/\"},\"sameAs\":[\"https:\/\/www.facebook.com\/jornaltimoneiro\",\"https:\/\/twitter.com\/_OTimoneiro\",\"https:\/\/www.instagram.com\/jornaltimoneirocanoas\/\",\"https:\/\/www.youtube.com\/@jornalotimoneiro7927\"]},{\"@type\":\"Person\",\"@id\":\"https:\/\/jornaltimoneiro.com.br\/#\/schema\/person\/f63482f1a02b1a9592707865e509ab40\",\"name\":\"Reda\u00e7\u00e3o\",\"image\":{\"@type\":\"ImageObject\",\"inLanguage\":\"pt-BR\",\"@id\":\"https:\/\/jornaltimoneiro.com.br\/#\/schema\/person\/image\/\",\"url\":\"https:\/\/jornaltimoneiro.com.br\/wp-content\/uploads\/2023\/03\/download.jpeg\",\"contentUrl\":\"https:\/\/jornaltimoneiro.com.br\/wp-content\/uploads\/2023\/03\/download.jpeg\",\"caption\":\"Reda\u00e7\u00e3o\"},\"url\":\"https:\/\/jornaltimoneiro.com.br\/index.php\/author\/simone-dutra\/\"}]}<\/script>\n<!-- \/ Yoast SEO plugin. -->","yoast_head_json":{"title":"Unidades de Sa\u00fade normalizam atendimento a partir desta ter\u00e7a-feira em Canoas - O Timoneiro Jornal Canoas RS","description":"A a Unidade de Sa\u00fade Santo Oper\u00e1rio volta a prestar os servi\u00e7os de aten\u00e7\u00e3o b\u00e1sica na sua sede, na Rua da Associa\u00e7\u00e3o, 331, na Vila Cerne Canoas","robots":{"index":"index","follow":"follow","max-snippet":"max-snippet:-1","max-image-preview":"max-image-preview:large","max-video-preview":"max-video-preview:-1"},"canonical":"https:\/\/jornaltimoneiro.com.br\/index.php\/2024\/09\/03\/unidades-de-saude-normalizam-atendimento-a-partir-desta-terca-feira-em-canoas\/","og_locale":"pt_BR","og_type":"article","og_title":"Unidades de Sa\u00fade normalizam atendimento a partir desta ter\u00e7a-feira em Canoas - O Timoneiro Jornal Canoas RS","og_description":"A a Unidade de Sa\u00fade Santo Oper\u00e1rio volta a prestar os servi\u00e7os de aten\u00e7\u00e3o b\u00e1sica na sua sede, na Rua da Associa\u00e7\u00e3o, 331, na Vila Cerne Canoas","og_url":"https:\/\/jornaltimoneiro.com.br\/index.php\/2024\/09\/03\/unidades-de-saude-normalizam-atendimento-a-partir-desta-terca-feira-em-canoas\/","og_site_name":"O Timoneiro Jornal Canoas RS","article_publisher":"https:\/\/www.facebook.com\/jornaltimoneiro","article_published_time":"2024-09-03T16:20:43+00:00","og_image":[{"width":"1080","height":"771","url":"https:\/\/jornaltimoneiro.com.br\/wp-content\/uploads\/2024\/03\/Reduzidas-11.03.2024-Atendimento-as-mulheres_Amanda_Furtado-4.jpg","type":"image\/jpeg"}],"author":"Reda\u00e7\u00e3o","twitter_card":"summary_large_image","twitter_creator":"@_OTimoneiro","twitter_site":"@_OTimoneiro","twitter_misc":{"Escrito por":"Reda\u00e7\u00e3o","Est. tempo de leitura":"3 minutos"},"schema":{"@context":"https:\/\/schema.org","@graph":[{"@type":"Article","@id":"https:\/\/jornaltimoneiro.com.br\/index.php\/2024\/09\/03\/unidades-de-saude-normalizam-atendimento-a-partir-desta-terca-feira-em-canoas\/#article","isPartOf":{"@id":"https:\/\/jornaltimoneiro.com.br\/index.php\/2024\/09\/03\/unidades-de-saude-normalizam-atendimento-a-partir-desta-terca-feira-em-canoas\/"},"author":{"name":"Reda\u00e7\u00e3o","@id":"https:\/\/jornaltimoneiro.com.br\/#\/schema\/person\/f63482f1a02b1a9592707865e509ab40"},"headline":"Unidades de Sa\u00fade normalizam atendimento a partir desta ter\u00e7a-feira em Canoas","datePublished":"2024-09-03T16:20:43+00:00","dateModified":"2024-09-03T16:20:43+00:00","mainEntityOfPage":{"@id":"https:\/\/jornaltimoneiro.com.br\/index.php\/2024\/09\/03\/unidades-de-saude-normalizam-atendimento-a-partir-desta-terca-feira-em-canoas\/"},"wordCount":465,"commentCount":0,"publisher":{"@id":"https:\/\/jornaltimoneiro.com.br\/#organization"},"keywords":["atendimento","bairro harmonia","canoas","enchente","featured","rio grande do sul","RS","santo oper\u00e1rio","sa\u00fade","unidade de sa\u00fade"],"articleSection":["Sa\u00fade"],"inLanguage":"pt-BR","potentialAction":[{"@type":"CommentAction","name":"Comment","target":["https:\/\/jornaltimoneiro.com.br\/index.php\/2024\/09\/03\/unidades-de-saude-normalizam-atendimento-a-partir-desta-terca-feira-em-canoas\/#respond"]}]},{"@type":"WebPage","@id":"https:\/\/jornaltimoneiro.com.br\/index.php\/2024\/09\/03\/unidades-de-saude-normalizam-atendimento-a-partir-desta-terca-feira-em-canoas\/","url":"https:\/\/jornaltimoneiro.com.br\/index.php\/2024\/09\/03\/unidades-de-saude-normalizam-atendimento-a-partir-desta-terca-feira-em-canoas\/","name":"Unidades de Sa\u00fade normalizam atendimento a partir desta ter\u00e7a-feira em Canoas - O Timoneiro Jornal Canoas RS","isPartOf":{"@id":"https:\/\/jornaltimoneiro.com.br\/#website"},"datePublished":"2024-09-03T16:20:43+00:00","dateModified":"2024-09-03T16:20:43+00:00","description":"A a Unidade de Sa\u00fade Santo Oper\u00e1rio volta a prestar os servi\u00e7os de aten\u00e7\u00e3o b\u00e1sica na sua sede, na Rua da Associa\u00e7\u00e3o, 331, na Vila Cerne Canoas","breadcrumb":{"@id":"https:\/\/jornaltimoneiro.com.br\/index.php\/2024\/09\/03\/unidades-de-saude-normalizam-atendimento-a-partir-desta-terca-feira-em-canoas\/#breadcrumb"},"inLanguage":"pt-BR","potentialAction":[{"@type":"ReadAction","target":["https:\/\/jornaltimoneiro.com.br\/index.php\/2024\/09\/03\/unidades-de-saude-normalizam-atendimento-a-partir-desta-terca-feira-em-canoas\/"]}]},{"@type":"BreadcrumbList","@id":"https:\/\/jornaltimoneiro.com.br\/index.php\/2024\/09\/03\/unidades-de-saude-normalizam-atendimento-a-partir-desta-terca-feira-em-canoas\/#breadcrumb","itemListElement":[{"@type":"ListItem","position":1,"name":"In\u00edcio","item":"https:\/\/jornaltimoneiro.com.br\/"},{"@type":"ListItem","position":2,"name":"Unidades de Sa\u00fade normalizam atendimento a partir desta ter\u00e7a-feira em Canoas"}]},{"@type":"WebSite","@id":"https:\/\/jornaltimoneiro.com.br\/#website","url":"https:\/\/jornaltimoneiro.com.br\/","name":"Jornal Timoneiro Canoas RS","description":"Jornal O Timoneiro, o verdadeiro jornal de Canoas","publisher":{"@id":"https:\/\/jornaltimoneiro.com.br\/#organization"},"potentialAction":[{"@type":"SearchAction","target":{"@type":"EntryPoint","urlTemplate":"https:\/\/jornaltimoneiro.com.br\/?s={search_term_string}"},"query-input":"required name=search_term_string"}],"inLanguage":"pt-BR"},{"@type":"Organization","@id":"https:\/\/jornaltimoneiro.com.br\/#organization","name":"Jornal Timoneiro Canoas RS","url":"https:\/\/jornaltimoneiro.com.br\/","logo":{"@type":"ImageObject","inLanguage":"pt-BR","@id":"https:\/\/jornaltimoneiro.com.br\/#\/schema\/logo\/image\/","url":"https:\/\/jornaltimoneiro.com.br\/wp-content\/uploads\/2023\/03\/logonovo.png","contentUrl":"https:\/\/jornaltimoneiro.com.br\/wp-content\/uploads\/2023\/03\/logonovo.png","width":"469","height":"171","caption":"Jornal Timoneiro Canoas RS"},"image":{"@id":"https:\/\/jornaltimoneiro.com.br\/#\/schema\/logo\/image\/"},"sameAs":["https:\/\/www.facebook.com\/jornaltimoneiro","https:\/\/twitter.com\/_OTimoneiro","https:\/\/www.instagram.com\/jornaltimoneirocanoas\/","https:\/\/www.youtube.com\/@jornalotimoneiro7927"]},{"@type":"Person","@id":"https:\/\/jornaltimoneiro.com.br\/#\/schema\/person\/f63482f1a02b1a9592707865e509ab40","name":"Reda\u00e7\u00e3o","image":{"@type":"ImageObject","inLanguage":"pt-BR","@id":"https:\/\/jornaltimoneiro.com.br\/#\/schema\/person\/image\/","url":"https:\/\/jornaltimoneiro.com.br\/wp-content\/uploads\/2023\/03\/download.jpeg","contentUrl":"https:\/\/jornaltimoneiro.com.br\/wp-content\/uploads\/2023\/03\/download.jpeg","caption":"Reda\u00e7\u00e3o"},"url":"https:\/\/jornaltimoneiro.com.br\/index.php\/author\/simone-dutra\/"}]}},"_links":{"self":[{"href":"https:\/\/jornaltimoneiro.com.br\/index.php\/wp-json\/wp\/v2\/posts\/31872"}],"collection":[{"href":"https:\/\/jornaltimoneiro.com.br\/index.php\/wp-json\/wp\/v2\/posts"}],"about":[{"href":"https:\/\/jornaltimoneiro.com.br\/index.php\/wp-json\/wp\/v2\/types\/post"}],"author":[{"embeddable":true,"href":"https:\/\/jornaltimoneiro.com.br\/index.php\/wp-json\/wp\/v2\/users\/2"}],"replies":[{"embeddable":true,"href":"https:\/\/jornaltimoneiro.com.br\/index.php\/wp-json\/wp\/v2\/comments?post=31872"}],"version-history":[{"count":1,"href":"https:\/\/jornaltimoneiro.com.br\/index.php\/wp-json\/wp\/v2\/posts\/31872\/revisions"}],"predecessor-version":[{"id":31873,"href":"https:\/\/jornaltimoneiro.com.br\/index.php\/wp-json\/wp\/v2\/posts\/31872\/revisions\/31873"}],"wp:featuredmedia":[{"embeddable":true,"href":"https:\/\/jornaltimoneiro.com.br\/index.php\/wp-json\/wp\/v2\/media\/28130"}],"wp:attachment":[{"href":"https:\/\/jornaltimoneiro.com.br\/index.php\/wp-json\/wp\/v2\/media?parent=31872"}],"wp:term":[{"taxonomy":"category","embeddable":true,"href":"https:\/\/jornaltimoneiro.com.br\/index.php\/wp-json\/wp\/v2\/categories?post=31872"},{"taxonomy":"post_tag","embeddable":true,"href":"https:\/\/jornaltimoneiro.com.br\/index.php\/wp-json\/wp\/v2\/tags?post=31872"}],"curies":[{"name":"wp","href":"https:\/\/api.w.org\/{rel}","templated":true}]}}