{"id":3186,"date":"2016-03-13T10:53:27","date_gmt":"2016-03-13T13:53:27","guid":{"rendered":"http:\/\/otimoneiro.com.br\/?p=3186"},"modified":"2016-03-13T10:53:27","modified_gmt":"2016-03-13T13:53:27","slug":"sargento-mauricio-morre-o-heroi-nasce-a-lenda","status":"publish","type":"post","link":"https:\/\/jornaltimoneiro.com.br\/index.php\/2016\/03\/13\/sargento-mauricio-morre-o-heroi-nasce-a-lenda\/","title":{"rendered":"Sargento Maur\u00edcio: Morre o her\u00f3i, nasce a lenda"},"content":{"rendered":"<p><a href=\"http:\/\/otimoneiro.com.br\/wp-content\/uploads\/2016\/03\/maur\u00edcio.jpg\"><img decoding=\"async\" class=\"aligncenter wp-image-3187 \" src=\"http:\/\/otimoneiro.com.br\/wp-content\/uploads\/2016\/03\/maur\u00edcio.jpg\" alt=\"maur\u00edcio\" width=\"815\" height=\"611\" \/><\/a><\/p>\n<p>&nbsp;<\/p>\n<p>A nova gera\u00e7\u00e3o da rua Jos\u00e9 Bonif\u00e1cio ouvir\u00e1 falar de um homem. O maior colorado do mundo. O sargento dos bombeiros. Um daqueles que faz de tudo para ajudar algu\u00e9m que gosta e \u00e9 destemido o baste para fazer o mesmo por algu\u00e9m que nem conhecia.<\/p>\n<p>A hist\u00f3ria de um homem que percorria as ruas de onde quer que seja e era cumprimentado, respeitado. Que cultivou amizades desde o tempo do col\u00e9gio. Que trazia felicidade. Que deixou saudades.<\/p>\n<p><strong>Perdemos o nosso her\u00f3i. Ganhamos uma lenda.<\/strong><\/p>\n<p>N\u00e3o ser\u00e1 a hist\u00f3ria do brigadiano que \u00e9 abra\u00e7ado por sua comunidade pelo trabalho que sempre honrou. N\u00e3o s\u00f3 isso. \u00c9 a do pai de fam\u00edlia exemplar que criou quatro filhos com honra, sem deixar que nada faltasse. Pelo contr\u00e1rio. Nada nunca faltou. \u00c9 a do amigo que subia a lomba com um sorriso no rosto. \u00c9 a do vizinho sempre presente.<\/p>\n<p>Talvez essa seja a pior dor. A dor da saudade. Os amigos dos familiares conhecem a\u00ed outra dor: a impot\u00eancia. Nada que se fa\u00e7a ou diga \u00e9 capaz de confortar.<\/p>\n<p>A grande verdade \u00e9 que os filhos de seus filhos ouvir\u00e3o as hist\u00f3rias do av\u00f4 e sentiram saudades mesmo sem conhec\u00ea-lo. V\u00e3o saber por seus pais como era entrar no Corpo de Bombeiros para jogar sinuca. Como ele fazia o churrasco. Que a camisa favorita era a antiga do colorado, assinada pelo Fernand\u00e3o. Saber\u00e3o que devem seguir o caminho certo, pois foi assim que se criou seu exemplo.<\/p>\n<p>Saber\u00e3o que em um s\u00e1bado a maior avenida da cidade ficou completamente intransit\u00e1vel. Seu corpo era levado pelos carros dos bombeiros, acompanhado de uma intermin\u00e1vel fila de carros. <strong>O maior cortejo que essa cidade j\u00e1 viu<\/strong>, digo sem medo de errar. A sirene anunciou a despedida de seu her\u00f3i.<\/p>\n<p>Prefiro pensar que a sua miss\u00e3o agora mudou. Em terra protegeu, educou, criou, foi um gigante. Mas foi chamado para um patamar maior. Para cuidar de todos l\u00e1 de cima. Para fiscalizar o jogo. A inseguran\u00e7a chegou at\u00e9 n\u00f3s e levou consigo um dos melhores. Mas ele, onde quer que esteja agora, nos ajudar\u00e1 a mudar essa realidade. Precisa ajudar. Nos deu a gana necess\u00e1ria para acreditar que algo precisa mudar. Algo precisa e vai ser feito.<\/p>\n<p>Agora \u00e9 a hora da virada. O marco de uma nova fase. O momento que meninos viram homens, que os caminhos se acertam, que os pr\u00f3ximos ficam ainda mais pr\u00f3ximos. Uma perda irrepar\u00e1vel. Uma saudade angustiante. Um dia que todos ir\u00e3o lembrar como o de partida de um dos nossos. \u00a0De um dos melhores dos nossos.<\/p>\n<p>&nbsp;<\/p>\n<p>Onde quer que esteja Sargento Maur\u00edcio,<\/p>\n<p><strong>Sauda\u00e7\u00f5es coloradas!<\/strong><\/p>\n","protected":false},"excerpt":{"rendered":"<p>&nbsp; A nova gera\u00e7\u00e3o da rua Jos\u00e9 Bonif\u00e1cio ouvir\u00e1 falar de um homem. O maior colorado do mundo. O sargento dos bombeiros. Um daqueles que faz de tudo para ajudar algu\u00e9m que gosta e \u00e9 destemido o baste para fazer o mesmo por algu\u00e9m que nem conhecia. A hist\u00f3ria de um homem que percorria as [&hellip;]<\/p>\n","protected":false},"author":1,"featured_media":3187,"comment_status":"open","ping_status":"open","sticky":false,"template":"","format":"standard","meta":{"amp_status":"","footnotes":""},"categories":[19,21],"tags":[],"class_list":["post-3186","post","type-post","status-publish","format-standard","has-post-thumbnail","hentry","category-destaques","category-opiniao"],"yoast_head":"<!-- This site is optimized with the Yoast SEO plugin v20.5 - https:\/\/yoast.com\/wordpress\/plugins\/seo\/ -->\n<title>Sargento Maur\u00edcio: Morre o her\u00f3i, nasce a lenda - O Timoneiro Jornal Canoas RS<\/title>\n<meta name=\"robots\" content=\"index, follow, max-snippet:-1, max-image-preview:large, max-video-preview:-1\" \/>\n<link rel=\"canonical\" href=\"https:\/\/jornaltimoneiro.com.br\/index.php\/2016\/03\/13\/sargento-mauricio-morre-o-heroi-nasce-a-lenda\/\" \/>\n<meta property=\"og:locale\" content=\"pt_BR\" \/>\n<meta property=\"og:type\" content=\"article\" \/>\n<meta property=\"og:title\" content=\"Sargento Maur\u00edcio: Morre o her\u00f3i, nasce a lenda - O Timoneiro Jornal Canoas RS\" \/>\n<meta property=\"og:description\" content=\"&nbsp; A nova gera\u00e7\u00e3o da rua Jos\u00e9 Bonif\u00e1cio ouvir\u00e1 falar de um homem. O maior colorado do mundo. O sargento dos bombeiros. Um daqueles que faz de tudo para ajudar algu\u00e9m que gosta e \u00e9 destemido o baste para fazer o mesmo por algu\u00e9m que nem conhecia. A hist\u00f3ria de um homem que percorria as [&hellip;]\" \/>\n<meta property=\"og:url\" content=\"https:\/\/jornaltimoneiro.com.br\/index.php\/2016\/03\/13\/sargento-mauricio-morre-o-heroi-nasce-a-lenda\/\" \/>\n<meta property=\"og:site_name\" content=\"O Timoneiro Jornal Canoas RS\" \/>\n<meta property=\"article:publisher\" content=\"https:\/\/www.facebook.com\/jornaltimoneiro\" \/>\n<meta property=\"article:published_time\" content=\"2016-03-13T13:53:27+00:00\" \/>\n<meta name=\"author\" content=\"Reda\u00e7\u00e3o\" \/>\n<meta name=\"twitter:card\" content=\"summary_large_image\" \/>\n<meta name=\"twitter:creator\" content=\"@_OTimoneiro\" \/>\n<meta name=\"twitter:site\" content=\"@_OTimoneiro\" \/>\n<meta name=\"twitter:label1\" content=\"Escrito por\" \/>\n\t<meta name=\"twitter:data1\" content=\"Reda\u00e7\u00e3o\" \/>\n\t<meta name=\"twitter:label2\" content=\"Est. tempo de leitura\" \/>\n\t<meta name=\"twitter:data2\" content=\"2 minutos\" \/>\n<script type=\"application\/ld+json\" class=\"yoast-schema-graph\">{\"@context\":\"https:\/\/schema.org\",\"@graph\":[{\"@type\":\"Article\",\"@id\":\"https:\/\/jornaltimoneiro.com.br\/index.php\/2016\/03\/13\/sargento-mauricio-morre-o-heroi-nasce-a-lenda\/#article\",\"isPartOf\":{\"@id\":\"https:\/\/jornaltimoneiro.com.br\/index.php\/2016\/03\/13\/sargento-mauricio-morre-o-heroi-nasce-a-lenda\/\"},\"author\":{\"name\":\"Reda\u00e7\u00e3o\",\"@id\":\"https:\/\/jornaltimoneiro.com.br\/#\/schema\/person\/620efd1d8244466117482be494360b08\"},\"headline\":\"Sargento Maur\u00edcio: Morre o her\u00f3i, nasce a lenda\",\"datePublished\":\"2016-03-13T13:53:27+00:00\",\"dateModified\":\"2016-03-13T13:53:27+00:00\",\"mainEntityOfPage\":{\"@id\":\"https:\/\/jornaltimoneiro.com.br\/index.php\/2016\/03\/13\/sargento-mauricio-morre-o-heroi-nasce-a-lenda\/\"},\"wordCount\":475,\"commentCount\":0,\"publisher\":{\"@id\":\"https:\/\/jornaltimoneiro.com.br\/#organization\"},\"articleSection\":[\"Destaques\",\"Opini\u00e3o\"],\"inLanguage\":\"pt-BR\",\"potentialAction\":[{\"@type\":\"CommentAction\",\"name\":\"Comment\",\"target\":[\"https:\/\/jornaltimoneiro.com.br\/index.php\/2016\/03\/13\/sargento-mauricio-morre-o-heroi-nasce-a-lenda\/#respond\"]}]},{\"@type\":\"WebPage\",\"@id\":\"https:\/\/jornaltimoneiro.com.br\/index.php\/2016\/03\/13\/sargento-mauricio-morre-o-heroi-nasce-a-lenda\/\",\"url\":\"https:\/\/jornaltimoneiro.com.br\/index.php\/2016\/03\/13\/sargento-mauricio-morre-o-heroi-nasce-a-lenda\/\",\"name\":\"Sargento Maur\u00edcio: Morre o her\u00f3i, nasce a lenda - O Timoneiro Jornal Canoas RS\",\"isPartOf\":{\"@id\":\"https:\/\/jornaltimoneiro.com.br\/#website\"},\"datePublished\":\"2016-03-13T13:53:27+00:00\",\"dateModified\":\"2016-03-13T13:53:27+00:00\",\"breadcrumb\":{\"@id\":\"https:\/\/jornaltimoneiro.com.br\/index.php\/2016\/03\/13\/sargento-mauricio-morre-o-heroi-nasce-a-lenda\/#breadcrumb\"},\"inLanguage\":\"pt-BR\",\"potentialAction\":[{\"@type\":\"ReadAction\",\"target\":[\"https:\/\/jornaltimoneiro.com.br\/index.php\/2016\/03\/13\/sargento-mauricio-morre-o-heroi-nasce-a-lenda\/\"]}]},{\"@type\":\"BreadcrumbList\",\"@id\":\"https:\/\/jornaltimoneiro.com.br\/index.php\/2016\/03\/13\/sargento-mauricio-morre-o-heroi-nasce-a-lenda\/#breadcrumb\",\"itemListElement\":[{\"@type\":\"ListItem\",\"position\":1,\"name\":\"In\u00edcio\",\"item\":\"https:\/\/jornaltimoneiro.com.br\/\"},{\"@type\":\"ListItem\",\"position\":2,\"name\":\"Sargento Maur\u00edcio: Morre o her\u00f3i, nasce a lenda\"}]},{\"@type\":\"WebSite\",\"@id\":\"https:\/\/jornaltimoneiro.com.br\/#website\",\"url\":\"https:\/\/jornaltimoneiro.com.br\/\",\"name\":\"Jornal Timoneiro Canoas RS\",\"description\":\"Jornal O Timoneiro, o verdadeiro jornal de Canoas\",\"publisher\":{\"@id\":\"https:\/\/jornaltimoneiro.com.br\/#organization\"},\"potentialAction\":[{\"@type\":\"SearchAction\",\"target\":{\"@type\":\"EntryPoint\",\"urlTemplate\":\"https:\/\/jornaltimoneiro.com.br\/?s={search_term_string}\"},\"query-input\":\"required name=search_term_string\"}],\"inLanguage\":\"pt-BR\"},{\"@type\":\"Organization\",\"@id\":\"https:\/\/jornaltimoneiro.com.br\/#organization\",\"name\":\"Jornal Timoneiro Canoas RS\",\"url\":\"https:\/\/jornaltimoneiro.com.br\/\",\"logo\":{\"@type\":\"ImageObject\",\"inLanguage\":\"pt-BR\",\"@id\":\"https:\/\/jornaltimoneiro.com.br\/#\/schema\/logo\/image\/\",\"url\":\"https:\/\/jornaltimoneiro.com.br\/wp-content\/uploads\/2023\/03\/logonovo.png\",\"contentUrl\":\"https:\/\/jornaltimoneiro.com.br\/wp-content\/uploads\/2023\/03\/logonovo.png\",\"width\":\"469\",\"height\":\"171\",\"caption\":\"Jornal Timoneiro Canoas RS\"},\"image\":{\"@id\":\"https:\/\/jornaltimoneiro.com.br\/#\/schema\/logo\/image\/\"},\"sameAs\":[\"https:\/\/www.facebook.com\/jornaltimoneiro\",\"https:\/\/twitter.com\/_OTimoneiro\",\"https:\/\/www.instagram.com\/jornaltimoneirocanoas\/\",\"https:\/\/www.youtube.com\/@jornalotimoneiro7927\"]},{\"@type\":\"Person\",\"@id\":\"https:\/\/jornaltimoneiro.com.br\/#\/schema\/person\/620efd1d8244466117482be494360b08\",\"name\":\"Reda\u00e7\u00e3o\",\"image\":{\"@type\":\"ImageObject\",\"inLanguage\":\"pt-BR\",\"@id\":\"https:\/\/jornaltimoneiro.com.br\/#\/schema\/person\/image\/\",\"url\":\"https:\/\/secure.gravatar.com\/avatar\/2f04e1b304682a8d9db336c7acd77f08?s=96&d=mm&r=g\",\"contentUrl\":\"https:\/\/secure.gravatar.com\/avatar\/2f04e1b304682a8d9db336c7acd77f08?s=96&d=mm&r=g\",\"caption\":\"Reda\u00e7\u00e3o\"},\"url\":\"https:\/\/jornaltimoneiro.com.br\/index.php\/author\/timoneirocanoas\/\"}]}<\/script>\n<!-- \/ Yoast SEO plugin. -->","yoast_head_json":{"title":"Sargento Maur\u00edcio: Morre o her\u00f3i, nasce a lenda - O Timoneiro Jornal Canoas RS","robots":{"index":"index","follow":"follow","max-snippet":"max-snippet:-1","max-image-preview":"max-image-preview:large","max-video-preview":"max-video-preview:-1"},"canonical":"https:\/\/jornaltimoneiro.com.br\/index.php\/2016\/03\/13\/sargento-mauricio-morre-o-heroi-nasce-a-lenda\/","og_locale":"pt_BR","og_type":"article","og_title":"Sargento Maur\u00edcio: Morre o her\u00f3i, nasce a lenda - O Timoneiro Jornal Canoas RS","og_description":"&nbsp; A nova gera\u00e7\u00e3o da rua Jos\u00e9 Bonif\u00e1cio ouvir\u00e1 falar de um homem. O maior colorado do mundo. O sargento dos bombeiros. Um daqueles que faz de tudo para ajudar algu\u00e9m que gosta e \u00e9 destemido o baste para fazer o mesmo por algu\u00e9m que nem conhecia. A hist\u00f3ria de um homem que percorria as [&hellip;]","og_url":"https:\/\/jornaltimoneiro.com.br\/index.php\/2016\/03\/13\/sargento-mauricio-morre-o-heroi-nasce-a-lenda\/","og_site_name":"O Timoneiro Jornal Canoas RS","article_publisher":"https:\/\/www.facebook.com\/jornaltimoneiro","article_published_time":"2016-03-13T13:53:27+00:00","author":"Reda\u00e7\u00e3o","twitter_card":"summary_large_image","twitter_creator":"@_OTimoneiro","twitter_site":"@_OTimoneiro","twitter_misc":{"Escrito por":"Reda\u00e7\u00e3o","Est. tempo de leitura":"2 minutos"},"schema":{"@context":"https:\/\/schema.org","@graph":[{"@type":"Article","@id":"https:\/\/jornaltimoneiro.com.br\/index.php\/2016\/03\/13\/sargento-mauricio-morre-o-heroi-nasce-a-lenda\/#article","isPartOf":{"@id":"https:\/\/jornaltimoneiro.com.br\/index.php\/2016\/03\/13\/sargento-mauricio-morre-o-heroi-nasce-a-lenda\/"},"author":{"name":"Reda\u00e7\u00e3o","@id":"https:\/\/jornaltimoneiro.com.br\/#\/schema\/person\/620efd1d8244466117482be494360b08"},"headline":"Sargento Maur\u00edcio: Morre o her\u00f3i, nasce a lenda","datePublished":"2016-03-13T13:53:27+00:00","dateModified":"2016-03-13T13:53:27+00:00","mainEntityOfPage":{"@id":"https:\/\/jornaltimoneiro.com.br\/index.php\/2016\/03\/13\/sargento-mauricio-morre-o-heroi-nasce-a-lenda\/"},"wordCount":475,"commentCount":0,"publisher":{"@id":"https:\/\/jornaltimoneiro.com.br\/#organization"},"articleSection":["Destaques","Opini\u00e3o"],"inLanguage":"pt-BR","potentialAction":[{"@type":"CommentAction","name":"Comment","target":["https:\/\/jornaltimoneiro.com.br\/index.php\/2016\/03\/13\/sargento-mauricio-morre-o-heroi-nasce-a-lenda\/#respond"]}]},{"@type":"WebPage","@id":"https:\/\/jornaltimoneiro.com.br\/index.php\/2016\/03\/13\/sargento-mauricio-morre-o-heroi-nasce-a-lenda\/","url":"https:\/\/jornaltimoneiro.com.br\/index.php\/2016\/03\/13\/sargento-mauricio-morre-o-heroi-nasce-a-lenda\/","name":"Sargento Maur\u00edcio: Morre o her\u00f3i, nasce a lenda - O Timoneiro Jornal Canoas RS","isPartOf":{"@id":"https:\/\/jornaltimoneiro.com.br\/#website"},"datePublished":"2016-03-13T13:53:27+00:00","dateModified":"2016-03-13T13:53:27+00:00","breadcrumb":{"@id":"https:\/\/jornaltimoneiro.com.br\/index.php\/2016\/03\/13\/sargento-mauricio-morre-o-heroi-nasce-a-lenda\/#breadcrumb"},"inLanguage":"pt-BR","potentialAction":[{"@type":"ReadAction","target":["https:\/\/jornaltimoneiro.com.br\/index.php\/2016\/03\/13\/sargento-mauricio-morre-o-heroi-nasce-a-lenda\/"]}]},{"@type":"BreadcrumbList","@id":"https:\/\/jornaltimoneiro.com.br\/index.php\/2016\/03\/13\/sargento-mauricio-morre-o-heroi-nasce-a-lenda\/#breadcrumb","itemListElement":[{"@type":"ListItem","position":1,"name":"In\u00edcio","item":"https:\/\/jornaltimoneiro.com.br\/"},{"@type":"ListItem","position":2,"name":"Sargento Maur\u00edcio: Morre o her\u00f3i, nasce a lenda"}]},{"@type":"WebSite","@id":"https:\/\/jornaltimoneiro.com.br\/#website","url":"https:\/\/jornaltimoneiro.com.br\/","name":"Jornal Timoneiro Canoas RS","description":"Jornal O Timoneiro, o verdadeiro jornal de Canoas","publisher":{"@id":"https:\/\/jornaltimoneiro.com.br\/#organization"},"potentialAction":[{"@type":"SearchAction","target":{"@type":"EntryPoint","urlTemplate":"https:\/\/jornaltimoneiro.com.br\/?s={search_term_string}"},"query-input":"required name=search_term_string"}],"inLanguage":"pt-BR"},{"@type":"Organization","@id":"https:\/\/jornaltimoneiro.com.br\/#organization","name":"Jornal Timoneiro Canoas RS","url":"https:\/\/jornaltimoneiro.com.br\/","logo":{"@type":"ImageObject","inLanguage":"pt-BR","@id":"https:\/\/jornaltimoneiro.com.br\/#\/schema\/logo\/image\/","url":"https:\/\/jornaltimoneiro.com.br\/wp-content\/uploads\/2023\/03\/logonovo.png","contentUrl":"https:\/\/jornaltimoneiro.com.br\/wp-content\/uploads\/2023\/03\/logonovo.png","width":"469","height":"171","caption":"Jornal Timoneiro Canoas RS"},"image":{"@id":"https:\/\/jornaltimoneiro.com.br\/#\/schema\/logo\/image\/"},"sameAs":["https:\/\/www.facebook.com\/jornaltimoneiro","https:\/\/twitter.com\/_OTimoneiro","https:\/\/www.instagram.com\/jornaltimoneirocanoas\/","https:\/\/www.youtube.com\/@jornalotimoneiro7927"]},{"@type":"Person","@id":"https:\/\/jornaltimoneiro.com.br\/#\/schema\/person\/620efd1d8244466117482be494360b08","name":"Reda\u00e7\u00e3o","image":{"@type":"ImageObject","inLanguage":"pt-BR","@id":"https:\/\/jornaltimoneiro.com.br\/#\/schema\/person\/image\/","url":"https:\/\/secure.gravatar.com\/avatar\/2f04e1b304682a8d9db336c7acd77f08?s=96&d=mm&r=g","contentUrl":"https:\/\/secure.gravatar.com\/avatar\/2f04e1b304682a8d9db336c7acd77f08?s=96&d=mm&r=g","caption":"Reda\u00e7\u00e3o"},"url":"https:\/\/jornaltimoneiro.com.br\/index.php\/author\/timoneirocanoas\/"}]}},"_links":{"self":[{"href":"https:\/\/jornaltimoneiro.com.br\/index.php\/wp-json\/wp\/v2\/posts\/3186"}],"collection":[{"href":"https:\/\/jornaltimoneiro.com.br\/index.php\/wp-json\/wp\/v2\/posts"}],"about":[{"href":"https:\/\/jornaltimoneiro.com.br\/index.php\/wp-json\/wp\/v2\/types\/post"}],"author":[{"embeddable":true,"href":"https:\/\/jornaltimoneiro.com.br\/index.php\/wp-json\/wp\/v2\/users\/1"}],"replies":[{"embeddable":true,"href":"https:\/\/jornaltimoneiro.com.br\/index.php\/wp-json\/wp\/v2\/comments?post=3186"}],"version-history":[{"count":0,"href":"https:\/\/jornaltimoneiro.com.br\/index.php\/wp-json\/wp\/v2\/posts\/3186\/revisions"}],"wp:featuredmedia":[{"embeddable":true,"href":"https:\/\/jornaltimoneiro.com.br\/index.php\/wp-json\/"}],"wp:attachment":[{"href":"https:\/\/jornaltimoneiro.com.br\/index.php\/wp-json\/wp\/v2\/media?parent=3186"}],"wp:term":[{"taxonomy":"category","embeddable":true,"href":"https:\/\/jornaltimoneiro.com.br\/index.php\/wp-json\/wp\/v2\/categories?post=3186"},{"taxonomy":"post_tag","embeddable":true,"href":"https:\/\/jornaltimoneiro.com.br\/index.php\/wp-json\/wp\/v2\/tags?post=3186"}],"curies":[{"name":"wp","href":"https:\/\/api.w.org\/{rel}","templated":true}]}}