{"id":31859,"date":"2024-09-02T13:12:43","date_gmt":"2024-09-02T16:12:43","guid":{"rendered":"https:\/\/jornaltimoneiro.com.br\/?p=31859"},"modified":"2024-09-02T13:12:43","modified_gmt":"2024-09-02T16:12:43","slug":"auxilio-reconstrucao-do-governo-federal-tem-prazo-prorrogado-mais-uma-vez","status":"publish","type":"post","link":"https:\/\/jornaltimoneiro.com.br\/index.php\/2024\/09\/02\/auxilio-reconstrucao-do-governo-federal-tem-prazo-prorrogado-mais-uma-vez\/","title":{"rendered":"Aux\u00edlio Reconstru\u00e7\u00e3o do Governo Federal tem prazo prorrogado mais uma vez"},"content":{"rendered":"<p>At\u00e9 o dia 15 de setembro, as fam\u00edlias que tiveram suas casas atingidas pela enchente de maio poder\u00e3o se inscrever para receber o Aux\u00edlio Reconstru\u00e7\u00e3o.<\/p>\n<p>A iniciativa do Governo Federal garante R$ 5.100 \u00e0s fam\u00edlias contempladas. O novo prazo foi informado, na tarde da sexta-feira, 30, pelo Minist\u00e9rio da Integra\u00e7\u00e3o e do Desenvolvimento Regional.<\/p>\n<p>Os canoenses atingidos podem encaminhar a solicita\u00e7\u00e3o por meio do\u00a0<a href=\"https:\/\/sistemas.canoas.rs.gov.br\/cadastroweb\/auxilio-reconstrucao\/cadastro\">formul\u00e1rio<\/a>\u00a0dispon\u00edvel no site da Prefeitura. As Centrais de Distribui\u00e7\u00e3o de Doa\u00e7\u00f5es, que est\u00e3o funcionando de forma descentralizada em bairros atingidos pela enchente em Canoas, oferecem 100 atendimentos por dia, em cada ponto em opera\u00e7\u00e3o.<\/p>\n<p>O expediente \u00e9 de segunda-feira a sexta, das 9h \u00e0s 16h, nas EMEFs Max Oderich, Rio Grande do Sul, Paulo VI, Nelson Paim Terra e Thiago W\u00fcrth.<\/p>\n<p>Al\u00e9m disso, uma equipe atende os cidad\u00e3os na Rua Siqueira Campos, 38, no Centro. S\u00e3o cem fichas por dia. Os atendimentos s\u00e3o feitos a partir de agendamento, de segunda a sexta-feira, das 8h \u00e0s 17h. \u00c0s quartas-feiras, as atividades v\u00e3o at\u00e9 as 16h. Ap\u00f3s, o expediente \u00e9 interno.<\/p>\n","protected":false},"excerpt":{"rendered":"<p>At\u00e9 o dia 15 de setembro, as fam\u00edlias que tiveram suas casas atingidas pela enchente de maio poder\u00e3o se inscrever para receber o Aux\u00edlio Reconstru\u00e7\u00e3o. A iniciativa do Governo Federal garante R$ 5.100 \u00e0s fam\u00edlias contempladas. O novo prazo foi informado, na tarde da sexta-feira, 30, pelo Minist\u00e9rio da Integra\u00e7\u00e3o e do Desenvolvimento Regional. Os [&hellip;]<\/p>\n","protected":false},"author":2,"featured_media":31860,"comment_status":"open","ping_status":"open","sticky":false,"template":"","format":"standard","meta":{"amp_status":"","footnotes":""},"categories":[2443],"tags":[2630,2500,31,791,190,1791,1100,213,80],"class_list":["post-31859","post","type-post","status-publish","format-standard","has-post-thumbnail","hentry","category-enchente-2024-canoas","tag-auxilio-reconstrucao","tag-beneficio","tag-canoas","tag-enchente","tag-featured","tag-prazo","tag-prorrogacao","tag-rio-grande-do-sul","tag-rs"],"yoast_head":"<!-- This site is optimized with the Yoast SEO plugin v20.5 - https:\/\/yoast.com\/wordpress\/plugins\/seo\/ -->\n<title>Aux\u00edlio Reconstru\u00e7\u00e3o do Governo Federal tem prazo prorrogado mais uma vez - O Timoneiro Jornal Canoas RS<\/title>\n<meta name=\"description\" content=\"At\u00e9 o dia 15 de setembro, as fam\u00edlias que tiveram suas casas atingidas pela enchente poder\u00e3o se inscrever para receber o Aux\u00edlio Reconstru\u00e7\u00e3o\" \/>\n<meta name=\"robots\" content=\"index, follow, max-snippet:-1, max-image-preview:large, max-video-preview:-1\" \/>\n<link rel=\"canonical\" href=\"https:\/\/jornaltimoneiro.com.br\/index.php\/2024\/09\/02\/auxilio-reconstrucao-do-governo-federal-tem-prazo-prorrogado-mais-uma-vez\/\" \/>\n<meta property=\"og:locale\" content=\"pt_BR\" \/>\n<meta property=\"og:type\" content=\"article\" \/>\n<meta property=\"og:title\" content=\"Aux\u00edlio Reconstru\u00e7\u00e3o do Governo Federal tem prazo prorrogado mais uma vez - O Timoneiro Jornal Canoas RS\" \/>\n<meta property=\"og:description\" content=\"At\u00e9 o dia 15 de setembro, as fam\u00edlias que tiveram suas casas atingidas pela enchente poder\u00e3o se inscrever para receber o Aux\u00edlio Reconstru\u00e7\u00e3o\" \/>\n<meta property=\"og:url\" content=\"https:\/\/jornaltimoneiro.com.br\/index.php\/2024\/09\/02\/auxilio-reconstrucao-do-governo-federal-tem-prazo-prorrogado-mais-uma-vez\/\" \/>\n<meta property=\"og:site_name\" content=\"O Timoneiro Jornal Canoas RS\" \/>\n<meta property=\"article:publisher\" content=\"https:\/\/www.facebook.com\/jornaltimoneiro\" \/>\n<meta property=\"article:published_time\" content=\"2024-09-02T16:12:43+00:00\" \/>\n<meta property=\"og:image\" content=\"https:\/\/jornaltimoneiro.com.br\/wp-content\/uploads\/2024\/09\/Auxilio-Reconstrucao-do-Governo-Federal-tem-prazo-prorrogado-mais-uma-vez.jpg\" \/>\n\t<meta property=\"og:image:width\" content=\"1080\" \/>\n\t<meta property=\"og:image:height\" content=\"719\" \/>\n\t<meta property=\"og:image:type\" content=\"image\/jpeg\" \/>\n<meta name=\"author\" content=\"Reda\u00e7\u00e3o\" \/>\n<meta name=\"twitter:card\" content=\"summary_large_image\" \/>\n<meta name=\"twitter:creator\" content=\"@_OTimoneiro\" \/>\n<meta name=\"twitter:site\" content=\"@_OTimoneiro\" \/>\n<meta name=\"twitter:label1\" content=\"Escrito por\" \/>\n\t<meta name=\"twitter:data1\" content=\"Reda\u00e7\u00e3o\" \/>\n\t<meta name=\"twitter:label2\" content=\"Est. tempo de leitura\" \/>\n\t<meta name=\"twitter:data2\" content=\"1 minuto\" \/>\n<script type=\"application\/ld+json\" class=\"yoast-schema-graph\">{\"@context\":\"https:\/\/schema.org\",\"@graph\":[{\"@type\":\"Article\",\"@id\":\"https:\/\/jornaltimoneiro.com.br\/index.php\/2024\/09\/02\/auxilio-reconstrucao-do-governo-federal-tem-prazo-prorrogado-mais-uma-vez\/#article\",\"isPartOf\":{\"@id\":\"https:\/\/jornaltimoneiro.com.br\/index.php\/2024\/09\/02\/auxilio-reconstrucao-do-governo-federal-tem-prazo-prorrogado-mais-uma-vez\/\"},\"author\":{\"name\":\"Reda\u00e7\u00e3o\",\"@id\":\"https:\/\/jornaltimoneiro.com.br\/#\/schema\/person\/f63482f1a02b1a9592707865e509ab40\"},\"headline\":\"Aux\u00edlio Reconstru\u00e7\u00e3o do Governo Federal tem prazo prorrogado mais uma vez\",\"datePublished\":\"2024-09-02T16:12:43+00:00\",\"dateModified\":\"2024-09-02T16:12:43+00:00\",\"mainEntityOfPage\":{\"@id\":\"https:\/\/jornaltimoneiro.com.br\/index.php\/2024\/09\/02\/auxilio-reconstrucao-do-governo-federal-tem-prazo-prorrogado-mais-uma-vez\/\"},\"wordCount\":201,\"commentCount\":0,\"publisher\":{\"@id\":\"https:\/\/jornaltimoneiro.com.br\/#organization\"},\"keywords\":[\"aux\u00edlio reconstru\u00e7\u00e3o\",\"benef\u00edcio\",\"canoas\",\"enchente\",\"featured\",\"prazo\",\"prorroga\u00e7\u00e3o\",\"rio grande do sul\",\"RS\"],\"articleSection\":[\"Enchente 2024 Canoas\"],\"inLanguage\":\"pt-BR\",\"potentialAction\":[{\"@type\":\"CommentAction\",\"name\":\"Comment\",\"target\":[\"https:\/\/jornaltimoneiro.com.br\/index.php\/2024\/09\/02\/auxilio-reconstrucao-do-governo-federal-tem-prazo-prorrogado-mais-uma-vez\/#respond\"]}]},{\"@type\":\"WebPage\",\"@id\":\"https:\/\/jornaltimoneiro.com.br\/index.php\/2024\/09\/02\/auxilio-reconstrucao-do-governo-federal-tem-prazo-prorrogado-mais-uma-vez\/\",\"url\":\"https:\/\/jornaltimoneiro.com.br\/index.php\/2024\/09\/02\/auxilio-reconstrucao-do-governo-federal-tem-prazo-prorrogado-mais-uma-vez\/\",\"name\":\"Aux\u00edlio Reconstru\u00e7\u00e3o do Governo Federal tem prazo prorrogado mais uma vez - O Timoneiro Jornal Canoas RS\",\"isPartOf\":{\"@id\":\"https:\/\/jornaltimoneiro.com.br\/#website\"},\"datePublished\":\"2024-09-02T16:12:43+00:00\",\"dateModified\":\"2024-09-02T16:12:43+00:00\",\"description\":\"At\u00e9 o dia 15 de setembro, as fam\u00edlias que tiveram suas casas atingidas pela enchente poder\u00e3o se inscrever para receber o Aux\u00edlio Reconstru\u00e7\u00e3o\",\"breadcrumb\":{\"@id\":\"https:\/\/jornaltimoneiro.com.br\/index.php\/2024\/09\/02\/auxilio-reconstrucao-do-governo-federal-tem-prazo-prorrogado-mais-uma-vez\/#breadcrumb\"},\"inLanguage\":\"pt-BR\",\"potentialAction\":[{\"@type\":\"ReadAction\",\"target\":[\"https:\/\/jornaltimoneiro.com.br\/index.php\/2024\/09\/02\/auxilio-reconstrucao-do-governo-federal-tem-prazo-prorrogado-mais-uma-vez\/\"]}]},{\"@type\":\"BreadcrumbList\",\"@id\":\"https:\/\/jornaltimoneiro.com.br\/index.php\/2024\/09\/02\/auxilio-reconstrucao-do-governo-federal-tem-prazo-prorrogado-mais-uma-vez\/#breadcrumb\",\"itemListElement\":[{\"@type\":\"ListItem\",\"position\":1,\"name\":\"In\u00edcio\",\"item\":\"https:\/\/jornaltimoneiro.com.br\/\"},{\"@type\":\"ListItem\",\"position\":2,\"name\":\"Aux\u00edlio Reconstru\u00e7\u00e3o do Governo Federal tem prazo prorrogado mais uma vez\"}]},{\"@type\":\"WebSite\",\"@id\":\"https:\/\/jornaltimoneiro.com.br\/#website\",\"url\":\"https:\/\/jornaltimoneiro.com.br\/\",\"name\":\"Jornal Timoneiro Canoas RS\",\"description\":\"Jornal O Timoneiro, o verdadeiro jornal de Canoas\",\"publisher\":{\"@id\":\"https:\/\/jornaltimoneiro.com.br\/#organization\"},\"potentialAction\":[{\"@type\":\"SearchAction\",\"target\":{\"@type\":\"EntryPoint\",\"urlTemplate\":\"https:\/\/jornaltimoneiro.com.br\/?s={search_term_string}\"},\"query-input\":\"required name=search_term_string\"}],\"inLanguage\":\"pt-BR\"},{\"@type\":\"Organization\",\"@id\":\"https:\/\/jornaltimoneiro.com.br\/#organization\",\"name\":\"Jornal Timoneiro Canoas RS\",\"url\":\"https:\/\/jornaltimoneiro.com.br\/\",\"logo\":{\"@type\":\"ImageObject\",\"inLanguage\":\"pt-BR\",\"@id\":\"https:\/\/jornaltimoneiro.com.br\/#\/schema\/logo\/image\/\",\"url\":\"https:\/\/jornaltimoneiro.com.br\/wp-content\/uploads\/2023\/03\/logonovo.png\",\"contentUrl\":\"https:\/\/jornaltimoneiro.com.br\/wp-content\/uploads\/2023\/03\/logonovo.png\",\"width\":\"469\",\"height\":\"171\",\"caption\":\"Jornal Timoneiro Canoas RS\"},\"image\":{\"@id\":\"https:\/\/jornaltimoneiro.com.br\/#\/schema\/logo\/image\/\"},\"sameAs\":[\"https:\/\/www.facebook.com\/jornaltimoneiro\",\"https:\/\/twitter.com\/_OTimoneiro\",\"https:\/\/www.instagram.com\/jornaltimoneirocanoas\/\",\"https:\/\/www.youtube.com\/@jornalotimoneiro7927\"]},{\"@type\":\"Person\",\"@id\":\"https:\/\/jornaltimoneiro.com.br\/#\/schema\/person\/f63482f1a02b1a9592707865e509ab40\",\"name\":\"Reda\u00e7\u00e3o\",\"image\":{\"@type\":\"ImageObject\",\"inLanguage\":\"pt-BR\",\"@id\":\"https:\/\/jornaltimoneiro.com.br\/#\/schema\/person\/image\/\",\"url\":\"https:\/\/jornaltimoneiro.com.br\/wp-content\/uploads\/2023\/03\/download.jpeg\",\"contentUrl\":\"https:\/\/jornaltimoneiro.com.br\/wp-content\/uploads\/2023\/03\/download.jpeg\",\"caption\":\"Reda\u00e7\u00e3o\"},\"url\":\"https:\/\/jornaltimoneiro.com.br\/index.php\/author\/simone-dutra\/\"}]}<\/script>\n<!-- \/ Yoast SEO plugin. -->","yoast_head_json":{"title":"Aux\u00edlio Reconstru\u00e7\u00e3o do Governo Federal tem prazo prorrogado mais uma vez - O Timoneiro Jornal Canoas RS","description":"At\u00e9 o dia 15 de setembro, as fam\u00edlias que tiveram suas casas atingidas pela enchente poder\u00e3o se inscrever para receber o Aux\u00edlio Reconstru\u00e7\u00e3o","robots":{"index":"index","follow":"follow","max-snippet":"max-snippet:-1","max-image-preview":"max-image-preview:large","max-video-preview":"max-video-preview:-1"},"canonical":"https:\/\/jornaltimoneiro.com.br\/index.php\/2024\/09\/02\/auxilio-reconstrucao-do-governo-federal-tem-prazo-prorrogado-mais-uma-vez\/","og_locale":"pt_BR","og_type":"article","og_title":"Aux\u00edlio Reconstru\u00e7\u00e3o do Governo Federal tem prazo prorrogado mais uma vez - O Timoneiro Jornal Canoas RS","og_description":"At\u00e9 o dia 15 de setembro, as fam\u00edlias que tiveram suas casas atingidas pela enchente poder\u00e3o se inscrever para receber o Aux\u00edlio Reconstru\u00e7\u00e3o","og_url":"https:\/\/jornaltimoneiro.com.br\/index.php\/2024\/09\/02\/auxilio-reconstrucao-do-governo-federal-tem-prazo-prorrogado-mais-uma-vez\/","og_site_name":"O Timoneiro Jornal Canoas RS","article_publisher":"https:\/\/www.facebook.com\/jornaltimoneiro","article_published_time":"2024-09-02T16:12:43+00:00","og_image":[{"width":1080,"height":719,"url":"https:\/\/jornaltimoneiro.com.br\/wp-content\/uploads\/2024\/09\/Auxilio-Reconstrucao-do-Governo-Federal-tem-prazo-prorrogado-mais-uma-vez.jpg","type":"image\/jpeg"}],"author":"Reda\u00e7\u00e3o","twitter_card":"summary_large_image","twitter_creator":"@_OTimoneiro","twitter_site":"@_OTimoneiro","twitter_misc":{"Escrito por":"Reda\u00e7\u00e3o","Est. tempo de leitura":"1 minuto"},"schema":{"@context":"https:\/\/schema.org","@graph":[{"@type":"Article","@id":"https:\/\/jornaltimoneiro.com.br\/index.php\/2024\/09\/02\/auxilio-reconstrucao-do-governo-federal-tem-prazo-prorrogado-mais-uma-vez\/#article","isPartOf":{"@id":"https:\/\/jornaltimoneiro.com.br\/index.php\/2024\/09\/02\/auxilio-reconstrucao-do-governo-federal-tem-prazo-prorrogado-mais-uma-vez\/"},"author":{"name":"Reda\u00e7\u00e3o","@id":"https:\/\/jornaltimoneiro.com.br\/#\/schema\/person\/f63482f1a02b1a9592707865e509ab40"},"headline":"Aux\u00edlio Reconstru\u00e7\u00e3o do Governo Federal tem prazo prorrogado mais uma vez","datePublished":"2024-09-02T16:12:43+00:00","dateModified":"2024-09-02T16:12:43+00:00","mainEntityOfPage":{"@id":"https:\/\/jornaltimoneiro.com.br\/index.php\/2024\/09\/02\/auxilio-reconstrucao-do-governo-federal-tem-prazo-prorrogado-mais-uma-vez\/"},"wordCount":201,"commentCount":0,"publisher":{"@id":"https:\/\/jornaltimoneiro.com.br\/#organization"},"keywords":["aux\u00edlio reconstru\u00e7\u00e3o","benef\u00edcio","canoas","enchente","featured","prazo","prorroga\u00e7\u00e3o","rio grande do sul","RS"],"articleSection":["Enchente 2024 Canoas"],"inLanguage":"pt-BR","potentialAction":[{"@type":"CommentAction","name":"Comment","target":["https:\/\/jornaltimoneiro.com.br\/index.php\/2024\/09\/02\/auxilio-reconstrucao-do-governo-federal-tem-prazo-prorrogado-mais-uma-vez\/#respond"]}]},{"@type":"WebPage","@id":"https:\/\/jornaltimoneiro.com.br\/index.php\/2024\/09\/02\/auxilio-reconstrucao-do-governo-federal-tem-prazo-prorrogado-mais-uma-vez\/","url":"https:\/\/jornaltimoneiro.com.br\/index.php\/2024\/09\/02\/auxilio-reconstrucao-do-governo-federal-tem-prazo-prorrogado-mais-uma-vez\/","name":"Aux\u00edlio Reconstru\u00e7\u00e3o do Governo Federal tem prazo prorrogado mais uma vez - O Timoneiro Jornal Canoas RS","isPartOf":{"@id":"https:\/\/jornaltimoneiro.com.br\/#website"},"datePublished":"2024-09-02T16:12:43+00:00","dateModified":"2024-09-02T16:12:43+00:00","description":"At\u00e9 o dia 15 de setembro, as fam\u00edlias que tiveram suas casas atingidas pela enchente poder\u00e3o se inscrever para receber o Aux\u00edlio Reconstru\u00e7\u00e3o","breadcrumb":{"@id":"https:\/\/jornaltimoneiro.com.br\/index.php\/2024\/09\/02\/auxilio-reconstrucao-do-governo-federal-tem-prazo-prorrogado-mais-uma-vez\/#breadcrumb"},"inLanguage":"pt-BR","potentialAction":[{"@type":"ReadAction","target":["https:\/\/jornaltimoneiro.com.br\/index.php\/2024\/09\/02\/auxilio-reconstrucao-do-governo-federal-tem-prazo-prorrogado-mais-uma-vez\/"]}]},{"@type":"BreadcrumbList","@id":"https:\/\/jornaltimoneiro.com.br\/index.php\/2024\/09\/02\/auxilio-reconstrucao-do-governo-federal-tem-prazo-prorrogado-mais-uma-vez\/#breadcrumb","itemListElement":[{"@type":"ListItem","position":1,"name":"In\u00edcio","item":"https:\/\/jornaltimoneiro.com.br\/"},{"@type":"ListItem","position":2,"name":"Aux\u00edlio Reconstru\u00e7\u00e3o do Governo Federal tem prazo prorrogado mais uma vez"}]},{"@type":"WebSite","@id":"https:\/\/jornaltimoneiro.com.br\/#website","url":"https:\/\/jornaltimoneiro.com.br\/","name":"Jornal Timoneiro Canoas RS","description":"Jornal O Timoneiro, o verdadeiro jornal de Canoas","publisher":{"@id":"https:\/\/jornaltimoneiro.com.br\/#organization"},"potentialAction":[{"@type":"SearchAction","target":{"@type":"EntryPoint","urlTemplate":"https:\/\/jornaltimoneiro.com.br\/?s={search_term_string}"},"query-input":"required name=search_term_string"}],"inLanguage":"pt-BR"},{"@type":"Organization","@id":"https:\/\/jornaltimoneiro.com.br\/#organization","name":"Jornal Timoneiro Canoas RS","url":"https:\/\/jornaltimoneiro.com.br\/","logo":{"@type":"ImageObject","inLanguage":"pt-BR","@id":"https:\/\/jornaltimoneiro.com.br\/#\/schema\/logo\/image\/","url":"https:\/\/jornaltimoneiro.com.br\/wp-content\/uploads\/2023\/03\/logonovo.png","contentUrl":"https:\/\/jornaltimoneiro.com.br\/wp-content\/uploads\/2023\/03\/logonovo.png","width":"469","height":"171","caption":"Jornal Timoneiro Canoas RS"},"image":{"@id":"https:\/\/jornaltimoneiro.com.br\/#\/schema\/logo\/image\/"},"sameAs":["https:\/\/www.facebook.com\/jornaltimoneiro","https:\/\/twitter.com\/_OTimoneiro","https:\/\/www.instagram.com\/jornaltimoneirocanoas\/","https:\/\/www.youtube.com\/@jornalotimoneiro7927"]},{"@type":"Person","@id":"https:\/\/jornaltimoneiro.com.br\/#\/schema\/person\/f63482f1a02b1a9592707865e509ab40","name":"Reda\u00e7\u00e3o","image":{"@type":"ImageObject","inLanguage":"pt-BR","@id":"https:\/\/jornaltimoneiro.com.br\/#\/schema\/person\/image\/","url":"https:\/\/jornaltimoneiro.com.br\/wp-content\/uploads\/2023\/03\/download.jpeg","contentUrl":"https:\/\/jornaltimoneiro.com.br\/wp-content\/uploads\/2023\/03\/download.jpeg","caption":"Reda\u00e7\u00e3o"},"url":"https:\/\/jornaltimoneiro.com.br\/index.php\/author\/simone-dutra\/"}]}},"_links":{"self":[{"href":"https:\/\/jornaltimoneiro.com.br\/index.php\/wp-json\/wp\/v2\/posts\/31859"}],"collection":[{"href":"https:\/\/jornaltimoneiro.com.br\/index.php\/wp-json\/wp\/v2\/posts"}],"about":[{"href":"https:\/\/jornaltimoneiro.com.br\/index.php\/wp-json\/wp\/v2\/types\/post"}],"author":[{"embeddable":true,"href":"https:\/\/jornaltimoneiro.com.br\/index.php\/wp-json\/wp\/v2\/users\/2"}],"replies":[{"embeddable":true,"href":"https:\/\/jornaltimoneiro.com.br\/index.php\/wp-json\/wp\/v2\/comments?post=31859"}],"version-history":[{"count":1,"href":"https:\/\/jornaltimoneiro.com.br\/index.php\/wp-json\/wp\/v2\/posts\/31859\/revisions"}],"predecessor-version":[{"id":31861,"href":"https:\/\/jornaltimoneiro.com.br\/index.php\/wp-json\/wp\/v2\/posts\/31859\/revisions\/31861"}],"wp:featuredmedia":[{"embeddable":true,"href":"https:\/\/jornaltimoneiro.com.br\/index.php\/wp-json\/wp\/v2\/media\/31860"}],"wp:attachment":[{"href":"https:\/\/jornaltimoneiro.com.br\/index.php\/wp-json\/wp\/v2\/media?parent=31859"}],"wp:term":[{"taxonomy":"category","embeddable":true,"href":"https:\/\/jornaltimoneiro.com.br\/index.php\/wp-json\/wp\/v2\/categories?post=31859"},{"taxonomy":"post_tag","embeddable":true,"href":"https:\/\/jornaltimoneiro.com.br\/index.php\/wp-json\/wp\/v2\/tags?post=31859"}],"curies":[{"name":"wp","href":"https:\/\/api.w.org\/{rel}","templated":true}]}}