{"id":31747,"date":"2024-08-19T17:24:51","date_gmt":"2024-08-19T20:24:51","guid":{"rendered":"https:\/\/jornaltimoneiro.com.br\/?p=31747"},"modified":"2024-08-19T17:24:51","modified_gmt":"2024-08-19T20:24:51","slug":"2a-feira-de-estagios-ulbra-carreiras-oferece-cerca-de-2-mil-vagas-entre-estagios-e-efetivas","status":"publish","type":"post","link":"https:\/\/jornaltimoneiro.com.br\/index.php\/2024\/08\/19\/2a-feira-de-estagios-ulbra-carreiras-oferece-cerca-de-2-mil-vagas-entre-estagios-e-efetivas\/","title":{"rendered":"2\u00aa Feira de Est\u00e1gios Ulbra Carreiras oferece cerca de 2 mil vagas entre est\u00e1gios e efetivas"},"content":{"rendered":"<p style=\"font-weight: 400;\">A 2\u00aa Feira de Est\u00e1gios Ulbra Carreiras oferece cerca de 2 mil vagas entre est\u00e1gios e efetivas. O evento \u00e9 aberto a toda a comunidade e ocorre na ter\u00e7a e quarta-feira (20 e 21), no sagu\u00e3o do pr\u00e9dio 1, no campus Canoas.<\/p>\n<h4>Empresas presentes<\/h4>\n<p style=\"font-weight: 400;\">As oportunidades ser\u00e3o disponibilizadas atrav\u00e9s de empresas de diversos setores e agentes de integra\u00e7\u00e3o que estar\u00e3o presentes na feira, oferecendo uma ampla gama de possibilidades para os participantes.<\/p>\n<p>Marcas como MRV, Red Bull, Ambev, Farm\u00e1cias S\u00e3o Jo\u00e3o, Gestamp, Stihl, e Sicoob, entre outras, estar\u00e3o presentes, oferecendo vagas que v\u00e3o desde a ind\u00fastria e constru\u00e7\u00e3o at\u00e9 o com\u00e9rcio e finan\u00e7as. Isso reflete a demanda por profissionais qualificados em \u00e1reas como engenharia, administra\u00e7\u00e3o, tecnologia da informa\u00e7\u00e3o, e servi\u00e7os.<\/p>\n<h4 style=\"font-weight: 400;\"><strong>Melhores oportunidades<\/strong><\/h4>\n<p style=\"font-weight: 400;\">Al\u00e9m disso, institui\u00e7\u00f5es como C\u00e2mara de Ind\u00fastria, Com\u00e9rcio e Servi\u00e7os (CICS) de Canoase Grupo InBetta refor\u00e7am a presen\u00e7a de setores importantes, conectando estudantes e comunidade com empresas que atuam em diferentes ramos da economia local e nacional.<\/p>\n<p style=\"font-weight: 400;\">Para garantir o sucesso das conex\u00f5es entre estudantes e empresas, a feira contar\u00e1 com a participa\u00e7\u00e3o de agentes de integra\u00e7\u00e3o como o CIEE, Fulbra, Fundatec, Formatta RH, Super Est\u00e1gios, Integrar, e Vemser RH.<\/p>\n<p style=\"font-weight: 400;\">Esses agentes s\u00e3o respons\u00e1veis por facilitar o processo de contrata\u00e7\u00e3o e orientar os estudantes na busca pelas melhores oportunidades de est\u00e1gio.<\/p>\n<h4 style=\"font-weight: 400;\"><strong>Ponto de refer\u00eancia<\/strong><\/h4>\n<p style=\"font-weight: 400;\">A feira tamb\u00e9m marcar\u00e1 a inaugura\u00e7\u00e3o da Central de Est\u00e1gios Aelbra, na ter\u00e7a-feira, \u00e0s 18 horas. Este novo setor foi criado pela Superintend\u00eancia de Educa\u00e7\u00e3o Superior e est\u00e1 sob a gest\u00e3o da Coordena\u00e7\u00e3o de Est\u00e1gios e Conv\u00eanios.<\/p>\n<blockquote>\n<p style=\"font-weight: 400;\">&#8220;Objetivo \u00e9 de servir de ponto de refer\u00eancia para os alunos, orientando-os sobre vagas de est\u00e1gio dispon\u00edveis, acesso ao Portal Ulbra Carreiras, informando a documenta\u00e7\u00e3o exigida para os estagi\u00e1rios e promovendo o relacionamento entre o estudante, empresas e Institui\u00e7\u00e3o de Ensino, explica a coordenadora de Est\u00e1gios e Conv\u00eanios da Aelbra, Fernanda Matos.<\/p>\n<\/blockquote>\n<p style=\"font-weight: 400;\">A Central de Est\u00e1gios est\u00e1 localizada no sagu\u00e3o do pr\u00e9dio 1 do campus Canoas.<\/p>\n<p style=\"font-weight: 400;\">\n<p style=\"font-weight: 400;\">\n","protected":false},"excerpt":{"rendered":"<p>A 2\u00aa Feira de Est\u00e1gios Ulbra Carreiras oferece cerca de 2 mil vagas entre est\u00e1gios e efetivas. O evento \u00e9 aberto a toda a comunidade e ocorre na ter\u00e7a e quarta-feira (20 e 21), no sagu\u00e3o do pr\u00e9dio 1, no campus Canoas. Empresas presentes As oportunidades ser\u00e3o disponibilizadas atrav\u00e9s de empresas de diversos setores e [&hellip;]<\/p>\n","protected":false},"author":2,"featured_media":31748,"comment_status":"open","ping_status":"open","sticky":false,"template":"","format":"standard","meta":{"amp_status":"","footnotes":""},"categories":[2092],"tags":[31,64,82,554,3263,214,213,80,483,404],"class_list":["post-31747","post","type-post","status-publish","format-standard","has-post-thumbnail","hentry","category-emprego","tag-canoas","tag-educacao","tag-emprego","tag-empresas","tag-feira-de-estagios-ulbra-carreiras","tag-regiao-metropolitana","tag-rio-grande-do-sul","tag-rs","tag-ulbra","tag-vagas"],"yoast_head":"<!-- This site is optimized with the Yoast SEO plugin v20.5 - https:\/\/yoast.com\/wordpress\/plugins\/seo\/ -->\n<title>2\u00aa Feira de Est\u00e1gios Ulbra Carreiras oferece cerca de 2 mil vagas entre est\u00e1gios e efetivas - O Timoneiro Jornal Canoas RS<\/title>\n<meta name=\"description\" content=\"A 2\u00aa Feira de Est\u00e1gios Ulbra Carreiras oferece cerca de 2 mil vagas entre est\u00e1gios e efetivas no campus Canoas\" \/>\n<meta name=\"robots\" content=\"index, follow, max-snippet:-1, max-image-preview:large, max-video-preview:-1\" \/>\n<link rel=\"canonical\" href=\"https:\/\/jornaltimoneiro.com.br\/index.php\/2024\/08\/19\/2a-feira-de-estagios-ulbra-carreiras-oferece-cerca-de-2-mil-vagas-entre-estagios-e-efetivas\/\" \/>\n<meta property=\"og:locale\" content=\"pt_BR\" \/>\n<meta property=\"og:type\" content=\"article\" \/>\n<meta property=\"og:title\" content=\"2\u00aa Feira de Est\u00e1gios Ulbra Carreiras oferece cerca de 2 mil vagas entre est\u00e1gios e efetivas - O Timoneiro Jornal Canoas RS\" \/>\n<meta property=\"og:description\" content=\"A 2\u00aa Feira de Est\u00e1gios Ulbra Carreiras oferece cerca de 2 mil vagas entre est\u00e1gios e efetivas no campus Canoas\" \/>\n<meta property=\"og:url\" content=\"https:\/\/jornaltimoneiro.com.br\/index.php\/2024\/08\/19\/2a-feira-de-estagios-ulbra-carreiras-oferece-cerca-de-2-mil-vagas-entre-estagios-e-efetivas\/\" \/>\n<meta property=\"og:site_name\" content=\"O Timoneiro Jornal Canoas RS\" \/>\n<meta property=\"article:publisher\" content=\"https:\/\/www.facebook.com\/jornaltimoneiro\" \/>\n<meta property=\"article:published_time\" content=\"2024-08-19T20:24:51+00:00\" \/>\n<meta property=\"og:image\" content=\"https:\/\/jornaltimoneiro.com.br\/wp-content\/uploads\/2024\/08\/2a-Feira-de-Estagios-Ulbra-Carreiras-oferece-cerca-de-2-mil-vagas-entre-estagios-e-efetivas-2.jpg\" \/>\n\t<meta property=\"og:image:width\" content=\"1080\" \/>\n\t<meta property=\"og:image:height\" content=\"720\" \/>\n\t<meta property=\"og:image:type\" content=\"image\/jpeg\" \/>\n<meta name=\"author\" content=\"Reda\u00e7\u00e3o\" \/>\n<meta name=\"twitter:card\" content=\"summary_large_image\" \/>\n<meta name=\"twitter:creator\" content=\"@_OTimoneiro\" \/>\n<meta name=\"twitter:site\" content=\"@_OTimoneiro\" \/>\n<meta name=\"twitter:label1\" content=\"Escrito por\" \/>\n\t<meta name=\"twitter:data1\" content=\"Reda\u00e7\u00e3o\" \/>\n\t<meta name=\"twitter:label2\" content=\"Est. tempo de leitura\" \/>\n\t<meta name=\"twitter:data2\" content=\"2 minutos\" \/>\n<script type=\"application\/ld+json\" class=\"yoast-schema-graph\">{\"@context\":\"https:\/\/schema.org\",\"@graph\":[{\"@type\":\"Article\",\"@id\":\"https:\/\/jornaltimoneiro.com.br\/index.php\/2024\/08\/19\/2a-feira-de-estagios-ulbra-carreiras-oferece-cerca-de-2-mil-vagas-entre-estagios-e-efetivas\/#article\",\"isPartOf\":{\"@id\":\"https:\/\/jornaltimoneiro.com.br\/index.php\/2024\/08\/19\/2a-feira-de-estagios-ulbra-carreiras-oferece-cerca-de-2-mil-vagas-entre-estagios-e-efetivas\/\"},\"author\":{\"name\":\"Reda\u00e7\u00e3o\",\"@id\":\"https:\/\/jornaltimoneiro.com.br\/#\/schema\/person\/f63482f1a02b1a9592707865e509ab40\"},\"headline\":\"2\u00aa Feira de Est\u00e1gios Ulbra Carreiras oferece cerca de 2 mil vagas entre est\u00e1gios e efetivas\",\"datePublished\":\"2024-08-19T20:24:51+00:00\",\"dateModified\":\"2024-08-19T20:24:51+00:00\",\"mainEntityOfPage\":{\"@id\":\"https:\/\/jornaltimoneiro.com.br\/index.php\/2024\/08\/19\/2a-feira-de-estagios-ulbra-carreiras-oferece-cerca-de-2-mil-vagas-entre-estagios-e-efetivas\/\"},\"wordCount\":385,\"commentCount\":0,\"publisher\":{\"@id\":\"https:\/\/jornaltimoneiro.com.br\/#organization\"},\"keywords\":[\"canoas\",\"Educa\u00e7\u00e3o\",\"emprego\",\"empresas\",\"feira de est\u00e1gios ulbra carreiras\",\"regi\u00e3o metropolitana\",\"rio grande do sul\",\"RS\",\"ulbra\",\"vagas\"],\"articleSection\":[\"Emprego\"],\"inLanguage\":\"pt-BR\",\"potentialAction\":[{\"@type\":\"CommentAction\",\"name\":\"Comment\",\"target\":[\"https:\/\/jornaltimoneiro.com.br\/index.php\/2024\/08\/19\/2a-feira-de-estagios-ulbra-carreiras-oferece-cerca-de-2-mil-vagas-entre-estagios-e-efetivas\/#respond\"]}]},{\"@type\":\"WebPage\",\"@id\":\"https:\/\/jornaltimoneiro.com.br\/index.php\/2024\/08\/19\/2a-feira-de-estagios-ulbra-carreiras-oferece-cerca-de-2-mil-vagas-entre-estagios-e-efetivas\/\",\"url\":\"https:\/\/jornaltimoneiro.com.br\/index.php\/2024\/08\/19\/2a-feira-de-estagios-ulbra-carreiras-oferece-cerca-de-2-mil-vagas-entre-estagios-e-efetivas\/\",\"name\":\"2\u00aa Feira de Est\u00e1gios Ulbra Carreiras oferece cerca de 2 mil vagas entre est\u00e1gios e efetivas - O Timoneiro Jornal Canoas RS\",\"isPartOf\":{\"@id\":\"https:\/\/jornaltimoneiro.com.br\/#website\"},\"datePublished\":\"2024-08-19T20:24:51+00:00\",\"dateModified\":\"2024-08-19T20:24:51+00:00\",\"description\":\"A 2\u00aa Feira de Est\u00e1gios Ulbra Carreiras oferece cerca de 2 mil vagas entre est\u00e1gios e efetivas no campus Canoas\",\"breadcrumb\":{\"@id\":\"https:\/\/jornaltimoneiro.com.br\/index.php\/2024\/08\/19\/2a-feira-de-estagios-ulbra-carreiras-oferece-cerca-de-2-mil-vagas-entre-estagios-e-efetivas\/#breadcrumb\"},\"inLanguage\":\"pt-BR\",\"potentialAction\":[{\"@type\":\"ReadAction\",\"target\":[\"https:\/\/jornaltimoneiro.com.br\/index.php\/2024\/08\/19\/2a-feira-de-estagios-ulbra-carreiras-oferece-cerca-de-2-mil-vagas-entre-estagios-e-efetivas\/\"]}]},{\"@type\":\"BreadcrumbList\",\"@id\":\"https:\/\/jornaltimoneiro.com.br\/index.php\/2024\/08\/19\/2a-feira-de-estagios-ulbra-carreiras-oferece-cerca-de-2-mil-vagas-entre-estagios-e-efetivas\/#breadcrumb\",\"itemListElement\":[{\"@type\":\"ListItem\",\"position\":1,\"name\":\"In\u00edcio\",\"item\":\"https:\/\/jornaltimoneiro.com.br\/\"},{\"@type\":\"ListItem\",\"position\":2,\"name\":\"2\u00aa Feira de Est\u00e1gios Ulbra Carreiras oferece cerca de 2 mil vagas entre est\u00e1gios e efetivas\"}]},{\"@type\":\"WebSite\",\"@id\":\"https:\/\/jornaltimoneiro.com.br\/#website\",\"url\":\"https:\/\/jornaltimoneiro.com.br\/\",\"name\":\"Jornal Timoneiro Canoas RS\",\"description\":\"Jornal O Timoneiro, o verdadeiro jornal de Canoas\",\"publisher\":{\"@id\":\"https:\/\/jornaltimoneiro.com.br\/#organization\"},\"potentialAction\":[{\"@type\":\"SearchAction\",\"target\":{\"@type\":\"EntryPoint\",\"urlTemplate\":\"https:\/\/jornaltimoneiro.com.br\/?s={search_term_string}\"},\"query-input\":\"required name=search_term_string\"}],\"inLanguage\":\"pt-BR\"},{\"@type\":\"Organization\",\"@id\":\"https:\/\/jornaltimoneiro.com.br\/#organization\",\"name\":\"Jornal Timoneiro Canoas RS\",\"url\":\"https:\/\/jornaltimoneiro.com.br\/\",\"logo\":{\"@type\":\"ImageObject\",\"inLanguage\":\"pt-BR\",\"@id\":\"https:\/\/jornaltimoneiro.com.br\/#\/schema\/logo\/image\/\",\"url\":\"https:\/\/jornaltimoneiro.com.br\/wp-content\/uploads\/2023\/03\/logonovo.png\",\"contentUrl\":\"https:\/\/jornaltimoneiro.com.br\/wp-content\/uploads\/2023\/03\/logonovo.png\",\"width\":\"469\",\"height\":\"171\",\"caption\":\"Jornal Timoneiro Canoas RS\"},\"image\":{\"@id\":\"https:\/\/jornaltimoneiro.com.br\/#\/schema\/logo\/image\/\"},\"sameAs\":[\"https:\/\/www.facebook.com\/jornaltimoneiro\",\"https:\/\/twitter.com\/_OTimoneiro\",\"https:\/\/www.instagram.com\/jornaltimoneirocanoas\/\",\"https:\/\/www.youtube.com\/@jornalotimoneiro7927\"]},{\"@type\":\"Person\",\"@id\":\"https:\/\/jornaltimoneiro.com.br\/#\/schema\/person\/f63482f1a02b1a9592707865e509ab40\",\"name\":\"Reda\u00e7\u00e3o\",\"image\":{\"@type\":\"ImageObject\",\"inLanguage\":\"pt-BR\",\"@id\":\"https:\/\/jornaltimoneiro.com.br\/#\/schema\/person\/image\/\",\"url\":\"https:\/\/jornaltimoneiro.com.br\/wp-content\/uploads\/2023\/03\/download.jpeg\",\"contentUrl\":\"https:\/\/jornaltimoneiro.com.br\/wp-content\/uploads\/2023\/03\/download.jpeg\",\"caption\":\"Reda\u00e7\u00e3o\"},\"url\":\"https:\/\/jornaltimoneiro.com.br\/index.php\/author\/simone-dutra\/\"}]}<\/script>\n<!-- \/ Yoast SEO plugin. -->","yoast_head_json":{"title":"2\u00aa Feira de Est\u00e1gios Ulbra Carreiras oferece cerca de 2 mil vagas entre est\u00e1gios e efetivas - O Timoneiro Jornal Canoas RS","description":"A 2\u00aa Feira de Est\u00e1gios Ulbra Carreiras oferece cerca de 2 mil vagas entre est\u00e1gios e efetivas no campus Canoas","robots":{"index":"index","follow":"follow","max-snippet":"max-snippet:-1","max-image-preview":"max-image-preview:large","max-video-preview":"max-video-preview:-1"},"canonical":"https:\/\/jornaltimoneiro.com.br\/index.php\/2024\/08\/19\/2a-feira-de-estagios-ulbra-carreiras-oferece-cerca-de-2-mil-vagas-entre-estagios-e-efetivas\/","og_locale":"pt_BR","og_type":"article","og_title":"2\u00aa Feira de Est\u00e1gios Ulbra Carreiras oferece cerca de 2 mil vagas entre est\u00e1gios e efetivas - O Timoneiro Jornal Canoas RS","og_description":"A 2\u00aa Feira de Est\u00e1gios Ulbra Carreiras oferece cerca de 2 mil vagas entre est\u00e1gios e efetivas no campus Canoas","og_url":"https:\/\/jornaltimoneiro.com.br\/index.php\/2024\/08\/19\/2a-feira-de-estagios-ulbra-carreiras-oferece-cerca-de-2-mil-vagas-entre-estagios-e-efetivas\/","og_site_name":"O Timoneiro Jornal Canoas RS","article_publisher":"https:\/\/www.facebook.com\/jornaltimoneiro","article_published_time":"2024-08-19T20:24:51+00:00","og_image":[{"width":"1080","height":"720","url":"https:\/\/jornaltimoneiro.com.br\/wp-content\/uploads\/2024\/08\/2a-Feira-de-Estagios-Ulbra-Carreiras-oferece-cerca-de-2-mil-vagas-entre-estagios-e-efetivas-2.jpg","type":"image\/jpeg"}],"author":"Reda\u00e7\u00e3o","twitter_card":"summary_large_image","twitter_creator":"@_OTimoneiro","twitter_site":"@_OTimoneiro","twitter_misc":{"Escrito por":"Reda\u00e7\u00e3o","Est. tempo de leitura":"2 minutos"},"schema":{"@context":"https:\/\/schema.org","@graph":[{"@type":"Article","@id":"https:\/\/jornaltimoneiro.com.br\/index.php\/2024\/08\/19\/2a-feira-de-estagios-ulbra-carreiras-oferece-cerca-de-2-mil-vagas-entre-estagios-e-efetivas\/#article","isPartOf":{"@id":"https:\/\/jornaltimoneiro.com.br\/index.php\/2024\/08\/19\/2a-feira-de-estagios-ulbra-carreiras-oferece-cerca-de-2-mil-vagas-entre-estagios-e-efetivas\/"},"author":{"name":"Reda\u00e7\u00e3o","@id":"https:\/\/jornaltimoneiro.com.br\/#\/schema\/person\/f63482f1a02b1a9592707865e509ab40"},"headline":"2\u00aa Feira de Est\u00e1gios Ulbra Carreiras oferece cerca de 2 mil vagas entre est\u00e1gios e efetivas","datePublished":"2024-08-19T20:24:51+00:00","dateModified":"2024-08-19T20:24:51+00:00","mainEntityOfPage":{"@id":"https:\/\/jornaltimoneiro.com.br\/index.php\/2024\/08\/19\/2a-feira-de-estagios-ulbra-carreiras-oferece-cerca-de-2-mil-vagas-entre-estagios-e-efetivas\/"},"wordCount":385,"commentCount":0,"publisher":{"@id":"https:\/\/jornaltimoneiro.com.br\/#organization"},"keywords":["canoas","Educa\u00e7\u00e3o","emprego","empresas","feira de est\u00e1gios ulbra carreiras","regi\u00e3o metropolitana","rio grande do sul","RS","ulbra","vagas"],"articleSection":["Emprego"],"inLanguage":"pt-BR","potentialAction":[{"@type":"CommentAction","name":"Comment","target":["https:\/\/jornaltimoneiro.com.br\/index.php\/2024\/08\/19\/2a-feira-de-estagios-ulbra-carreiras-oferece-cerca-de-2-mil-vagas-entre-estagios-e-efetivas\/#respond"]}]},{"@type":"WebPage","@id":"https:\/\/jornaltimoneiro.com.br\/index.php\/2024\/08\/19\/2a-feira-de-estagios-ulbra-carreiras-oferece-cerca-de-2-mil-vagas-entre-estagios-e-efetivas\/","url":"https:\/\/jornaltimoneiro.com.br\/index.php\/2024\/08\/19\/2a-feira-de-estagios-ulbra-carreiras-oferece-cerca-de-2-mil-vagas-entre-estagios-e-efetivas\/","name":"2\u00aa Feira de Est\u00e1gios Ulbra Carreiras oferece cerca de 2 mil vagas entre est\u00e1gios e efetivas - O Timoneiro Jornal Canoas RS","isPartOf":{"@id":"https:\/\/jornaltimoneiro.com.br\/#website"},"datePublished":"2024-08-19T20:24:51+00:00","dateModified":"2024-08-19T20:24:51+00:00","description":"A 2\u00aa Feira de Est\u00e1gios Ulbra Carreiras oferece cerca de 2 mil vagas entre est\u00e1gios e efetivas no campus Canoas","breadcrumb":{"@id":"https:\/\/jornaltimoneiro.com.br\/index.php\/2024\/08\/19\/2a-feira-de-estagios-ulbra-carreiras-oferece-cerca-de-2-mil-vagas-entre-estagios-e-efetivas\/#breadcrumb"},"inLanguage":"pt-BR","potentialAction":[{"@type":"ReadAction","target":["https:\/\/jornaltimoneiro.com.br\/index.php\/2024\/08\/19\/2a-feira-de-estagios-ulbra-carreiras-oferece-cerca-de-2-mil-vagas-entre-estagios-e-efetivas\/"]}]},{"@type":"BreadcrumbList","@id":"https:\/\/jornaltimoneiro.com.br\/index.php\/2024\/08\/19\/2a-feira-de-estagios-ulbra-carreiras-oferece-cerca-de-2-mil-vagas-entre-estagios-e-efetivas\/#breadcrumb","itemListElement":[{"@type":"ListItem","position":1,"name":"In\u00edcio","item":"https:\/\/jornaltimoneiro.com.br\/"},{"@type":"ListItem","position":2,"name":"2\u00aa Feira de Est\u00e1gios Ulbra Carreiras oferece cerca de 2 mil vagas entre est\u00e1gios e efetivas"}]},{"@type":"WebSite","@id":"https:\/\/jornaltimoneiro.com.br\/#website","url":"https:\/\/jornaltimoneiro.com.br\/","name":"Jornal Timoneiro Canoas RS","description":"Jornal O Timoneiro, o verdadeiro jornal de Canoas","publisher":{"@id":"https:\/\/jornaltimoneiro.com.br\/#organization"},"potentialAction":[{"@type":"SearchAction","target":{"@type":"EntryPoint","urlTemplate":"https:\/\/jornaltimoneiro.com.br\/?s={search_term_string}"},"query-input":"required name=search_term_string"}],"inLanguage":"pt-BR"},{"@type":"Organization","@id":"https:\/\/jornaltimoneiro.com.br\/#organization","name":"Jornal Timoneiro Canoas RS","url":"https:\/\/jornaltimoneiro.com.br\/","logo":{"@type":"ImageObject","inLanguage":"pt-BR","@id":"https:\/\/jornaltimoneiro.com.br\/#\/schema\/logo\/image\/","url":"https:\/\/jornaltimoneiro.com.br\/wp-content\/uploads\/2023\/03\/logonovo.png","contentUrl":"https:\/\/jornaltimoneiro.com.br\/wp-content\/uploads\/2023\/03\/logonovo.png","width":"469","height":"171","caption":"Jornal Timoneiro Canoas RS"},"image":{"@id":"https:\/\/jornaltimoneiro.com.br\/#\/schema\/logo\/image\/"},"sameAs":["https:\/\/www.facebook.com\/jornaltimoneiro","https:\/\/twitter.com\/_OTimoneiro","https:\/\/www.instagram.com\/jornaltimoneirocanoas\/","https:\/\/www.youtube.com\/@jornalotimoneiro7927"]},{"@type":"Person","@id":"https:\/\/jornaltimoneiro.com.br\/#\/schema\/person\/f63482f1a02b1a9592707865e509ab40","name":"Reda\u00e7\u00e3o","image":{"@type":"ImageObject","inLanguage":"pt-BR","@id":"https:\/\/jornaltimoneiro.com.br\/#\/schema\/person\/image\/","url":"https:\/\/jornaltimoneiro.com.br\/wp-content\/uploads\/2023\/03\/download.jpeg","contentUrl":"https:\/\/jornaltimoneiro.com.br\/wp-content\/uploads\/2023\/03\/download.jpeg","caption":"Reda\u00e7\u00e3o"},"url":"https:\/\/jornaltimoneiro.com.br\/index.php\/author\/simone-dutra\/"}]}},"_links":{"self":[{"href":"https:\/\/jornaltimoneiro.com.br\/index.php\/wp-json\/wp\/v2\/posts\/31747"}],"collection":[{"href":"https:\/\/jornaltimoneiro.com.br\/index.php\/wp-json\/wp\/v2\/posts"}],"about":[{"href":"https:\/\/jornaltimoneiro.com.br\/index.php\/wp-json\/wp\/v2\/types\/post"}],"author":[{"embeddable":true,"href":"https:\/\/jornaltimoneiro.com.br\/index.php\/wp-json\/wp\/v2\/users\/2"}],"replies":[{"embeddable":true,"href":"https:\/\/jornaltimoneiro.com.br\/index.php\/wp-json\/wp\/v2\/comments?post=31747"}],"version-history":[{"count":1,"href":"https:\/\/jornaltimoneiro.com.br\/index.php\/wp-json\/wp\/v2\/posts\/31747\/revisions"}],"predecessor-version":[{"id":31749,"href":"https:\/\/jornaltimoneiro.com.br\/index.php\/wp-json\/wp\/v2\/posts\/31747\/revisions\/31749"}],"wp:featuredmedia":[{"embeddable":true,"href":"https:\/\/jornaltimoneiro.com.br\/index.php\/wp-json\/wp\/v2\/media\/31748"}],"wp:attachment":[{"href":"https:\/\/jornaltimoneiro.com.br\/index.php\/wp-json\/wp\/v2\/media?parent=31747"}],"wp:term":[{"taxonomy":"category","embeddable":true,"href":"https:\/\/jornaltimoneiro.com.br\/index.php\/wp-json\/wp\/v2\/categories?post=31747"},{"taxonomy":"post_tag","embeddable":true,"href":"https:\/\/jornaltimoneiro.com.br\/index.php\/wp-json\/wp\/v2\/tags?post=31747"}],"curies":[{"name":"wp","href":"https:\/\/api.w.org\/{rel}","templated":true}]}}