{"id":31732,"date":"2024-08-19T10:56:56","date_gmt":"2024-08-19T13:56:56","guid":{"rendered":"https:\/\/jornaltimoneiro.com.br\/?p=31732"},"modified":"2024-08-19T10:58:52","modified_gmt":"2024-08-19T13:58:52","slug":"mais-de-56-milhoes-de-familias-recebem-auxilio-gas-a-partir-de-hoje","status":"publish","type":"post","link":"https:\/\/jornaltimoneiro.com.br\/index.php\/2024\/08\/19\/mais-de-56-milhoes-de-familias-recebem-auxilio-gas-a-partir-de-hoje\/","title":{"rendered":"Mais de 5,6 milh\u00f5es de fam\u00edlias recebem Aux\u00edlio G\u00e1s a partir de hoje\u00a0"},"content":{"rendered":"<p>O Programa Aux\u00edlio G\u00e1s dos Brasileiros (PAGB) come\u00e7a a ser pago nesta segunda-feira, 19. Em agosto, mais de 5,64 milh\u00f5es de fam\u00edlias v\u00e3o receber o benef\u00edcio de R$ 102, criado para mitigar o impacto do pre\u00e7o do g\u00e1s de cozinha no or\u00e7amento dom\u00e9stico.<\/p>\n<p>Ao todo, o investimento do Minist\u00e9rio do Desenvolvimento e Assist\u00eancia Social, Fam\u00edlia e Combate \u00e0 Fome (MDS) \u00e9 de R$ 575,59 milh\u00f5es.<\/p>\n<h4>Aux\u00edlio G\u00e1s<\/h4>\n<p>O valor do Aux\u00edlio G\u00e1s, pago bimestralmente, corresponde a 100% do botij\u00e3o de g\u00e1s de cozinha (GLP) de 13kg por resid\u00eancia contemplada. O montante \u00e9 resultado da m\u00e9dia nacional do produto, calculado pela Ag\u00eancia Nacional do Petr\u00f3leo, G\u00e1s Natural e Biocombust\u00edveis (ANP).<\/p>\n<p>Do total de pessoas alcan\u00e7adas pelo PAGB em agosto, 10,1 milh\u00f5es, ou 58,2%, s\u00e3o do sexo feminino. Os lares que t\u00eam mulheres como respons\u00e1veis familiares representam 89,8%, ou 5,06 milh\u00f5es.<\/p>\n<h4>Regi\u00f5es<\/h4>\n<p>A regi\u00e3o com maior n\u00famero de beneficiados \u00e9 a Nordeste, com 2,61 milh\u00f5es de fam\u00edlias contempladas, em um investimento de mais de R$ 267 milh\u00f5es. Em seguida vem o Sudeste, com mais de 1,87 milh\u00e3o de lares e R$ 191 milh\u00f5es de repasses.<\/p>\n<p>No Norte, s\u00e3o 537,16 mil fam\u00edlias, que juntas recebem R$ 54,79 milh\u00f5es. J\u00e1 na regi\u00e3o Sul, s\u00e3o 398,43 mil fam\u00edlias, em um investimento de R$ 40,64 milh\u00f5es. No Centro-Oeste, as mais de 216,8 mil fam\u00edlias somam R$ 22,11 milh\u00f5es de repasses.<\/p>\n<div id=\"attachment_31735\" style=\"width: 710px\" class=\"wp-caption alignnone\"><img decoding=\"async\" aria-describedby=\"caption-attachment-31735\" class=\"wp-image-31735\" src=\"https:\/\/jornaltimoneiro.com.br\/wp-content\/uploads\/2024\/08\/WhatsApp-Image-2024-08-19-at-10.52.42-961x1024.jpeg\" alt=\"Aux\u00edlio G\u00e1s - Regi\u00f5es\" width=\"700\" height=\"746\" srcset=\"https:\/\/jornaltimoneiro.com.br\/wp-content\/uploads\/2024\/08\/WhatsApp-Image-2024-08-19-at-10.52.42-961x1024.jpeg 961w, https:\/\/jornaltimoneiro.com.br\/wp-content\/uploads\/2024\/08\/WhatsApp-Image-2024-08-19-at-10.52.42-281x300.jpeg 281w, https:\/\/jornaltimoneiro.com.br\/wp-content\/uploads\/2024\/08\/WhatsApp-Image-2024-08-19-at-10.52.42-768x819.jpeg 768w, https:\/\/jornaltimoneiro.com.br\/wp-content\/uploads\/2024\/08\/WhatsApp-Image-2024-08-19-at-10.52.42.jpeg 1150w\" sizes=\"(max-width: 700px) 100vw, 700px\" \/><p id=\"caption-attachment-31735\" class=\"wp-caption-text\">Aux\u00edlio G\u00e1s &#8211; Regi\u00f5es<\/p><\/div>\n<h4>Bolsa fam\u00edlia<\/h4>\n<p>Seguindo o mesmo calend\u00e1rio do Bolsa Fam\u00edlia, conforme o d\u00edgito final do N\u00famero de Identifica\u00e7\u00e3o Social (NIS), o pagamento do Aux\u00edlio G\u00e1s tem in\u00edcio na segunda-feira, 19, contemplando os benefici\u00e1rios com NIS final 1. O cronograma segue de forma escalonada at\u00e9 o dia 30, concluindo com quem tem NIS final zero.<\/p>\n<p>A exce\u00e7\u00e3o fica por conta dos munic\u00edpios em situa\u00e7\u00e3o de emerg\u00eancia ou estado de calamidade p\u00fablica reconhecido pelo Governo Federal.<\/p>\n<p>Nesses casos, o Aux\u00edlio G\u00e1s fica dispon\u00edvel no primeiro dia do calend\u00e1rio de pagamento para todos os benefici\u00e1rios dessas localidades. Em agosto, s\u00e3o 508 munic\u00edpios de quatro estados nesta situa\u00e7\u00e3o.<\/p>\n","protected":false},"excerpt":{"rendered":"<p>O Programa Aux\u00edlio G\u00e1s dos Brasileiros (PAGB) come\u00e7a a ser pago nesta segunda-feira, 19. Em agosto, mais de 5,64 milh\u00f5es de fam\u00edlias v\u00e3o receber o benef\u00edcio de R$ 102, criado para mitigar o impacto do pre\u00e7o do g\u00e1s de cozinha no or\u00e7amento dom\u00e9stico. Ao todo, o investimento do Minist\u00e9rio do Desenvolvimento e Assist\u00eancia Social, Fam\u00edlia [&hellip;]<\/p>\n","protected":false},"author":2,"featured_media":31733,"comment_status":"open","ping_status":"open","sticky":false,"template":"","format":"standard","meta":{"amp_status":"","footnotes":""},"categories":[3234],"tags":[3257,2500,225,2521],"class_list":["post-31732","post","type-post","status-publish","format-standard","has-post-thumbnail","hentry","category-servicos","tag-auxilio-gas","tag-beneficio","tag-brasil","tag-familias"],"yoast_head":"<!-- This site is optimized with the Yoast SEO plugin v20.5 - https:\/\/yoast.com\/wordpress\/plugins\/seo\/ -->\n<title>Mais de 5,6 milh\u00f5es de fam\u00edlias recebem Aux\u00edlio G\u00e1s a partir de hoje\u00a0 - O Timoneiro Jornal Canoas RS<\/title>\n<meta name=\"description\" content=\"Programa Aux\u00edlio G\u00e1s dos Brasileiros come\u00e7a a ser pago, Em agosto, mais de 5,64 milh\u00f5es de fam\u00edlias v\u00e3o receber o benef\u00edcio\" \/>\n<meta name=\"robots\" content=\"index, follow, max-snippet:-1, max-image-preview:large, max-video-preview:-1\" \/>\n<link rel=\"canonical\" href=\"https:\/\/jornaltimoneiro.com.br\/index.php\/2024\/08\/19\/mais-de-56-milhoes-de-familias-recebem-auxilio-gas-a-partir-de-hoje\/\" \/>\n<meta property=\"og:locale\" content=\"pt_BR\" \/>\n<meta property=\"og:type\" content=\"article\" \/>\n<meta property=\"og:title\" content=\"Mais de 5,6 milh\u00f5es de fam\u00edlias recebem Aux\u00edlio G\u00e1s a partir de hoje\u00a0 - O Timoneiro Jornal Canoas RS\" \/>\n<meta property=\"og:description\" content=\"Programa Aux\u00edlio G\u00e1s dos Brasileiros come\u00e7a a ser pago, Em agosto, mais de 5,64 milh\u00f5es de fam\u00edlias v\u00e3o receber o benef\u00edcio\" \/>\n<meta property=\"og:url\" content=\"https:\/\/jornaltimoneiro.com.br\/index.php\/2024\/08\/19\/mais-de-56-milhoes-de-familias-recebem-auxilio-gas-a-partir-de-hoje\/\" \/>\n<meta property=\"og:site_name\" content=\"O Timoneiro Jornal Canoas RS\" \/>\n<meta property=\"article:publisher\" content=\"https:\/\/www.facebook.com\/jornaltimoneiro\" \/>\n<meta property=\"article:published_time\" content=\"2024-08-19T13:56:56+00:00\" \/>\n<meta property=\"article:modified_time\" content=\"2024-08-19T13:58:52+00:00\" \/>\n<meta property=\"og:image\" content=\"https:\/\/jornaltimoneiro.com.br\/wp-content\/uploads\/2024\/08\/Mais-de-56-milhoes-de-familias-recebem-Auxilio-Gas-a-partir-de-hoje-.jpeg\" \/>\n\t<meta property=\"og:image:width\" content=\"768\" \/>\n\t<meta property=\"og:image:height\" content=\"512\" \/>\n\t<meta property=\"og:image:type\" content=\"image\/jpeg\" \/>\n<meta name=\"author\" content=\"Reda\u00e7\u00e3o\" \/>\n<meta name=\"twitter:card\" content=\"summary_large_image\" \/>\n<meta name=\"twitter:creator\" content=\"@_OTimoneiro\" \/>\n<meta name=\"twitter:site\" content=\"@_OTimoneiro\" \/>\n<meta name=\"twitter:label1\" content=\"Escrito por\" \/>\n\t<meta name=\"twitter:data1\" content=\"Reda\u00e7\u00e3o\" \/>\n\t<meta name=\"twitter:label2\" content=\"Est. tempo de leitura\" \/>\n\t<meta name=\"twitter:data2\" content=\"3 minutos\" \/>\n<script type=\"application\/ld+json\" class=\"yoast-schema-graph\">{\"@context\":\"https:\/\/schema.org\",\"@graph\":[{\"@type\":\"Article\",\"@id\":\"https:\/\/jornaltimoneiro.com.br\/index.php\/2024\/08\/19\/mais-de-56-milhoes-de-familias-recebem-auxilio-gas-a-partir-de-hoje\/#article\",\"isPartOf\":{\"@id\":\"https:\/\/jornaltimoneiro.com.br\/index.php\/2024\/08\/19\/mais-de-56-milhoes-de-familias-recebem-auxilio-gas-a-partir-de-hoje\/\"},\"author\":{\"name\":\"Reda\u00e7\u00e3o\",\"@id\":\"https:\/\/jornaltimoneiro.com.br\/#\/schema\/person\/f63482f1a02b1a9592707865e509ab40\"},\"headline\":\"Mais de 5,6 milh\u00f5es de fam\u00edlias recebem Aux\u00edlio G\u00e1s a partir de hoje\u00a0\",\"datePublished\":\"2024-08-19T13:56:56+00:00\",\"dateModified\":\"2024-08-19T13:58:52+00:00\",\"mainEntityOfPage\":{\"@id\":\"https:\/\/jornaltimoneiro.com.br\/index.php\/2024\/08\/19\/mais-de-56-milhoes-de-familias-recebem-auxilio-gas-a-partir-de-hoje\/\"},\"wordCount\":403,\"commentCount\":0,\"publisher\":{\"@id\":\"https:\/\/jornaltimoneiro.com.br\/#organization\"},\"keywords\":[\"aux\u00edlio g\u00e1s\",\"benef\u00edcio\",\"Brasil\",\"fam\u00edlias\"],\"articleSection\":[\"Servi\u00e7os\"],\"inLanguage\":\"pt-BR\",\"potentialAction\":[{\"@type\":\"CommentAction\",\"name\":\"Comment\",\"target\":[\"https:\/\/jornaltimoneiro.com.br\/index.php\/2024\/08\/19\/mais-de-56-milhoes-de-familias-recebem-auxilio-gas-a-partir-de-hoje\/#respond\"]}]},{\"@type\":\"WebPage\",\"@id\":\"https:\/\/jornaltimoneiro.com.br\/index.php\/2024\/08\/19\/mais-de-56-milhoes-de-familias-recebem-auxilio-gas-a-partir-de-hoje\/\",\"url\":\"https:\/\/jornaltimoneiro.com.br\/index.php\/2024\/08\/19\/mais-de-56-milhoes-de-familias-recebem-auxilio-gas-a-partir-de-hoje\/\",\"name\":\"Mais de 5,6 milh\u00f5es de fam\u00edlias recebem Aux\u00edlio G\u00e1s a partir de hoje\u00a0 - O Timoneiro Jornal Canoas RS\",\"isPartOf\":{\"@id\":\"https:\/\/jornaltimoneiro.com.br\/#website\"},\"datePublished\":\"2024-08-19T13:56:56+00:00\",\"dateModified\":\"2024-08-19T13:58:52+00:00\",\"description\":\"Programa Aux\u00edlio G\u00e1s dos Brasileiros come\u00e7a a ser pago, Em agosto, mais de 5,64 milh\u00f5es de fam\u00edlias v\u00e3o receber o benef\u00edcio\",\"breadcrumb\":{\"@id\":\"https:\/\/jornaltimoneiro.com.br\/index.php\/2024\/08\/19\/mais-de-56-milhoes-de-familias-recebem-auxilio-gas-a-partir-de-hoje\/#breadcrumb\"},\"inLanguage\":\"pt-BR\",\"potentialAction\":[{\"@type\":\"ReadAction\",\"target\":[\"https:\/\/jornaltimoneiro.com.br\/index.php\/2024\/08\/19\/mais-de-56-milhoes-de-familias-recebem-auxilio-gas-a-partir-de-hoje\/\"]}]},{\"@type\":\"BreadcrumbList\",\"@id\":\"https:\/\/jornaltimoneiro.com.br\/index.php\/2024\/08\/19\/mais-de-56-milhoes-de-familias-recebem-auxilio-gas-a-partir-de-hoje\/#breadcrumb\",\"itemListElement\":[{\"@type\":\"ListItem\",\"position\":1,\"name\":\"In\u00edcio\",\"item\":\"https:\/\/jornaltimoneiro.com.br\/\"},{\"@type\":\"ListItem\",\"position\":2,\"name\":\"Mais de 5,6 milh\u00f5es de fam\u00edlias recebem Aux\u00edlio G\u00e1s a partir de hoje\u00a0\"}]},{\"@type\":\"WebSite\",\"@id\":\"https:\/\/jornaltimoneiro.com.br\/#website\",\"url\":\"https:\/\/jornaltimoneiro.com.br\/\",\"name\":\"Jornal Timoneiro Canoas RS\",\"description\":\"Jornal O Timoneiro, o verdadeiro jornal de Canoas\",\"publisher\":{\"@id\":\"https:\/\/jornaltimoneiro.com.br\/#organization\"},\"potentialAction\":[{\"@type\":\"SearchAction\",\"target\":{\"@type\":\"EntryPoint\",\"urlTemplate\":\"https:\/\/jornaltimoneiro.com.br\/?s={search_term_string}\"},\"query-input\":\"required name=search_term_string\"}],\"inLanguage\":\"pt-BR\"},{\"@type\":\"Organization\",\"@id\":\"https:\/\/jornaltimoneiro.com.br\/#organization\",\"name\":\"Jornal Timoneiro Canoas RS\",\"url\":\"https:\/\/jornaltimoneiro.com.br\/\",\"logo\":{\"@type\":\"ImageObject\",\"inLanguage\":\"pt-BR\",\"@id\":\"https:\/\/jornaltimoneiro.com.br\/#\/schema\/logo\/image\/\",\"url\":\"https:\/\/jornaltimoneiro.com.br\/wp-content\/uploads\/2023\/03\/logonovo.png\",\"contentUrl\":\"https:\/\/jornaltimoneiro.com.br\/wp-content\/uploads\/2023\/03\/logonovo.png\",\"width\":\"469\",\"height\":\"171\",\"caption\":\"Jornal Timoneiro Canoas RS\"},\"image\":{\"@id\":\"https:\/\/jornaltimoneiro.com.br\/#\/schema\/logo\/image\/\"},\"sameAs\":[\"https:\/\/www.facebook.com\/jornaltimoneiro\",\"https:\/\/twitter.com\/_OTimoneiro\",\"https:\/\/www.instagram.com\/jornaltimoneirocanoas\/\",\"https:\/\/www.youtube.com\/@jornalotimoneiro7927\"]},{\"@type\":\"Person\",\"@id\":\"https:\/\/jornaltimoneiro.com.br\/#\/schema\/person\/f63482f1a02b1a9592707865e509ab40\",\"name\":\"Reda\u00e7\u00e3o\",\"image\":{\"@type\":\"ImageObject\",\"inLanguage\":\"pt-BR\",\"@id\":\"https:\/\/jornaltimoneiro.com.br\/#\/schema\/person\/image\/\",\"url\":\"https:\/\/jornaltimoneiro.com.br\/wp-content\/uploads\/2023\/03\/download.jpeg\",\"contentUrl\":\"https:\/\/jornaltimoneiro.com.br\/wp-content\/uploads\/2023\/03\/download.jpeg\",\"caption\":\"Reda\u00e7\u00e3o\"},\"url\":\"https:\/\/jornaltimoneiro.com.br\/index.php\/author\/simone-dutra\/\"}]}<\/script>\n<!-- \/ Yoast SEO plugin. -->","yoast_head_json":{"title":"Mais de 5,6 milh\u00f5es de fam\u00edlias recebem Aux\u00edlio G\u00e1s a partir de hoje\u00a0 - O Timoneiro Jornal Canoas RS","description":"Programa Aux\u00edlio G\u00e1s dos Brasileiros come\u00e7a a ser pago, Em agosto, mais de 5,64 milh\u00f5es de fam\u00edlias v\u00e3o receber o benef\u00edcio","robots":{"index":"index","follow":"follow","max-snippet":"max-snippet:-1","max-image-preview":"max-image-preview:large","max-video-preview":"max-video-preview:-1"},"canonical":"https:\/\/jornaltimoneiro.com.br\/index.php\/2024\/08\/19\/mais-de-56-milhoes-de-familias-recebem-auxilio-gas-a-partir-de-hoje\/","og_locale":"pt_BR","og_type":"article","og_title":"Mais de 5,6 milh\u00f5es de fam\u00edlias recebem Aux\u00edlio G\u00e1s a partir de hoje\u00a0 - O Timoneiro Jornal Canoas RS","og_description":"Programa Aux\u00edlio G\u00e1s dos Brasileiros come\u00e7a a ser pago, Em agosto, mais de 5,64 milh\u00f5es de fam\u00edlias v\u00e3o receber o benef\u00edcio","og_url":"https:\/\/jornaltimoneiro.com.br\/index.php\/2024\/08\/19\/mais-de-56-milhoes-de-familias-recebem-auxilio-gas-a-partir-de-hoje\/","og_site_name":"O Timoneiro Jornal Canoas RS","article_publisher":"https:\/\/www.facebook.com\/jornaltimoneiro","article_published_time":"2024-08-19T13:56:56+00:00","article_modified_time":"2024-08-19T13:58:52+00:00","og_image":[{"width":"768","height":"512","url":"https:\/\/jornaltimoneiro.com.br\/wp-content\/uploads\/2024\/08\/Mais-de-56-milhoes-de-familias-recebem-Auxilio-Gas-a-partir-de-hoje-.jpeg","type":"image\/jpeg"}],"author":"Reda\u00e7\u00e3o","twitter_card":"summary_large_image","twitter_creator":"@_OTimoneiro","twitter_site":"@_OTimoneiro","twitter_misc":{"Escrito por":"Reda\u00e7\u00e3o","Est. tempo de leitura":"3 minutos"},"schema":{"@context":"https:\/\/schema.org","@graph":[{"@type":"Article","@id":"https:\/\/jornaltimoneiro.com.br\/index.php\/2024\/08\/19\/mais-de-56-milhoes-de-familias-recebem-auxilio-gas-a-partir-de-hoje\/#article","isPartOf":{"@id":"https:\/\/jornaltimoneiro.com.br\/index.php\/2024\/08\/19\/mais-de-56-milhoes-de-familias-recebem-auxilio-gas-a-partir-de-hoje\/"},"author":{"name":"Reda\u00e7\u00e3o","@id":"https:\/\/jornaltimoneiro.com.br\/#\/schema\/person\/f63482f1a02b1a9592707865e509ab40"},"headline":"Mais de 5,6 milh\u00f5es de fam\u00edlias recebem Aux\u00edlio G\u00e1s a partir de hoje\u00a0","datePublished":"2024-08-19T13:56:56+00:00","dateModified":"2024-08-19T13:58:52+00:00","mainEntityOfPage":{"@id":"https:\/\/jornaltimoneiro.com.br\/index.php\/2024\/08\/19\/mais-de-56-milhoes-de-familias-recebem-auxilio-gas-a-partir-de-hoje\/"},"wordCount":403,"commentCount":0,"publisher":{"@id":"https:\/\/jornaltimoneiro.com.br\/#organization"},"keywords":["aux\u00edlio g\u00e1s","benef\u00edcio","Brasil","fam\u00edlias"],"articleSection":["Servi\u00e7os"],"inLanguage":"pt-BR","potentialAction":[{"@type":"CommentAction","name":"Comment","target":["https:\/\/jornaltimoneiro.com.br\/index.php\/2024\/08\/19\/mais-de-56-milhoes-de-familias-recebem-auxilio-gas-a-partir-de-hoje\/#respond"]}]},{"@type":"WebPage","@id":"https:\/\/jornaltimoneiro.com.br\/index.php\/2024\/08\/19\/mais-de-56-milhoes-de-familias-recebem-auxilio-gas-a-partir-de-hoje\/","url":"https:\/\/jornaltimoneiro.com.br\/index.php\/2024\/08\/19\/mais-de-56-milhoes-de-familias-recebem-auxilio-gas-a-partir-de-hoje\/","name":"Mais de 5,6 milh\u00f5es de fam\u00edlias recebem Aux\u00edlio G\u00e1s a partir de hoje\u00a0 - O Timoneiro Jornal Canoas RS","isPartOf":{"@id":"https:\/\/jornaltimoneiro.com.br\/#website"},"datePublished":"2024-08-19T13:56:56+00:00","dateModified":"2024-08-19T13:58:52+00:00","description":"Programa Aux\u00edlio G\u00e1s dos Brasileiros come\u00e7a a ser pago, Em agosto, mais de 5,64 milh\u00f5es de fam\u00edlias v\u00e3o receber o benef\u00edcio","breadcrumb":{"@id":"https:\/\/jornaltimoneiro.com.br\/index.php\/2024\/08\/19\/mais-de-56-milhoes-de-familias-recebem-auxilio-gas-a-partir-de-hoje\/#breadcrumb"},"inLanguage":"pt-BR","potentialAction":[{"@type":"ReadAction","target":["https:\/\/jornaltimoneiro.com.br\/index.php\/2024\/08\/19\/mais-de-56-milhoes-de-familias-recebem-auxilio-gas-a-partir-de-hoje\/"]}]},{"@type":"BreadcrumbList","@id":"https:\/\/jornaltimoneiro.com.br\/index.php\/2024\/08\/19\/mais-de-56-milhoes-de-familias-recebem-auxilio-gas-a-partir-de-hoje\/#breadcrumb","itemListElement":[{"@type":"ListItem","position":1,"name":"In\u00edcio","item":"https:\/\/jornaltimoneiro.com.br\/"},{"@type":"ListItem","position":2,"name":"Mais de 5,6 milh\u00f5es de fam\u00edlias recebem Aux\u00edlio G\u00e1s a partir de hoje\u00a0"}]},{"@type":"WebSite","@id":"https:\/\/jornaltimoneiro.com.br\/#website","url":"https:\/\/jornaltimoneiro.com.br\/","name":"Jornal Timoneiro Canoas RS","description":"Jornal O Timoneiro, o verdadeiro jornal de Canoas","publisher":{"@id":"https:\/\/jornaltimoneiro.com.br\/#organization"},"potentialAction":[{"@type":"SearchAction","target":{"@type":"EntryPoint","urlTemplate":"https:\/\/jornaltimoneiro.com.br\/?s={search_term_string}"},"query-input":"required name=search_term_string"}],"inLanguage":"pt-BR"},{"@type":"Organization","@id":"https:\/\/jornaltimoneiro.com.br\/#organization","name":"Jornal Timoneiro Canoas RS","url":"https:\/\/jornaltimoneiro.com.br\/","logo":{"@type":"ImageObject","inLanguage":"pt-BR","@id":"https:\/\/jornaltimoneiro.com.br\/#\/schema\/logo\/image\/","url":"https:\/\/jornaltimoneiro.com.br\/wp-content\/uploads\/2023\/03\/logonovo.png","contentUrl":"https:\/\/jornaltimoneiro.com.br\/wp-content\/uploads\/2023\/03\/logonovo.png","width":"469","height":"171","caption":"Jornal Timoneiro Canoas RS"},"image":{"@id":"https:\/\/jornaltimoneiro.com.br\/#\/schema\/logo\/image\/"},"sameAs":["https:\/\/www.facebook.com\/jornaltimoneiro","https:\/\/twitter.com\/_OTimoneiro","https:\/\/www.instagram.com\/jornaltimoneirocanoas\/","https:\/\/www.youtube.com\/@jornalotimoneiro7927"]},{"@type":"Person","@id":"https:\/\/jornaltimoneiro.com.br\/#\/schema\/person\/f63482f1a02b1a9592707865e509ab40","name":"Reda\u00e7\u00e3o","image":{"@type":"ImageObject","inLanguage":"pt-BR","@id":"https:\/\/jornaltimoneiro.com.br\/#\/schema\/person\/image\/","url":"https:\/\/jornaltimoneiro.com.br\/wp-content\/uploads\/2023\/03\/download.jpeg","contentUrl":"https:\/\/jornaltimoneiro.com.br\/wp-content\/uploads\/2023\/03\/download.jpeg","caption":"Reda\u00e7\u00e3o"},"url":"https:\/\/jornaltimoneiro.com.br\/index.php\/author\/simone-dutra\/"}]}},"_links":{"self":[{"href":"https:\/\/jornaltimoneiro.com.br\/index.php\/wp-json\/wp\/v2\/posts\/31732"}],"collection":[{"href":"https:\/\/jornaltimoneiro.com.br\/index.php\/wp-json\/wp\/v2\/posts"}],"about":[{"href":"https:\/\/jornaltimoneiro.com.br\/index.php\/wp-json\/wp\/v2\/types\/post"}],"author":[{"embeddable":true,"href":"https:\/\/jornaltimoneiro.com.br\/index.php\/wp-json\/wp\/v2\/users\/2"}],"replies":[{"embeddable":true,"href":"https:\/\/jornaltimoneiro.com.br\/index.php\/wp-json\/wp\/v2\/comments?post=31732"}],"version-history":[{"count":3,"href":"https:\/\/jornaltimoneiro.com.br\/index.php\/wp-json\/wp\/v2\/posts\/31732\/revisions"}],"predecessor-version":[{"id":31737,"href":"https:\/\/jornaltimoneiro.com.br\/index.php\/wp-json\/wp\/v2\/posts\/31732\/revisions\/31737"}],"wp:featuredmedia":[{"embeddable":true,"href":"https:\/\/jornaltimoneiro.com.br\/index.php\/wp-json\/wp\/v2\/media\/31733"}],"wp:attachment":[{"href":"https:\/\/jornaltimoneiro.com.br\/index.php\/wp-json\/wp\/v2\/media?parent=31732"}],"wp:term":[{"taxonomy":"category","embeddable":true,"href":"https:\/\/jornaltimoneiro.com.br\/index.php\/wp-json\/wp\/v2\/categories?post=31732"},{"taxonomy":"post_tag","embeddable":true,"href":"https:\/\/jornaltimoneiro.com.br\/index.php\/wp-json\/wp\/v2\/tags?post=31732"}],"curies":[{"name":"wp","href":"https:\/\/api.w.org\/{rel}","templated":true}]}}