{"id":317,"date":"2015-06-12T09:12:39","date_gmt":"2015-06-12T12:12:39","guid":{"rendered":"http:\/\/otimoneiro.com.br\/?p=317"},"modified":"2015-06-12T09:12:39","modified_gmt":"2015-06-12T12:12:39","slug":"ccs-fantasmas-mpf-investiga-fraga-ronchetti-deputados-e-conselheiros-do-tce","status":"publish","type":"post","link":"https:\/\/jornaltimoneiro.com.br\/index.php\/2015\/06\/12\/ccs-fantasmas-mpf-investiga-fraga-ronchetti-deputados-e-conselheiros-do-tce\/","title":{"rendered":"CCs Fantasmas: MPF investiga Fraga, Ronchetti, deputados e conselheiros do TCE"},"content":{"rendered":"<p><strong><em>por Bruno Lara<\/em><\/strong><\/p>\n<p>&#8211; O Minist\u00e9rio P\u00fablico Federal denunciou 12 pessoas em cargos de confian\u00e7a que teriam recebido sem trabalhar durante cinco anos na Assembleia Legislativa do Rio Grande do Sul no per\u00edodo compreendido entre 2003 e 2008. A situa\u00e7\u00e3o, que tramita no Superior Tribunal de Justi\u00e7a (STJ), envolve suspeito com foro privilegiado. Mais uma vez, o Partido Progressista aparece como um dos denunciados, representado por Marcos Peixoto, deputado estadual, conselheiro no Tribunal de Contas do Estado (TCE). O representante do PMDB no esquema \u00e9 o atual Prefeito de Gravata\u00ed, Marco Alba. Alba \u00e9, tamb\u00e9m, Diretor Executivo do Conselho Deliberativo Metropolitano (CDM), indicado pelo prefeito de Canoas, Jairo Jorge (PT), aos 19 dias de mar\u00e7o deste ano.<br \/>\nA Pol\u00edcia Federal (PF), em 2012, concluiu a investiga\u00e7\u00e3o indiciando 11 suspeitos de envolvimento na manuten\u00e7\u00e3o de funcion\u00e1rios fantasmas na Assembl\u00e9ia Legislativa (AL). Dentre eles, sete exerciam as fun\u00e7\u00f5es pelas quais foram contratados, mas tinham conhecimento que funcion\u00e1rios fantasmas recebiam e n\u00e3o denunciaram. Outros quatro receberam valores sem trabalhar por meio de cargos de confian\u00e7a (CCs).<\/p>\n<p><a href=\"http:\/\/otimoneiro.com.br\/wp-content\/uploads\/2015\/06\/20150612a.jpg\"><img decoding=\"async\" class=\"alignleft wp-image-320\" src=\"http:\/\/otimoneiro.com.br\/wp-content\/uploads\/2015\/06\/20150612a-1024x292.jpg\" alt=\"20150612a\" width=\"500\" height=\"143\" \/><\/a><\/p>\n<p>&nbsp;<\/p>\n<p>&nbsp;<\/p>\n<p>&nbsp;<\/p>\n<p>&nbsp;<\/p>\n<p><strong>Familiares de Ronchetti e Fraga no esquema<\/strong><br \/>\nDentre os que recebiam sem exercer a fun\u00e7\u00e3o, encontram-se duas filhas de Francisco, Danielle e Michelle Fraga. Tamb\u00e9m Marcos e Miraci Ronchetti, filho e ex-mulher, respectivamente, do ex-prefeito e atual vereador da cidade de Canoas, Marcos Ant\u00f4nio Ronchetti (PSDB).<br \/>\nFrancisco de Oliveira Fraga, ex-secret\u00e1rio de governo de Canoas, juntamente com Marco Alba (PMDB), Jos\u00e9 Sperotto (PTB), Marco Peixoto (PP), Hermes Dutra (Funcion\u00e1rio AL), Jo\u00e3o Luiz Vargas (ex-deputado e ex-conselheiro do TCE durante os mandatos de Ronchetti), Marcelo Villas-Boas (Jornalista) e Iolanda Ribeiro (ex-servidora AL) foram os demais denunciados.<br \/>\nRicardo Cunha Martins, advogado de Francisco Fraga, Danielle Fraga, Michelle Fraga, Marcos Ant\u00f4nio Ronchetti Filho e Miraci Terezinha Ronchetti, afirmou que as escutas telef\u00f4nicas foram il\u00edcitas. &#8220;Sustento que a prova &#8211; as escutas telef\u00f4nicas &#8211; da Opera\u00e7\u00e3o Solid\u00e1ria s\u00e3o il\u00edcitas, como o Supremo Tribunal Federal j\u00e1 atestou em outros casos ligados \u00e0 opera\u00e7\u00e3o.&#8221;<\/p>\n<p><a href=\"http:\/\/otimoneiro.com.br\/ot-denunciou-ligacao-entre-gestores-e-conselheiros-em-2004\/\">LEIA: OT denunciou liga\u00e7\u00e3o entre gestores e conselheiros em 2004<\/a><\/p>\n","protected":false},"excerpt":{"rendered":"<p>por Bruno Lara &#8211; O Minist\u00e9rio P\u00fablico Federal denunciou 12 pessoas em cargos de confian\u00e7a que teriam recebido sem trabalhar durante cinco anos na Assembleia Legislativa do Rio Grande do Sul no per\u00edodo compreendido entre 2003 e 2008. A situa\u00e7\u00e3o, que tramita no Superior Tribunal de Justi\u00e7a (STJ), envolve suspeito com foro privilegiado. Mais uma [&hellip;]<\/p>\n","protected":false},"author":1,"featured_media":320,"comment_status":"open","ping_status":"open","sticky":false,"template":"","format":"standard","meta":{"amp_status":"","footnotes":""},"categories":[19,20],"tags":[],"class_list":["post-317","post","type-post","status-publish","format-standard","has-post-thumbnail","hentry","category-destaques","category-politica-noticias"],"yoast_head":"<!-- This site is optimized with the Yoast SEO plugin v20.5 - https:\/\/yoast.com\/wordpress\/plugins\/seo\/ -->\n<title>CCs Fantasmas: MPF investiga Fraga, Ronchetti, deputados e conselheiros do TCE - O Timoneiro Jornal Canoas RS<\/title>\n<meta name=\"robots\" content=\"index, follow, max-snippet:-1, max-image-preview:large, max-video-preview:-1\" \/>\n<link rel=\"canonical\" href=\"https:\/\/jornaltimoneiro.com.br\/index.php\/2015\/06\/12\/ccs-fantasmas-mpf-investiga-fraga-ronchetti-deputados-e-conselheiros-do-tce\/\" \/>\n<meta property=\"og:locale\" content=\"pt_BR\" \/>\n<meta property=\"og:type\" content=\"article\" \/>\n<meta property=\"og:title\" content=\"CCs Fantasmas: MPF investiga Fraga, Ronchetti, deputados e conselheiros do TCE - O Timoneiro Jornal Canoas RS\" \/>\n<meta property=\"og:description\" content=\"por Bruno Lara &#8211; O Minist\u00e9rio P\u00fablico Federal denunciou 12 pessoas em cargos de confian\u00e7a que teriam recebido sem trabalhar durante cinco anos na Assembleia Legislativa do Rio Grande do Sul no per\u00edodo compreendido entre 2003 e 2008. A situa\u00e7\u00e3o, que tramita no Superior Tribunal de Justi\u00e7a (STJ), envolve suspeito com foro privilegiado. Mais uma [&hellip;]\" \/>\n<meta property=\"og:url\" content=\"https:\/\/jornaltimoneiro.com.br\/index.php\/2015\/06\/12\/ccs-fantasmas-mpf-investiga-fraga-ronchetti-deputados-e-conselheiros-do-tce\/\" \/>\n<meta property=\"og:site_name\" content=\"O Timoneiro Jornal Canoas RS\" \/>\n<meta property=\"article:publisher\" content=\"https:\/\/www.facebook.com\/jornaltimoneiro\" \/>\n<meta property=\"article:published_time\" content=\"2015-06-12T12:12:39+00:00\" \/>\n<meta name=\"author\" content=\"Reda\u00e7\u00e3o\" \/>\n<meta name=\"twitter:card\" content=\"summary_large_image\" \/>\n<meta name=\"twitter:creator\" content=\"@_OTimoneiro\" \/>\n<meta name=\"twitter:site\" content=\"@_OTimoneiro\" \/>\n<meta name=\"twitter:label1\" content=\"Escrito por\" \/>\n\t<meta name=\"twitter:data1\" content=\"Reda\u00e7\u00e3o\" \/>\n\t<meta name=\"twitter:label2\" content=\"Est. tempo de leitura\" \/>\n\t<meta name=\"twitter:data2\" content=\"2 minutos\" \/>\n<script type=\"application\/ld+json\" class=\"yoast-schema-graph\">{\"@context\":\"https:\/\/schema.org\",\"@graph\":[{\"@type\":\"Article\",\"@id\":\"https:\/\/jornaltimoneiro.com.br\/index.php\/2015\/06\/12\/ccs-fantasmas-mpf-investiga-fraga-ronchetti-deputados-e-conselheiros-do-tce\/#article\",\"isPartOf\":{\"@id\":\"https:\/\/jornaltimoneiro.com.br\/index.php\/2015\/06\/12\/ccs-fantasmas-mpf-investiga-fraga-ronchetti-deputados-e-conselheiros-do-tce\/\"},\"author\":{\"name\":\"Reda\u00e7\u00e3o\",\"@id\":\"https:\/\/jornaltimoneiro.com.br\/#\/schema\/person\/620efd1d8244466117482be494360b08\"},\"headline\":\"CCs Fantasmas: MPF investiga Fraga, Ronchetti, deputados e conselheiros do TCE\",\"datePublished\":\"2015-06-12T12:12:39+00:00\",\"dateModified\":\"2015-06-12T12:12:39+00:00\",\"mainEntityOfPage\":{\"@id\":\"https:\/\/jornaltimoneiro.com.br\/index.php\/2015\/06\/12\/ccs-fantasmas-mpf-investiga-fraga-ronchetti-deputados-e-conselheiros-do-tce\/\"},\"wordCount\":369,\"commentCount\":0,\"publisher\":{\"@id\":\"https:\/\/jornaltimoneiro.com.br\/#organization\"},\"articleSection\":[\"Destaques\",\"Pol\u00edtica\"],\"inLanguage\":\"pt-BR\",\"potentialAction\":[{\"@type\":\"CommentAction\",\"name\":\"Comment\",\"target\":[\"https:\/\/jornaltimoneiro.com.br\/index.php\/2015\/06\/12\/ccs-fantasmas-mpf-investiga-fraga-ronchetti-deputados-e-conselheiros-do-tce\/#respond\"]}]},{\"@type\":\"WebPage\",\"@id\":\"https:\/\/jornaltimoneiro.com.br\/index.php\/2015\/06\/12\/ccs-fantasmas-mpf-investiga-fraga-ronchetti-deputados-e-conselheiros-do-tce\/\",\"url\":\"https:\/\/jornaltimoneiro.com.br\/index.php\/2015\/06\/12\/ccs-fantasmas-mpf-investiga-fraga-ronchetti-deputados-e-conselheiros-do-tce\/\",\"name\":\"CCs Fantasmas: MPF investiga Fraga, Ronchetti, deputados e conselheiros do TCE - O Timoneiro Jornal Canoas RS\",\"isPartOf\":{\"@id\":\"https:\/\/jornaltimoneiro.com.br\/#website\"},\"datePublished\":\"2015-06-12T12:12:39+00:00\",\"dateModified\":\"2015-06-12T12:12:39+00:00\",\"breadcrumb\":{\"@id\":\"https:\/\/jornaltimoneiro.com.br\/index.php\/2015\/06\/12\/ccs-fantasmas-mpf-investiga-fraga-ronchetti-deputados-e-conselheiros-do-tce\/#breadcrumb\"},\"inLanguage\":\"pt-BR\",\"potentialAction\":[{\"@type\":\"ReadAction\",\"target\":[\"https:\/\/jornaltimoneiro.com.br\/index.php\/2015\/06\/12\/ccs-fantasmas-mpf-investiga-fraga-ronchetti-deputados-e-conselheiros-do-tce\/\"]}]},{\"@type\":\"BreadcrumbList\",\"@id\":\"https:\/\/jornaltimoneiro.com.br\/index.php\/2015\/06\/12\/ccs-fantasmas-mpf-investiga-fraga-ronchetti-deputados-e-conselheiros-do-tce\/#breadcrumb\",\"itemListElement\":[{\"@type\":\"ListItem\",\"position\":1,\"name\":\"In\u00edcio\",\"item\":\"https:\/\/jornaltimoneiro.com.br\/\"},{\"@type\":\"ListItem\",\"position\":2,\"name\":\"CCs Fantasmas: MPF investiga Fraga, Ronchetti, deputados e conselheiros do TCE\"}]},{\"@type\":\"WebSite\",\"@id\":\"https:\/\/jornaltimoneiro.com.br\/#website\",\"url\":\"https:\/\/jornaltimoneiro.com.br\/\",\"name\":\"Jornal Timoneiro Canoas RS\",\"description\":\"Jornal O Timoneiro, o verdadeiro jornal de Canoas\",\"publisher\":{\"@id\":\"https:\/\/jornaltimoneiro.com.br\/#organization\"},\"potentialAction\":[{\"@type\":\"SearchAction\",\"target\":{\"@type\":\"EntryPoint\",\"urlTemplate\":\"https:\/\/jornaltimoneiro.com.br\/?s={search_term_string}\"},\"query-input\":\"required name=search_term_string\"}],\"inLanguage\":\"pt-BR\"},{\"@type\":\"Organization\",\"@id\":\"https:\/\/jornaltimoneiro.com.br\/#organization\",\"name\":\"Jornal Timoneiro Canoas RS\",\"url\":\"https:\/\/jornaltimoneiro.com.br\/\",\"logo\":{\"@type\":\"ImageObject\",\"inLanguage\":\"pt-BR\",\"@id\":\"https:\/\/jornaltimoneiro.com.br\/#\/schema\/logo\/image\/\",\"url\":\"https:\/\/jornaltimoneiro.com.br\/wp-content\/uploads\/2023\/03\/logonovo.png\",\"contentUrl\":\"https:\/\/jornaltimoneiro.com.br\/wp-content\/uploads\/2023\/03\/logonovo.png\",\"width\":\"469\",\"height\":\"171\",\"caption\":\"Jornal Timoneiro Canoas RS\"},\"image\":{\"@id\":\"https:\/\/jornaltimoneiro.com.br\/#\/schema\/logo\/image\/\"},\"sameAs\":[\"https:\/\/www.facebook.com\/jornaltimoneiro\",\"https:\/\/twitter.com\/_OTimoneiro\",\"https:\/\/www.instagram.com\/jornaltimoneirocanoas\/\",\"https:\/\/www.youtube.com\/@jornalotimoneiro7927\"]},{\"@type\":\"Person\",\"@id\":\"https:\/\/jornaltimoneiro.com.br\/#\/schema\/person\/620efd1d8244466117482be494360b08\",\"name\":\"Reda\u00e7\u00e3o\",\"image\":{\"@type\":\"ImageObject\",\"inLanguage\":\"pt-BR\",\"@id\":\"https:\/\/jornaltimoneiro.com.br\/#\/schema\/person\/image\/\",\"url\":\"https:\/\/secure.gravatar.com\/avatar\/2f04e1b304682a8d9db336c7acd77f08?s=96&d=mm&r=g\",\"contentUrl\":\"https:\/\/secure.gravatar.com\/avatar\/2f04e1b304682a8d9db336c7acd77f08?s=96&d=mm&r=g\",\"caption\":\"Reda\u00e7\u00e3o\"},\"url\":\"https:\/\/jornaltimoneiro.com.br\/index.php\/author\/timoneirocanoas\/\"}]}<\/script>\n<!-- \/ Yoast SEO plugin. -->","yoast_head_json":{"title":"CCs Fantasmas: MPF investiga Fraga, Ronchetti, deputados e conselheiros do TCE - O Timoneiro Jornal Canoas RS","robots":{"index":"index","follow":"follow","max-snippet":"max-snippet:-1","max-image-preview":"max-image-preview:large","max-video-preview":"max-video-preview:-1"},"canonical":"https:\/\/jornaltimoneiro.com.br\/index.php\/2015\/06\/12\/ccs-fantasmas-mpf-investiga-fraga-ronchetti-deputados-e-conselheiros-do-tce\/","og_locale":"pt_BR","og_type":"article","og_title":"CCs Fantasmas: MPF investiga Fraga, Ronchetti, deputados e conselheiros do TCE - O Timoneiro Jornal Canoas RS","og_description":"por Bruno Lara &#8211; O Minist\u00e9rio P\u00fablico Federal denunciou 12 pessoas em cargos de confian\u00e7a que teriam recebido sem trabalhar durante cinco anos na Assembleia Legislativa do Rio Grande do Sul no per\u00edodo compreendido entre 2003 e 2008. A situa\u00e7\u00e3o, que tramita no Superior Tribunal de Justi\u00e7a (STJ), envolve suspeito com foro privilegiado. Mais uma [&hellip;]","og_url":"https:\/\/jornaltimoneiro.com.br\/index.php\/2015\/06\/12\/ccs-fantasmas-mpf-investiga-fraga-ronchetti-deputados-e-conselheiros-do-tce\/","og_site_name":"O Timoneiro Jornal Canoas RS","article_publisher":"https:\/\/www.facebook.com\/jornaltimoneiro","article_published_time":"2015-06-12T12:12:39+00:00","author":"Reda\u00e7\u00e3o","twitter_card":"summary_large_image","twitter_creator":"@_OTimoneiro","twitter_site":"@_OTimoneiro","twitter_misc":{"Escrito por":"Reda\u00e7\u00e3o","Est. tempo de leitura":"2 minutos"},"schema":{"@context":"https:\/\/schema.org","@graph":[{"@type":"Article","@id":"https:\/\/jornaltimoneiro.com.br\/index.php\/2015\/06\/12\/ccs-fantasmas-mpf-investiga-fraga-ronchetti-deputados-e-conselheiros-do-tce\/#article","isPartOf":{"@id":"https:\/\/jornaltimoneiro.com.br\/index.php\/2015\/06\/12\/ccs-fantasmas-mpf-investiga-fraga-ronchetti-deputados-e-conselheiros-do-tce\/"},"author":{"name":"Reda\u00e7\u00e3o","@id":"https:\/\/jornaltimoneiro.com.br\/#\/schema\/person\/620efd1d8244466117482be494360b08"},"headline":"CCs Fantasmas: MPF investiga Fraga, Ronchetti, deputados e conselheiros do TCE","datePublished":"2015-06-12T12:12:39+00:00","dateModified":"2015-06-12T12:12:39+00:00","mainEntityOfPage":{"@id":"https:\/\/jornaltimoneiro.com.br\/index.php\/2015\/06\/12\/ccs-fantasmas-mpf-investiga-fraga-ronchetti-deputados-e-conselheiros-do-tce\/"},"wordCount":369,"commentCount":0,"publisher":{"@id":"https:\/\/jornaltimoneiro.com.br\/#organization"},"articleSection":["Destaques","Pol\u00edtica"],"inLanguage":"pt-BR","potentialAction":[{"@type":"CommentAction","name":"Comment","target":["https:\/\/jornaltimoneiro.com.br\/index.php\/2015\/06\/12\/ccs-fantasmas-mpf-investiga-fraga-ronchetti-deputados-e-conselheiros-do-tce\/#respond"]}]},{"@type":"WebPage","@id":"https:\/\/jornaltimoneiro.com.br\/index.php\/2015\/06\/12\/ccs-fantasmas-mpf-investiga-fraga-ronchetti-deputados-e-conselheiros-do-tce\/","url":"https:\/\/jornaltimoneiro.com.br\/index.php\/2015\/06\/12\/ccs-fantasmas-mpf-investiga-fraga-ronchetti-deputados-e-conselheiros-do-tce\/","name":"CCs Fantasmas: MPF investiga Fraga, Ronchetti, deputados e conselheiros do TCE - O Timoneiro Jornal Canoas RS","isPartOf":{"@id":"https:\/\/jornaltimoneiro.com.br\/#website"},"datePublished":"2015-06-12T12:12:39+00:00","dateModified":"2015-06-12T12:12:39+00:00","breadcrumb":{"@id":"https:\/\/jornaltimoneiro.com.br\/index.php\/2015\/06\/12\/ccs-fantasmas-mpf-investiga-fraga-ronchetti-deputados-e-conselheiros-do-tce\/#breadcrumb"},"inLanguage":"pt-BR","potentialAction":[{"@type":"ReadAction","target":["https:\/\/jornaltimoneiro.com.br\/index.php\/2015\/06\/12\/ccs-fantasmas-mpf-investiga-fraga-ronchetti-deputados-e-conselheiros-do-tce\/"]}]},{"@type":"BreadcrumbList","@id":"https:\/\/jornaltimoneiro.com.br\/index.php\/2015\/06\/12\/ccs-fantasmas-mpf-investiga-fraga-ronchetti-deputados-e-conselheiros-do-tce\/#breadcrumb","itemListElement":[{"@type":"ListItem","position":1,"name":"In\u00edcio","item":"https:\/\/jornaltimoneiro.com.br\/"},{"@type":"ListItem","position":2,"name":"CCs Fantasmas: MPF investiga Fraga, Ronchetti, deputados e conselheiros do TCE"}]},{"@type":"WebSite","@id":"https:\/\/jornaltimoneiro.com.br\/#website","url":"https:\/\/jornaltimoneiro.com.br\/","name":"Jornal Timoneiro Canoas RS","description":"Jornal O Timoneiro, o verdadeiro jornal de Canoas","publisher":{"@id":"https:\/\/jornaltimoneiro.com.br\/#organization"},"potentialAction":[{"@type":"SearchAction","target":{"@type":"EntryPoint","urlTemplate":"https:\/\/jornaltimoneiro.com.br\/?s={search_term_string}"},"query-input":"required name=search_term_string"}],"inLanguage":"pt-BR"},{"@type":"Organization","@id":"https:\/\/jornaltimoneiro.com.br\/#organization","name":"Jornal Timoneiro Canoas RS","url":"https:\/\/jornaltimoneiro.com.br\/","logo":{"@type":"ImageObject","inLanguage":"pt-BR","@id":"https:\/\/jornaltimoneiro.com.br\/#\/schema\/logo\/image\/","url":"https:\/\/jornaltimoneiro.com.br\/wp-content\/uploads\/2023\/03\/logonovo.png","contentUrl":"https:\/\/jornaltimoneiro.com.br\/wp-content\/uploads\/2023\/03\/logonovo.png","width":"469","height":"171","caption":"Jornal Timoneiro Canoas RS"},"image":{"@id":"https:\/\/jornaltimoneiro.com.br\/#\/schema\/logo\/image\/"},"sameAs":["https:\/\/www.facebook.com\/jornaltimoneiro","https:\/\/twitter.com\/_OTimoneiro","https:\/\/www.instagram.com\/jornaltimoneirocanoas\/","https:\/\/www.youtube.com\/@jornalotimoneiro7927"]},{"@type":"Person","@id":"https:\/\/jornaltimoneiro.com.br\/#\/schema\/person\/620efd1d8244466117482be494360b08","name":"Reda\u00e7\u00e3o","image":{"@type":"ImageObject","inLanguage":"pt-BR","@id":"https:\/\/jornaltimoneiro.com.br\/#\/schema\/person\/image\/","url":"https:\/\/secure.gravatar.com\/avatar\/2f04e1b304682a8d9db336c7acd77f08?s=96&d=mm&r=g","contentUrl":"https:\/\/secure.gravatar.com\/avatar\/2f04e1b304682a8d9db336c7acd77f08?s=96&d=mm&r=g","caption":"Reda\u00e7\u00e3o"},"url":"https:\/\/jornaltimoneiro.com.br\/index.php\/author\/timoneirocanoas\/"}]}},"_links":{"self":[{"href":"https:\/\/jornaltimoneiro.com.br\/index.php\/wp-json\/wp\/v2\/posts\/317"}],"collection":[{"href":"https:\/\/jornaltimoneiro.com.br\/index.php\/wp-json\/wp\/v2\/posts"}],"about":[{"href":"https:\/\/jornaltimoneiro.com.br\/index.php\/wp-json\/wp\/v2\/types\/post"}],"author":[{"embeddable":true,"href":"https:\/\/jornaltimoneiro.com.br\/index.php\/wp-json\/wp\/v2\/users\/1"}],"replies":[{"embeddable":true,"href":"https:\/\/jornaltimoneiro.com.br\/index.php\/wp-json\/wp\/v2\/comments?post=317"}],"version-history":[{"count":0,"href":"https:\/\/jornaltimoneiro.com.br\/index.php\/wp-json\/wp\/v2\/posts\/317\/revisions"}],"wp:featuredmedia":[{"embeddable":true,"href":"https:\/\/jornaltimoneiro.com.br\/index.php\/wp-json\/"}],"wp:attachment":[{"href":"https:\/\/jornaltimoneiro.com.br\/index.php\/wp-json\/wp\/v2\/media?parent=317"}],"wp:term":[{"taxonomy":"category","embeddable":true,"href":"https:\/\/jornaltimoneiro.com.br\/index.php\/wp-json\/wp\/v2\/categories?post=317"},{"taxonomy":"post_tag","embeddable":true,"href":"https:\/\/jornaltimoneiro.com.br\/index.php\/wp-json\/wp\/v2\/tags?post=317"}],"curies":[{"name":"wp","href":"https:\/\/api.w.org\/{rel}","templated":true}]}}