{"id":31658,"date":"2024-08-13T13:59:06","date_gmt":"2024-08-13T16:59:06","guid":{"rendered":"https:\/\/jornaltimoneiro.com.br\/?p=31658"},"modified":"2024-08-13T13:59:55","modified_gmt":"2024-08-13T16:59:55","slug":"exposicao-reflexsos-tera-acao-beneficente-em-prol-das-vitimas-das-enchentes-do-rs","status":"publish","type":"post","link":"https:\/\/jornaltimoneiro.com.br\/index.php\/2024\/08\/13\/exposicao-reflexsos-tera-acao-beneficente-em-prol-das-vitimas-das-enchentes-do-rs\/","title":{"rendered":"Exposi\u00e7\u00e3o ReflexSOS ter\u00e1 a\u00e7\u00e3o beneficente em prol das v\u00edtimas das enchentes do RS"},"content":{"rendered":"<p dir=\"ltr\">O Dia Mundial da Fotografia, 19 de agosto, foi escolhido para o lan\u00e7amento da exposi\u00e7\u00e3o ReflexSOS, assinada pelo fot\u00f3grafo Ricardo Lage, profissional com mais de 25 anos de experi\u00eancia.<\/p>\n<p dir=\"ltr\">Com um olhar art\u00edstico, ele registrou de forma sens\u00edvel paisagens e lugares hist\u00f3ricos de Porto Alegre refletidos nas \u00e1guas que invadiram a capital. O resultado desse trabalho poder\u00e1 ser conferido em um evento para convidados, no Foyer do Multipalco Eva Sopher, no Theatro S\u00e3o Pedro.<\/p>\n<div id=\"attachment_31659\" style=\"width: 710px\" class=\"wp-caption alignnone\"><img decoding=\"async\" aria-describedby=\"caption-attachment-31659\" class=\"size-full wp-image-31659\" src=\"https:\/\/jornaltimoneiro.com.br\/wp-content\/uploads\/2024\/08\/Cristian-e-Ricardo_reflexsos.jpeg\" alt=\"Cristian e Ricardo_reflexsos\" width=\"700\" height=\"587\" srcset=\"https:\/\/jornaltimoneiro.com.br\/wp-content\/uploads\/2024\/08\/Cristian-e-Ricardo_reflexsos.jpeg 700w, https:\/\/jornaltimoneiro.com.br\/wp-content\/uploads\/2024\/08\/Cristian-e-Ricardo_reflexsos-300x252.jpeg 300w\" sizes=\"(max-width: 700px) 100vw, 700px\" \/><p id=\"caption-attachment-31659\" class=\"wp-caption-text\">Cristian e Ricardo_reflexsos<\/p><\/div>\n<h4 dir=\"ltr\">Valor destinado \u00e0 ONG Recome\u00e7aRS<\/h4>\n<p dir=\"ltr\">Na ocasi\u00e3o, ser\u00e1 realizado um leil\u00e3o beneficente, em que 70% do valor arrecadado ser\u00e1 destinado \u00e0 ONG Recome\u00e7aRS.<\/p>\n<p dir=\"ltr\">A organiza\u00e7\u00e3o, liderada pelo empres\u00e1rio Cristian Mairesse Cavalheiro,\u00a0 nasceu durante as enchentes de maio e, no per\u00edodo, arrecadou cerca de R$800 mil utilizados para ajudar 2 mil animais e 1 mil fam\u00edlias atingidas.<\/p>\n<p dir=\"ltr\">O objetivo da ONG, nos pr\u00f3ximos 12 meses, \u00e9 auxiliar com recursos e mentorias especializadas 100 micro e pequenos empreendedores afetados pelas \u00e1guas a se recuperarem.<\/p>\n<p dir=\"ltr\">Al\u00e9m do valor arrecadado com o leil\u00e3o de tr\u00eas obras, as demais 15 fotografias da exposi\u00e7\u00e3o estar\u00e3o \u00e0 venda e ter\u00e3o valor revertido para a Recome\u00e7aRS. Outros 300 registros do fot\u00f3grafo poder\u00e3o ser adquiridos pelo site da ONG.<\/p>\n<h4 dir=\"ltr\">Uni\u00e3o para gerar impacto<\/h4>\n<p dir=\"ltr\">Motivados pela causa da Recome\u00e7aRS, diferentes atores se reuniram para viabilizar o evento do dia 19. Come\u00e7ando pela Orquestra Jovem do Theatro S\u00e3o Pedro, regida pelo Maestro Evandro Matt\u00e9, que realizar\u00e1 gratuitamente uma apresenta\u00e7\u00e3o musical.<\/p>\n<p dir=\"ltr\">Assim como o saxofonista Lu\u00eds Baner e o nativista Jader Leal que ir\u00e3o brindar os convidados com suas performances.<\/p>\n<p dir=\"ltr\">J\u00e1 a vin\u00edcola Casa Valduga produziu r\u00f3tulos especiais de vinho e espumante para a ReflexSOS. As bebidas poder\u00e3o ser apreciadas durante a mostra e depois adquiridas, revertendo parte do valor para a ONG.<\/p>\n<p dir=\"ltr\">Da mesma forma, ofereceram seus servi\u00e7os sem custo: Comunica Mais Assessoria Estrat\u00e9gica, Dune Eventos, Vanessa Di Biasi, Luciana Telles Brasil, Santo Expedito Design Gr\u00e1fico, Acem Internet, Mr.Estoque, Pestana Leil\u00f5es, Decorativa Loca\u00e7\u00f5es, Patr\u00edcia Roos Arranjos Florais, AC Sound e Theatro S\u00e3o Pedro.<\/p>\n","protected":false},"excerpt":{"rendered":"<p>O Dia Mundial da Fotografia, 19 de agosto, foi escolhido para o lan\u00e7amento da exposi\u00e7\u00e3o ReflexSOS, assinada pelo fot\u00f3grafo Ricardo Lage, profissional com mais de 25 anos de experi\u00eancia. Com um olhar art\u00edstico, ele registrou de forma sens\u00edvel paisagens e lugares hist\u00f3ricos de Porto Alegre refletidos nas \u00e1guas que invadiram a capital. O resultado desse [&hellip;]<\/p>\n","protected":false},"author":2,"featured_media":31660,"comment_status":"open","ping_status":"open","sticky":false,"template":"","format":"standard","meta":{"amp_status":"","footnotes":""},"categories":[76],"tags":[3231,340,116,346,2499,3230,3229,1432,121,213],"class_list":["post-31658","post","type-post","status-publish","format-standard","has-post-thumbnail","hentry","category-cultura","tag-acao-benefiente","tag-arte","tag-cultura","tag-doacao","tag-enchente-24","tag-exposicao-artistica","tag-exposicao-reflesos","tag-inundacoes","tag-porto-alegre","tag-rio-grande-do-sul"],"yoast_head":"<!-- This site is optimized with the Yoast SEO plugin v20.5 - https:\/\/yoast.com\/wordpress\/plugins\/seo\/ -->\n<title>Exposi\u00e7\u00e3o ReflexSOS ter\u00e1 a\u00e7\u00e3o beneficente em prol das v\u00edtimas das enchentes do RS - O Timoneiro Jornal Canoas RS<\/title>\n<meta name=\"description\" content=\"Exposi\u00e7\u00e3o ReflexSOS ter\u00e1 a\u00e7\u00e3o beneficente em prol das v\u00edtimas das enchentes do RS inunda\u00e7\u00e3o rio grande do sul porto alegre arte cultura\" \/>\n<meta name=\"robots\" content=\"index, follow, max-snippet:-1, max-image-preview:large, max-video-preview:-1\" \/>\n<link rel=\"canonical\" href=\"https:\/\/jornaltimoneiro.com.br\/index.php\/2024\/08\/13\/exposicao-reflexsos-tera-acao-beneficente-em-prol-das-vitimas-das-enchentes-do-rs\/\" \/>\n<meta property=\"og:locale\" content=\"pt_BR\" \/>\n<meta property=\"og:type\" content=\"article\" \/>\n<meta property=\"og:title\" content=\"Exposi\u00e7\u00e3o ReflexSOS ter\u00e1 a\u00e7\u00e3o beneficente em prol das v\u00edtimas das enchentes do RS - O Timoneiro Jornal Canoas RS\" \/>\n<meta property=\"og:description\" content=\"Exposi\u00e7\u00e3o ReflexSOS ter\u00e1 a\u00e7\u00e3o beneficente em prol das v\u00edtimas das enchentes do RS inunda\u00e7\u00e3o rio grande do sul porto alegre arte cultura\" \/>\n<meta property=\"og:url\" content=\"https:\/\/jornaltimoneiro.com.br\/index.php\/2024\/08\/13\/exposicao-reflexsos-tera-acao-beneficente-em-prol-das-vitimas-das-enchentes-do-rs\/\" \/>\n<meta property=\"og:site_name\" content=\"O Timoneiro Jornal Canoas RS\" \/>\n<meta property=\"article:publisher\" content=\"https:\/\/www.facebook.com\/jornaltimoneiro\" \/>\n<meta property=\"article:published_time\" content=\"2024-08-13T16:59:06+00:00\" \/>\n<meta property=\"article:modified_time\" content=\"2024-08-13T16:59:55+00:00\" \/>\n<meta property=\"og:image\" content=\"https:\/\/jornaltimoneiro.com.br\/wp-content\/uploads\/2024\/08\/Exposicao-ReflexSOS-tera-acao-beneficente-em-prol-das-vitimas-das-enchentes-do-RS.jpg\" \/>\n\t<meta property=\"og:image:width\" content=\"1080\" \/>\n\t<meta property=\"og:image:height\" content=\"744\" \/>\n\t<meta property=\"og:image:type\" content=\"image\/jpeg\" \/>\n<meta name=\"author\" content=\"Reda\u00e7\u00e3o\" \/>\n<meta name=\"twitter:card\" content=\"summary_large_image\" \/>\n<meta name=\"twitter:creator\" content=\"@_OTimoneiro\" \/>\n<meta name=\"twitter:site\" content=\"@_OTimoneiro\" \/>\n<meta name=\"twitter:label1\" content=\"Escrito por\" \/>\n\t<meta name=\"twitter:data1\" content=\"Reda\u00e7\u00e3o\" \/>\n\t<meta name=\"twitter:label2\" content=\"Est. tempo de leitura\" \/>\n\t<meta name=\"twitter:data2\" content=\"3 minutos\" \/>\n<script type=\"application\/ld+json\" class=\"yoast-schema-graph\">{\"@context\":\"https:\/\/schema.org\",\"@graph\":[{\"@type\":\"Article\",\"@id\":\"https:\/\/jornaltimoneiro.com.br\/index.php\/2024\/08\/13\/exposicao-reflexsos-tera-acao-beneficente-em-prol-das-vitimas-das-enchentes-do-rs\/#article\",\"isPartOf\":{\"@id\":\"https:\/\/jornaltimoneiro.com.br\/index.php\/2024\/08\/13\/exposicao-reflexsos-tera-acao-beneficente-em-prol-das-vitimas-das-enchentes-do-rs\/\"},\"author\":{\"name\":\"Reda\u00e7\u00e3o\",\"@id\":\"https:\/\/jornaltimoneiro.com.br\/#\/schema\/person\/f63482f1a02b1a9592707865e509ab40\"},\"headline\":\"Exposi\u00e7\u00e3o ReflexSOS ter\u00e1 a\u00e7\u00e3o beneficente em prol das v\u00edtimas das enchentes do RS\",\"datePublished\":\"2024-08-13T16:59:06+00:00\",\"dateModified\":\"2024-08-13T16:59:55+00:00\",\"mainEntityOfPage\":{\"@id\":\"https:\/\/jornaltimoneiro.com.br\/index.php\/2024\/08\/13\/exposicao-reflexsos-tera-acao-beneficente-em-prol-das-vitimas-das-enchentes-do-rs\/\"},\"wordCount\":383,\"commentCount\":0,\"publisher\":{\"@id\":\"https:\/\/jornaltimoneiro.com.br\/#organization\"},\"keywords\":[\"a\u00e7\u00e3o benefiente\",\"arte\",\"cultura\",\"doa\u00e7\u00e3o\",\"enchente 24\",\"exposi\u00e7\u00e3o art\u00edstica\",\"exposi\u00e7\u00e3o refleSOS\",\"inunda\u00e7\u00f5es\",\"Porto Alegre\",\"rio grande do sul\"],\"articleSection\":[\"Cultura\"],\"inLanguage\":\"pt-BR\",\"potentialAction\":[{\"@type\":\"CommentAction\",\"name\":\"Comment\",\"target\":[\"https:\/\/jornaltimoneiro.com.br\/index.php\/2024\/08\/13\/exposicao-reflexsos-tera-acao-beneficente-em-prol-das-vitimas-das-enchentes-do-rs\/#respond\"]}]},{\"@type\":\"WebPage\",\"@id\":\"https:\/\/jornaltimoneiro.com.br\/index.php\/2024\/08\/13\/exposicao-reflexsos-tera-acao-beneficente-em-prol-das-vitimas-das-enchentes-do-rs\/\",\"url\":\"https:\/\/jornaltimoneiro.com.br\/index.php\/2024\/08\/13\/exposicao-reflexsos-tera-acao-beneficente-em-prol-das-vitimas-das-enchentes-do-rs\/\",\"name\":\"Exposi\u00e7\u00e3o ReflexSOS ter\u00e1 a\u00e7\u00e3o beneficente em prol das v\u00edtimas das enchentes do RS - O Timoneiro Jornal Canoas RS\",\"isPartOf\":{\"@id\":\"https:\/\/jornaltimoneiro.com.br\/#website\"},\"datePublished\":\"2024-08-13T16:59:06+00:00\",\"dateModified\":\"2024-08-13T16:59:55+00:00\",\"description\":\"Exposi\u00e7\u00e3o ReflexSOS ter\u00e1 a\u00e7\u00e3o beneficente em prol das v\u00edtimas das enchentes do RS inunda\u00e7\u00e3o rio grande do sul porto alegre arte cultura\",\"breadcrumb\":{\"@id\":\"https:\/\/jornaltimoneiro.com.br\/index.php\/2024\/08\/13\/exposicao-reflexsos-tera-acao-beneficente-em-prol-das-vitimas-das-enchentes-do-rs\/#breadcrumb\"},\"inLanguage\":\"pt-BR\",\"potentialAction\":[{\"@type\":\"ReadAction\",\"target\":[\"https:\/\/jornaltimoneiro.com.br\/index.php\/2024\/08\/13\/exposicao-reflexsos-tera-acao-beneficente-em-prol-das-vitimas-das-enchentes-do-rs\/\"]}]},{\"@type\":\"BreadcrumbList\",\"@id\":\"https:\/\/jornaltimoneiro.com.br\/index.php\/2024\/08\/13\/exposicao-reflexsos-tera-acao-beneficente-em-prol-das-vitimas-das-enchentes-do-rs\/#breadcrumb\",\"itemListElement\":[{\"@type\":\"ListItem\",\"position\":1,\"name\":\"In\u00edcio\",\"item\":\"https:\/\/jornaltimoneiro.com.br\/\"},{\"@type\":\"ListItem\",\"position\":2,\"name\":\"Exposi\u00e7\u00e3o ReflexSOS ter\u00e1 a\u00e7\u00e3o beneficente em prol das v\u00edtimas das enchentes do RS\"}]},{\"@type\":\"WebSite\",\"@id\":\"https:\/\/jornaltimoneiro.com.br\/#website\",\"url\":\"https:\/\/jornaltimoneiro.com.br\/\",\"name\":\"Jornal Timoneiro Canoas RS\",\"description\":\"Jornal O Timoneiro, o verdadeiro jornal de Canoas\",\"publisher\":{\"@id\":\"https:\/\/jornaltimoneiro.com.br\/#organization\"},\"potentialAction\":[{\"@type\":\"SearchAction\",\"target\":{\"@type\":\"EntryPoint\",\"urlTemplate\":\"https:\/\/jornaltimoneiro.com.br\/?s={search_term_string}\"},\"query-input\":\"required name=search_term_string\"}],\"inLanguage\":\"pt-BR\"},{\"@type\":\"Organization\",\"@id\":\"https:\/\/jornaltimoneiro.com.br\/#organization\",\"name\":\"Jornal Timoneiro Canoas RS\",\"url\":\"https:\/\/jornaltimoneiro.com.br\/\",\"logo\":{\"@type\":\"ImageObject\",\"inLanguage\":\"pt-BR\",\"@id\":\"https:\/\/jornaltimoneiro.com.br\/#\/schema\/logo\/image\/\",\"url\":\"https:\/\/jornaltimoneiro.com.br\/wp-content\/uploads\/2023\/03\/logonovo.png\",\"contentUrl\":\"https:\/\/jornaltimoneiro.com.br\/wp-content\/uploads\/2023\/03\/logonovo.png\",\"width\":\"469\",\"height\":\"171\",\"caption\":\"Jornal Timoneiro Canoas RS\"},\"image\":{\"@id\":\"https:\/\/jornaltimoneiro.com.br\/#\/schema\/logo\/image\/\"},\"sameAs\":[\"https:\/\/www.facebook.com\/jornaltimoneiro\",\"https:\/\/twitter.com\/_OTimoneiro\",\"https:\/\/www.instagram.com\/jornaltimoneirocanoas\/\",\"https:\/\/www.youtube.com\/@jornalotimoneiro7927\"]},{\"@type\":\"Person\",\"@id\":\"https:\/\/jornaltimoneiro.com.br\/#\/schema\/person\/f63482f1a02b1a9592707865e509ab40\",\"name\":\"Reda\u00e7\u00e3o\",\"image\":{\"@type\":\"ImageObject\",\"inLanguage\":\"pt-BR\",\"@id\":\"https:\/\/jornaltimoneiro.com.br\/#\/schema\/person\/image\/\",\"url\":\"https:\/\/jornaltimoneiro.com.br\/wp-content\/uploads\/2023\/03\/download.jpeg\",\"contentUrl\":\"https:\/\/jornaltimoneiro.com.br\/wp-content\/uploads\/2023\/03\/download.jpeg\",\"caption\":\"Reda\u00e7\u00e3o\"},\"url\":\"https:\/\/jornaltimoneiro.com.br\/index.php\/author\/simone-dutra\/\"}]}<\/script>\n<!-- \/ Yoast SEO plugin. -->","yoast_head_json":{"title":"Exposi\u00e7\u00e3o ReflexSOS ter\u00e1 a\u00e7\u00e3o beneficente em prol das v\u00edtimas das enchentes do RS - O Timoneiro Jornal Canoas RS","description":"Exposi\u00e7\u00e3o ReflexSOS ter\u00e1 a\u00e7\u00e3o beneficente em prol das v\u00edtimas das enchentes do RS inunda\u00e7\u00e3o rio grande do sul porto alegre arte cultura","robots":{"index":"index","follow":"follow","max-snippet":"max-snippet:-1","max-image-preview":"max-image-preview:large","max-video-preview":"max-video-preview:-1"},"canonical":"https:\/\/jornaltimoneiro.com.br\/index.php\/2024\/08\/13\/exposicao-reflexsos-tera-acao-beneficente-em-prol-das-vitimas-das-enchentes-do-rs\/","og_locale":"pt_BR","og_type":"article","og_title":"Exposi\u00e7\u00e3o ReflexSOS ter\u00e1 a\u00e7\u00e3o beneficente em prol das v\u00edtimas das enchentes do RS - O Timoneiro Jornal Canoas RS","og_description":"Exposi\u00e7\u00e3o ReflexSOS ter\u00e1 a\u00e7\u00e3o beneficente em prol das v\u00edtimas das enchentes do RS inunda\u00e7\u00e3o rio grande do sul porto alegre arte cultura","og_url":"https:\/\/jornaltimoneiro.com.br\/index.php\/2024\/08\/13\/exposicao-reflexsos-tera-acao-beneficente-em-prol-das-vitimas-das-enchentes-do-rs\/","og_site_name":"O Timoneiro Jornal Canoas RS","article_publisher":"https:\/\/www.facebook.com\/jornaltimoneiro","article_published_time":"2024-08-13T16:59:06+00:00","article_modified_time":"2024-08-13T16:59:55+00:00","og_image":[{"width":1080,"height":744,"url":"https:\/\/jornaltimoneiro.com.br\/wp-content\/uploads\/2024\/08\/Exposicao-ReflexSOS-tera-acao-beneficente-em-prol-das-vitimas-das-enchentes-do-RS.jpg","type":"image\/jpeg"}],"author":"Reda\u00e7\u00e3o","twitter_card":"summary_large_image","twitter_creator":"@_OTimoneiro","twitter_site":"@_OTimoneiro","twitter_misc":{"Escrito por":"Reda\u00e7\u00e3o","Est. tempo de leitura":"3 minutos"},"schema":{"@context":"https:\/\/schema.org","@graph":[{"@type":"Article","@id":"https:\/\/jornaltimoneiro.com.br\/index.php\/2024\/08\/13\/exposicao-reflexsos-tera-acao-beneficente-em-prol-das-vitimas-das-enchentes-do-rs\/#article","isPartOf":{"@id":"https:\/\/jornaltimoneiro.com.br\/index.php\/2024\/08\/13\/exposicao-reflexsos-tera-acao-beneficente-em-prol-das-vitimas-das-enchentes-do-rs\/"},"author":{"name":"Reda\u00e7\u00e3o","@id":"https:\/\/jornaltimoneiro.com.br\/#\/schema\/person\/f63482f1a02b1a9592707865e509ab40"},"headline":"Exposi\u00e7\u00e3o ReflexSOS ter\u00e1 a\u00e7\u00e3o beneficente em prol das v\u00edtimas das enchentes do RS","datePublished":"2024-08-13T16:59:06+00:00","dateModified":"2024-08-13T16:59:55+00:00","mainEntityOfPage":{"@id":"https:\/\/jornaltimoneiro.com.br\/index.php\/2024\/08\/13\/exposicao-reflexsos-tera-acao-beneficente-em-prol-das-vitimas-das-enchentes-do-rs\/"},"wordCount":383,"commentCount":0,"publisher":{"@id":"https:\/\/jornaltimoneiro.com.br\/#organization"},"keywords":["a\u00e7\u00e3o benefiente","arte","cultura","doa\u00e7\u00e3o","enchente 24","exposi\u00e7\u00e3o art\u00edstica","exposi\u00e7\u00e3o refleSOS","inunda\u00e7\u00f5es","Porto Alegre","rio grande do sul"],"articleSection":["Cultura"],"inLanguage":"pt-BR","potentialAction":[{"@type":"CommentAction","name":"Comment","target":["https:\/\/jornaltimoneiro.com.br\/index.php\/2024\/08\/13\/exposicao-reflexsos-tera-acao-beneficente-em-prol-das-vitimas-das-enchentes-do-rs\/#respond"]}]},{"@type":"WebPage","@id":"https:\/\/jornaltimoneiro.com.br\/index.php\/2024\/08\/13\/exposicao-reflexsos-tera-acao-beneficente-em-prol-das-vitimas-das-enchentes-do-rs\/","url":"https:\/\/jornaltimoneiro.com.br\/index.php\/2024\/08\/13\/exposicao-reflexsos-tera-acao-beneficente-em-prol-das-vitimas-das-enchentes-do-rs\/","name":"Exposi\u00e7\u00e3o ReflexSOS ter\u00e1 a\u00e7\u00e3o beneficente em prol das v\u00edtimas das enchentes do RS - O Timoneiro Jornal Canoas RS","isPartOf":{"@id":"https:\/\/jornaltimoneiro.com.br\/#website"},"datePublished":"2024-08-13T16:59:06+00:00","dateModified":"2024-08-13T16:59:55+00:00","description":"Exposi\u00e7\u00e3o ReflexSOS ter\u00e1 a\u00e7\u00e3o beneficente em prol das v\u00edtimas das enchentes do RS inunda\u00e7\u00e3o rio grande do sul porto alegre arte cultura","breadcrumb":{"@id":"https:\/\/jornaltimoneiro.com.br\/index.php\/2024\/08\/13\/exposicao-reflexsos-tera-acao-beneficente-em-prol-das-vitimas-das-enchentes-do-rs\/#breadcrumb"},"inLanguage":"pt-BR","potentialAction":[{"@type":"ReadAction","target":["https:\/\/jornaltimoneiro.com.br\/index.php\/2024\/08\/13\/exposicao-reflexsos-tera-acao-beneficente-em-prol-das-vitimas-das-enchentes-do-rs\/"]}]},{"@type":"BreadcrumbList","@id":"https:\/\/jornaltimoneiro.com.br\/index.php\/2024\/08\/13\/exposicao-reflexsos-tera-acao-beneficente-em-prol-das-vitimas-das-enchentes-do-rs\/#breadcrumb","itemListElement":[{"@type":"ListItem","position":1,"name":"In\u00edcio","item":"https:\/\/jornaltimoneiro.com.br\/"},{"@type":"ListItem","position":2,"name":"Exposi\u00e7\u00e3o ReflexSOS ter\u00e1 a\u00e7\u00e3o beneficente em prol das v\u00edtimas das enchentes do RS"}]},{"@type":"WebSite","@id":"https:\/\/jornaltimoneiro.com.br\/#website","url":"https:\/\/jornaltimoneiro.com.br\/","name":"Jornal Timoneiro Canoas RS","description":"Jornal O Timoneiro, o verdadeiro jornal de Canoas","publisher":{"@id":"https:\/\/jornaltimoneiro.com.br\/#organization"},"potentialAction":[{"@type":"SearchAction","target":{"@type":"EntryPoint","urlTemplate":"https:\/\/jornaltimoneiro.com.br\/?s={search_term_string}"},"query-input":"required name=search_term_string"}],"inLanguage":"pt-BR"},{"@type":"Organization","@id":"https:\/\/jornaltimoneiro.com.br\/#organization","name":"Jornal Timoneiro Canoas RS","url":"https:\/\/jornaltimoneiro.com.br\/","logo":{"@type":"ImageObject","inLanguage":"pt-BR","@id":"https:\/\/jornaltimoneiro.com.br\/#\/schema\/logo\/image\/","url":"https:\/\/jornaltimoneiro.com.br\/wp-content\/uploads\/2023\/03\/logonovo.png","contentUrl":"https:\/\/jornaltimoneiro.com.br\/wp-content\/uploads\/2023\/03\/logonovo.png","width":"469","height":"171","caption":"Jornal Timoneiro Canoas RS"},"image":{"@id":"https:\/\/jornaltimoneiro.com.br\/#\/schema\/logo\/image\/"},"sameAs":["https:\/\/www.facebook.com\/jornaltimoneiro","https:\/\/twitter.com\/_OTimoneiro","https:\/\/www.instagram.com\/jornaltimoneirocanoas\/","https:\/\/www.youtube.com\/@jornalotimoneiro7927"]},{"@type":"Person","@id":"https:\/\/jornaltimoneiro.com.br\/#\/schema\/person\/f63482f1a02b1a9592707865e509ab40","name":"Reda\u00e7\u00e3o","image":{"@type":"ImageObject","inLanguage":"pt-BR","@id":"https:\/\/jornaltimoneiro.com.br\/#\/schema\/person\/image\/","url":"https:\/\/jornaltimoneiro.com.br\/wp-content\/uploads\/2023\/03\/download.jpeg","contentUrl":"https:\/\/jornaltimoneiro.com.br\/wp-content\/uploads\/2023\/03\/download.jpeg","caption":"Reda\u00e7\u00e3o"},"url":"https:\/\/jornaltimoneiro.com.br\/index.php\/author\/simone-dutra\/"}]}},"_links":{"self":[{"href":"https:\/\/jornaltimoneiro.com.br\/index.php\/wp-json\/wp\/v2\/posts\/31658"}],"collection":[{"href":"https:\/\/jornaltimoneiro.com.br\/index.php\/wp-json\/wp\/v2\/posts"}],"about":[{"href":"https:\/\/jornaltimoneiro.com.br\/index.php\/wp-json\/wp\/v2\/types\/post"}],"author":[{"embeddable":true,"href":"https:\/\/jornaltimoneiro.com.br\/index.php\/wp-json\/wp\/v2\/users\/2"}],"replies":[{"embeddable":true,"href":"https:\/\/jornaltimoneiro.com.br\/index.php\/wp-json\/wp\/v2\/comments?post=31658"}],"version-history":[{"count":1,"href":"https:\/\/jornaltimoneiro.com.br\/index.php\/wp-json\/wp\/v2\/posts\/31658\/revisions"}],"predecessor-version":[{"id":31661,"href":"https:\/\/jornaltimoneiro.com.br\/index.php\/wp-json\/wp\/v2\/posts\/31658\/revisions\/31661"}],"wp:featuredmedia":[{"embeddable":true,"href":"https:\/\/jornaltimoneiro.com.br\/index.php\/wp-json\/wp\/v2\/media\/31660"}],"wp:attachment":[{"href":"https:\/\/jornaltimoneiro.com.br\/index.php\/wp-json\/wp\/v2\/media?parent=31658"}],"wp:term":[{"taxonomy":"category","embeddable":true,"href":"https:\/\/jornaltimoneiro.com.br\/index.php\/wp-json\/wp\/v2\/categories?post=31658"},{"taxonomy":"post_tag","embeddable":true,"href":"https:\/\/jornaltimoneiro.com.br\/index.php\/wp-json\/wp\/v2\/tags?post=31658"}],"curies":[{"name":"wp","href":"https:\/\/api.w.org\/{rel}","templated":true}]}}