{"id":31463,"date":"2024-08-05T11:59:29","date_gmt":"2024-08-05T14:59:29","guid":{"rendered":"https:\/\/jornaltimoneiro.com.br\/?p=31463"},"modified":"2024-08-05T11:59:29","modified_gmt":"2024-08-05T14:59:29","slug":"feira-do-dia-dos-pais-da-economia-solidaria-ocorre-de-5-a-10-de-agosto-no-centro-de-canoas","status":"publish","type":"post","link":"https:\/\/jornaltimoneiro.com.br\/index.php\/2024\/08\/05\/feira-do-dia-dos-pais-da-economia-solidaria-ocorre-de-5-a-10-de-agosto-no-centro-de-canoas\/","title":{"rendered":"Feira do Dia dos Pais da Economia Solid\u00e1ria ocorre de 5 a 10 de agosto no centro de Canoas"},"content":{"rendered":"<p>A partir desta segunda-feira, 5, a \u00e1rea central de Canoas come\u00e7a a receber a tradicional Feira de Dia dos Pais da Economia Solid\u00e1ria. O evento, que \u00e9 uma iniciativa da Prefeitura de Canoas, por meio da Secretaria Municipal de Desenvolvimento Econ\u00f4mico, Turismo e Inova\u00e7\u00e3o (SMDETI), ocorrer\u00e1 at\u00e9 o pr\u00f3ximo s\u00e1bado s\u00e1bado, 10, sempre das 8 \u00e0s 19 horas.<\/p>\n<p>Vinte artes\u00e3os canoenses v\u00e3o participar da a\u00e7\u00e3o, que acontecer\u00e1 na Rua Tiradentes, no Centro. No local, ser\u00e3o oferecidas diversas op\u00e7\u00f5es para quem busca um presente especial, como ta\u00e7as, cuias, facas de churrasco e placas com mensagens gravadas na hora. Al\u00e9m dessas op\u00e7\u00f5es, haver\u00e1 tamb\u00e9m artesanatos, acess\u00f3rios, hortali\u00e7as, bolachas e p\u00e3es, entre outros.<\/p>\n","protected":false},"excerpt":{"rendered":"<p>A partir desta segunda-feira, 5, a \u00e1rea central de Canoas come\u00e7a a receber a tradicional Feira de Dia dos Pais da Economia Solid\u00e1ria. O evento, que \u00e9 uma iniciativa da Prefeitura de Canoas, por meio da Secretaria Municipal de Desenvolvimento Econ\u00f4mico, Turismo e Inova\u00e7\u00e3o (SMDETI), ocorrer\u00e1 at\u00e9 o pr\u00f3ximo s\u00e1bado s\u00e1bado, 10, sempre das 8 [&hellip;]<\/p>\n","protected":false},"author":2,"featured_media":31464,"comment_status":"open","ping_status":"open","sticky":false,"template":"","format":"standard","meta":{"amp_status":"","footnotes":""},"categories":[23],"tags":[1198,1680,31,829,1197,87,398,213,80],"class_list":["post-31463","post","type-post","status-publish","format-standard","has-post-thumbnail","hentry","category-geral","tag-artesanato","tag-artesaos","tag-canoas","tag-centro","tag-dia-dos-pais","tag-economia","tag-economia-solidaria","tag-rio-grande-do-sul","tag-rs"],"yoast_head":"<!-- This site is optimized with the Yoast SEO plugin v20.5 - https:\/\/yoast.com\/wordpress\/plugins\/seo\/ -->\n<title>Feira do Dia dos Pais da Economia Solid\u00e1ria ocorre de 5 a 10 de agosto no centro de Canoas - O Timoneiro Jornal Canoas RS<\/title>\n<meta name=\"description\" content=\"Feira do Dia dos Pais da Economia Solid\u00e1ria ocorre de 5 a 10 de agosto no Centro de Canoas\" \/>\n<meta name=\"robots\" content=\"index, follow, max-snippet:-1, max-image-preview:large, max-video-preview:-1\" \/>\n<link rel=\"canonical\" href=\"https:\/\/jornaltimoneiro.com.br\/index.php\/2024\/08\/05\/feira-do-dia-dos-pais-da-economia-solidaria-ocorre-de-5-a-10-de-agosto-no-centro-de-canoas\/\" \/>\n<meta property=\"og:locale\" content=\"pt_BR\" \/>\n<meta property=\"og:type\" content=\"article\" \/>\n<meta property=\"og:title\" content=\"Feira do Dia dos Pais da Economia Solid\u00e1ria ocorre de 5 a 10 de agosto no centro de Canoas - O Timoneiro Jornal Canoas RS\" \/>\n<meta property=\"og:description\" content=\"Feira do Dia dos Pais da Economia Solid\u00e1ria ocorre de 5 a 10 de agosto no Centro de Canoas\" \/>\n<meta property=\"og:url\" content=\"https:\/\/jornaltimoneiro.com.br\/index.php\/2024\/08\/05\/feira-do-dia-dos-pais-da-economia-solidaria-ocorre-de-5-a-10-de-agosto-no-centro-de-canoas\/\" \/>\n<meta property=\"og:site_name\" content=\"O Timoneiro Jornal Canoas RS\" \/>\n<meta property=\"article:publisher\" content=\"https:\/\/www.facebook.com\/jornaltimoneiro\" \/>\n<meta property=\"article:published_time\" content=\"2024-08-05T14:59:29+00:00\" \/>\n<meta property=\"og:image\" content=\"https:\/\/jornaltimoneiro.com.br\/wp-content\/uploads\/2024\/08\/REDUZIDAS-FEIRA-DE-NATAL-ECONOMIA-SOLIDARIA-PAMELLA_MENDES-16-1-e1722869944942.jpg\" \/>\n\t<meta property=\"og:image:width\" content=\"1080\" \/>\n\t<meta property=\"og:image:height\" content=\"720\" \/>\n\t<meta property=\"og:image:type\" content=\"image\/jpeg\" \/>\n<meta name=\"author\" content=\"Reda\u00e7\u00e3o\" \/>\n<meta name=\"twitter:card\" content=\"summary_large_image\" \/>\n<meta name=\"twitter:creator\" content=\"@_OTimoneiro\" \/>\n<meta name=\"twitter:site\" content=\"@_OTimoneiro\" \/>\n<meta name=\"twitter:label1\" content=\"Escrito por\" \/>\n\t<meta name=\"twitter:data1\" content=\"Reda\u00e7\u00e3o\" \/>\n\t<meta name=\"twitter:label2\" content=\"Est. tempo de leitura\" \/>\n\t<meta name=\"twitter:data2\" content=\"1 minuto\" \/>\n<script type=\"application\/ld+json\" class=\"yoast-schema-graph\">{\"@context\":\"https:\/\/schema.org\",\"@graph\":[{\"@type\":\"Article\",\"@id\":\"https:\/\/jornaltimoneiro.com.br\/index.php\/2024\/08\/05\/feira-do-dia-dos-pais-da-economia-solidaria-ocorre-de-5-a-10-de-agosto-no-centro-de-canoas\/#article\",\"isPartOf\":{\"@id\":\"https:\/\/jornaltimoneiro.com.br\/index.php\/2024\/08\/05\/feira-do-dia-dos-pais-da-economia-solidaria-ocorre-de-5-a-10-de-agosto-no-centro-de-canoas\/\"},\"author\":{\"name\":\"Reda\u00e7\u00e3o\",\"@id\":\"https:\/\/jornaltimoneiro.com.br\/#\/schema\/person\/f63482f1a02b1a9592707865e509ab40\"},\"headline\":\"Feira do Dia dos Pais da Economia Solid\u00e1ria ocorre de 5 a 10 de agosto no centro de Canoas\",\"datePublished\":\"2024-08-05T14:59:29+00:00\",\"dateModified\":\"2024-08-05T14:59:29+00:00\",\"mainEntityOfPage\":{\"@id\":\"https:\/\/jornaltimoneiro.com.br\/index.php\/2024\/08\/05\/feira-do-dia-dos-pais-da-economia-solidaria-ocorre-de-5-a-10-de-agosto-no-centro-de-canoas\/\"},\"wordCount\":142,\"commentCount\":0,\"publisher\":{\"@id\":\"https:\/\/jornaltimoneiro.com.br\/#organization\"},\"keywords\":[\"artesanato\",\"artes\u00e3os\",\"canoas\",\"centro\",\"dia dos pais\",\"economia\",\"economia solid\u00e1ria\",\"rio grande do sul\",\"RS\"],\"articleSection\":[\"Geral\"],\"inLanguage\":\"pt-BR\",\"potentialAction\":[{\"@type\":\"CommentAction\",\"name\":\"Comment\",\"target\":[\"https:\/\/jornaltimoneiro.com.br\/index.php\/2024\/08\/05\/feira-do-dia-dos-pais-da-economia-solidaria-ocorre-de-5-a-10-de-agosto-no-centro-de-canoas\/#respond\"]}]},{\"@type\":\"WebPage\",\"@id\":\"https:\/\/jornaltimoneiro.com.br\/index.php\/2024\/08\/05\/feira-do-dia-dos-pais-da-economia-solidaria-ocorre-de-5-a-10-de-agosto-no-centro-de-canoas\/\",\"url\":\"https:\/\/jornaltimoneiro.com.br\/index.php\/2024\/08\/05\/feira-do-dia-dos-pais-da-economia-solidaria-ocorre-de-5-a-10-de-agosto-no-centro-de-canoas\/\",\"name\":\"Feira do Dia dos Pais da Economia Solid\u00e1ria ocorre de 5 a 10 de agosto no centro de Canoas - O Timoneiro Jornal Canoas RS\",\"isPartOf\":{\"@id\":\"https:\/\/jornaltimoneiro.com.br\/#website\"},\"datePublished\":\"2024-08-05T14:59:29+00:00\",\"dateModified\":\"2024-08-05T14:59:29+00:00\",\"description\":\"Feira do Dia dos Pais da Economia Solid\u00e1ria ocorre de 5 a 10 de agosto no Centro de Canoas\",\"breadcrumb\":{\"@id\":\"https:\/\/jornaltimoneiro.com.br\/index.php\/2024\/08\/05\/feira-do-dia-dos-pais-da-economia-solidaria-ocorre-de-5-a-10-de-agosto-no-centro-de-canoas\/#breadcrumb\"},\"inLanguage\":\"pt-BR\",\"potentialAction\":[{\"@type\":\"ReadAction\",\"target\":[\"https:\/\/jornaltimoneiro.com.br\/index.php\/2024\/08\/05\/feira-do-dia-dos-pais-da-economia-solidaria-ocorre-de-5-a-10-de-agosto-no-centro-de-canoas\/\"]}]},{\"@type\":\"BreadcrumbList\",\"@id\":\"https:\/\/jornaltimoneiro.com.br\/index.php\/2024\/08\/05\/feira-do-dia-dos-pais-da-economia-solidaria-ocorre-de-5-a-10-de-agosto-no-centro-de-canoas\/#breadcrumb\",\"itemListElement\":[{\"@type\":\"ListItem\",\"position\":1,\"name\":\"In\u00edcio\",\"item\":\"https:\/\/jornaltimoneiro.com.br\/\"},{\"@type\":\"ListItem\",\"position\":2,\"name\":\"Feira do Dia dos Pais da Economia Solid\u00e1ria ocorre de 5 a 10 de agosto no centro de Canoas\"}]},{\"@type\":\"WebSite\",\"@id\":\"https:\/\/jornaltimoneiro.com.br\/#website\",\"url\":\"https:\/\/jornaltimoneiro.com.br\/\",\"name\":\"Jornal Timoneiro Canoas RS\",\"description\":\"Jornal O Timoneiro, o verdadeiro jornal de Canoas\",\"publisher\":{\"@id\":\"https:\/\/jornaltimoneiro.com.br\/#organization\"},\"potentialAction\":[{\"@type\":\"SearchAction\",\"target\":{\"@type\":\"EntryPoint\",\"urlTemplate\":\"https:\/\/jornaltimoneiro.com.br\/?s={search_term_string}\"},\"query-input\":\"required name=search_term_string\"}],\"inLanguage\":\"pt-BR\"},{\"@type\":\"Organization\",\"@id\":\"https:\/\/jornaltimoneiro.com.br\/#organization\",\"name\":\"Jornal Timoneiro Canoas RS\",\"url\":\"https:\/\/jornaltimoneiro.com.br\/\",\"logo\":{\"@type\":\"ImageObject\",\"inLanguage\":\"pt-BR\",\"@id\":\"https:\/\/jornaltimoneiro.com.br\/#\/schema\/logo\/image\/\",\"url\":\"https:\/\/jornaltimoneiro.com.br\/wp-content\/uploads\/2023\/03\/logonovo.png\",\"contentUrl\":\"https:\/\/jornaltimoneiro.com.br\/wp-content\/uploads\/2023\/03\/logonovo.png\",\"width\":\"469\",\"height\":\"171\",\"caption\":\"Jornal Timoneiro Canoas RS\"},\"image\":{\"@id\":\"https:\/\/jornaltimoneiro.com.br\/#\/schema\/logo\/image\/\"},\"sameAs\":[\"https:\/\/www.facebook.com\/jornaltimoneiro\",\"https:\/\/twitter.com\/_OTimoneiro\",\"https:\/\/www.instagram.com\/jornaltimoneirocanoas\/\",\"https:\/\/www.youtube.com\/@jornalotimoneiro7927\"]},{\"@type\":\"Person\",\"@id\":\"https:\/\/jornaltimoneiro.com.br\/#\/schema\/person\/f63482f1a02b1a9592707865e509ab40\",\"name\":\"Reda\u00e7\u00e3o\",\"image\":{\"@type\":\"ImageObject\",\"inLanguage\":\"pt-BR\",\"@id\":\"https:\/\/jornaltimoneiro.com.br\/#\/schema\/person\/image\/\",\"url\":\"https:\/\/jornaltimoneiro.com.br\/wp-content\/uploads\/2023\/03\/download.jpeg\",\"contentUrl\":\"https:\/\/jornaltimoneiro.com.br\/wp-content\/uploads\/2023\/03\/download.jpeg\",\"caption\":\"Reda\u00e7\u00e3o\"},\"url\":\"https:\/\/jornaltimoneiro.com.br\/index.php\/author\/simone-dutra\/\"}]}<\/script>\n<!-- \/ Yoast SEO plugin. -->","yoast_head_json":{"title":"Feira do Dia dos Pais da Economia Solid\u00e1ria ocorre de 5 a 10 de agosto no centro de Canoas - O Timoneiro Jornal Canoas RS","description":"Feira do Dia dos Pais da Economia Solid\u00e1ria ocorre de 5 a 10 de agosto no Centro de Canoas","robots":{"index":"index","follow":"follow","max-snippet":"max-snippet:-1","max-image-preview":"max-image-preview:large","max-video-preview":"max-video-preview:-1"},"canonical":"https:\/\/jornaltimoneiro.com.br\/index.php\/2024\/08\/05\/feira-do-dia-dos-pais-da-economia-solidaria-ocorre-de-5-a-10-de-agosto-no-centro-de-canoas\/","og_locale":"pt_BR","og_type":"article","og_title":"Feira do Dia dos Pais da Economia Solid\u00e1ria ocorre de 5 a 10 de agosto no centro de Canoas - O Timoneiro Jornal Canoas RS","og_description":"Feira do Dia dos Pais da Economia Solid\u00e1ria ocorre de 5 a 10 de agosto no Centro de Canoas","og_url":"https:\/\/jornaltimoneiro.com.br\/index.php\/2024\/08\/05\/feira-do-dia-dos-pais-da-economia-solidaria-ocorre-de-5-a-10-de-agosto-no-centro-de-canoas\/","og_site_name":"O Timoneiro Jornal Canoas RS","article_publisher":"https:\/\/www.facebook.com\/jornaltimoneiro","article_published_time":"2024-08-05T14:59:29+00:00","og_image":[{"width":1080,"height":720,"url":"https:\/\/jornaltimoneiro.com.br\/wp-content\/uploads\/2024\/08\/REDUZIDAS-FEIRA-DE-NATAL-ECONOMIA-SOLIDARIA-PAMELLA_MENDES-16-1-e1722869944942.jpg","type":"image\/jpeg"}],"author":"Reda\u00e7\u00e3o","twitter_card":"summary_large_image","twitter_creator":"@_OTimoneiro","twitter_site":"@_OTimoneiro","twitter_misc":{"Escrito por":"Reda\u00e7\u00e3o","Est. tempo de leitura":"1 minuto"},"schema":{"@context":"https:\/\/schema.org","@graph":[{"@type":"Article","@id":"https:\/\/jornaltimoneiro.com.br\/index.php\/2024\/08\/05\/feira-do-dia-dos-pais-da-economia-solidaria-ocorre-de-5-a-10-de-agosto-no-centro-de-canoas\/#article","isPartOf":{"@id":"https:\/\/jornaltimoneiro.com.br\/index.php\/2024\/08\/05\/feira-do-dia-dos-pais-da-economia-solidaria-ocorre-de-5-a-10-de-agosto-no-centro-de-canoas\/"},"author":{"name":"Reda\u00e7\u00e3o","@id":"https:\/\/jornaltimoneiro.com.br\/#\/schema\/person\/f63482f1a02b1a9592707865e509ab40"},"headline":"Feira do Dia dos Pais da Economia Solid\u00e1ria ocorre de 5 a 10 de agosto no centro de Canoas","datePublished":"2024-08-05T14:59:29+00:00","dateModified":"2024-08-05T14:59:29+00:00","mainEntityOfPage":{"@id":"https:\/\/jornaltimoneiro.com.br\/index.php\/2024\/08\/05\/feira-do-dia-dos-pais-da-economia-solidaria-ocorre-de-5-a-10-de-agosto-no-centro-de-canoas\/"},"wordCount":142,"commentCount":0,"publisher":{"@id":"https:\/\/jornaltimoneiro.com.br\/#organization"},"keywords":["artesanato","artes\u00e3os","canoas","centro","dia dos pais","economia","economia solid\u00e1ria","rio grande do sul","RS"],"articleSection":["Geral"],"inLanguage":"pt-BR","potentialAction":[{"@type":"CommentAction","name":"Comment","target":["https:\/\/jornaltimoneiro.com.br\/index.php\/2024\/08\/05\/feira-do-dia-dos-pais-da-economia-solidaria-ocorre-de-5-a-10-de-agosto-no-centro-de-canoas\/#respond"]}]},{"@type":"WebPage","@id":"https:\/\/jornaltimoneiro.com.br\/index.php\/2024\/08\/05\/feira-do-dia-dos-pais-da-economia-solidaria-ocorre-de-5-a-10-de-agosto-no-centro-de-canoas\/","url":"https:\/\/jornaltimoneiro.com.br\/index.php\/2024\/08\/05\/feira-do-dia-dos-pais-da-economia-solidaria-ocorre-de-5-a-10-de-agosto-no-centro-de-canoas\/","name":"Feira do Dia dos Pais da Economia Solid\u00e1ria ocorre de 5 a 10 de agosto no centro de Canoas - O Timoneiro Jornal Canoas RS","isPartOf":{"@id":"https:\/\/jornaltimoneiro.com.br\/#website"},"datePublished":"2024-08-05T14:59:29+00:00","dateModified":"2024-08-05T14:59:29+00:00","description":"Feira do Dia dos Pais da Economia Solid\u00e1ria ocorre de 5 a 10 de agosto no Centro de Canoas","breadcrumb":{"@id":"https:\/\/jornaltimoneiro.com.br\/index.php\/2024\/08\/05\/feira-do-dia-dos-pais-da-economia-solidaria-ocorre-de-5-a-10-de-agosto-no-centro-de-canoas\/#breadcrumb"},"inLanguage":"pt-BR","potentialAction":[{"@type":"ReadAction","target":["https:\/\/jornaltimoneiro.com.br\/index.php\/2024\/08\/05\/feira-do-dia-dos-pais-da-economia-solidaria-ocorre-de-5-a-10-de-agosto-no-centro-de-canoas\/"]}]},{"@type":"BreadcrumbList","@id":"https:\/\/jornaltimoneiro.com.br\/index.php\/2024\/08\/05\/feira-do-dia-dos-pais-da-economia-solidaria-ocorre-de-5-a-10-de-agosto-no-centro-de-canoas\/#breadcrumb","itemListElement":[{"@type":"ListItem","position":1,"name":"In\u00edcio","item":"https:\/\/jornaltimoneiro.com.br\/"},{"@type":"ListItem","position":2,"name":"Feira do Dia dos Pais da Economia Solid\u00e1ria ocorre de 5 a 10 de agosto no centro de Canoas"}]},{"@type":"WebSite","@id":"https:\/\/jornaltimoneiro.com.br\/#website","url":"https:\/\/jornaltimoneiro.com.br\/","name":"Jornal Timoneiro Canoas RS","description":"Jornal O Timoneiro, o verdadeiro jornal de Canoas","publisher":{"@id":"https:\/\/jornaltimoneiro.com.br\/#organization"},"potentialAction":[{"@type":"SearchAction","target":{"@type":"EntryPoint","urlTemplate":"https:\/\/jornaltimoneiro.com.br\/?s={search_term_string}"},"query-input":"required name=search_term_string"}],"inLanguage":"pt-BR"},{"@type":"Organization","@id":"https:\/\/jornaltimoneiro.com.br\/#organization","name":"Jornal Timoneiro Canoas RS","url":"https:\/\/jornaltimoneiro.com.br\/","logo":{"@type":"ImageObject","inLanguage":"pt-BR","@id":"https:\/\/jornaltimoneiro.com.br\/#\/schema\/logo\/image\/","url":"https:\/\/jornaltimoneiro.com.br\/wp-content\/uploads\/2023\/03\/logonovo.png","contentUrl":"https:\/\/jornaltimoneiro.com.br\/wp-content\/uploads\/2023\/03\/logonovo.png","width":"469","height":"171","caption":"Jornal Timoneiro Canoas RS"},"image":{"@id":"https:\/\/jornaltimoneiro.com.br\/#\/schema\/logo\/image\/"},"sameAs":["https:\/\/www.facebook.com\/jornaltimoneiro","https:\/\/twitter.com\/_OTimoneiro","https:\/\/www.instagram.com\/jornaltimoneirocanoas\/","https:\/\/www.youtube.com\/@jornalotimoneiro7927"]},{"@type":"Person","@id":"https:\/\/jornaltimoneiro.com.br\/#\/schema\/person\/f63482f1a02b1a9592707865e509ab40","name":"Reda\u00e7\u00e3o","image":{"@type":"ImageObject","inLanguage":"pt-BR","@id":"https:\/\/jornaltimoneiro.com.br\/#\/schema\/person\/image\/","url":"https:\/\/jornaltimoneiro.com.br\/wp-content\/uploads\/2023\/03\/download.jpeg","contentUrl":"https:\/\/jornaltimoneiro.com.br\/wp-content\/uploads\/2023\/03\/download.jpeg","caption":"Reda\u00e7\u00e3o"},"url":"https:\/\/jornaltimoneiro.com.br\/index.php\/author\/simone-dutra\/"}]}},"_links":{"self":[{"href":"https:\/\/jornaltimoneiro.com.br\/index.php\/wp-json\/wp\/v2\/posts\/31463"}],"collection":[{"href":"https:\/\/jornaltimoneiro.com.br\/index.php\/wp-json\/wp\/v2\/posts"}],"about":[{"href":"https:\/\/jornaltimoneiro.com.br\/index.php\/wp-json\/wp\/v2\/types\/post"}],"author":[{"embeddable":true,"href":"https:\/\/jornaltimoneiro.com.br\/index.php\/wp-json\/wp\/v2\/users\/2"}],"replies":[{"embeddable":true,"href":"https:\/\/jornaltimoneiro.com.br\/index.php\/wp-json\/wp\/v2\/comments?post=31463"}],"version-history":[{"count":1,"href":"https:\/\/jornaltimoneiro.com.br\/index.php\/wp-json\/wp\/v2\/posts\/31463\/revisions"}],"predecessor-version":[{"id":31465,"href":"https:\/\/jornaltimoneiro.com.br\/index.php\/wp-json\/wp\/v2\/posts\/31463\/revisions\/31465"}],"wp:featuredmedia":[{"embeddable":true,"href":"https:\/\/jornaltimoneiro.com.br\/index.php\/wp-json\/wp\/v2\/media\/31464"}],"wp:attachment":[{"href":"https:\/\/jornaltimoneiro.com.br\/index.php\/wp-json\/wp\/v2\/media?parent=31463"}],"wp:term":[{"taxonomy":"category","embeddable":true,"href":"https:\/\/jornaltimoneiro.com.br\/index.php\/wp-json\/wp\/v2\/categories?post=31463"},{"taxonomy":"post_tag","embeddable":true,"href":"https:\/\/jornaltimoneiro.com.br\/index.php\/wp-json\/wp\/v2\/tags?post=31463"}],"curies":[{"name":"wp","href":"https:\/\/api.w.org\/{rel}","templated":true}]}}