{"id":31399,"date":"2024-08-04T15:29:18","date_gmt":"2024-08-04T18:29:18","guid":{"rendered":"https:\/\/jornaltimoneiro.com.br\/?p=31399"},"modified":"2024-08-04T15:48:25","modified_gmt":"2024-08-04T18:48:25","slug":"partidos-da-federacao-brasil-da-esperanca-indicam-19-candidatos-a-vereador-e-lancam-maria-eunice-como-vice-de-jairo-jorge","status":"publish","type":"post","link":"https:\/\/jornaltimoneiro.com.br\/index.php\/2024\/08\/04\/partidos-da-federacao-brasil-da-esperanca-indicam-19-candidatos-a-vereador-e-lancam-maria-eunice-como-vice-de-jairo-jorge\/","title":{"rendered":"Partidos da Federa\u00e7\u00e3o Brasil da Esperan\u00e7a indicam 18 candidatos a vereador e PT lan\u00e7a Maria Eunice como vice de Jairo Jorge"},"content":{"rendered":"<p>Para as elei\u00e7\u00f5es municipais de 2024, o Partido dos Trabalhadores (PT), o Partido Comunista do Brasil (PCdoB) e o Partido Verde (PV) decidiram construir uma federa\u00e7\u00e3o para a disputa.<\/p>\n<p>Em conven\u00e7\u00f5es, as siglas montaram uma nominata com 19 candidatos a vereador no total.<\/p>\n<p>Para a majorit\u00e1ria, a vereadora Maria Eunice (PT) foi indicada a vice na chapa de Jairo Jorge. O atual prefeito concorre \u00e0 reelei\u00e7\u00e3o, e conta com 11 partidos na coliga\u00e7\u00e3o.<\/p>\n<h4>Nominata de candidatos a vereador do PT<\/h4>\n<ul>\n<li>Agata Mostardeiro<\/li>\n<li>Elise dos Santos Vargas<\/li>\n<li>Emilio Neto<\/li>\n<li>Flavio Paim<\/li>\n<li>Gabriel Constantino<\/li>\n<li>Gisele Albuquerque<\/li>\n<li>Jorge Valdir<\/li>\n<li>Maicon Prado<\/li>\n<li>Marcelo Nunes<\/li>\n<li>Nelsinho Metal\u00fargico<\/li>\n<li>Rosa Marcella<\/li>\n<li>Vani Piovesan<\/li>\n<li>Vitor Labes<\/li>\n<\/ul>\n<p><img decoding=\"async\" class=\"alignnone size-large wp-image-31405\" src=\"https:\/\/jornaltimoneiro.com.br\/wp-content\/uploads\/2024\/08\/PT-1024x461.webp\" alt=\"\" width=\"740\" height=\"333\" srcset=\"https:\/\/jornaltimoneiro.com.br\/wp-content\/uploads\/2024\/08\/PT-1024x461.webp 1024w, https:\/\/jornaltimoneiro.com.br\/wp-content\/uploads\/2024\/08\/PT-300x135.webp 300w, https:\/\/jornaltimoneiro.com.br\/wp-content\/uploads\/2024\/08\/PT-768x346.webp 768w, https:\/\/jornaltimoneiro.com.br\/wp-content\/uploads\/2024\/08\/PT-1536x692.webp 1536w, https:\/\/jornaltimoneiro.com.br\/wp-content\/uploads\/2024\/08\/PT.webp 1600w\" sizes=\"(max-width: 740px) 100vw, 740px\" \/><\/p>\n<h4>Nominata de candidatos a vereador do PCdoB<\/h4>\n<ul>\n<li>Isabela Monteiro<\/li>\n<li>Sidiclei<\/li>\n<\/ul>\n<h4>Nominata de candidatos a vereador do PV<\/h4>\n<ul>\n<li>Cris Moraes<\/li>\n<li>Giovani Oliveira<\/li>\n<li>Tina Colares<\/li>\n<\/ul>\n","protected":false},"excerpt":{"rendered":"<p>Para as elei\u00e7\u00f5es municipais de 2024, o Partido dos Trabalhadores (PT), o Partido Comunista do Brasil (PCdoB) e o Partido Verde (PV) decidiram construir uma federa\u00e7\u00e3o para a disputa. Em conven\u00e7\u00f5es, as siglas montaram uma nominata com 19 candidatos a vereador no total. Para a majorit\u00e1ria, a vereadora Maria Eunice (PT) foi indicada a vice [&hellip;]<\/p>\n","protected":false},"author":2,"featured_media":31403,"comment_status":"open","ping_status":"open","sticky":false,"template":"","format":"standard","meta":{"amp_status":"","footnotes":""},"categories":[3142],"tags":[3147,3158,51,759,3146,2255,1457,75,1456,62,3159],"class_list":["post-31399","post","type-post","status-publish","format-standard","has-post-thumbnail","hentry","category-eleicoes-2024","tag-convencoes","tag-federacao","tag-jairo-jorge","tag-maria-eunice","tag-nominata","tag-partidos","tag-pcdob","tag-pt","tag-pv","tag-vereador","tag-vice"],"yoast_head":"<!-- This site is optimized with the Yoast SEO plugin v20.5 - https:\/\/yoast.com\/wordpress\/plugins\/seo\/ -->\n<title>Partidos da Federa\u00e7\u00e3o Brasil da Esperan\u00e7a indicam 18 candidatos a vereador e PT lan\u00e7a Maria Eunice como vice de Jairo Jorge - O Timoneiro Jornal Canoas RS<\/title>\n<meta name=\"robots\" content=\"index, follow, max-snippet:-1, max-image-preview:large, max-video-preview:-1\" \/>\n<link rel=\"canonical\" href=\"https:\/\/jornaltimoneiro.com.br\/index.php\/2024\/08\/04\/partidos-da-federacao-brasil-da-esperanca-indicam-19-candidatos-a-vereador-e-lancam-maria-eunice-como-vice-de-jairo-jorge\/\" \/>\n<meta property=\"og:locale\" content=\"pt_BR\" \/>\n<meta property=\"og:type\" content=\"article\" \/>\n<meta property=\"og:title\" content=\"Partidos da Federa\u00e7\u00e3o Brasil da Esperan\u00e7a indicam 18 candidatos a vereador e PT lan\u00e7a Maria Eunice como vice de Jairo Jorge - O Timoneiro Jornal Canoas RS\" \/>\n<meta property=\"og:description\" content=\"Para as elei\u00e7\u00f5es municipais de 2024, o Partido dos Trabalhadores (PT), o Partido Comunista do Brasil (PCdoB) e o Partido Verde (PV) decidiram construir uma federa\u00e7\u00e3o para a disputa. Em conven\u00e7\u00f5es, as siglas montaram uma nominata com 19 candidatos a vereador no total. Para a majorit\u00e1ria, a vereadora Maria Eunice (PT) foi indicada a vice [&hellip;]\" \/>\n<meta property=\"og:url\" content=\"https:\/\/jornaltimoneiro.com.br\/index.php\/2024\/08\/04\/partidos-da-federacao-brasil-da-esperanca-indicam-19-candidatos-a-vereador-e-lancam-maria-eunice-como-vice-de-jairo-jorge\/\" \/>\n<meta property=\"og:site_name\" content=\"O Timoneiro Jornal Canoas RS\" \/>\n<meta property=\"article:publisher\" content=\"https:\/\/www.facebook.com\/jornaltimoneiro\" \/>\n<meta property=\"article:published_time\" content=\"2024-08-04T18:29:18+00:00\" \/>\n<meta property=\"article:modified_time\" content=\"2024-08-04T18:48:25+00:00\" \/>\n<meta property=\"og:image\" content=\"https:\/\/jornaltimoneiro.com.br\/wp-content\/uploads\/2024\/08\/JAIRO-E-MARIA-EUNICE.jpg\" \/>\n\t<meta property=\"og:image:width\" content=\"750\" \/>\n\t<meta property=\"og:image:height\" content=\"536\" \/>\n\t<meta property=\"og:image:type\" content=\"image\/jpeg\" \/>\n<meta name=\"author\" content=\"Reda\u00e7\u00e3o\" \/>\n<meta name=\"twitter:card\" content=\"summary_large_image\" \/>\n<meta name=\"twitter:creator\" content=\"@_OTimoneiro\" \/>\n<meta name=\"twitter:site\" content=\"@_OTimoneiro\" \/>\n<meta name=\"twitter:label1\" content=\"Escrito por\" \/>\n\t<meta name=\"twitter:data1\" content=\"Reda\u00e7\u00e3o\" \/>\n\t<meta name=\"twitter:label2\" content=\"Est. tempo de leitura\" \/>\n\t<meta name=\"twitter:data2\" content=\"1 minuto\" \/>\n<script type=\"application\/ld+json\" class=\"yoast-schema-graph\">{\"@context\":\"https:\/\/schema.org\",\"@graph\":[{\"@type\":\"Article\",\"@id\":\"https:\/\/jornaltimoneiro.com.br\/index.php\/2024\/08\/04\/partidos-da-federacao-brasil-da-esperanca-indicam-19-candidatos-a-vereador-e-lancam-maria-eunice-como-vice-de-jairo-jorge\/#article\",\"isPartOf\":{\"@id\":\"https:\/\/jornaltimoneiro.com.br\/index.php\/2024\/08\/04\/partidos-da-federacao-brasil-da-esperanca-indicam-19-candidatos-a-vereador-e-lancam-maria-eunice-como-vice-de-jairo-jorge\/\"},\"author\":{\"name\":\"Reda\u00e7\u00e3o\",\"@id\":\"https:\/\/jornaltimoneiro.com.br\/#\/schema\/person\/f63482f1a02b1a9592707865e509ab40\"},\"headline\":\"Partidos da Federa\u00e7\u00e3o Brasil da Esperan\u00e7a indicam 18 candidatos a vereador e PT lan\u00e7a Maria Eunice como vice de Jairo Jorge\",\"datePublished\":\"2024-08-04T18:29:18+00:00\",\"dateModified\":\"2024-08-04T18:48:25+00:00\",\"mainEntityOfPage\":{\"@id\":\"https:\/\/jornaltimoneiro.com.br\/index.php\/2024\/08\/04\/partidos-da-federacao-brasil-da-esperanca-indicam-19-candidatos-a-vereador-e-lancam-maria-eunice-como-vice-de-jairo-jorge\/\"},\"wordCount\":157,\"commentCount\":0,\"publisher\":{\"@id\":\"https:\/\/jornaltimoneiro.com.br\/#organization\"},\"keywords\":[\"conven\u00e7\u00f5es\",\"federa\u00e7\u00e3o\",\"Jairo Jorge\",\"maria eunice\",\"nominata\",\"partidos\",\"PCdoB\",\"PT\",\"PV\",\"vereador\",\"vice\"],\"articleSection\":[\"Elei\u00e7\u00f5es 2024\"],\"inLanguage\":\"pt-BR\",\"potentialAction\":[{\"@type\":\"CommentAction\",\"name\":\"Comment\",\"target\":[\"https:\/\/jornaltimoneiro.com.br\/index.php\/2024\/08\/04\/partidos-da-federacao-brasil-da-esperanca-indicam-19-candidatos-a-vereador-e-lancam-maria-eunice-como-vice-de-jairo-jorge\/#respond\"]}]},{\"@type\":\"WebPage\",\"@id\":\"https:\/\/jornaltimoneiro.com.br\/index.php\/2024\/08\/04\/partidos-da-federacao-brasil-da-esperanca-indicam-19-candidatos-a-vereador-e-lancam-maria-eunice-como-vice-de-jairo-jorge\/\",\"url\":\"https:\/\/jornaltimoneiro.com.br\/index.php\/2024\/08\/04\/partidos-da-federacao-brasil-da-esperanca-indicam-19-candidatos-a-vereador-e-lancam-maria-eunice-como-vice-de-jairo-jorge\/\",\"name\":\"Partidos da Federa\u00e7\u00e3o Brasil da Esperan\u00e7a indicam 18 candidatos a vereador e PT lan\u00e7a Maria Eunice como vice de Jairo Jorge - O Timoneiro Jornal Canoas RS\",\"isPartOf\":{\"@id\":\"https:\/\/jornaltimoneiro.com.br\/#website\"},\"datePublished\":\"2024-08-04T18:29:18+00:00\",\"dateModified\":\"2024-08-04T18:48:25+00:00\",\"breadcrumb\":{\"@id\":\"https:\/\/jornaltimoneiro.com.br\/index.php\/2024\/08\/04\/partidos-da-federacao-brasil-da-esperanca-indicam-19-candidatos-a-vereador-e-lancam-maria-eunice-como-vice-de-jairo-jorge\/#breadcrumb\"},\"inLanguage\":\"pt-BR\",\"potentialAction\":[{\"@type\":\"ReadAction\",\"target\":[\"https:\/\/jornaltimoneiro.com.br\/index.php\/2024\/08\/04\/partidos-da-federacao-brasil-da-esperanca-indicam-19-candidatos-a-vereador-e-lancam-maria-eunice-como-vice-de-jairo-jorge\/\"]}]},{\"@type\":\"BreadcrumbList\",\"@id\":\"https:\/\/jornaltimoneiro.com.br\/index.php\/2024\/08\/04\/partidos-da-federacao-brasil-da-esperanca-indicam-19-candidatos-a-vereador-e-lancam-maria-eunice-como-vice-de-jairo-jorge\/#breadcrumb\",\"itemListElement\":[{\"@type\":\"ListItem\",\"position\":1,\"name\":\"In\u00edcio\",\"item\":\"https:\/\/jornaltimoneiro.com.br\/\"},{\"@type\":\"ListItem\",\"position\":2,\"name\":\"Partidos da Federa\u00e7\u00e3o Brasil da Esperan\u00e7a indicam 18 candidatos a vereador e PT lan\u00e7a Maria Eunice como vice de Jairo Jorge\"}]},{\"@type\":\"WebSite\",\"@id\":\"https:\/\/jornaltimoneiro.com.br\/#website\",\"url\":\"https:\/\/jornaltimoneiro.com.br\/\",\"name\":\"Jornal Timoneiro Canoas RS\",\"description\":\"Jornal O Timoneiro, o verdadeiro jornal de Canoas\",\"publisher\":{\"@id\":\"https:\/\/jornaltimoneiro.com.br\/#organization\"},\"potentialAction\":[{\"@type\":\"SearchAction\",\"target\":{\"@type\":\"EntryPoint\",\"urlTemplate\":\"https:\/\/jornaltimoneiro.com.br\/?s={search_term_string}\"},\"query-input\":\"required name=search_term_string\"}],\"inLanguage\":\"pt-BR\"},{\"@type\":\"Organization\",\"@id\":\"https:\/\/jornaltimoneiro.com.br\/#organization\",\"name\":\"Jornal Timoneiro Canoas RS\",\"url\":\"https:\/\/jornaltimoneiro.com.br\/\",\"logo\":{\"@type\":\"ImageObject\",\"inLanguage\":\"pt-BR\",\"@id\":\"https:\/\/jornaltimoneiro.com.br\/#\/schema\/logo\/image\/\",\"url\":\"https:\/\/jornaltimoneiro.com.br\/wp-content\/uploads\/2023\/03\/logonovo.png\",\"contentUrl\":\"https:\/\/jornaltimoneiro.com.br\/wp-content\/uploads\/2023\/03\/logonovo.png\",\"width\":\"469\",\"height\":\"171\",\"caption\":\"Jornal Timoneiro Canoas RS\"},\"image\":{\"@id\":\"https:\/\/jornaltimoneiro.com.br\/#\/schema\/logo\/image\/\"},\"sameAs\":[\"https:\/\/www.facebook.com\/jornaltimoneiro\",\"https:\/\/twitter.com\/_OTimoneiro\",\"https:\/\/www.instagram.com\/jornaltimoneirocanoas\/\",\"https:\/\/www.youtube.com\/@jornalotimoneiro7927\"]},{\"@type\":\"Person\",\"@id\":\"https:\/\/jornaltimoneiro.com.br\/#\/schema\/person\/f63482f1a02b1a9592707865e509ab40\",\"name\":\"Reda\u00e7\u00e3o\",\"image\":{\"@type\":\"ImageObject\",\"inLanguage\":\"pt-BR\",\"@id\":\"https:\/\/jornaltimoneiro.com.br\/#\/schema\/person\/image\/\",\"url\":\"https:\/\/jornaltimoneiro.com.br\/wp-content\/uploads\/2023\/03\/download.jpeg\",\"contentUrl\":\"https:\/\/jornaltimoneiro.com.br\/wp-content\/uploads\/2023\/03\/download.jpeg\",\"caption\":\"Reda\u00e7\u00e3o\"},\"url\":\"https:\/\/jornaltimoneiro.com.br\/index.php\/author\/simone-dutra\/\"}]}<\/script>\n<!-- \/ Yoast SEO plugin. -->","yoast_head_json":{"title":"Partidos da Federa\u00e7\u00e3o Brasil da Esperan\u00e7a indicam 18 candidatos a vereador e PT lan\u00e7a Maria Eunice como vice de Jairo Jorge - O Timoneiro Jornal Canoas RS","robots":{"index":"index","follow":"follow","max-snippet":"max-snippet:-1","max-image-preview":"max-image-preview:large","max-video-preview":"max-video-preview:-1"},"canonical":"https:\/\/jornaltimoneiro.com.br\/index.php\/2024\/08\/04\/partidos-da-federacao-brasil-da-esperanca-indicam-19-candidatos-a-vereador-e-lancam-maria-eunice-como-vice-de-jairo-jorge\/","og_locale":"pt_BR","og_type":"article","og_title":"Partidos da Federa\u00e7\u00e3o Brasil da Esperan\u00e7a indicam 18 candidatos a vereador e PT lan\u00e7a Maria Eunice como vice de Jairo Jorge - O Timoneiro Jornal Canoas RS","og_description":"Para as elei\u00e7\u00f5es municipais de 2024, o Partido dos Trabalhadores (PT), o Partido Comunista do Brasil (PCdoB) e o Partido Verde (PV) decidiram construir uma federa\u00e7\u00e3o para a disputa. Em conven\u00e7\u00f5es, as siglas montaram uma nominata com 19 candidatos a vereador no total. Para a majorit\u00e1ria, a vereadora Maria Eunice (PT) foi indicada a vice [&hellip;]","og_url":"https:\/\/jornaltimoneiro.com.br\/index.php\/2024\/08\/04\/partidos-da-federacao-brasil-da-esperanca-indicam-19-candidatos-a-vereador-e-lancam-maria-eunice-como-vice-de-jairo-jorge\/","og_site_name":"O Timoneiro Jornal Canoas RS","article_publisher":"https:\/\/www.facebook.com\/jornaltimoneiro","article_published_time":"2024-08-04T18:29:18+00:00","article_modified_time":"2024-08-04T18:48:25+00:00","og_image":[{"width":"750","height":"536","url":"https:\/\/jornaltimoneiro.com.br\/wp-content\/uploads\/2024\/08\/JAIRO-E-MARIA-EUNICE.jpg","type":"image\/jpeg"}],"author":"Reda\u00e7\u00e3o","twitter_card":"summary_large_image","twitter_creator":"@_OTimoneiro","twitter_site":"@_OTimoneiro","twitter_misc":{"Escrito por":"Reda\u00e7\u00e3o","Est. tempo de leitura":"1 minuto"},"schema":{"@context":"https:\/\/schema.org","@graph":[{"@type":"Article","@id":"https:\/\/jornaltimoneiro.com.br\/index.php\/2024\/08\/04\/partidos-da-federacao-brasil-da-esperanca-indicam-19-candidatos-a-vereador-e-lancam-maria-eunice-como-vice-de-jairo-jorge\/#article","isPartOf":{"@id":"https:\/\/jornaltimoneiro.com.br\/index.php\/2024\/08\/04\/partidos-da-federacao-brasil-da-esperanca-indicam-19-candidatos-a-vereador-e-lancam-maria-eunice-como-vice-de-jairo-jorge\/"},"author":{"name":"Reda\u00e7\u00e3o","@id":"https:\/\/jornaltimoneiro.com.br\/#\/schema\/person\/f63482f1a02b1a9592707865e509ab40"},"headline":"Partidos da Federa\u00e7\u00e3o Brasil da Esperan\u00e7a indicam 18 candidatos a vereador e PT lan\u00e7a Maria Eunice como vice de Jairo Jorge","datePublished":"2024-08-04T18:29:18+00:00","dateModified":"2024-08-04T18:48:25+00:00","mainEntityOfPage":{"@id":"https:\/\/jornaltimoneiro.com.br\/index.php\/2024\/08\/04\/partidos-da-federacao-brasil-da-esperanca-indicam-19-candidatos-a-vereador-e-lancam-maria-eunice-como-vice-de-jairo-jorge\/"},"wordCount":157,"commentCount":0,"publisher":{"@id":"https:\/\/jornaltimoneiro.com.br\/#organization"},"keywords":["conven\u00e7\u00f5es","federa\u00e7\u00e3o","Jairo Jorge","maria eunice","nominata","partidos","PCdoB","PT","PV","vereador","vice"],"articleSection":["Elei\u00e7\u00f5es 2024"],"inLanguage":"pt-BR","potentialAction":[{"@type":"CommentAction","name":"Comment","target":["https:\/\/jornaltimoneiro.com.br\/index.php\/2024\/08\/04\/partidos-da-federacao-brasil-da-esperanca-indicam-19-candidatos-a-vereador-e-lancam-maria-eunice-como-vice-de-jairo-jorge\/#respond"]}]},{"@type":"WebPage","@id":"https:\/\/jornaltimoneiro.com.br\/index.php\/2024\/08\/04\/partidos-da-federacao-brasil-da-esperanca-indicam-19-candidatos-a-vereador-e-lancam-maria-eunice-como-vice-de-jairo-jorge\/","url":"https:\/\/jornaltimoneiro.com.br\/index.php\/2024\/08\/04\/partidos-da-federacao-brasil-da-esperanca-indicam-19-candidatos-a-vereador-e-lancam-maria-eunice-como-vice-de-jairo-jorge\/","name":"Partidos da Federa\u00e7\u00e3o Brasil da Esperan\u00e7a indicam 18 candidatos a vereador e PT lan\u00e7a Maria Eunice como vice de Jairo Jorge - O Timoneiro Jornal Canoas RS","isPartOf":{"@id":"https:\/\/jornaltimoneiro.com.br\/#website"},"datePublished":"2024-08-04T18:29:18+00:00","dateModified":"2024-08-04T18:48:25+00:00","breadcrumb":{"@id":"https:\/\/jornaltimoneiro.com.br\/index.php\/2024\/08\/04\/partidos-da-federacao-brasil-da-esperanca-indicam-19-candidatos-a-vereador-e-lancam-maria-eunice-como-vice-de-jairo-jorge\/#breadcrumb"},"inLanguage":"pt-BR","potentialAction":[{"@type":"ReadAction","target":["https:\/\/jornaltimoneiro.com.br\/index.php\/2024\/08\/04\/partidos-da-federacao-brasil-da-esperanca-indicam-19-candidatos-a-vereador-e-lancam-maria-eunice-como-vice-de-jairo-jorge\/"]}]},{"@type":"BreadcrumbList","@id":"https:\/\/jornaltimoneiro.com.br\/index.php\/2024\/08\/04\/partidos-da-federacao-brasil-da-esperanca-indicam-19-candidatos-a-vereador-e-lancam-maria-eunice-como-vice-de-jairo-jorge\/#breadcrumb","itemListElement":[{"@type":"ListItem","position":1,"name":"In\u00edcio","item":"https:\/\/jornaltimoneiro.com.br\/"},{"@type":"ListItem","position":2,"name":"Partidos da Federa\u00e7\u00e3o Brasil da Esperan\u00e7a indicam 18 candidatos a vereador e PT lan\u00e7a Maria Eunice como vice de Jairo Jorge"}]},{"@type":"WebSite","@id":"https:\/\/jornaltimoneiro.com.br\/#website","url":"https:\/\/jornaltimoneiro.com.br\/","name":"Jornal Timoneiro Canoas RS","description":"Jornal O Timoneiro, o verdadeiro jornal de Canoas","publisher":{"@id":"https:\/\/jornaltimoneiro.com.br\/#organization"},"potentialAction":[{"@type":"SearchAction","target":{"@type":"EntryPoint","urlTemplate":"https:\/\/jornaltimoneiro.com.br\/?s={search_term_string}"},"query-input":"required name=search_term_string"}],"inLanguage":"pt-BR"},{"@type":"Organization","@id":"https:\/\/jornaltimoneiro.com.br\/#organization","name":"Jornal Timoneiro Canoas RS","url":"https:\/\/jornaltimoneiro.com.br\/","logo":{"@type":"ImageObject","inLanguage":"pt-BR","@id":"https:\/\/jornaltimoneiro.com.br\/#\/schema\/logo\/image\/","url":"https:\/\/jornaltimoneiro.com.br\/wp-content\/uploads\/2023\/03\/logonovo.png","contentUrl":"https:\/\/jornaltimoneiro.com.br\/wp-content\/uploads\/2023\/03\/logonovo.png","width":"469","height":"171","caption":"Jornal Timoneiro Canoas RS"},"image":{"@id":"https:\/\/jornaltimoneiro.com.br\/#\/schema\/logo\/image\/"},"sameAs":["https:\/\/www.facebook.com\/jornaltimoneiro","https:\/\/twitter.com\/_OTimoneiro","https:\/\/www.instagram.com\/jornaltimoneirocanoas\/","https:\/\/www.youtube.com\/@jornalotimoneiro7927"]},{"@type":"Person","@id":"https:\/\/jornaltimoneiro.com.br\/#\/schema\/person\/f63482f1a02b1a9592707865e509ab40","name":"Reda\u00e7\u00e3o","image":{"@type":"ImageObject","inLanguage":"pt-BR","@id":"https:\/\/jornaltimoneiro.com.br\/#\/schema\/person\/image\/","url":"https:\/\/jornaltimoneiro.com.br\/wp-content\/uploads\/2023\/03\/download.jpeg","contentUrl":"https:\/\/jornaltimoneiro.com.br\/wp-content\/uploads\/2023\/03\/download.jpeg","caption":"Reda\u00e7\u00e3o"},"url":"https:\/\/jornaltimoneiro.com.br\/index.php\/author\/simone-dutra\/"}]}},"_links":{"self":[{"href":"https:\/\/jornaltimoneiro.com.br\/index.php\/wp-json\/wp\/v2\/posts\/31399"}],"collection":[{"href":"https:\/\/jornaltimoneiro.com.br\/index.php\/wp-json\/wp\/v2\/posts"}],"about":[{"href":"https:\/\/jornaltimoneiro.com.br\/index.php\/wp-json\/wp\/v2\/types\/post"}],"author":[{"embeddable":true,"href":"https:\/\/jornaltimoneiro.com.br\/index.php\/wp-json\/wp\/v2\/users\/2"}],"replies":[{"embeddable":true,"href":"https:\/\/jornaltimoneiro.com.br\/index.php\/wp-json\/wp\/v2\/comments?post=31399"}],"version-history":[{"count":3,"href":"https:\/\/jornaltimoneiro.com.br\/index.php\/wp-json\/wp\/v2\/posts\/31399\/revisions"}],"predecessor-version":[{"id":31411,"href":"https:\/\/jornaltimoneiro.com.br\/index.php\/wp-json\/wp\/v2\/posts\/31399\/revisions\/31411"}],"wp:featuredmedia":[{"embeddable":true,"href":"https:\/\/jornaltimoneiro.com.br\/index.php\/wp-json\/wp\/v2\/media\/31403"}],"wp:attachment":[{"href":"https:\/\/jornaltimoneiro.com.br\/index.php\/wp-json\/wp\/v2\/media?parent=31399"}],"wp:term":[{"taxonomy":"category","embeddable":true,"href":"https:\/\/jornaltimoneiro.com.br\/index.php\/wp-json\/wp\/v2\/categories?post=31399"},{"taxonomy":"post_tag","embeddable":true,"href":"https:\/\/jornaltimoneiro.com.br\/index.php\/wp-json\/wp\/v2\/tags?post=31399"}],"curies":[{"name":"wp","href":"https:\/\/api.w.org\/{rel}","templated":true}]}}