{"id":31175,"date":"2024-07-26T12:56:41","date_gmt":"2024-07-26T15:56:41","guid":{"rendered":"https:\/\/jornaltimoneiro.com.br\/?p=31175"},"modified":"2024-07-26T12:56:41","modified_gmt":"2024-07-26T15:56:41","slug":"cerimonia-de-abertura-dos-jogos-olimpicos-de-2024-em-paris","status":"publish","type":"post","link":"https:\/\/jornaltimoneiro.com.br\/index.php\/2024\/07\/26\/cerimonia-de-abertura-dos-jogos-olimpicos-de-2024-em-paris\/","title":{"rendered":"Cerim\u00f4nia de Abertura dos Jogos Ol\u00edmpicos de 2024 em Paris"},"content":{"rendered":"<p>Hoje, sexta-feira, 26 de julho de 2024, marca a Cerim\u00f4nia de Abertura dos Jogos Ol\u00edmpicos em Paris, prometendo ser uma experi\u00eancia ousada, original e \u00fanica.<\/p>\n<h4>Uma cerim\u00f4nia inovadora<\/h4>\n<p>Pela primeira vez, a cerim\u00f4nia n\u00e3o ser\u00e1 realizada em um est\u00e1dio, mas ao longo do rio Sena, no cora\u00e7\u00e3o de Paris. Este cen\u00e1rio urbano transformar\u00e1 a cerim\u00f4nia em um espet\u00e1culo ao ar livre.<\/p>\n<h4>Desfile dos atletas no rio<\/h4>\n<p>O desfile contar\u00e1 com 10.500 atletas, cada delega\u00e7\u00e3o nacional em um barco pr\u00f3prio, navegando por 6 quil\u00f4metros no Sena. Equipados com c\u00e2meras, esses barcos permitir\u00e3o ao p\u00fablico acompanhar o evento de perto pela televis\u00e3o ou online.<\/p>\n<p>O desfile come\u00e7ar\u00e1 na ponte Austerlitz e terminar\u00e1 no Trocad\u00e9ro, passando por pontos ic\u00f4nicos de Paris.<\/p>\n<h4>Acesso gratuito e inova\u00e7\u00e3o para o p\u00fablico<\/h4>\n<p>A cerim\u00f4nia ser\u00e1 aberta ao p\u00fablico, com entrada gratuita para a maioria dos espectadores nos cais superiores. Para o acesso ao cais inferior, ser\u00e1 necess\u00e1rio adquirir ingressos.<\/p>\n<p>Tel\u00f5es e sistemas de som garantir\u00e3o que todos possam desfrutar da cerim\u00f4nia.<\/p>\n<h4>Atletas no centro das aten\u00e7\u00f5es<\/h4>\n<p>Os atletas estar\u00e3o no cora\u00e7\u00e3o da cerim\u00f4nia, quebrando a tradi\u00e7\u00e3o ao abrir o desfile. Eles ser\u00e3o apresentados no palco desde o in\u00edcio, refor\u00e7ando o compromisso de Paris 2024 em criar Jogos centrados nos atletas.<\/p>\n<h4>Percurso do desfile<\/h4>\n<p>O desfile partir\u00e1 da ponte Austerlitz, passando pelas ilhas centrais de Paris e v\u00e1rias pontes, com vistas de locais oficiais dos Jogos, como La Concorde, a Esplanada dos Inv\u00e1lidos, e o Grand Palais.<\/p>\n<p>A cerim\u00f4nia terminar\u00e1 com um grandioso espet\u00e1culo no Trocad\u00e9ro.<\/p>\n<p>Esta abertura dos Jogos Ol\u00edmpicos de Ver\u00e3o promete ser a maior da hist\u00f3ria, unindo moradores de Paris, visitantes de toda a Fran\u00e7a e do mundo inteiro em um evento verdadeiramente espetacular.<\/p>\n","protected":false},"excerpt":{"rendered":"<p>Hoje, sexta-feira, 26 de julho de 2024, marca a Cerim\u00f4nia de Abertura dos Jogos Ol\u00edmpicos em Paris, prometendo ser uma experi\u00eancia ousada, original e \u00fanica. Uma cerim\u00f4nia inovadora Pela primeira vez, a cerim\u00f4nia n\u00e3o ser\u00e1 realizada em um est\u00e1dio, mas ao longo do rio Sena, no cora\u00e7\u00e3o de Paris. Este cen\u00e1rio urbano transformar\u00e1 a cerim\u00f4nia [&hellip;]<\/p>\n","protected":false},"author":2,"featured_media":31176,"comment_status":"open","ping_status":"open","sticky":false,"template":"","format":"standard","meta":{"amp_status":"","footnotes":""},"categories":[24],"tags":[3069,190,3070,3071],"class_list":["post-31175","post","type-post","status-publish","format-standard","has-post-thumbnail","hentry","category-esporte","tag-cerimonia-de-abertura","tag-featured","tag-jogos-olimpicos","tag-jogos-olimpicos-em-paris"],"yoast_head":"<!-- This site is optimized with the Yoast SEO plugin v20.5 - https:\/\/yoast.com\/wordpress\/plugins\/seo\/ -->\n<title>Cerim\u00f4nia de Abertura dos Jogos Ol\u00edmpicos de 2024 em Paris - O Timoneiro Jornal Canoas RS<\/title>\n<meta name=\"description\" content=\"Hoje, sexta-feira, 26 de julho de 2024, marca a Cerim\u00f4nia de Abertura dos Jogos Ol\u00edmpicos em Paris, prometendo ser uma experi\u00eancia ousada.\" \/>\n<meta name=\"robots\" content=\"index, follow, max-snippet:-1, max-image-preview:large, max-video-preview:-1\" \/>\n<link rel=\"canonical\" href=\"https:\/\/jornaltimoneiro.com.br\/index.php\/2024\/07\/26\/cerimonia-de-abertura-dos-jogos-olimpicos-de-2024-em-paris\/\" \/>\n<meta property=\"og:locale\" content=\"pt_BR\" \/>\n<meta property=\"og:type\" content=\"article\" \/>\n<meta property=\"og:title\" content=\"Cerim\u00f4nia de Abertura dos Jogos Ol\u00edmpicos de 2024 em Paris - O Timoneiro Jornal Canoas RS\" \/>\n<meta property=\"og:description\" content=\"Hoje, sexta-feira, 26 de julho de 2024, marca a Cerim\u00f4nia de Abertura dos Jogos Ol\u00edmpicos em Paris, prometendo ser uma experi\u00eancia ousada.\" \/>\n<meta property=\"og:url\" content=\"https:\/\/jornaltimoneiro.com.br\/index.php\/2024\/07\/26\/cerimonia-de-abertura-dos-jogos-olimpicos-de-2024-em-paris\/\" \/>\n<meta property=\"og:site_name\" content=\"O Timoneiro Jornal Canoas RS\" \/>\n<meta property=\"article:publisher\" content=\"https:\/\/www.facebook.com\/jornaltimoneiro\" \/>\n<meta property=\"article:published_time\" content=\"2024-07-26T15:56:41+00:00\" \/>\n<meta property=\"og:image\" content=\"https:\/\/jornaltimoneiro.com.br\/wp-content\/uploads\/2024\/07\/93b62d71-e3a5-4a5f-954e-46ea68b1c7bf.png\" \/>\n\t<meta property=\"og:image:width\" content=\"768\" \/>\n\t<meta property=\"og:image:height\" content=\"434\" \/>\n\t<meta property=\"og:image:type\" content=\"image\/png\" \/>\n<meta name=\"author\" content=\"Reda\u00e7\u00e3o\" \/>\n<meta name=\"twitter:card\" content=\"summary_large_image\" \/>\n<meta name=\"twitter:creator\" content=\"@_OTimoneiro\" \/>\n<meta name=\"twitter:site\" content=\"@_OTimoneiro\" \/>\n<meta name=\"twitter:label1\" content=\"Escrito por\" \/>\n\t<meta name=\"twitter:data1\" content=\"Reda\u00e7\u00e3o\" \/>\n\t<meta name=\"twitter:label2\" content=\"Est. tempo de leitura\" \/>\n\t<meta name=\"twitter:data2\" content=\"2 minutos\" \/>\n<script type=\"application\/ld+json\" class=\"yoast-schema-graph\">{\"@context\":\"https:\/\/schema.org\",\"@graph\":[{\"@type\":\"Article\",\"@id\":\"https:\/\/jornaltimoneiro.com.br\/index.php\/2024\/07\/26\/cerimonia-de-abertura-dos-jogos-olimpicos-de-2024-em-paris\/#article\",\"isPartOf\":{\"@id\":\"https:\/\/jornaltimoneiro.com.br\/index.php\/2024\/07\/26\/cerimonia-de-abertura-dos-jogos-olimpicos-de-2024-em-paris\/\"},\"author\":{\"name\":\"Reda\u00e7\u00e3o\",\"@id\":\"https:\/\/jornaltimoneiro.com.br\/#\/schema\/person\/f63482f1a02b1a9592707865e509ab40\"},\"headline\":\"Cerim\u00f4nia de Abertura dos Jogos Ol\u00edmpicos de 2024 em Paris\",\"datePublished\":\"2024-07-26T15:56:41+00:00\",\"dateModified\":\"2024-07-26T15:56:41+00:00\",\"mainEntityOfPage\":{\"@id\":\"https:\/\/jornaltimoneiro.com.br\/index.php\/2024\/07\/26\/cerimonia-de-abertura-dos-jogos-olimpicos-de-2024-em-paris\/\"},\"wordCount\":331,\"commentCount\":0,\"publisher\":{\"@id\":\"https:\/\/jornaltimoneiro.com.br\/#organization\"},\"keywords\":[\"cerim\u00f4nia de abertura\",\"featured\",\"jogos ol\u00edmpicos\",\"jogos ol\u00edmpicos em Paris\"],\"articleSection\":[\"Esporte\"],\"inLanguage\":\"pt-BR\",\"potentialAction\":[{\"@type\":\"CommentAction\",\"name\":\"Comment\",\"target\":[\"https:\/\/jornaltimoneiro.com.br\/index.php\/2024\/07\/26\/cerimonia-de-abertura-dos-jogos-olimpicos-de-2024-em-paris\/#respond\"]}]},{\"@type\":\"WebPage\",\"@id\":\"https:\/\/jornaltimoneiro.com.br\/index.php\/2024\/07\/26\/cerimonia-de-abertura-dos-jogos-olimpicos-de-2024-em-paris\/\",\"url\":\"https:\/\/jornaltimoneiro.com.br\/index.php\/2024\/07\/26\/cerimonia-de-abertura-dos-jogos-olimpicos-de-2024-em-paris\/\",\"name\":\"Cerim\u00f4nia de Abertura dos Jogos Ol\u00edmpicos de 2024 em Paris - O Timoneiro Jornal Canoas RS\",\"isPartOf\":{\"@id\":\"https:\/\/jornaltimoneiro.com.br\/#website\"},\"datePublished\":\"2024-07-26T15:56:41+00:00\",\"dateModified\":\"2024-07-26T15:56:41+00:00\",\"description\":\"Hoje, sexta-feira, 26 de julho de 2024, marca a Cerim\u00f4nia de Abertura dos Jogos Ol\u00edmpicos em Paris, prometendo ser uma experi\u00eancia ousada.\",\"breadcrumb\":{\"@id\":\"https:\/\/jornaltimoneiro.com.br\/index.php\/2024\/07\/26\/cerimonia-de-abertura-dos-jogos-olimpicos-de-2024-em-paris\/#breadcrumb\"},\"inLanguage\":\"pt-BR\",\"potentialAction\":[{\"@type\":\"ReadAction\",\"target\":[\"https:\/\/jornaltimoneiro.com.br\/index.php\/2024\/07\/26\/cerimonia-de-abertura-dos-jogos-olimpicos-de-2024-em-paris\/\"]}]},{\"@type\":\"BreadcrumbList\",\"@id\":\"https:\/\/jornaltimoneiro.com.br\/index.php\/2024\/07\/26\/cerimonia-de-abertura-dos-jogos-olimpicos-de-2024-em-paris\/#breadcrumb\",\"itemListElement\":[{\"@type\":\"ListItem\",\"position\":1,\"name\":\"In\u00edcio\",\"item\":\"https:\/\/jornaltimoneiro.com.br\/\"},{\"@type\":\"ListItem\",\"position\":2,\"name\":\"Cerim\u00f4nia de Abertura dos Jogos Ol\u00edmpicos de 2024 em Paris\"}]},{\"@type\":\"WebSite\",\"@id\":\"https:\/\/jornaltimoneiro.com.br\/#website\",\"url\":\"https:\/\/jornaltimoneiro.com.br\/\",\"name\":\"Jornal Timoneiro Canoas RS\",\"description\":\"Jornal O Timoneiro, o verdadeiro jornal de Canoas\",\"publisher\":{\"@id\":\"https:\/\/jornaltimoneiro.com.br\/#organization\"},\"potentialAction\":[{\"@type\":\"SearchAction\",\"target\":{\"@type\":\"EntryPoint\",\"urlTemplate\":\"https:\/\/jornaltimoneiro.com.br\/?s={search_term_string}\"},\"query-input\":\"required name=search_term_string\"}],\"inLanguage\":\"pt-BR\"},{\"@type\":\"Organization\",\"@id\":\"https:\/\/jornaltimoneiro.com.br\/#organization\",\"name\":\"Jornal Timoneiro Canoas RS\",\"url\":\"https:\/\/jornaltimoneiro.com.br\/\",\"logo\":{\"@type\":\"ImageObject\",\"inLanguage\":\"pt-BR\",\"@id\":\"https:\/\/jornaltimoneiro.com.br\/#\/schema\/logo\/image\/\",\"url\":\"https:\/\/jornaltimoneiro.com.br\/wp-content\/uploads\/2023\/03\/logonovo.png\",\"contentUrl\":\"https:\/\/jornaltimoneiro.com.br\/wp-content\/uploads\/2023\/03\/logonovo.png\",\"width\":\"469\",\"height\":\"171\",\"caption\":\"Jornal Timoneiro Canoas RS\"},\"image\":{\"@id\":\"https:\/\/jornaltimoneiro.com.br\/#\/schema\/logo\/image\/\"},\"sameAs\":[\"https:\/\/www.facebook.com\/jornaltimoneiro\",\"https:\/\/twitter.com\/_OTimoneiro\",\"https:\/\/www.instagram.com\/jornaltimoneirocanoas\/\",\"https:\/\/www.youtube.com\/@jornalotimoneiro7927\"]},{\"@type\":\"Person\",\"@id\":\"https:\/\/jornaltimoneiro.com.br\/#\/schema\/person\/f63482f1a02b1a9592707865e509ab40\",\"name\":\"Reda\u00e7\u00e3o\",\"image\":{\"@type\":\"ImageObject\",\"inLanguage\":\"pt-BR\",\"@id\":\"https:\/\/jornaltimoneiro.com.br\/#\/schema\/person\/image\/\",\"url\":\"https:\/\/jornaltimoneiro.com.br\/wp-content\/uploads\/2023\/03\/download.jpeg\",\"contentUrl\":\"https:\/\/jornaltimoneiro.com.br\/wp-content\/uploads\/2023\/03\/download.jpeg\",\"caption\":\"Reda\u00e7\u00e3o\"},\"url\":\"https:\/\/jornaltimoneiro.com.br\/index.php\/author\/simone-dutra\/\"}]}<\/script>\n<!-- \/ Yoast SEO plugin. -->","yoast_head_json":{"title":"Cerim\u00f4nia de Abertura dos Jogos Ol\u00edmpicos de 2024 em Paris - O Timoneiro Jornal Canoas RS","description":"Hoje, sexta-feira, 26 de julho de 2024, marca a Cerim\u00f4nia de Abertura dos Jogos Ol\u00edmpicos em Paris, prometendo ser uma experi\u00eancia ousada.","robots":{"index":"index","follow":"follow","max-snippet":"max-snippet:-1","max-image-preview":"max-image-preview:large","max-video-preview":"max-video-preview:-1"},"canonical":"https:\/\/jornaltimoneiro.com.br\/index.php\/2024\/07\/26\/cerimonia-de-abertura-dos-jogos-olimpicos-de-2024-em-paris\/","og_locale":"pt_BR","og_type":"article","og_title":"Cerim\u00f4nia de Abertura dos Jogos Ol\u00edmpicos de 2024 em Paris - O Timoneiro Jornal Canoas RS","og_description":"Hoje, sexta-feira, 26 de julho de 2024, marca a Cerim\u00f4nia de Abertura dos Jogos Ol\u00edmpicos em Paris, prometendo ser uma experi\u00eancia ousada.","og_url":"https:\/\/jornaltimoneiro.com.br\/index.php\/2024\/07\/26\/cerimonia-de-abertura-dos-jogos-olimpicos-de-2024-em-paris\/","og_site_name":"O Timoneiro Jornal Canoas RS","article_publisher":"https:\/\/www.facebook.com\/jornaltimoneiro","article_published_time":"2024-07-26T15:56:41+00:00","og_image":[{"width":"768","height":"434","url":"https:\/\/jornaltimoneiro.com.br\/wp-content\/uploads\/2024\/07\/93b62d71-e3a5-4a5f-954e-46ea68b1c7bf.png","type":"image\/png"}],"author":"Reda\u00e7\u00e3o","twitter_card":"summary_large_image","twitter_creator":"@_OTimoneiro","twitter_site":"@_OTimoneiro","twitter_misc":{"Escrito por":"Reda\u00e7\u00e3o","Est. tempo de leitura":"2 minutos"},"schema":{"@context":"https:\/\/schema.org","@graph":[{"@type":"Article","@id":"https:\/\/jornaltimoneiro.com.br\/index.php\/2024\/07\/26\/cerimonia-de-abertura-dos-jogos-olimpicos-de-2024-em-paris\/#article","isPartOf":{"@id":"https:\/\/jornaltimoneiro.com.br\/index.php\/2024\/07\/26\/cerimonia-de-abertura-dos-jogos-olimpicos-de-2024-em-paris\/"},"author":{"name":"Reda\u00e7\u00e3o","@id":"https:\/\/jornaltimoneiro.com.br\/#\/schema\/person\/f63482f1a02b1a9592707865e509ab40"},"headline":"Cerim\u00f4nia de Abertura dos Jogos Ol\u00edmpicos de 2024 em Paris","datePublished":"2024-07-26T15:56:41+00:00","dateModified":"2024-07-26T15:56:41+00:00","mainEntityOfPage":{"@id":"https:\/\/jornaltimoneiro.com.br\/index.php\/2024\/07\/26\/cerimonia-de-abertura-dos-jogos-olimpicos-de-2024-em-paris\/"},"wordCount":331,"commentCount":0,"publisher":{"@id":"https:\/\/jornaltimoneiro.com.br\/#organization"},"keywords":["cerim\u00f4nia de abertura","featured","jogos ol\u00edmpicos","jogos ol\u00edmpicos em Paris"],"articleSection":["Esporte"],"inLanguage":"pt-BR","potentialAction":[{"@type":"CommentAction","name":"Comment","target":["https:\/\/jornaltimoneiro.com.br\/index.php\/2024\/07\/26\/cerimonia-de-abertura-dos-jogos-olimpicos-de-2024-em-paris\/#respond"]}]},{"@type":"WebPage","@id":"https:\/\/jornaltimoneiro.com.br\/index.php\/2024\/07\/26\/cerimonia-de-abertura-dos-jogos-olimpicos-de-2024-em-paris\/","url":"https:\/\/jornaltimoneiro.com.br\/index.php\/2024\/07\/26\/cerimonia-de-abertura-dos-jogos-olimpicos-de-2024-em-paris\/","name":"Cerim\u00f4nia de Abertura dos Jogos Ol\u00edmpicos de 2024 em Paris - O Timoneiro Jornal Canoas RS","isPartOf":{"@id":"https:\/\/jornaltimoneiro.com.br\/#website"},"datePublished":"2024-07-26T15:56:41+00:00","dateModified":"2024-07-26T15:56:41+00:00","description":"Hoje, sexta-feira, 26 de julho de 2024, marca a Cerim\u00f4nia de Abertura dos Jogos Ol\u00edmpicos em Paris, prometendo ser uma experi\u00eancia ousada.","breadcrumb":{"@id":"https:\/\/jornaltimoneiro.com.br\/index.php\/2024\/07\/26\/cerimonia-de-abertura-dos-jogos-olimpicos-de-2024-em-paris\/#breadcrumb"},"inLanguage":"pt-BR","potentialAction":[{"@type":"ReadAction","target":["https:\/\/jornaltimoneiro.com.br\/index.php\/2024\/07\/26\/cerimonia-de-abertura-dos-jogos-olimpicos-de-2024-em-paris\/"]}]},{"@type":"BreadcrumbList","@id":"https:\/\/jornaltimoneiro.com.br\/index.php\/2024\/07\/26\/cerimonia-de-abertura-dos-jogos-olimpicos-de-2024-em-paris\/#breadcrumb","itemListElement":[{"@type":"ListItem","position":1,"name":"In\u00edcio","item":"https:\/\/jornaltimoneiro.com.br\/"},{"@type":"ListItem","position":2,"name":"Cerim\u00f4nia de Abertura dos Jogos Ol\u00edmpicos de 2024 em Paris"}]},{"@type":"WebSite","@id":"https:\/\/jornaltimoneiro.com.br\/#website","url":"https:\/\/jornaltimoneiro.com.br\/","name":"Jornal Timoneiro Canoas RS","description":"Jornal O Timoneiro, o verdadeiro jornal de Canoas","publisher":{"@id":"https:\/\/jornaltimoneiro.com.br\/#organization"},"potentialAction":[{"@type":"SearchAction","target":{"@type":"EntryPoint","urlTemplate":"https:\/\/jornaltimoneiro.com.br\/?s={search_term_string}"},"query-input":"required name=search_term_string"}],"inLanguage":"pt-BR"},{"@type":"Organization","@id":"https:\/\/jornaltimoneiro.com.br\/#organization","name":"Jornal Timoneiro Canoas RS","url":"https:\/\/jornaltimoneiro.com.br\/","logo":{"@type":"ImageObject","inLanguage":"pt-BR","@id":"https:\/\/jornaltimoneiro.com.br\/#\/schema\/logo\/image\/","url":"https:\/\/jornaltimoneiro.com.br\/wp-content\/uploads\/2023\/03\/logonovo.png","contentUrl":"https:\/\/jornaltimoneiro.com.br\/wp-content\/uploads\/2023\/03\/logonovo.png","width":"469","height":"171","caption":"Jornal Timoneiro Canoas RS"},"image":{"@id":"https:\/\/jornaltimoneiro.com.br\/#\/schema\/logo\/image\/"},"sameAs":["https:\/\/www.facebook.com\/jornaltimoneiro","https:\/\/twitter.com\/_OTimoneiro","https:\/\/www.instagram.com\/jornaltimoneirocanoas\/","https:\/\/www.youtube.com\/@jornalotimoneiro7927"]},{"@type":"Person","@id":"https:\/\/jornaltimoneiro.com.br\/#\/schema\/person\/f63482f1a02b1a9592707865e509ab40","name":"Reda\u00e7\u00e3o","image":{"@type":"ImageObject","inLanguage":"pt-BR","@id":"https:\/\/jornaltimoneiro.com.br\/#\/schema\/person\/image\/","url":"https:\/\/jornaltimoneiro.com.br\/wp-content\/uploads\/2023\/03\/download.jpeg","contentUrl":"https:\/\/jornaltimoneiro.com.br\/wp-content\/uploads\/2023\/03\/download.jpeg","caption":"Reda\u00e7\u00e3o"},"url":"https:\/\/jornaltimoneiro.com.br\/index.php\/author\/simone-dutra\/"}]}},"_links":{"self":[{"href":"https:\/\/jornaltimoneiro.com.br\/index.php\/wp-json\/wp\/v2\/posts\/31175"}],"collection":[{"href":"https:\/\/jornaltimoneiro.com.br\/index.php\/wp-json\/wp\/v2\/posts"}],"about":[{"href":"https:\/\/jornaltimoneiro.com.br\/index.php\/wp-json\/wp\/v2\/types\/post"}],"author":[{"embeddable":true,"href":"https:\/\/jornaltimoneiro.com.br\/index.php\/wp-json\/wp\/v2\/users\/2"}],"replies":[{"embeddable":true,"href":"https:\/\/jornaltimoneiro.com.br\/index.php\/wp-json\/wp\/v2\/comments?post=31175"}],"version-history":[{"count":1,"href":"https:\/\/jornaltimoneiro.com.br\/index.php\/wp-json\/wp\/v2\/posts\/31175\/revisions"}],"predecessor-version":[{"id":31177,"href":"https:\/\/jornaltimoneiro.com.br\/index.php\/wp-json\/wp\/v2\/posts\/31175\/revisions\/31177"}],"wp:featuredmedia":[{"embeddable":true,"href":"https:\/\/jornaltimoneiro.com.br\/index.php\/wp-json\/wp\/v2\/media\/31176"}],"wp:attachment":[{"href":"https:\/\/jornaltimoneiro.com.br\/index.php\/wp-json\/wp\/v2\/media?parent=31175"}],"wp:term":[{"taxonomy":"category","embeddable":true,"href":"https:\/\/jornaltimoneiro.com.br\/index.php\/wp-json\/wp\/v2\/categories?post=31175"},{"taxonomy":"post_tag","embeddable":true,"href":"https:\/\/jornaltimoneiro.com.br\/index.php\/wp-json\/wp\/v2\/tags?post=31175"}],"curies":[{"name":"wp","href":"https:\/\/api.w.org\/{rel}","templated":true}]}}