{"id":31051,"date":"2024-07-19T07:56:43","date_gmt":"2024-07-19T10:56:43","guid":{"rendered":"https:\/\/jornaltimoneiro.com.br\/?p=31051"},"modified":"2024-07-19T11:01:46","modified_gmt":"2024-07-19T14:01:46","slug":"audiencia-publica-sobre-ppp-da-educacao-sera-em-5-de-agosto","status":"publish","type":"post","link":"https:\/\/jornaltimoneiro.com.br\/index.php\/2024\/07\/19\/audiencia-publica-sobre-ppp-da-educacao-sera-em-5-de-agosto\/","title":{"rendered":"Audi\u00eancia p\u00fablica sobre PPP da educa\u00e7\u00e3o ser\u00e1 em 5 de agosto"},"content":{"rendered":"<p>O governo estadual publicou na sexta-feira, 19, no Di\u00e1rio Oficial, a data e o local da audi\u00eancia p\u00fablica da parceria p\u00fablico-privada (PPP) da educa\u00e7\u00e3o. O objetivo \u00e9 qualificar a infraestrutura de 99 escolas em \u00e1reas vulner\u00e1veis do Estado.<\/p>\n<h4>Detalhes da audi\u00eancia<\/h4>\n<p>A audi\u00eancia ser\u00e1 em segunda-feira, 5 de agosto, das 14h \u00e0s 17h, no Espa\u00e7o Cultural da Universidade Federal do Rio Grande do Sul (rua Engenheiro Luiz Englert, 333, Campus Centro, Porto Alegre).<\/p>\n<p>O credenciamento come\u00e7a \u00e0s 13h. O evento ser\u00e1 transmitido no <a href=\"https:\/\/youtube.com\/@tvseducrs\">canal da Secretaria da Educa\u00e7\u00e3o<\/a> (Seduc) no YouTube.<\/p>\n<h4>Objetivo da PPP<\/h4>\n<p>A parceria com a iniciativa privada n\u00e3o prev\u00ea interven\u00e7\u00e3o pedag\u00f3gica nas escolas, que continuar\u00e1 sob responsabilidade da Seduc.<\/p>\n<p>A PPP busca transformar a realidade social de crian\u00e7as, jovens e adultos com reformas e requalifica\u00e7\u00e3o estrutural em escolas de 15 munic\u00edpios, beneficiando cerca de 56 mil alunos.<\/p>\n<h4>Prazo e munic\u00edpios envolvidos<\/h4>\n<p>As obras de reforma e amplia\u00e7\u00e3o das escolas devem ser conclu\u00eddas em at\u00e9 16 meses ap\u00f3s a assinatura do contrato. Os munic\u00edpios beneficiados ser\u00e3o:<\/p>\n<ul>\n<li>Alvorada, Bento Gon\u00e7alves;<\/li>\n<li>Cachoeirinha;<\/li>\n<li>Canoas;<\/li>\n<li>Caxias do Sul;<\/li>\n<li>Cruz Alta;<\/li>\n<li>Gravata\u00ed;<\/li>\n<li>Novo Hamburgo;<\/li>\n<li>Pelotas;<\/li>\n<li>Porto Alegre;<\/li>\n<li>Rio Grande;<\/li>\n<li>Santa Maria;<\/li>\n<li>S\u00e3o Leopoldo;<\/li>\n<li>Sapucaia do Sul;<\/li>\n<li>Viam\u00e3o.<\/li>\n<\/ul>\n<p>Todos fazem parte do programa RS Seguro, que orientou a escolha das institui\u00e7\u00f5es.<\/p>\n<h4>Investimento previsto<\/h4>\n<p>O investimento previsto pelo parceiro privado \u00e9 de R$ 1,3 bilh\u00e3o, incluindo reinvestimentos ao longo dos 25 anos da concess\u00e3o.<\/p>\n<h4>Consulta p\u00fablica e sugest\u00f5es<\/h4>\n<p>A PPP da educa\u00e7\u00e3o est\u00e1 aberta para consulta p\u00fablica desde 8 de julho. Documentos e informa\u00e7\u00f5es est\u00e3o dispon\u00edveis online, incluindo o formul\u00e1rio de contribui\u00e7\u00f5es, que pode ser enviado at\u00e9 quarta-feira, 7 de agosto.<\/p>\n","protected":false},"excerpt":{"rendered":"<p>O governo estadual publicou na sexta-feira, 19, no Di\u00e1rio Oficial, a data e o local da audi\u00eancia p\u00fablica da parceria p\u00fablico-privada (PPP) da educa\u00e7\u00e3o. O objetivo \u00e9 qualificar a infraestrutura de 99 escolas em \u00e1reas vulner\u00e1veis do Estado. Detalhes da audi\u00eancia A audi\u00eancia ser\u00e1 em segunda-feira, 5 de agosto, das 14h \u00e0s 17h, no Espa\u00e7o [&hellip;]<\/p>\n","protected":false},"author":2,"featured_media":26118,"comment_status":"open","ping_status":"open","sticky":false,"template":"","format":"standard","meta":{"amp_status":"","footnotes":""},"categories":[2210],"tags":[64,190,2614,565],"class_list":["post-31051","post","type-post","status-publish","format-standard","has-post-thumbnail","hentry","category-educacao","tag-educacao","tag-featured","tag-governo-do-estado-rs","tag-ppp"],"yoast_head":"<!-- This site is optimized with the Yoast SEO plugin v20.5 - https:\/\/yoast.com\/wordpress\/plugins\/seo\/ -->\n<title>Audi\u00eancia p\u00fablica sobre PPP da educa\u00e7\u00e3o ser\u00e1 em 5 de agosto - O Timoneiro Jornal Canoas RS<\/title>\n<meta name=\"description\" content=\"O governo estadual publicou na sexta-feira, 19, a data e o local da audi\u00eancia p\u00fablica da parceria p\u00fablico-privada da educa\u00e7\u00e3o.\" \/>\n<meta name=\"robots\" content=\"index, follow, max-snippet:-1, max-image-preview:large, max-video-preview:-1\" \/>\n<link rel=\"canonical\" href=\"https:\/\/jornaltimoneiro.com.br\/index.php\/2024\/07\/19\/audiencia-publica-sobre-ppp-da-educacao-sera-em-5-de-agosto\/\" \/>\n<meta property=\"og:locale\" content=\"pt_BR\" \/>\n<meta property=\"og:type\" content=\"article\" \/>\n<meta property=\"og:title\" content=\"Audi\u00eancia p\u00fablica sobre PPP da educa\u00e7\u00e3o ser\u00e1 em 5 de agosto - O Timoneiro Jornal Canoas RS\" \/>\n<meta property=\"og:description\" content=\"O governo estadual publicou na sexta-feira, 19, a data e o local da audi\u00eancia p\u00fablica da parceria p\u00fablico-privada da educa\u00e7\u00e3o.\" \/>\n<meta property=\"og:url\" content=\"https:\/\/jornaltimoneiro.com.br\/index.php\/2024\/07\/19\/audiencia-publica-sobre-ppp-da-educacao-sera-em-5-de-agosto\/\" \/>\n<meta property=\"og:site_name\" content=\"O Timoneiro Jornal Canoas RS\" \/>\n<meta property=\"article:publisher\" content=\"https:\/\/www.facebook.com\/jornaltimoneiro\" \/>\n<meta property=\"article:published_time\" content=\"2024-07-19T10:56:43+00:00\" \/>\n<meta property=\"article:modified_time\" content=\"2024-07-19T14:01:46+00:00\" \/>\n<meta property=\"og:image\" content=\"https:\/\/jornaltimoneiro.com.br\/wp-content\/uploads\/2023\/10\/WhatsApp-Image-2023-10-19-at-17.48.01-1.jpeg\" \/>\n\t<meta property=\"og:image:width\" content=\"1080\" \/>\n\t<meta property=\"og:image:height\" content=\"720\" \/>\n\t<meta property=\"og:image:type\" content=\"image\/jpeg\" \/>\n<meta name=\"author\" content=\"Reda\u00e7\u00e3o\" \/>\n<meta name=\"twitter:card\" content=\"summary_large_image\" \/>\n<meta name=\"twitter:creator\" content=\"@_OTimoneiro\" \/>\n<meta name=\"twitter:site\" content=\"@_OTimoneiro\" \/>\n<meta name=\"twitter:label1\" content=\"Escrito por\" \/>\n\t<meta name=\"twitter:data1\" content=\"Reda\u00e7\u00e3o\" \/>\n\t<meta name=\"twitter:label2\" content=\"Est. tempo de leitura\" \/>\n\t<meta name=\"twitter:data2\" content=\"2 minutos\" \/>\n<script type=\"application\/ld+json\" class=\"yoast-schema-graph\">{\"@context\":\"https:\/\/schema.org\",\"@graph\":[{\"@type\":\"Article\",\"@id\":\"https:\/\/jornaltimoneiro.com.br\/index.php\/2024\/07\/19\/audiencia-publica-sobre-ppp-da-educacao-sera-em-5-de-agosto\/#article\",\"isPartOf\":{\"@id\":\"https:\/\/jornaltimoneiro.com.br\/index.php\/2024\/07\/19\/audiencia-publica-sobre-ppp-da-educacao-sera-em-5-de-agosto\/\"},\"author\":{\"name\":\"Reda\u00e7\u00e3o\",\"@id\":\"https:\/\/jornaltimoneiro.com.br\/#\/schema\/person\/f63482f1a02b1a9592707865e509ab40\"},\"headline\":\"Audi\u00eancia p\u00fablica sobre PPP da educa\u00e7\u00e3o ser\u00e1 em 5 de agosto\",\"datePublished\":\"2024-07-19T10:56:43+00:00\",\"dateModified\":\"2024-07-19T14:01:46+00:00\",\"mainEntityOfPage\":{\"@id\":\"https:\/\/jornaltimoneiro.com.br\/index.php\/2024\/07\/19\/audiencia-publica-sobre-ppp-da-educacao-sera-em-5-de-agosto\/\"},\"wordCount\":304,\"commentCount\":0,\"publisher\":{\"@id\":\"https:\/\/jornaltimoneiro.com.br\/#organization\"},\"keywords\":[\"Educa\u00e7\u00e3o\",\"featured\",\"governo do estado rs\",\"PPP\"],\"articleSection\":[\"Educa\u00e7\u00e3o\"],\"inLanguage\":\"pt-BR\",\"potentialAction\":[{\"@type\":\"CommentAction\",\"name\":\"Comment\",\"target\":[\"https:\/\/jornaltimoneiro.com.br\/index.php\/2024\/07\/19\/audiencia-publica-sobre-ppp-da-educacao-sera-em-5-de-agosto\/#respond\"]}]},{\"@type\":\"WebPage\",\"@id\":\"https:\/\/jornaltimoneiro.com.br\/index.php\/2024\/07\/19\/audiencia-publica-sobre-ppp-da-educacao-sera-em-5-de-agosto\/\",\"url\":\"https:\/\/jornaltimoneiro.com.br\/index.php\/2024\/07\/19\/audiencia-publica-sobre-ppp-da-educacao-sera-em-5-de-agosto\/\",\"name\":\"Audi\u00eancia p\u00fablica sobre PPP da educa\u00e7\u00e3o ser\u00e1 em 5 de agosto - O Timoneiro Jornal Canoas RS\",\"isPartOf\":{\"@id\":\"https:\/\/jornaltimoneiro.com.br\/#website\"},\"datePublished\":\"2024-07-19T10:56:43+00:00\",\"dateModified\":\"2024-07-19T14:01:46+00:00\",\"description\":\"O governo estadual publicou na sexta-feira, 19, a data e o local da audi\u00eancia p\u00fablica da parceria p\u00fablico-privada da educa\u00e7\u00e3o.\",\"breadcrumb\":{\"@id\":\"https:\/\/jornaltimoneiro.com.br\/index.php\/2024\/07\/19\/audiencia-publica-sobre-ppp-da-educacao-sera-em-5-de-agosto\/#breadcrumb\"},\"inLanguage\":\"pt-BR\",\"potentialAction\":[{\"@type\":\"ReadAction\",\"target\":[\"https:\/\/jornaltimoneiro.com.br\/index.php\/2024\/07\/19\/audiencia-publica-sobre-ppp-da-educacao-sera-em-5-de-agosto\/\"]}]},{\"@type\":\"BreadcrumbList\",\"@id\":\"https:\/\/jornaltimoneiro.com.br\/index.php\/2024\/07\/19\/audiencia-publica-sobre-ppp-da-educacao-sera-em-5-de-agosto\/#breadcrumb\",\"itemListElement\":[{\"@type\":\"ListItem\",\"position\":1,\"name\":\"In\u00edcio\",\"item\":\"https:\/\/jornaltimoneiro.com.br\/\"},{\"@type\":\"ListItem\",\"position\":2,\"name\":\"Audi\u00eancia p\u00fablica sobre PPP da educa\u00e7\u00e3o ser\u00e1 em 5 de agosto\"}]},{\"@type\":\"WebSite\",\"@id\":\"https:\/\/jornaltimoneiro.com.br\/#website\",\"url\":\"https:\/\/jornaltimoneiro.com.br\/\",\"name\":\"Jornal Timoneiro Canoas RS\",\"description\":\"Jornal O Timoneiro, o verdadeiro jornal de Canoas\",\"publisher\":{\"@id\":\"https:\/\/jornaltimoneiro.com.br\/#organization\"},\"potentialAction\":[{\"@type\":\"SearchAction\",\"target\":{\"@type\":\"EntryPoint\",\"urlTemplate\":\"https:\/\/jornaltimoneiro.com.br\/?s={search_term_string}\"},\"query-input\":\"required name=search_term_string\"}],\"inLanguage\":\"pt-BR\"},{\"@type\":\"Organization\",\"@id\":\"https:\/\/jornaltimoneiro.com.br\/#organization\",\"name\":\"Jornal Timoneiro Canoas RS\",\"url\":\"https:\/\/jornaltimoneiro.com.br\/\",\"logo\":{\"@type\":\"ImageObject\",\"inLanguage\":\"pt-BR\",\"@id\":\"https:\/\/jornaltimoneiro.com.br\/#\/schema\/logo\/image\/\",\"url\":\"https:\/\/jornaltimoneiro.com.br\/wp-content\/uploads\/2023\/03\/logonovo.png\",\"contentUrl\":\"https:\/\/jornaltimoneiro.com.br\/wp-content\/uploads\/2023\/03\/logonovo.png\",\"width\":\"469\",\"height\":\"171\",\"caption\":\"Jornal Timoneiro Canoas RS\"},\"image\":{\"@id\":\"https:\/\/jornaltimoneiro.com.br\/#\/schema\/logo\/image\/\"},\"sameAs\":[\"https:\/\/www.facebook.com\/jornaltimoneiro\",\"https:\/\/twitter.com\/_OTimoneiro\",\"https:\/\/www.instagram.com\/jornaltimoneirocanoas\/\",\"https:\/\/www.youtube.com\/@jornalotimoneiro7927\"]},{\"@type\":\"Person\",\"@id\":\"https:\/\/jornaltimoneiro.com.br\/#\/schema\/person\/f63482f1a02b1a9592707865e509ab40\",\"name\":\"Reda\u00e7\u00e3o\",\"image\":{\"@type\":\"ImageObject\",\"inLanguage\":\"pt-BR\",\"@id\":\"https:\/\/jornaltimoneiro.com.br\/#\/schema\/person\/image\/\",\"url\":\"https:\/\/jornaltimoneiro.com.br\/wp-content\/uploads\/2023\/03\/download.jpeg\",\"contentUrl\":\"https:\/\/jornaltimoneiro.com.br\/wp-content\/uploads\/2023\/03\/download.jpeg\",\"caption\":\"Reda\u00e7\u00e3o\"},\"url\":\"https:\/\/jornaltimoneiro.com.br\/index.php\/author\/simone-dutra\/\"}]}<\/script>\n<!-- \/ Yoast SEO plugin. -->","yoast_head_json":{"title":"Audi\u00eancia p\u00fablica sobre PPP da educa\u00e7\u00e3o ser\u00e1 em 5 de agosto - O Timoneiro Jornal Canoas RS","description":"O governo estadual publicou na sexta-feira, 19, a data e o local da audi\u00eancia p\u00fablica da parceria p\u00fablico-privada da educa\u00e7\u00e3o.","robots":{"index":"index","follow":"follow","max-snippet":"max-snippet:-1","max-image-preview":"max-image-preview:large","max-video-preview":"max-video-preview:-1"},"canonical":"https:\/\/jornaltimoneiro.com.br\/index.php\/2024\/07\/19\/audiencia-publica-sobre-ppp-da-educacao-sera-em-5-de-agosto\/","og_locale":"pt_BR","og_type":"article","og_title":"Audi\u00eancia p\u00fablica sobre PPP da educa\u00e7\u00e3o ser\u00e1 em 5 de agosto - O Timoneiro Jornal Canoas RS","og_description":"O governo estadual publicou na sexta-feira, 19, a data e o local da audi\u00eancia p\u00fablica da parceria p\u00fablico-privada da educa\u00e7\u00e3o.","og_url":"https:\/\/jornaltimoneiro.com.br\/index.php\/2024\/07\/19\/audiencia-publica-sobre-ppp-da-educacao-sera-em-5-de-agosto\/","og_site_name":"O Timoneiro Jornal Canoas RS","article_publisher":"https:\/\/www.facebook.com\/jornaltimoneiro","article_published_time":"2024-07-19T10:56:43+00:00","article_modified_time":"2024-07-19T14:01:46+00:00","og_image":[{"width":1080,"height":720,"url":"https:\/\/jornaltimoneiro.com.br\/wp-content\/uploads\/2023\/10\/WhatsApp-Image-2023-10-19-at-17.48.01-1.jpeg","type":"image\/jpeg"}],"author":"Reda\u00e7\u00e3o","twitter_card":"summary_large_image","twitter_creator":"@_OTimoneiro","twitter_site":"@_OTimoneiro","twitter_misc":{"Escrito por":"Reda\u00e7\u00e3o","Est. tempo de leitura":"2 minutos"},"schema":{"@context":"https:\/\/schema.org","@graph":[{"@type":"Article","@id":"https:\/\/jornaltimoneiro.com.br\/index.php\/2024\/07\/19\/audiencia-publica-sobre-ppp-da-educacao-sera-em-5-de-agosto\/#article","isPartOf":{"@id":"https:\/\/jornaltimoneiro.com.br\/index.php\/2024\/07\/19\/audiencia-publica-sobre-ppp-da-educacao-sera-em-5-de-agosto\/"},"author":{"name":"Reda\u00e7\u00e3o","@id":"https:\/\/jornaltimoneiro.com.br\/#\/schema\/person\/f63482f1a02b1a9592707865e509ab40"},"headline":"Audi\u00eancia p\u00fablica sobre PPP da educa\u00e7\u00e3o ser\u00e1 em 5 de agosto","datePublished":"2024-07-19T10:56:43+00:00","dateModified":"2024-07-19T14:01:46+00:00","mainEntityOfPage":{"@id":"https:\/\/jornaltimoneiro.com.br\/index.php\/2024\/07\/19\/audiencia-publica-sobre-ppp-da-educacao-sera-em-5-de-agosto\/"},"wordCount":304,"commentCount":0,"publisher":{"@id":"https:\/\/jornaltimoneiro.com.br\/#organization"},"keywords":["Educa\u00e7\u00e3o","featured","governo do estado rs","PPP"],"articleSection":["Educa\u00e7\u00e3o"],"inLanguage":"pt-BR","potentialAction":[{"@type":"CommentAction","name":"Comment","target":["https:\/\/jornaltimoneiro.com.br\/index.php\/2024\/07\/19\/audiencia-publica-sobre-ppp-da-educacao-sera-em-5-de-agosto\/#respond"]}]},{"@type":"WebPage","@id":"https:\/\/jornaltimoneiro.com.br\/index.php\/2024\/07\/19\/audiencia-publica-sobre-ppp-da-educacao-sera-em-5-de-agosto\/","url":"https:\/\/jornaltimoneiro.com.br\/index.php\/2024\/07\/19\/audiencia-publica-sobre-ppp-da-educacao-sera-em-5-de-agosto\/","name":"Audi\u00eancia p\u00fablica sobre PPP da educa\u00e7\u00e3o ser\u00e1 em 5 de agosto - O Timoneiro Jornal Canoas RS","isPartOf":{"@id":"https:\/\/jornaltimoneiro.com.br\/#website"},"datePublished":"2024-07-19T10:56:43+00:00","dateModified":"2024-07-19T14:01:46+00:00","description":"O governo estadual publicou na sexta-feira, 19, a data e o local da audi\u00eancia p\u00fablica da parceria p\u00fablico-privada da educa\u00e7\u00e3o.","breadcrumb":{"@id":"https:\/\/jornaltimoneiro.com.br\/index.php\/2024\/07\/19\/audiencia-publica-sobre-ppp-da-educacao-sera-em-5-de-agosto\/#breadcrumb"},"inLanguage":"pt-BR","potentialAction":[{"@type":"ReadAction","target":["https:\/\/jornaltimoneiro.com.br\/index.php\/2024\/07\/19\/audiencia-publica-sobre-ppp-da-educacao-sera-em-5-de-agosto\/"]}]},{"@type":"BreadcrumbList","@id":"https:\/\/jornaltimoneiro.com.br\/index.php\/2024\/07\/19\/audiencia-publica-sobre-ppp-da-educacao-sera-em-5-de-agosto\/#breadcrumb","itemListElement":[{"@type":"ListItem","position":1,"name":"In\u00edcio","item":"https:\/\/jornaltimoneiro.com.br\/"},{"@type":"ListItem","position":2,"name":"Audi\u00eancia p\u00fablica sobre PPP da educa\u00e7\u00e3o ser\u00e1 em 5 de agosto"}]},{"@type":"WebSite","@id":"https:\/\/jornaltimoneiro.com.br\/#website","url":"https:\/\/jornaltimoneiro.com.br\/","name":"Jornal Timoneiro Canoas RS","description":"Jornal O Timoneiro, o verdadeiro jornal de Canoas","publisher":{"@id":"https:\/\/jornaltimoneiro.com.br\/#organization"},"potentialAction":[{"@type":"SearchAction","target":{"@type":"EntryPoint","urlTemplate":"https:\/\/jornaltimoneiro.com.br\/?s={search_term_string}"},"query-input":"required name=search_term_string"}],"inLanguage":"pt-BR"},{"@type":"Organization","@id":"https:\/\/jornaltimoneiro.com.br\/#organization","name":"Jornal Timoneiro Canoas RS","url":"https:\/\/jornaltimoneiro.com.br\/","logo":{"@type":"ImageObject","inLanguage":"pt-BR","@id":"https:\/\/jornaltimoneiro.com.br\/#\/schema\/logo\/image\/","url":"https:\/\/jornaltimoneiro.com.br\/wp-content\/uploads\/2023\/03\/logonovo.png","contentUrl":"https:\/\/jornaltimoneiro.com.br\/wp-content\/uploads\/2023\/03\/logonovo.png","width":"469","height":"171","caption":"Jornal Timoneiro Canoas RS"},"image":{"@id":"https:\/\/jornaltimoneiro.com.br\/#\/schema\/logo\/image\/"},"sameAs":["https:\/\/www.facebook.com\/jornaltimoneiro","https:\/\/twitter.com\/_OTimoneiro","https:\/\/www.instagram.com\/jornaltimoneirocanoas\/","https:\/\/www.youtube.com\/@jornalotimoneiro7927"]},{"@type":"Person","@id":"https:\/\/jornaltimoneiro.com.br\/#\/schema\/person\/f63482f1a02b1a9592707865e509ab40","name":"Reda\u00e7\u00e3o","image":{"@type":"ImageObject","inLanguage":"pt-BR","@id":"https:\/\/jornaltimoneiro.com.br\/#\/schema\/person\/image\/","url":"https:\/\/jornaltimoneiro.com.br\/wp-content\/uploads\/2023\/03\/download.jpeg","contentUrl":"https:\/\/jornaltimoneiro.com.br\/wp-content\/uploads\/2023\/03\/download.jpeg","caption":"Reda\u00e7\u00e3o"},"url":"https:\/\/jornaltimoneiro.com.br\/index.php\/author\/simone-dutra\/"}]}},"_links":{"self":[{"href":"https:\/\/jornaltimoneiro.com.br\/index.php\/wp-json\/wp\/v2\/posts\/31051"}],"collection":[{"href":"https:\/\/jornaltimoneiro.com.br\/index.php\/wp-json\/wp\/v2\/posts"}],"about":[{"href":"https:\/\/jornaltimoneiro.com.br\/index.php\/wp-json\/wp\/v2\/types\/post"}],"author":[{"embeddable":true,"href":"https:\/\/jornaltimoneiro.com.br\/index.php\/wp-json\/wp\/v2\/users\/2"}],"replies":[{"embeddable":true,"href":"https:\/\/jornaltimoneiro.com.br\/index.php\/wp-json\/wp\/v2\/comments?post=31051"}],"version-history":[{"count":1,"href":"https:\/\/jornaltimoneiro.com.br\/index.php\/wp-json\/wp\/v2\/posts\/31051\/revisions"}],"predecessor-version":[{"id":31052,"href":"https:\/\/jornaltimoneiro.com.br\/index.php\/wp-json\/wp\/v2\/posts\/31051\/revisions\/31052"}],"wp:featuredmedia":[{"embeddable":true,"href":"https:\/\/jornaltimoneiro.com.br\/index.php\/wp-json\/wp\/v2\/media\/26118"}],"wp:attachment":[{"href":"https:\/\/jornaltimoneiro.com.br\/index.php\/wp-json\/wp\/v2\/media?parent=31051"}],"wp:term":[{"taxonomy":"category","embeddable":true,"href":"https:\/\/jornaltimoneiro.com.br\/index.php\/wp-json\/wp\/v2\/categories?post=31051"},{"taxonomy":"post_tag","embeddable":true,"href":"https:\/\/jornaltimoneiro.com.br\/index.php\/wp-json\/wp\/v2\/tags?post=31051"}],"curies":[{"name":"wp","href":"https:\/\/api.w.org\/{rel}","templated":true}]}}