{"id":31013,"date":"2024-07-18T09:38:16","date_gmt":"2024-07-18T12:38:16","guid":{"rendered":"https:\/\/jornaltimoneiro.com.br\/?p=31013"},"modified":"2024-07-18T09:38:16","modified_gmt":"2024-07-18T12:38:16","slug":"transporte-coletivo","status":"publish","type":"post","link":"https:\/\/jornaltimoneiro.com.br\/index.php\/2024\/07\/18\/transporte-coletivo\/","title":{"rendered":"Como comunicar problemas do transporte coletivo em Canoas"},"content":{"rendered":"<p>Os moradores de Canoas podem contribuir para a qualidade do transporte coletivo comunicando problemas ou transtornos \u00e0 Secretaria Municipal de Transportes e Mobilidade (SMTM). A secretaria est\u00e1 mantendo di\u00e1logo com a Sociedade de \u00d4nibus Ga\u00facha Ltda (Sogal), que opera as linhas na cidade.<\/p>\n<h4>Itiner\u00e1rios em ajuste<\/h4>\n<p>Os itiner\u00e1rios das linhas de \u00f4nibus s\u00e3o definidos conforme a libera\u00e7\u00e3o de novas ruas, com o progresso do trabalho das equipes de limpeza. A linha Rio Branco j\u00e1 funciona integralmente. A linha F\u00e1tima ainda enfrenta restri\u00e7\u00f5es devido ao trabalho de m\u00e1quinas e oper\u00e1rios, mas deve ter suas rotas ampliadas nos pr\u00f3ximos dias.<\/p>\n<h4>Poss\u00edveis atrasos<\/h4>\n<p>Segundo a SMTM, atrasos nos hor\u00e1rios dos \u00f4nibus podem ocorrer devido a problemas mec\u00e2nicos, transtornos no tr\u00e2nsito ou outras intercorr\u00eancias. Ao comunicar esses problemas, os usu\u00e1rios ajudam as equipes a encontrar as melhores solu\u00e7\u00f5es.<\/p>\n<h4>Como comunicar problemas<\/h4>\n<p style=\"padding-left: 40px;\">&#8211; <strong>Sugest\u00f5es, atrasos e outros assuntos:<\/strong> Diretoria de Transportes, pelo WhatsApp (51) 99365-9452 ou telefone (51) 3425-7637.<br \/>\n&#8211; <strong>Itiner\u00e1rios e hor\u00e1rios das linhas:<\/strong> Telefone (51) 3472-6233 ou site da Sogal.<\/p>\n","protected":false},"excerpt":{"rendered":"<p>Os moradores de Canoas podem contribuir para a qualidade do transporte coletivo comunicando problemas ou transtornos \u00e0 Secretaria Municipal de Transportes e Mobilidade (SMTM). A secretaria est\u00e1 mantendo di\u00e1logo com a Sociedade de \u00d4nibus Ga\u00facha Ltda (Sogal), que opera as linhas na cidade. Itiner\u00e1rios em ajuste Os itiner\u00e1rios das linhas de \u00f4nibus s\u00e3o definidos conforme [&hellip;]<\/p>\n","protected":false},"author":2,"featured_media":20117,"comment_status":"open","ping_status":"open","sticky":false,"template":"","format":"standard","meta":{"amp_status":"","footnotes":""},"categories":[2629],"tags":[190,2997,127,1176,58],"class_list":["post-31013","post","type-post","status-publish","format-standard","has-post-thumbnail","hentry","category-transporte","tag-featured","tag-smtm","tag-transito","tag-transporte-coletivo","tag-transporte-publico"],"yoast_head":"<!-- This site is optimized with the Yoast SEO plugin v20.5 - https:\/\/yoast.com\/wordpress\/plugins\/seo\/ -->\n<title>Como comunicar problemas do transporte coletivo em Canoas - O Timoneiro Jornal Canoas RS<\/title>\n<meta name=\"description\" content=\"Os moradores de Canoas podem contribuir para a qualidade do transporte coletivo comunicando problemas ou transtornos \u00e0 SMTM.\" \/>\n<meta name=\"robots\" content=\"index, follow, max-snippet:-1, max-image-preview:large, max-video-preview:-1\" \/>\n<link rel=\"canonical\" href=\"https:\/\/jornaltimoneiro.com.br\/index.php\/2024\/07\/18\/transporte-coletivo\/\" \/>\n<meta property=\"og:locale\" content=\"pt_BR\" \/>\n<meta property=\"og:type\" content=\"article\" \/>\n<meta property=\"og:title\" content=\"Como comunicar problemas do transporte coletivo em Canoas - O Timoneiro Jornal Canoas RS\" \/>\n<meta property=\"og:description\" content=\"Os moradores de Canoas podem contribuir para a qualidade do transporte coletivo comunicando problemas ou transtornos \u00e0 SMTM.\" \/>\n<meta property=\"og:url\" content=\"https:\/\/jornaltimoneiro.com.br\/index.php\/2024\/07\/18\/transporte-coletivo\/\" \/>\n<meta property=\"og:site_name\" content=\"O Timoneiro Jornal Canoas RS\" \/>\n<meta property=\"article:publisher\" content=\"https:\/\/www.facebook.com\/jornaltimoneiro\" \/>\n<meta property=\"article:published_time\" content=\"2024-07-18T12:38:16+00:00\" \/>\n<meta property=\"og:image\" content=\"https:\/\/jornaltimoneiro.com.br\/wp-content\/uploads\/2021\/06\/29-04-BUS-SOGAL-24.jpg\" \/>\n\t<meta property=\"og:image:width\" content=\"1080\" \/>\n\t<meta property=\"og:image:height\" content=\"607\" \/>\n\t<meta property=\"og:image:type\" content=\"image\/jpeg\" \/>\n<meta name=\"author\" content=\"Reda\u00e7\u00e3o\" \/>\n<meta name=\"twitter:card\" content=\"summary_large_image\" \/>\n<meta name=\"twitter:creator\" content=\"@_OTimoneiro\" \/>\n<meta name=\"twitter:site\" content=\"@_OTimoneiro\" \/>\n<meta name=\"twitter:label1\" content=\"Escrito por\" \/>\n\t<meta name=\"twitter:data1\" content=\"Reda\u00e7\u00e3o\" \/>\n\t<meta name=\"twitter:label2\" content=\"Est. tempo de leitura\" \/>\n\t<meta name=\"twitter:data2\" content=\"1 minuto\" \/>\n<script type=\"application\/ld+json\" class=\"yoast-schema-graph\">{\"@context\":\"https:\/\/schema.org\",\"@graph\":[{\"@type\":\"Article\",\"@id\":\"https:\/\/jornaltimoneiro.com.br\/index.php\/2024\/07\/18\/transporte-coletivo\/#article\",\"isPartOf\":{\"@id\":\"https:\/\/jornaltimoneiro.com.br\/index.php\/2024\/07\/18\/transporte-coletivo\/\"},\"author\":{\"name\":\"Reda\u00e7\u00e3o\",\"@id\":\"https:\/\/jornaltimoneiro.com.br\/#\/schema\/person\/f63482f1a02b1a9592707865e509ab40\"},\"headline\":\"Como comunicar problemas do transporte coletivo em Canoas\",\"datePublished\":\"2024-07-18T12:38:16+00:00\",\"dateModified\":\"2024-07-18T12:38:16+00:00\",\"mainEntityOfPage\":{\"@id\":\"https:\/\/jornaltimoneiro.com.br\/index.php\/2024\/07\/18\/transporte-coletivo\/\"},\"wordCount\":192,\"commentCount\":0,\"publisher\":{\"@id\":\"https:\/\/jornaltimoneiro.com.br\/#organization\"},\"keywords\":[\"featured\",\"SMTM\",\"Tr\u00e2nsito\",\"transporte coletivo\",\"transporte p\u00fablico\"],\"articleSection\":[\"Transporte\"],\"inLanguage\":\"pt-BR\",\"potentialAction\":[{\"@type\":\"CommentAction\",\"name\":\"Comment\",\"target\":[\"https:\/\/jornaltimoneiro.com.br\/index.php\/2024\/07\/18\/transporte-coletivo\/#respond\"]}]},{\"@type\":\"WebPage\",\"@id\":\"https:\/\/jornaltimoneiro.com.br\/index.php\/2024\/07\/18\/transporte-coletivo\/\",\"url\":\"https:\/\/jornaltimoneiro.com.br\/index.php\/2024\/07\/18\/transporte-coletivo\/\",\"name\":\"Como comunicar problemas do transporte coletivo em Canoas - O Timoneiro Jornal Canoas RS\",\"isPartOf\":{\"@id\":\"https:\/\/jornaltimoneiro.com.br\/#website\"},\"datePublished\":\"2024-07-18T12:38:16+00:00\",\"dateModified\":\"2024-07-18T12:38:16+00:00\",\"description\":\"Os moradores de Canoas podem contribuir para a qualidade do transporte coletivo comunicando problemas ou transtornos \u00e0 SMTM.\",\"breadcrumb\":{\"@id\":\"https:\/\/jornaltimoneiro.com.br\/index.php\/2024\/07\/18\/transporte-coletivo\/#breadcrumb\"},\"inLanguage\":\"pt-BR\",\"potentialAction\":[{\"@type\":\"ReadAction\",\"target\":[\"https:\/\/jornaltimoneiro.com.br\/index.php\/2024\/07\/18\/transporte-coletivo\/\"]}]},{\"@type\":\"BreadcrumbList\",\"@id\":\"https:\/\/jornaltimoneiro.com.br\/index.php\/2024\/07\/18\/transporte-coletivo\/#breadcrumb\",\"itemListElement\":[{\"@type\":\"ListItem\",\"position\":1,\"name\":\"In\u00edcio\",\"item\":\"https:\/\/jornaltimoneiro.com.br\/\"},{\"@type\":\"ListItem\",\"position\":2,\"name\":\"Como comunicar problemas do transporte coletivo em Canoas\"}]},{\"@type\":\"WebSite\",\"@id\":\"https:\/\/jornaltimoneiro.com.br\/#website\",\"url\":\"https:\/\/jornaltimoneiro.com.br\/\",\"name\":\"Jornal Timoneiro Canoas RS\",\"description\":\"Jornal O Timoneiro, o verdadeiro jornal de Canoas\",\"publisher\":{\"@id\":\"https:\/\/jornaltimoneiro.com.br\/#organization\"},\"potentialAction\":[{\"@type\":\"SearchAction\",\"target\":{\"@type\":\"EntryPoint\",\"urlTemplate\":\"https:\/\/jornaltimoneiro.com.br\/?s={search_term_string}\"},\"query-input\":\"required name=search_term_string\"}],\"inLanguage\":\"pt-BR\"},{\"@type\":\"Organization\",\"@id\":\"https:\/\/jornaltimoneiro.com.br\/#organization\",\"name\":\"Jornal Timoneiro Canoas RS\",\"url\":\"https:\/\/jornaltimoneiro.com.br\/\",\"logo\":{\"@type\":\"ImageObject\",\"inLanguage\":\"pt-BR\",\"@id\":\"https:\/\/jornaltimoneiro.com.br\/#\/schema\/logo\/image\/\",\"url\":\"https:\/\/jornaltimoneiro.com.br\/wp-content\/uploads\/2023\/03\/logonovo.png\",\"contentUrl\":\"https:\/\/jornaltimoneiro.com.br\/wp-content\/uploads\/2023\/03\/logonovo.png\",\"width\":\"469\",\"height\":\"171\",\"caption\":\"Jornal Timoneiro Canoas RS\"},\"image\":{\"@id\":\"https:\/\/jornaltimoneiro.com.br\/#\/schema\/logo\/image\/\"},\"sameAs\":[\"https:\/\/www.facebook.com\/jornaltimoneiro\",\"https:\/\/twitter.com\/_OTimoneiro\",\"https:\/\/www.instagram.com\/jornaltimoneirocanoas\/\",\"https:\/\/www.youtube.com\/@jornalotimoneiro7927\"]},{\"@type\":\"Person\",\"@id\":\"https:\/\/jornaltimoneiro.com.br\/#\/schema\/person\/f63482f1a02b1a9592707865e509ab40\",\"name\":\"Reda\u00e7\u00e3o\",\"image\":{\"@type\":\"ImageObject\",\"inLanguage\":\"pt-BR\",\"@id\":\"https:\/\/jornaltimoneiro.com.br\/#\/schema\/person\/image\/\",\"url\":\"https:\/\/jornaltimoneiro.com.br\/wp-content\/uploads\/2023\/03\/download.jpeg\",\"contentUrl\":\"https:\/\/jornaltimoneiro.com.br\/wp-content\/uploads\/2023\/03\/download.jpeg\",\"caption\":\"Reda\u00e7\u00e3o\"},\"url\":\"https:\/\/jornaltimoneiro.com.br\/index.php\/author\/simone-dutra\/\"}]}<\/script>\n<!-- \/ Yoast SEO plugin. -->","yoast_head_json":{"title":"Como comunicar problemas do transporte coletivo em Canoas - O Timoneiro Jornal Canoas RS","description":"Os moradores de Canoas podem contribuir para a qualidade do transporte coletivo comunicando problemas ou transtornos \u00e0 SMTM.","robots":{"index":"index","follow":"follow","max-snippet":"max-snippet:-1","max-image-preview":"max-image-preview:large","max-video-preview":"max-video-preview:-1"},"canonical":"https:\/\/jornaltimoneiro.com.br\/index.php\/2024\/07\/18\/transporte-coletivo\/","og_locale":"pt_BR","og_type":"article","og_title":"Como comunicar problemas do transporte coletivo em Canoas - O Timoneiro Jornal Canoas RS","og_description":"Os moradores de Canoas podem contribuir para a qualidade do transporte coletivo comunicando problemas ou transtornos \u00e0 SMTM.","og_url":"https:\/\/jornaltimoneiro.com.br\/index.php\/2024\/07\/18\/transporte-coletivo\/","og_site_name":"O Timoneiro Jornal Canoas RS","article_publisher":"https:\/\/www.facebook.com\/jornaltimoneiro","article_published_time":"2024-07-18T12:38:16+00:00","og_image":[{"width":"1080","height":"607","url":"https:\/\/jornaltimoneiro.com.br\/wp-content\/uploads\/2021\/06\/29-04-BUS-SOGAL-24.jpg","type":"image\/jpeg"}],"author":"Reda\u00e7\u00e3o","twitter_card":"summary_large_image","twitter_creator":"@_OTimoneiro","twitter_site":"@_OTimoneiro","twitter_misc":{"Escrito por":"Reda\u00e7\u00e3o","Est. tempo de leitura":"1 minuto"},"schema":{"@context":"https:\/\/schema.org","@graph":[{"@type":"Article","@id":"https:\/\/jornaltimoneiro.com.br\/index.php\/2024\/07\/18\/transporte-coletivo\/#article","isPartOf":{"@id":"https:\/\/jornaltimoneiro.com.br\/index.php\/2024\/07\/18\/transporte-coletivo\/"},"author":{"name":"Reda\u00e7\u00e3o","@id":"https:\/\/jornaltimoneiro.com.br\/#\/schema\/person\/f63482f1a02b1a9592707865e509ab40"},"headline":"Como comunicar problemas do transporte coletivo em Canoas","datePublished":"2024-07-18T12:38:16+00:00","dateModified":"2024-07-18T12:38:16+00:00","mainEntityOfPage":{"@id":"https:\/\/jornaltimoneiro.com.br\/index.php\/2024\/07\/18\/transporte-coletivo\/"},"wordCount":192,"commentCount":0,"publisher":{"@id":"https:\/\/jornaltimoneiro.com.br\/#organization"},"keywords":["featured","SMTM","Tr\u00e2nsito","transporte coletivo","transporte p\u00fablico"],"articleSection":["Transporte"],"inLanguage":"pt-BR","potentialAction":[{"@type":"CommentAction","name":"Comment","target":["https:\/\/jornaltimoneiro.com.br\/index.php\/2024\/07\/18\/transporte-coletivo\/#respond"]}]},{"@type":"WebPage","@id":"https:\/\/jornaltimoneiro.com.br\/index.php\/2024\/07\/18\/transporte-coletivo\/","url":"https:\/\/jornaltimoneiro.com.br\/index.php\/2024\/07\/18\/transporte-coletivo\/","name":"Como comunicar problemas do transporte coletivo em Canoas - O Timoneiro Jornal Canoas RS","isPartOf":{"@id":"https:\/\/jornaltimoneiro.com.br\/#website"},"datePublished":"2024-07-18T12:38:16+00:00","dateModified":"2024-07-18T12:38:16+00:00","description":"Os moradores de Canoas podem contribuir para a qualidade do transporte coletivo comunicando problemas ou transtornos \u00e0 SMTM.","breadcrumb":{"@id":"https:\/\/jornaltimoneiro.com.br\/index.php\/2024\/07\/18\/transporte-coletivo\/#breadcrumb"},"inLanguage":"pt-BR","potentialAction":[{"@type":"ReadAction","target":["https:\/\/jornaltimoneiro.com.br\/index.php\/2024\/07\/18\/transporte-coletivo\/"]}]},{"@type":"BreadcrumbList","@id":"https:\/\/jornaltimoneiro.com.br\/index.php\/2024\/07\/18\/transporte-coletivo\/#breadcrumb","itemListElement":[{"@type":"ListItem","position":1,"name":"In\u00edcio","item":"https:\/\/jornaltimoneiro.com.br\/"},{"@type":"ListItem","position":2,"name":"Como comunicar problemas do transporte coletivo em Canoas"}]},{"@type":"WebSite","@id":"https:\/\/jornaltimoneiro.com.br\/#website","url":"https:\/\/jornaltimoneiro.com.br\/","name":"Jornal Timoneiro Canoas RS","description":"Jornal O Timoneiro, o verdadeiro jornal de Canoas","publisher":{"@id":"https:\/\/jornaltimoneiro.com.br\/#organization"},"potentialAction":[{"@type":"SearchAction","target":{"@type":"EntryPoint","urlTemplate":"https:\/\/jornaltimoneiro.com.br\/?s={search_term_string}"},"query-input":"required name=search_term_string"}],"inLanguage":"pt-BR"},{"@type":"Organization","@id":"https:\/\/jornaltimoneiro.com.br\/#organization","name":"Jornal Timoneiro Canoas RS","url":"https:\/\/jornaltimoneiro.com.br\/","logo":{"@type":"ImageObject","inLanguage":"pt-BR","@id":"https:\/\/jornaltimoneiro.com.br\/#\/schema\/logo\/image\/","url":"https:\/\/jornaltimoneiro.com.br\/wp-content\/uploads\/2023\/03\/logonovo.png","contentUrl":"https:\/\/jornaltimoneiro.com.br\/wp-content\/uploads\/2023\/03\/logonovo.png","width":"469","height":"171","caption":"Jornal Timoneiro Canoas RS"},"image":{"@id":"https:\/\/jornaltimoneiro.com.br\/#\/schema\/logo\/image\/"},"sameAs":["https:\/\/www.facebook.com\/jornaltimoneiro","https:\/\/twitter.com\/_OTimoneiro","https:\/\/www.instagram.com\/jornaltimoneirocanoas\/","https:\/\/www.youtube.com\/@jornalotimoneiro7927"]},{"@type":"Person","@id":"https:\/\/jornaltimoneiro.com.br\/#\/schema\/person\/f63482f1a02b1a9592707865e509ab40","name":"Reda\u00e7\u00e3o","image":{"@type":"ImageObject","inLanguage":"pt-BR","@id":"https:\/\/jornaltimoneiro.com.br\/#\/schema\/person\/image\/","url":"https:\/\/jornaltimoneiro.com.br\/wp-content\/uploads\/2023\/03\/download.jpeg","contentUrl":"https:\/\/jornaltimoneiro.com.br\/wp-content\/uploads\/2023\/03\/download.jpeg","caption":"Reda\u00e7\u00e3o"},"url":"https:\/\/jornaltimoneiro.com.br\/index.php\/author\/simone-dutra\/"}]}},"_links":{"self":[{"href":"https:\/\/jornaltimoneiro.com.br\/index.php\/wp-json\/wp\/v2\/posts\/31013"}],"collection":[{"href":"https:\/\/jornaltimoneiro.com.br\/index.php\/wp-json\/wp\/v2\/posts"}],"about":[{"href":"https:\/\/jornaltimoneiro.com.br\/index.php\/wp-json\/wp\/v2\/types\/post"}],"author":[{"embeddable":true,"href":"https:\/\/jornaltimoneiro.com.br\/index.php\/wp-json\/wp\/v2\/users\/2"}],"replies":[{"embeddable":true,"href":"https:\/\/jornaltimoneiro.com.br\/index.php\/wp-json\/wp\/v2\/comments?post=31013"}],"version-history":[{"count":1,"href":"https:\/\/jornaltimoneiro.com.br\/index.php\/wp-json\/wp\/v2\/posts\/31013\/revisions"}],"predecessor-version":[{"id":31014,"href":"https:\/\/jornaltimoneiro.com.br\/index.php\/wp-json\/wp\/v2\/posts\/31013\/revisions\/31014"}],"wp:featuredmedia":[{"embeddable":true,"href":"https:\/\/jornaltimoneiro.com.br\/index.php\/wp-json\/wp\/v2\/media\/20117"}],"wp:attachment":[{"href":"https:\/\/jornaltimoneiro.com.br\/index.php\/wp-json\/wp\/v2\/media?parent=31013"}],"wp:term":[{"taxonomy":"category","embeddable":true,"href":"https:\/\/jornaltimoneiro.com.br\/index.php\/wp-json\/wp\/v2\/categories?post=31013"},{"taxonomy":"post_tag","embeddable":true,"href":"https:\/\/jornaltimoneiro.com.br\/index.php\/wp-json\/wp\/v2\/tags?post=31013"}],"curies":[{"name":"wp","href":"https:\/\/api.w.org\/{rel}","templated":true}]}}