{"id":30917,"date":"2024-07-14T13:40:17","date_gmt":"2024-07-14T16:40:17","guid":{"rendered":"https:\/\/jornaltimoneiro.com.br\/?p=30917"},"modified":"2024-07-14T13:40:17","modified_gmt":"2024-07-14T16:40:17","slug":"programa-para-limpeza-de-casas-e-recebimento-de-eletrodomesticos-em-canoas-tem-inscricoes-ate-a-segunda-feira-15","status":"publish","type":"post","link":"https:\/\/jornaltimoneiro.com.br\/index.php\/2024\/07\/14\/programa-para-limpeza-de-casas-e-recebimento-de-eletrodomesticos-em-canoas-tem-inscricoes-ate-a-segunda-feira-15\/","title":{"rendered":"Programa para limpeza de casas e recebimento de eletrodom\u00e9sticos em Canoas tem inscri\u00e7\u00f5es at\u00e9 a segunda-feira, 15"},"content":{"rendered":"<p>As inscri\u00e7\u00f5es para novos benefici\u00e1rios do Programa Canoas Volta pra Casa foram prorrogadas at\u00e9 segunda-feira, 15.\u00a0 O prazo original era at\u00e9 a sexta-feira, 12.<\/p>\n<p>A iniciativa oferece limpeza para resid\u00eancias e o recebimento de um kit de eletrodom\u00e9sticos, contendo geladeira e fog\u00e3o, aos canoenses contemplados. Ser\u00e3o 4.749 conjuntos, sendo 25 deles doados pelo governo estadual e 4.724 pela Petrobr\u00e1s.<\/p>\n<p>Para se inscrever, as fam\u00edlias devem estar inscritas no Cad\u00danico e residirem nas \u00e1reas atingidas pelas enchentes de maio.<\/p>\n<p>A classifica\u00e7\u00e3o e a sele\u00e7\u00e3o dos benefici\u00e1rios obedecer\u00e1 ao somat\u00f3rio de pontos de acordo com os seguintes crit\u00e9rios:<\/p>\n<ul>\n<li>Pessoa idosa: 2 pontos por indiv\u00edduo<\/li>\n<li>N\u00famero de filhos em idade de 0 at\u00e9 12 anos: 2 pontos por filho<\/li>\n<li>N\u00famero de filhos em idade de 13 at\u00e9 17 anos: 1 ponto por filho<\/li>\n<li>Pessoas com defici\u00eancia: 2 pontos por PCD<\/li>\n<li>Renda<em>\u00a0per capita<\/em>:\n<ul>\n<li>de 0 a 25% do sal\u00e1rio m\u00ednimo: 5 pontos<\/li>\n<li>de 26 a 50% do sal\u00e1rio m\u00ednimo: 4 pontos<\/li>\n<li>de 51 a 75% do sal\u00e1rio m\u00ednimo: 3 pontos<\/li>\n<li>de 76 a 100% do sal\u00e1rio m\u00ednimo: 2 pontos<\/li>\n<\/ul>\n<\/li>\n<li>Respons\u00e1vel familiar desempregado: 2 pontos<\/li>\n<li>Mulheres chefe de fam\u00edlia: 5 pontos<\/li>\n<\/ul>\n<p>As inscri\u00e7\u00f5es podem ser realizadas acessando este\u00a0<a href=\"https:\/\/sistemas.canoas.rs.gov.br\/auxilio-canoense\/formulario\/auxilio-volta-casa\">link<\/a>. A lista dos benefici\u00e1rios selecionados ser\u00e1 publicada no site da Prefeitura at\u00e9 a quarta-feira, 17, por ordem de classifica\u00e7\u00e3o e supl\u00eancia.<\/p>\n","protected":false},"excerpt":{"rendered":"<p>As inscri\u00e7\u00f5es para novos benefici\u00e1rios do Programa Canoas Volta pra Casa foram prorrogadas at\u00e9 segunda-feira, 15.\u00a0 O prazo original era at\u00e9 a sexta-feira, 12. A iniciativa oferece limpeza para resid\u00eancias e o recebimento de um kit de eletrodom\u00e9sticos, contendo geladeira e fog\u00e3o, aos canoenses contemplados. Ser\u00e3o 4.749 conjuntos, sendo 25 deles doados pelo governo estadual [&hellip;]<\/p>\n","protected":false},"author":2,"featured_media":30918,"comment_status":"open","ping_status":"open","sticky":false,"template":"","format":"standard","meta":{"amp_status":"","footnotes":""},"categories":[23],"tags":[31,2981,791,190,1887,2982,1073,2226],"class_list":["post-30917","post","type-post","status-publish","format-standard","has-post-thumbnail","hentry","category-geral","tag-canoas","tag-eletrodomesticos","tag-enchente","tag-featured","tag-limpeza","tag-pontos","tag-programa","tag-selecao"],"yoast_head":"<!-- This site is optimized with the Yoast SEO plugin v20.5 - https:\/\/yoast.com\/wordpress\/plugins\/seo\/ -->\n<title>Programa para limpeza de casas e recebimento de eletrodom\u00e9sticos em Canoas tem inscri\u00e7\u00f5es at\u00e9 a segunda-feira, 15 - O Timoneiro Jornal Canoas RS<\/title>\n<meta name=\"robots\" content=\"index, follow, max-snippet:-1, max-image-preview:large, max-video-preview:-1\" \/>\n<link rel=\"canonical\" href=\"https:\/\/jornaltimoneiro.com.br\/index.php\/2024\/07\/14\/programa-para-limpeza-de-casas-e-recebimento-de-eletrodomesticos-em-canoas-tem-inscricoes-ate-a-segunda-feira-15\/\" \/>\n<meta property=\"og:locale\" content=\"pt_BR\" \/>\n<meta property=\"og:type\" content=\"article\" \/>\n<meta property=\"og:title\" content=\"Programa para limpeza de casas e recebimento de eletrodom\u00e9sticos em Canoas tem inscri\u00e7\u00f5es at\u00e9 a segunda-feira, 15 - O Timoneiro Jornal Canoas RS\" \/>\n<meta property=\"og:description\" content=\"As inscri\u00e7\u00f5es para novos benefici\u00e1rios do Programa Canoas Volta pra Casa foram prorrogadas at\u00e9 segunda-feira, 15.\u00a0 O prazo original era at\u00e9 a sexta-feira, 12. A iniciativa oferece limpeza para resid\u00eancias e o recebimento de um kit de eletrodom\u00e9sticos, contendo geladeira e fog\u00e3o, aos canoenses contemplados. Ser\u00e3o 4.749 conjuntos, sendo 25 deles doados pelo governo estadual [&hellip;]\" \/>\n<meta property=\"og:url\" content=\"https:\/\/jornaltimoneiro.com.br\/index.php\/2024\/07\/14\/programa-para-limpeza-de-casas-e-recebimento-de-eletrodomesticos-em-canoas-tem-inscricoes-ate-a-segunda-feira-15\/\" \/>\n<meta property=\"og:site_name\" content=\"O Timoneiro Jornal Canoas RS\" \/>\n<meta property=\"article:publisher\" content=\"https:\/\/www.facebook.com\/jornaltimoneiro\" \/>\n<meta property=\"article:published_time\" content=\"2024-07-14T16:40:17+00:00\" \/>\n<meta property=\"og:image\" content=\"https:\/\/jornaltimoneiro.com.br\/wp-content\/uploads\/2024\/07\/REDUZIDAS_27.06.2024-CANOAS-VOLTA-PRA-CASA-JULIANAREIS-13-scaled.jpg\" \/>\n\t<meta property=\"og:image:width\" content=\"2560\" \/>\n\t<meta property=\"og:image:height\" content=\"1707\" \/>\n\t<meta property=\"og:image:type\" content=\"image\/jpeg\" \/>\n<meta name=\"author\" content=\"Reda\u00e7\u00e3o\" \/>\n<meta name=\"twitter:card\" content=\"summary_large_image\" \/>\n<meta name=\"twitter:creator\" content=\"@_OTimoneiro\" \/>\n<meta name=\"twitter:site\" content=\"@_OTimoneiro\" \/>\n<meta name=\"twitter:label1\" content=\"Escrito por\" \/>\n\t<meta name=\"twitter:data1\" content=\"Reda\u00e7\u00e3o\" \/>\n\t<meta name=\"twitter:label2\" content=\"Est. tempo de leitura\" \/>\n\t<meta name=\"twitter:data2\" content=\"2 minutos\" \/>\n<script type=\"application\/ld+json\" class=\"yoast-schema-graph\">{\"@context\":\"https:\/\/schema.org\",\"@graph\":[{\"@type\":\"Article\",\"@id\":\"https:\/\/jornaltimoneiro.com.br\/index.php\/2024\/07\/14\/programa-para-limpeza-de-casas-e-recebimento-de-eletrodomesticos-em-canoas-tem-inscricoes-ate-a-segunda-feira-15\/#article\",\"isPartOf\":{\"@id\":\"https:\/\/jornaltimoneiro.com.br\/index.php\/2024\/07\/14\/programa-para-limpeza-de-casas-e-recebimento-de-eletrodomesticos-em-canoas-tem-inscricoes-ate-a-segunda-feira-15\/\"},\"author\":{\"name\":\"Reda\u00e7\u00e3o\",\"@id\":\"https:\/\/jornaltimoneiro.com.br\/#\/schema\/person\/f63482f1a02b1a9592707865e509ab40\"},\"headline\":\"Programa para limpeza de casas e recebimento de eletrodom\u00e9sticos em Canoas tem inscri\u00e7\u00f5es at\u00e9 a segunda-feira, 15\",\"datePublished\":\"2024-07-14T16:40:17+00:00\",\"dateModified\":\"2024-07-14T16:40:17+00:00\",\"mainEntityOfPage\":{\"@id\":\"https:\/\/jornaltimoneiro.com.br\/index.php\/2024\/07\/14\/programa-para-limpeza-de-casas-e-recebimento-de-eletrodomesticos-em-canoas-tem-inscricoes-ate-a-segunda-feira-15\/\"},\"wordCount\":238,\"commentCount\":0,\"publisher\":{\"@id\":\"https:\/\/jornaltimoneiro.com.br\/#organization\"},\"keywords\":[\"canoas\",\"eletrodom\u00e9sticos\",\"enchente\",\"featured\",\"limpeza\",\"pontos\",\"programa\",\"sele\u00e7\u00e3o\"],\"articleSection\":[\"Geral\"],\"inLanguage\":\"pt-BR\",\"potentialAction\":[{\"@type\":\"CommentAction\",\"name\":\"Comment\",\"target\":[\"https:\/\/jornaltimoneiro.com.br\/index.php\/2024\/07\/14\/programa-para-limpeza-de-casas-e-recebimento-de-eletrodomesticos-em-canoas-tem-inscricoes-ate-a-segunda-feira-15\/#respond\"]}]},{\"@type\":\"WebPage\",\"@id\":\"https:\/\/jornaltimoneiro.com.br\/index.php\/2024\/07\/14\/programa-para-limpeza-de-casas-e-recebimento-de-eletrodomesticos-em-canoas-tem-inscricoes-ate-a-segunda-feira-15\/\",\"url\":\"https:\/\/jornaltimoneiro.com.br\/index.php\/2024\/07\/14\/programa-para-limpeza-de-casas-e-recebimento-de-eletrodomesticos-em-canoas-tem-inscricoes-ate-a-segunda-feira-15\/\",\"name\":\"Programa para limpeza de casas e recebimento de eletrodom\u00e9sticos em Canoas tem inscri\u00e7\u00f5es at\u00e9 a segunda-feira, 15 - O Timoneiro Jornal Canoas RS\",\"isPartOf\":{\"@id\":\"https:\/\/jornaltimoneiro.com.br\/#website\"},\"datePublished\":\"2024-07-14T16:40:17+00:00\",\"dateModified\":\"2024-07-14T16:40:17+00:00\",\"breadcrumb\":{\"@id\":\"https:\/\/jornaltimoneiro.com.br\/index.php\/2024\/07\/14\/programa-para-limpeza-de-casas-e-recebimento-de-eletrodomesticos-em-canoas-tem-inscricoes-ate-a-segunda-feira-15\/#breadcrumb\"},\"inLanguage\":\"pt-BR\",\"potentialAction\":[{\"@type\":\"ReadAction\",\"target\":[\"https:\/\/jornaltimoneiro.com.br\/index.php\/2024\/07\/14\/programa-para-limpeza-de-casas-e-recebimento-de-eletrodomesticos-em-canoas-tem-inscricoes-ate-a-segunda-feira-15\/\"]}]},{\"@type\":\"BreadcrumbList\",\"@id\":\"https:\/\/jornaltimoneiro.com.br\/index.php\/2024\/07\/14\/programa-para-limpeza-de-casas-e-recebimento-de-eletrodomesticos-em-canoas-tem-inscricoes-ate-a-segunda-feira-15\/#breadcrumb\",\"itemListElement\":[{\"@type\":\"ListItem\",\"position\":1,\"name\":\"In\u00edcio\",\"item\":\"https:\/\/jornaltimoneiro.com.br\/\"},{\"@type\":\"ListItem\",\"position\":2,\"name\":\"Programa para limpeza de casas e recebimento de eletrodom\u00e9sticos em Canoas tem inscri\u00e7\u00f5es at\u00e9 a segunda-feira, 15\"}]},{\"@type\":\"WebSite\",\"@id\":\"https:\/\/jornaltimoneiro.com.br\/#website\",\"url\":\"https:\/\/jornaltimoneiro.com.br\/\",\"name\":\"Jornal Timoneiro Canoas RS\",\"description\":\"Jornal O Timoneiro, o verdadeiro jornal de Canoas\",\"publisher\":{\"@id\":\"https:\/\/jornaltimoneiro.com.br\/#organization\"},\"potentialAction\":[{\"@type\":\"SearchAction\",\"target\":{\"@type\":\"EntryPoint\",\"urlTemplate\":\"https:\/\/jornaltimoneiro.com.br\/?s={search_term_string}\"},\"query-input\":\"required name=search_term_string\"}],\"inLanguage\":\"pt-BR\"},{\"@type\":\"Organization\",\"@id\":\"https:\/\/jornaltimoneiro.com.br\/#organization\",\"name\":\"Jornal Timoneiro Canoas RS\",\"url\":\"https:\/\/jornaltimoneiro.com.br\/\",\"logo\":{\"@type\":\"ImageObject\",\"inLanguage\":\"pt-BR\",\"@id\":\"https:\/\/jornaltimoneiro.com.br\/#\/schema\/logo\/image\/\",\"url\":\"https:\/\/jornaltimoneiro.com.br\/wp-content\/uploads\/2023\/03\/logonovo.png\",\"contentUrl\":\"https:\/\/jornaltimoneiro.com.br\/wp-content\/uploads\/2023\/03\/logonovo.png\",\"width\":\"469\",\"height\":\"171\",\"caption\":\"Jornal Timoneiro Canoas RS\"},\"image\":{\"@id\":\"https:\/\/jornaltimoneiro.com.br\/#\/schema\/logo\/image\/\"},\"sameAs\":[\"https:\/\/www.facebook.com\/jornaltimoneiro\",\"https:\/\/twitter.com\/_OTimoneiro\",\"https:\/\/www.instagram.com\/jornaltimoneirocanoas\/\",\"https:\/\/www.youtube.com\/@jornalotimoneiro7927\"]},{\"@type\":\"Person\",\"@id\":\"https:\/\/jornaltimoneiro.com.br\/#\/schema\/person\/f63482f1a02b1a9592707865e509ab40\",\"name\":\"Reda\u00e7\u00e3o\",\"image\":{\"@type\":\"ImageObject\",\"inLanguage\":\"pt-BR\",\"@id\":\"https:\/\/jornaltimoneiro.com.br\/#\/schema\/person\/image\/\",\"url\":\"https:\/\/jornaltimoneiro.com.br\/wp-content\/uploads\/2023\/03\/download.jpeg\",\"contentUrl\":\"https:\/\/jornaltimoneiro.com.br\/wp-content\/uploads\/2023\/03\/download.jpeg\",\"caption\":\"Reda\u00e7\u00e3o\"},\"url\":\"https:\/\/jornaltimoneiro.com.br\/index.php\/author\/simone-dutra\/\"}]}<\/script>\n<!-- \/ Yoast SEO plugin. -->","yoast_head_json":{"title":"Programa para limpeza de casas e recebimento de eletrodom\u00e9sticos em Canoas tem inscri\u00e7\u00f5es at\u00e9 a segunda-feira, 15 - O Timoneiro Jornal Canoas RS","robots":{"index":"index","follow":"follow","max-snippet":"max-snippet:-1","max-image-preview":"max-image-preview:large","max-video-preview":"max-video-preview:-1"},"canonical":"https:\/\/jornaltimoneiro.com.br\/index.php\/2024\/07\/14\/programa-para-limpeza-de-casas-e-recebimento-de-eletrodomesticos-em-canoas-tem-inscricoes-ate-a-segunda-feira-15\/","og_locale":"pt_BR","og_type":"article","og_title":"Programa para limpeza de casas e recebimento de eletrodom\u00e9sticos em Canoas tem inscri\u00e7\u00f5es at\u00e9 a segunda-feira, 15 - O Timoneiro Jornal Canoas RS","og_description":"As inscri\u00e7\u00f5es para novos benefici\u00e1rios do Programa Canoas Volta pra Casa foram prorrogadas at\u00e9 segunda-feira, 15.\u00a0 O prazo original era at\u00e9 a sexta-feira, 12. A iniciativa oferece limpeza para resid\u00eancias e o recebimento de um kit de eletrodom\u00e9sticos, contendo geladeira e fog\u00e3o, aos canoenses contemplados. Ser\u00e3o 4.749 conjuntos, sendo 25 deles doados pelo governo estadual [&hellip;]","og_url":"https:\/\/jornaltimoneiro.com.br\/index.php\/2024\/07\/14\/programa-para-limpeza-de-casas-e-recebimento-de-eletrodomesticos-em-canoas-tem-inscricoes-ate-a-segunda-feira-15\/","og_site_name":"O Timoneiro Jornal Canoas RS","article_publisher":"https:\/\/www.facebook.com\/jornaltimoneiro","article_published_time":"2024-07-14T16:40:17+00:00","og_image":[{"width":"2560","height":"1707","url":"https:\/\/jornaltimoneiro.com.br\/wp-content\/uploads\/2024\/07\/REDUZIDAS_27.06.2024-CANOAS-VOLTA-PRA-CASA-JULIANAREIS-13-scaled.jpg","type":"image\/jpeg"}],"author":"Reda\u00e7\u00e3o","twitter_card":"summary_large_image","twitter_creator":"@_OTimoneiro","twitter_site":"@_OTimoneiro","twitter_misc":{"Escrito por":"Reda\u00e7\u00e3o","Est. tempo de leitura":"2 minutos"},"schema":{"@context":"https:\/\/schema.org","@graph":[{"@type":"Article","@id":"https:\/\/jornaltimoneiro.com.br\/index.php\/2024\/07\/14\/programa-para-limpeza-de-casas-e-recebimento-de-eletrodomesticos-em-canoas-tem-inscricoes-ate-a-segunda-feira-15\/#article","isPartOf":{"@id":"https:\/\/jornaltimoneiro.com.br\/index.php\/2024\/07\/14\/programa-para-limpeza-de-casas-e-recebimento-de-eletrodomesticos-em-canoas-tem-inscricoes-ate-a-segunda-feira-15\/"},"author":{"name":"Reda\u00e7\u00e3o","@id":"https:\/\/jornaltimoneiro.com.br\/#\/schema\/person\/f63482f1a02b1a9592707865e509ab40"},"headline":"Programa para limpeza de casas e recebimento de eletrodom\u00e9sticos em Canoas tem inscri\u00e7\u00f5es at\u00e9 a segunda-feira, 15","datePublished":"2024-07-14T16:40:17+00:00","dateModified":"2024-07-14T16:40:17+00:00","mainEntityOfPage":{"@id":"https:\/\/jornaltimoneiro.com.br\/index.php\/2024\/07\/14\/programa-para-limpeza-de-casas-e-recebimento-de-eletrodomesticos-em-canoas-tem-inscricoes-ate-a-segunda-feira-15\/"},"wordCount":238,"commentCount":0,"publisher":{"@id":"https:\/\/jornaltimoneiro.com.br\/#organization"},"keywords":["canoas","eletrodom\u00e9sticos","enchente","featured","limpeza","pontos","programa","sele\u00e7\u00e3o"],"articleSection":["Geral"],"inLanguage":"pt-BR","potentialAction":[{"@type":"CommentAction","name":"Comment","target":["https:\/\/jornaltimoneiro.com.br\/index.php\/2024\/07\/14\/programa-para-limpeza-de-casas-e-recebimento-de-eletrodomesticos-em-canoas-tem-inscricoes-ate-a-segunda-feira-15\/#respond"]}]},{"@type":"WebPage","@id":"https:\/\/jornaltimoneiro.com.br\/index.php\/2024\/07\/14\/programa-para-limpeza-de-casas-e-recebimento-de-eletrodomesticos-em-canoas-tem-inscricoes-ate-a-segunda-feira-15\/","url":"https:\/\/jornaltimoneiro.com.br\/index.php\/2024\/07\/14\/programa-para-limpeza-de-casas-e-recebimento-de-eletrodomesticos-em-canoas-tem-inscricoes-ate-a-segunda-feira-15\/","name":"Programa para limpeza de casas e recebimento de eletrodom\u00e9sticos em Canoas tem inscri\u00e7\u00f5es at\u00e9 a segunda-feira, 15 - O Timoneiro Jornal Canoas RS","isPartOf":{"@id":"https:\/\/jornaltimoneiro.com.br\/#website"},"datePublished":"2024-07-14T16:40:17+00:00","dateModified":"2024-07-14T16:40:17+00:00","breadcrumb":{"@id":"https:\/\/jornaltimoneiro.com.br\/index.php\/2024\/07\/14\/programa-para-limpeza-de-casas-e-recebimento-de-eletrodomesticos-em-canoas-tem-inscricoes-ate-a-segunda-feira-15\/#breadcrumb"},"inLanguage":"pt-BR","potentialAction":[{"@type":"ReadAction","target":["https:\/\/jornaltimoneiro.com.br\/index.php\/2024\/07\/14\/programa-para-limpeza-de-casas-e-recebimento-de-eletrodomesticos-em-canoas-tem-inscricoes-ate-a-segunda-feira-15\/"]}]},{"@type":"BreadcrumbList","@id":"https:\/\/jornaltimoneiro.com.br\/index.php\/2024\/07\/14\/programa-para-limpeza-de-casas-e-recebimento-de-eletrodomesticos-em-canoas-tem-inscricoes-ate-a-segunda-feira-15\/#breadcrumb","itemListElement":[{"@type":"ListItem","position":1,"name":"In\u00edcio","item":"https:\/\/jornaltimoneiro.com.br\/"},{"@type":"ListItem","position":2,"name":"Programa para limpeza de casas e recebimento de eletrodom\u00e9sticos em Canoas tem inscri\u00e7\u00f5es at\u00e9 a segunda-feira, 15"}]},{"@type":"WebSite","@id":"https:\/\/jornaltimoneiro.com.br\/#website","url":"https:\/\/jornaltimoneiro.com.br\/","name":"Jornal Timoneiro Canoas RS","description":"Jornal O Timoneiro, o verdadeiro jornal de Canoas","publisher":{"@id":"https:\/\/jornaltimoneiro.com.br\/#organization"},"potentialAction":[{"@type":"SearchAction","target":{"@type":"EntryPoint","urlTemplate":"https:\/\/jornaltimoneiro.com.br\/?s={search_term_string}"},"query-input":"required name=search_term_string"}],"inLanguage":"pt-BR"},{"@type":"Organization","@id":"https:\/\/jornaltimoneiro.com.br\/#organization","name":"Jornal Timoneiro Canoas RS","url":"https:\/\/jornaltimoneiro.com.br\/","logo":{"@type":"ImageObject","inLanguage":"pt-BR","@id":"https:\/\/jornaltimoneiro.com.br\/#\/schema\/logo\/image\/","url":"https:\/\/jornaltimoneiro.com.br\/wp-content\/uploads\/2023\/03\/logonovo.png","contentUrl":"https:\/\/jornaltimoneiro.com.br\/wp-content\/uploads\/2023\/03\/logonovo.png","width":"469","height":"171","caption":"Jornal Timoneiro Canoas RS"},"image":{"@id":"https:\/\/jornaltimoneiro.com.br\/#\/schema\/logo\/image\/"},"sameAs":["https:\/\/www.facebook.com\/jornaltimoneiro","https:\/\/twitter.com\/_OTimoneiro","https:\/\/www.instagram.com\/jornaltimoneirocanoas\/","https:\/\/www.youtube.com\/@jornalotimoneiro7927"]},{"@type":"Person","@id":"https:\/\/jornaltimoneiro.com.br\/#\/schema\/person\/f63482f1a02b1a9592707865e509ab40","name":"Reda\u00e7\u00e3o","image":{"@type":"ImageObject","inLanguage":"pt-BR","@id":"https:\/\/jornaltimoneiro.com.br\/#\/schema\/person\/image\/","url":"https:\/\/jornaltimoneiro.com.br\/wp-content\/uploads\/2023\/03\/download.jpeg","contentUrl":"https:\/\/jornaltimoneiro.com.br\/wp-content\/uploads\/2023\/03\/download.jpeg","caption":"Reda\u00e7\u00e3o"},"url":"https:\/\/jornaltimoneiro.com.br\/index.php\/author\/simone-dutra\/"}]}},"_links":{"self":[{"href":"https:\/\/jornaltimoneiro.com.br\/index.php\/wp-json\/wp\/v2\/posts\/30917"}],"collection":[{"href":"https:\/\/jornaltimoneiro.com.br\/index.php\/wp-json\/wp\/v2\/posts"}],"about":[{"href":"https:\/\/jornaltimoneiro.com.br\/index.php\/wp-json\/wp\/v2\/types\/post"}],"author":[{"embeddable":true,"href":"https:\/\/jornaltimoneiro.com.br\/index.php\/wp-json\/wp\/v2\/users\/2"}],"replies":[{"embeddable":true,"href":"https:\/\/jornaltimoneiro.com.br\/index.php\/wp-json\/wp\/v2\/comments?post=30917"}],"version-history":[{"count":1,"href":"https:\/\/jornaltimoneiro.com.br\/index.php\/wp-json\/wp\/v2\/posts\/30917\/revisions"}],"predecessor-version":[{"id":30919,"href":"https:\/\/jornaltimoneiro.com.br\/index.php\/wp-json\/wp\/v2\/posts\/30917\/revisions\/30919"}],"wp:featuredmedia":[{"embeddable":true,"href":"https:\/\/jornaltimoneiro.com.br\/index.php\/wp-json\/wp\/v2\/media\/30918"}],"wp:attachment":[{"href":"https:\/\/jornaltimoneiro.com.br\/index.php\/wp-json\/wp\/v2\/media?parent=30917"}],"wp:term":[{"taxonomy":"category","embeddable":true,"href":"https:\/\/jornaltimoneiro.com.br\/index.php\/wp-json\/wp\/v2\/categories?post=30917"},{"taxonomy":"post_tag","embeddable":true,"href":"https:\/\/jornaltimoneiro.com.br\/index.php\/wp-json\/wp\/v2\/tags?post=30917"}],"curies":[{"name":"wp","href":"https:\/\/api.w.org\/{rel}","templated":true}]}}