{"id":30769,"date":"2024-07-05T14:02:52","date_gmt":"2024-07-05T17:02:52","guid":{"rendered":"https:\/\/jornaltimoneiro.com.br\/?p=30769"},"modified":"2024-07-05T14:02:52","modified_gmt":"2024-07-05T17:02:52","slug":"eleicoes-2024-mes-de-julho-tera-comeco-de-restricoes-no-servico-publico-e-convencoes-partidarias","status":"publish","type":"post","link":"https:\/\/jornaltimoneiro.com.br\/index.php\/2024\/07\/05\/eleicoes-2024-mes-de-julho-tera-comeco-de-restricoes-no-servico-publico-e-convencoes-partidarias\/","title":{"rendered":"ELEI\u00c7\u00d5ES 2024: M\u00eas de julho ter\u00e1 come\u00e7o de restri\u00e7\u00f5es no servi\u00e7o p\u00fablico e conven\u00e7\u00f5es partid\u00e1rias"},"content":{"rendered":"<p>O calend\u00e1rio eleitoral de 2024 come\u00e7a tomar forma no m\u00eas de julho. A tr\u00eas meses do pleito que escolher\u00e1 prefeitos e vereadores em todo o Brasil, em 6 de outubro, come\u00e7am algumas das restri\u00e7\u00f5es impostas a governos municipais.<\/p>\n<p>A partir da pr\u00f3xima ter\u00e7a-feira, 6, nomear, contratar e demitir por justa causa servidores p\u00fablicos. S\u00f3 h\u00e1 exce\u00e7\u00f5es para cargos comissionados e contratos emergenciais para garantir servi\u00e7os p\u00fablicos.<\/p>\n<p>Al\u00e9m disso, n\u00e3o \u00e9 poss\u00edvel, nesse per\u00edodo, transferir recursos do governo federal para estados e munic\u00edpios. Isso s\u00f3 \u00e9 poss\u00edvel para obras em andamento ou situa\u00e7\u00f5es de calamidade p\u00fablica.<\/p>\n<p>Pr\u00e9-candidatos tamb\u00e9m n\u00e3o podem participar da inaugura\u00e7\u00e3o de obras p\u00fablicas, e a publicidade estatal de programas de governo \u00e9 proibida.<\/p>\n<p>Essas medidas visam o equil\u00edbrio na disputa pol\u00edtica, impedindo o uso extensivo da m\u00e1quina estatal por candidatos que j\u00e1 ocupem cargos p\u00fablicos.<\/p>\n<h4 class=\"Textopadro\" style=\"text-indent: 0cm;\"><span class=\"Capacartola\"><b><span style=\"font-size: 12.5pt; letter-spacing: 0pt;\">Defini\u00e7\u00f5es<\/span><\/b><\/span><\/h4>\n<p>Outra data importante no calend\u00e1rio \u00e9 o 20 de julho. Nessa data, a Justi\u00e7a Eleitoral ir\u00e1 divulgar o n\u00famero de eleitores em cada munic\u00edpio do pa\u00eds. Com esse dado, ser\u00e1 poss\u00edvel ter os limites de gastos por campanha, bem como o n\u00famero m\u00e1ximo de contrata\u00e7\u00f5es diretas ou terceirizadas de servi\u00e7os referentes \u00e0s candidaturas.<\/p>\n<p>Por fim, de 20 de julho at\u00e9 5 de agosto, ocorrem as conven\u00e7\u00f5es partid\u00e1rias. Os eventos, internos aos partidos em cada munic\u00edpio, decidem as coliga\u00e7\u00f5es, candidatos e candidatas aos cargos de prefeito e vereador.<\/p>\n<p>O registro dessas candidaturas deve ser feito pelos partidos pol\u00edticos at\u00e9 o dia 15 de agosto.<\/p>\n<h4 class=\"Textopadro\" style=\"text-indent: 0cm;\"><span class=\"Capacartola\"><b><span style=\"font-size: 12.5pt; letter-spacing: 0pt;\">Propaganda<\/span><\/b><\/span><\/h4>\n<p>Nas ruas, a propaganda eleitoral de fato come\u00e7a no dia seguinte ao fim dos registros, em 16 de agosto. A propaganda gratuita em r\u00e1dios e TVs come\u00e7a apenas no dia 30 de agosto.<\/p>\n","protected":false},"excerpt":{"rendered":"<p>O calend\u00e1rio eleitoral de 2024 come\u00e7a tomar forma no m\u00eas de julho. A tr\u00eas meses do pleito que escolher\u00e1 prefeitos e vereadores em todo o Brasil, em 6 de outubro, come\u00e7am algumas das restri\u00e7\u00f5es impostas a governos municipais. A partir da pr\u00f3xima ter\u00e7a-feira, 6, nomear, contratar e demitir por justa causa servidores p\u00fablicos. S\u00f3 h\u00e1 [&hellip;]<\/p>\n","protected":false},"author":2,"featured_media":30770,"comment_status":"open","ping_status":"open","sticky":false,"template":"","format":"standard","meta":{"amp_status":"","footnotes":""},"categories":[20],"tags":[1709,2936,49,190,2935],"class_list":["post-30769","post","type-post","status-publish","format-standard","has-post-thumbnail","hentry","category-politica-noticias","tag-1709","tag-calendario-eleitoral","tag-eleicoes","tag-featured","tag-julho"],"yoast_head":"<!-- This site is optimized with the Yoast SEO plugin v20.5 - https:\/\/yoast.com\/wordpress\/plugins\/seo\/ -->\n<title>ELEI\u00c7\u00d5ES 2024: M\u00eas de julho ter\u00e1 come\u00e7o de restri\u00e7\u00f5es no servi\u00e7o p\u00fablico e conven\u00e7\u00f5es partid\u00e1rias - O Timoneiro Jornal Canoas RS<\/title>\n<meta name=\"robots\" content=\"index, follow, max-snippet:-1, max-image-preview:large, max-video-preview:-1\" \/>\n<link rel=\"canonical\" href=\"https:\/\/jornaltimoneiro.com.br\/index.php\/2024\/07\/05\/eleicoes-2024-mes-de-julho-tera-comeco-de-restricoes-no-servico-publico-e-convencoes-partidarias\/\" \/>\n<meta property=\"og:locale\" content=\"pt_BR\" \/>\n<meta property=\"og:type\" content=\"article\" \/>\n<meta property=\"og:title\" content=\"ELEI\u00c7\u00d5ES 2024: M\u00eas de julho ter\u00e1 come\u00e7o de restri\u00e7\u00f5es no servi\u00e7o p\u00fablico e conven\u00e7\u00f5es partid\u00e1rias - O Timoneiro Jornal Canoas RS\" \/>\n<meta property=\"og:description\" content=\"O calend\u00e1rio eleitoral de 2024 come\u00e7a tomar forma no m\u00eas de julho. A tr\u00eas meses do pleito que escolher\u00e1 prefeitos e vereadores em todo o Brasil, em 6 de outubro, come\u00e7am algumas das restri\u00e7\u00f5es impostas a governos municipais. A partir da pr\u00f3xima ter\u00e7a-feira, 6, nomear, contratar e demitir por justa causa servidores p\u00fablicos. S\u00f3 h\u00e1 [&hellip;]\" \/>\n<meta property=\"og:url\" content=\"https:\/\/jornaltimoneiro.com.br\/index.php\/2024\/07\/05\/eleicoes-2024-mes-de-julho-tera-comeco-de-restricoes-no-servico-publico-e-convencoes-partidarias\/\" \/>\n<meta property=\"og:site_name\" content=\"O Timoneiro Jornal Canoas RS\" \/>\n<meta property=\"article:publisher\" content=\"https:\/\/www.facebook.com\/jornaltimoneiro\" \/>\n<meta property=\"article:published_time\" content=\"2024-07-05T17:02:52+00:00\" \/>\n<meta property=\"og:image\" content=\"https:\/\/jornaltimoneiro.com.br\/wp-content\/uploads\/2024\/07\/urna_menor.webp\" \/>\n\t<meta property=\"og:image:width\" content=\"1170\" \/>\n\t<meta property=\"og:image:height\" content=\"700\" \/>\n\t<meta property=\"og:image:type\" content=\"image\/webp\" \/>\n<meta name=\"author\" content=\"Reda\u00e7\u00e3o\" \/>\n<meta name=\"twitter:card\" content=\"summary_large_image\" \/>\n<meta name=\"twitter:creator\" content=\"@_OTimoneiro\" \/>\n<meta name=\"twitter:site\" content=\"@_OTimoneiro\" \/>\n<meta name=\"twitter:label1\" content=\"Escrito por\" \/>\n\t<meta name=\"twitter:data1\" content=\"Reda\u00e7\u00e3o\" \/>\n\t<meta name=\"twitter:label2\" content=\"Est. tempo de leitura\" \/>\n\t<meta name=\"twitter:data2\" content=\"2 minutos\" \/>\n<script type=\"application\/ld+json\" class=\"yoast-schema-graph\">{\"@context\":\"https:\/\/schema.org\",\"@graph\":[{\"@type\":\"Article\",\"@id\":\"https:\/\/jornaltimoneiro.com.br\/index.php\/2024\/07\/05\/eleicoes-2024-mes-de-julho-tera-comeco-de-restricoes-no-servico-publico-e-convencoes-partidarias\/#article\",\"isPartOf\":{\"@id\":\"https:\/\/jornaltimoneiro.com.br\/index.php\/2024\/07\/05\/eleicoes-2024-mes-de-julho-tera-comeco-de-restricoes-no-servico-publico-e-convencoes-partidarias\/\"},\"author\":{\"name\":\"Reda\u00e7\u00e3o\",\"@id\":\"https:\/\/jornaltimoneiro.com.br\/#\/schema\/person\/f63482f1a02b1a9592707865e509ab40\"},\"headline\":\"ELEI\u00c7\u00d5ES 2024: M\u00eas de julho ter\u00e1 come\u00e7o de restri\u00e7\u00f5es no servi\u00e7o p\u00fablico e conven\u00e7\u00f5es partid\u00e1rias\",\"datePublished\":\"2024-07-05T17:02:52+00:00\",\"dateModified\":\"2024-07-05T17:02:52+00:00\",\"mainEntityOfPage\":{\"@id\":\"https:\/\/jornaltimoneiro.com.br\/index.php\/2024\/07\/05\/eleicoes-2024-mes-de-julho-tera-comeco-de-restricoes-no-servico-publico-e-convencoes-partidarias\/\"},\"wordCount\":332,\"commentCount\":0,\"publisher\":{\"@id\":\"https:\/\/jornaltimoneiro.com.br\/#organization\"},\"keywords\":[\"2024\",\"calend\u00e1rio eleitoral\",\"elei\u00e7\u00f5es\",\"featured\",\"julho\"],\"articleSection\":[\"Pol\u00edtica\"],\"inLanguage\":\"pt-BR\",\"potentialAction\":[{\"@type\":\"CommentAction\",\"name\":\"Comment\",\"target\":[\"https:\/\/jornaltimoneiro.com.br\/index.php\/2024\/07\/05\/eleicoes-2024-mes-de-julho-tera-comeco-de-restricoes-no-servico-publico-e-convencoes-partidarias\/#respond\"]}]},{\"@type\":\"WebPage\",\"@id\":\"https:\/\/jornaltimoneiro.com.br\/index.php\/2024\/07\/05\/eleicoes-2024-mes-de-julho-tera-comeco-de-restricoes-no-servico-publico-e-convencoes-partidarias\/\",\"url\":\"https:\/\/jornaltimoneiro.com.br\/index.php\/2024\/07\/05\/eleicoes-2024-mes-de-julho-tera-comeco-de-restricoes-no-servico-publico-e-convencoes-partidarias\/\",\"name\":\"ELEI\u00c7\u00d5ES 2024: M\u00eas de julho ter\u00e1 come\u00e7o de restri\u00e7\u00f5es no servi\u00e7o p\u00fablico e conven\u00e7\u00f5es partid\u00e1rias - O Timoneiro Jornal Canoas RS\",\"isPartOf\":{\"@id\":\"https:\/\/jornaltimoneiro.com.br\/#website\"},\"datePublished\":\"2024-07-05T17:02:52+00:00\",\"dateModified\":\"2024-07-05T17:02:52+00:00\",\"breadcrumb\":{\"@id\":\"https:\/\/jornaltimoneiro.com.br\/index.php\/2024\/07\/05\/eleicoes-2024-mes-de-julho-tera-comeco-de-restricoes-no-servico-publico-e-convencoes-partidarias\/#breadcrumb\"},\"inLanguage\":\"pt-BR\",\"potentialAction\":[{\"@type\":\"ReadAction\",\"target\":[\"https:\/\/jornaltimoneiro.com.br\/index.php\/2024\/07\/05\/eleicoes-2024-mes-de-julho-tera-comeco-de-restricoes-no-servico-publico-e-convencoes-partidarias\/\"]}]},{\"@type\":\"BreadcrumbList\",\"@id\":\"https:\/\/jornaltimoneiro.com.br\/index.php\/2024\/07\/05\/eleicoes-2024-mes-de-julho-tera-comeco-de-restricoes-no-servico-publico-e-convencoes-partidarias\/#breadcrumb\",\"itemListElement\":[{\"@type\":\"ListItem\",\"position\":1,\"name\":\"In\u00edcio\",\"item\":\"https:\/\/jornaltimoneiro.com.br\/\"},{\"@type\":\"ListItem\",\"position\":2,\"name\":\"ELEI\u00c7\u00d5ES 2024: M\u00eas de julho ter\u00e1 come\u00e7o de restri\u00e7\u00f5es no servi\u00e7o p\u00fablico e conven\u00e7\u00f5es partid\u00e1rias\"}]},{\"@type\":\"WebSite\",\"@id\":\"https:\/\/jornaltimoneiro.com.br\/#website\",\"url\":\"https:\/\/jornaltimoneiro.com.br\/\",\"name\":\"Jornal Timoneiro Canoas RS\",\"description\":\"Jornal O Timoneiro, o verdadeiro jornal de Canoas\",\"publisher\":{\"@id\":\"https:\/\/jornaltimoneiro.com.br\/#organization\"},\"potentialAction\":[{\"@type\":\"SearchAction\",\"target\":{\"@type\":\"EntryPoint\",\"urlTemplate\":\"https:\/\/jornaltimoneiro.com.br\/?s={search_term_string}\"},\"query-input\":\"required name=search_term_string\"}],\"inLanguage\":\"pt-BR\"},{\"@type\":\"Organization\",\"@id\":\"https:\/\/jornaltimoneiro.com.br\/#organization\",\"name\":\"Jornal Timoneiro Canoas RS\",\"url\":\"https:\/\/jornaltimoneiro.com.br\/\",\"logo\":{\"@type\":\"ImageObject\",\"inLanguage\":\"pt-BR\",\"@id\":\"https:\/\/jornaltimoneiro.com.br\/#\/schema\/logo\/image\/\",\"url\":\"https:\/\/jornaltimoneiro.com.br\/wp-content\/uploads\/2023\/03\/logonovo.png\",\"contentUrl\":\"https:\/\/jornaltimoneiro.com.br\/wp-content\/uploads\/2023\/03\/logonovo.png\",\"width\":\"469\",\"height\":\"171\",\"caption\":\"Jornal Timoneiro Canoas RS\"},\"image\":{\"@id\":\"https:\/\/jornaltimoneiro.com.br\/#\/schema\/logo\/image\/\"},\"sameAs\":[\"https:\/\/www.facebook.com\/jornaltimoneiro\",\"https:\/\/twitter.com\/_OTimoneiro\",\"https:\/\/www.instagram.com\/jornaltimoneirocanoas\/\",\"https:\/\/www.youtube.com\/@jornalotimoneiro7927\"]},{\"@type\":\"Person\",\"@id\":\"https:\/\/jornaltimoneiro.com.br\/#\/schema\/person\/f63482f1a02b1a9592707865e509ab40\",\"name\":\"Reda\u00e7\u00e3o\",\"image\":{\"@type\":\"ImageObject\",\"inLanguage\":\"pt-BR\",\"@id\":\"https:\/\/jornaltimoneiro.com.br\/#\/schema\/person\/image\/\",\"url\":\"https:\/\/jornaltimoneiro.com.br\/wp-content\/uploads\/2023\/03\/download.jpeg\",\"contentUrl\":\"https:\/\/jornaltimoneiro.com.br\/wp-content\/uploads\/2023\/03\/download.jpeg\",\"caption\":\"Reda\u00e7\u00e3o\"},\"url\":\"https:\/\/jornaltimoneiro.com.br\/index.php\/author\/simone-dutra\/\"}]}<\/script>\n<!-- \/ Yoast SEO plugin. -->","yoast_head_json":{"title":"ELEI\u00c7\u00d5ES 2024: M\u00eas de julho ter\u00e1 come\u00e7o de restri\u00e7\u00f5es no servi\u00e7o p\u00fablico e conven\u00e7\u00f5es partid\u00e1rias - O Timoneiro Jornal Canoas RS","robots":{"index":"index","follow":"follow","max-snippet":"max-snippet:-1","max-image-preview":"max-image-preview:large","max-video-preview":"max-video-preview:-1"},"canonical":"https:\/\/jornaltimoneiro.com.br\/index.php\/2024\/07\/05\/eleicoes-2024-mes-de-julho-tera-comeco-de-restricoes-no-servico-publico-e-convencoes-partidarias\/","og_locale":"pt_BR","og_type":"article","og_title":"ELEI\u00c7\u00d5ES 2024: M\u00eas de julho ter\u00e1 come\u00e7o de restri\u00e7\u00f5es no servi\u00e7o p\u00fablico e conven\u00e7\u00f5es partid\u00e1rias - O Timoneiro Jornal Canoas RS","og_description":"O calend\u00e1rio eleitoral de 2024 come\u00e7a tomar forma no m\u00eas de julho. A tr\u00eas meses do pleito que escolher\u00e1 prefeitos e vereadores em todo o Brasil, em 6 de outubro, come\u00e7am algumas das restri\u00e7\u00f5es impostas a governos municipais. A partir da pr\u00f3xima ter\u00e7a-feira, 6, nomear, contratar e demitir por justa causa servidores p\u00fablicos. S\u00f3 h\u00e1 [&hellip;]","og_url":"https:\/\/jornaltimoneiro.com.br\/index.php\/2024\/07\/05\/eleicoes-2024-mes-de-julho-tera-comeco-de-restricoes-no-servico-publico-e-convencoes-partidarias\/","og_site_name":"O Timoneiro Jornal Canoas RS","article_publisher":"https:\/\/www.facebook.com\/jornaltimoneiro","article_published_time":"2024-07-05T17:02:52+00:00","og_image":[{"width":"1170","height":"700","url":"https:\/\/jornaltimoneiro.com.br\/wp-content\/uploads\/2024\/07\/urna_menor.webp","type":"image\/webp"}],"author":"Reda\u00e7\u00e3o","twitter_card":"summary_large_image","twitter_creator":"@_OTimoneiro","twitter_site":"@_OTimoneiro","twitter_misc":{"Escrito por":"Reda\u00e7\u00e3o","Est. tempo de leitura":"2 minutos"},"schema":{"@context":"https:\/\/schema.org","@graph":[{"@type":"Article","@id":"https:\/\/jornaltimoneiro.com.br\/index.php\/2024\/07\/05\/eleicoes-2024-mes-de-julho-tera-comeco-de-restricoes-no-servico-publico-e-convencoes-partidarias\/#article","isPartOf":{"@id":"https:\/\/jornaltimoneiro.com.br\/index.php\/2024\/07\/05\/eleicoes-2024-mes-de-julho-tera-comeco-de-restricoes-no-servico-publico-e-convencoes-partidarias\/"},"author":{"name":"Reda\u00e7\u00e3o","@id":"https:\/\/jornaltimoneiro.com.br\/#\/schema\/person\/f63482f1a02b1a9592707865e509ab40"},"headline":"ELEI\u00c7\u00d5ES 2024: M\u00eas de julho ter\u00e1 come\u00e7o de restri\u00e7\u00f5es no servi\u00e7o p\u00fablico e conven\u00e7\u00f5es partid\u00e1rias","datePublished":"2024-07-05T17:02:52+00:00","dateModified":"2024-07-05T17:02:52+00:00","mainEntityOfPage":{"@id":"https:\/\/jornaltimoneiro.com.br\/index.php\/2024\/07\/05\/eleicoes-2024-mes-de-julho-tera-comeco-de-restricoes-no-servico-publico-e-convencoes-partidarias\/"},"wordCount":332,"commentCount":0,"publisher":{"@id":"https:\/\/jornaltimoneiro.com.br\/#organization"},"keywords":["2024","calend\u00e1rio eleitoral","elei\u00e7\u00f5es","featured","julho"],"articleSection":["Pol\u00edtica"],"inLanguage":"pt-BR","potentialAction":[{"@type":"CommentAction","name":"Comment","target":["https:\/\/jornaltimoneiro.com.br\/index.php\/2024\/07\/05\/eleicoes-2024-mes-de-julho-tera-comeco-de-restricoes-no-servico-publico-e-convencoes-partidarias\/#respond"]}]},{"@type":"WebPage","@id":"https:\/\/jornaltimoneiro.com.br\/index.php\/2024\/07\/05\/eleicoes-2024-mes-de-julho-tera-comeco-de-restricoes-no-servico-publico-e-convencoes-partidarias\/","url":"https:\/\/jornaltimoneiro.com.br\/index.php\/2024\/07\/05\/eleicoes-2024-mes-de-julho-tera-comeco-de-restricoes-no-servico-publico-e-convencoes-partidarias\/","name":"ELEI\u00c7\u00d5ES 2024: M\u00eas de julho ter\u00e1 come\u00e7o de restri\u00e7\u00f5es no servi\u00e7o p\u00fablico e conven\u00e7\u00f5es partid\u00e1rias - O Timoneiro Jornal Canoas RS","isPartOf":{"@id":"https:\/\/jornaltimoneiro.com.br\/#website"},"datePublished":"2024-07-05T17:02:52+00:00","dateModified":"2024-07-05T17:02:52+00:00","breadcrumb":{"@id":"https:\/\/jornaltimoneiro.com.br\/index.php\/2024\/07\/05\/eleicoes-2024-mes-de-julho-tera-comeco-de-restricoes-no-servico-publico-e-convencoes-partidarias\/#breadcrumb"},"inLanguage":"pt-BR","potentialAction":[{"@type":"ReadAction","target":["https:\/\/jornaltimoneiro.com.br\/index.php\/2024\/07\/05\/eleicoes-2024-mes-de-julho-tera-comeco-de-restricoes-no-servico-publico-e-convencoes-partidarias\/"]}]},{"@type":"BreadcrumbList","@id":"https:\/\/jornaltimoneiro.com.br\/index.php\/2024\/07\/05\/eleicoes-2024-mes-de-julho-tera-comeco-de-restricoes-no-servico-publico-e-convencoes-partidarias\/#breadcrumb","itemListElement":[{"@type":"ListItem","position":1,"name":"In\u00edcio","item":"https:\/\/jornaltimoneiro.com.br\/"},{"@type":"ListItem","position":2,"name":"ELEI\u00c7\u00d5ES 2024: M\u00eas de julho ter\u00e1 come\u00e7o de restri\u00e7\u00f5es no servi\u00e7o p\u00fablico e conven\u00e7\u00f5es partid\u00e1rias"}]},{"@type":"WebSite","@id":"https:\/\/jornaltimoneiro.com.br\/#website","url":"https:\/\/jornaltimoneiro.com.br\/","name":"Jornal Timoneiro Canoas RS","description":"Jornal O Timoneiro, o verdadeiro jornal de Canoas","publisher":{"@id":"https:\/\/jornaltimoneiro.com.br\/#organization"},"potentialAction":[{"@type":"SearchAction","target":{"@type":"EntryPoint","urlTemplate":"https:\/\/jornaltimoneiro.com.br\/?s={search_term_string}"},"query-input":"required name=search_term_string"}],"inLanguage":"pt-BR"},{"@type":"Organization","@id":"https:\/\/jornaltimoneiro.com.br\/#organization","name":"Jornal Timoneiro Canoas RS","url":"https:\/\/jornaltimoneiro.com.br\/","logo":{"@type":"ImageObject","inLanguage":"pt-BR","@id":"https:\/\/jornaltimoneiro.com.br\/#\/schema\/logo\/image\/","url":"https:\/\/jornaltimoneiro.com.br\/wp-content\/uploads\/2023\/03\/logonovo.png","contentUrl":"https:\/\/jornaltimoneiro.com.br\/wp-content\/uploads\/2023\/03\/logonovo.png","width":"469","height":"171","caption":"Jornal Timoneiro Canoas RS"},"image":{"@id":"https:\/\/jornaltimoneiro.com.br\/#\/schema\/logo\/image\/"},"sameAs":["https:\/\/www.facebook.com\/jornaltimoneiro","https:\/\/twitter.com\/_OTimoneiro","https:\/\/www.instagram.com\/jornaltimoneirocanoas\/","https:\/\/www.youtube.com\/@jornalotimoneiro7927"]},{"@type":"Person","@id":"https:\/\/jornaltimoneiro.com.br\/#\/schema\/person\/f63482f1a02b1a9592707865e509ab40","name":"Reda\u00e7\u00e3o","image":{"@type":"ImageObject","inLanguage":"pt-BR","@id":"https:\/\/jornaltimoneiro.com.br\/#\/schema\/person\/image\/","url":"https:\/\/jornaltimoneiro.com.br\/wp-content\/uploads\/2023\/03\/download.jpeg","contentUrl":"https:\/\/jornaltimoneiro.com.br\/wp-content\/uploads\/2023\/03\/download.jpeg","caption":"Reda\u00e7\u00e3o"},"url":"https:\/\/jornaltimoneiro.com.br\/index.php\/author\/simone-dutra\/"}]}},"_links":{"self":[{"href":"https:\/\/jornaltimoneiro.com.br\/index.php\/wp-json\/wp\/v2\/posts\/30769"}],"collection":[{"href":"https:\/\/jornaltimoneiro.com.br\/index.php\/wp-json\/wp\/v2\/posts"}],"about":[{"href":"https:\/\/jornaltimoneiro.com.br\/index.php\/wp-json\/wp\/v2\/types\/post"}],"author":[{"embeddable":true,"href":"https:\/\/jornaltimoneiro.com.br\/index.php\/wp-json\/wp\/v2\/users\/2"}],"replies":[{"embeddable":true,"href":"https:\/\/jornaltimoneiro.com.br\/index.php\/wp-json\/wp\/v2\/comments?post=30769"}],"version-history":[{"count":1,"href":"https:\/\/jornaltimoneiro.com.br\/index.php\/wp-json\/wp\/v2\/posts\/30769\/revisions"}],"predecessor-version":[{"id":30771,"href":"https:\/\/jornaltimoneiro.com.br\/index.php\/wp-json\/wp\/v2\/posts\/30769\/revisions\/30771"}],"wp:featuredmedia":[{"embeddable":true,"href":"https:\/\/jornaltimoneiro.com.br\/index.php\/wp-json\/wp\/v2\/media\/30770"}],"wp:attachment":[{"href":"https:\/\/jornaltimoneiro.com.br\/index.php\/wp-json\/wp\/v2\/media?parent=30769"}],"wp:term":[{"taxonomy":"category","embeddable":true,"href":"https:\/\/jornaltimoneiro.com.br\/index.php\/wp-json\/wp\/v2\/categories?post=30769"},{"taxonomy":"post_tag","embeddable":true,"href":"https:\/\/jornaltimoneiro.com.br\/index.php\/wp-json\/wp\/v2\/tags?post=30769"}],"curies":[{"name":"wp","href":"https:\/\/api.w.org\/{rel}","templated":true}]}}