{"id":307,"date":"2015-06-12T09:08:06","date_gmt":"2015-06-12T12:08:06","guid":{"rendered":"http:\/\/otimoneiro.com.br\/?p=307"},"modified":"2015-06-12T09:08:06","modified_gmt":"2015-06-12T12:08:06","slug":"asmc-53-anos-ao-lado-do-servidor-publico-municipal","status":"publish","type":"post","link":"https:\/\/jornaltimoneiro.com.br\/index.php\/2015\/06\/12\/asmc-53-anos-ao-lado-do-servidor-publico-municipal\/","title":{"rendered":"ASMC: 53 anos ao lado do servidor p\u00fablico municipal"},"content":{"rendered":"<p>A Associa\u00e7\u00e3o dos Servidores Municipais de Canoas completa 53 anos de exist\u00eancia em 2015. A ASMC destaca-se dentre muitas entidades representativas da cidade devido \u00e0 sua pot\u00eancia nas facilidades junto a empresas conveniadas e \u00e0s facilidades de que ela pr\u00f3pria disp\u00f5e a seus associados. Hoje, s\u00e3o mais de 2300 empresas conveniadas, oferecendo descontos e vantagens aos cerca de 3 mil funcion\u00e1rios p\u00fablicos da Associa\u00e7\u00e3o. O presidente, Firmo Farias, no cargo desde 2001, destaca que o principal valor que norteia a Associa\u00e7\u00e3o \u00e9 a qualidade dos servi\u00e7os prestados.<br \/>\nFarias, que tem extensa atua\u00e7\u00e3o na ASMC desde a d\u00e9cada de 80, reconstruiu a entidade depois de uma fase dif\u00edcil ao assumir a presid\u00eancia pela primeira vez, na gest\u00e3o 1995-1997. &#8220;Quando assumi, t\u00ednhamos 420 associados, e muitos conv\u00eanios haviam sido extintos. S\u00f3 tinham restado 35 empresas conveniadas. Ao final do meu mandato t\u00ednhamos 1200 associados e 350 empresas conveniadas&#8221;, lembrou. O sucesso fez com que participasse das diretorias seguintes, sendo depois reconduzido ao cargo onde permanece at\u00e9 hoje.<\/p>\n<p><strong>Hist\u00f3ria<\/strong><br \/>\nO come\u00e7o da luta pelo atendimento dos anseios dos municip\u00e1rios de Canoas come\u00e7ou ainda em 1961. Na \u00e9poca, a motiva\u00e7\u00e3o principal era obter assist\u00eancia m\u00e9dica aos servidores, o que n\u00e3o existia. As tratativas e estudos resultaram numa primeira ata, composta no dia 12 de junho de 1962, que marcou a funda\u00e7\u00e3o da ASMC. Foram 31 funcion\u00e1rios a assinarem a primeira ata.<br \/>\nEstes princ\u00edpio de atendimento social acabaram por nortear a atua\u00e7\u00e3o da entidade desde a sua cria\u00e7\u00e3o, como bem lembra o presidente Firmo Farias. &#8220;Existiu a possibilidade de transformarmos a ASMC em um sindicato, mas a Associa\u00e7\u00e3o criou o Sindicato dos Municip\u00e1rios de Canoas. Entendo que foi um acerto, j\u00e1 que desta forma a ASMC pode continuar com seu trabalho de origem&#8221;, explicou.<\/p>\n<p><strong>Conquistas<\/strong><br \/>\nO trabalho continuado da Associa\u00e7\u00e3o n\u00e3o somente aumentou os quadros de conveniados e servidores, mas tamb\u00e9m o reconhecimento da sociedade e a constru\u00e7\u00e3o de um amplo patrim\u00f4nio.<br \/>\nA sede social da ASMC est\u00e1 localizada no Centro de Canoas, na rua Brasil, n\u00ba 1000, e tem mais de 14 mil m\u00b2,. Al\u00e9m do Sal\u00e3o Social, com mais de 800 m\u00b2, oferece um gin\u00e1sio de esportes, um CTG (o Morada dos Guapos), um campo de futebol, uma cancha de bocha, estacionamento com 80 vagas, vesti\u00e1rios, quiosques e at\u00e9 um po\u00e7o artesiano, do qual os associados podem retirar at\u00e9 40 litros de \u00e1gua tratada pra consumo por semana. Nesta sede tamb\u00e9m s\u00e3o oferecidos servi\u00e7os como escolhinha de futebol, o Clube de M\u00e3es e um grupo de terceira idade.<br \/>\nNa sede campestre, em Nova Santa Rita, h\u00e1 lagos, piscinas semiol\u00edmpicas, canchas para diversos esportes, \u00e1rea de acampamento, um espa\u00e7o com mata nativa (incluindo um arroio), 18 churrasqueiras, estacionamento com 600 vagas, sal\u00e3o social, lancheria, cria\u00e7\u00e3o de patos e gansos e a planta\u00e7\u00e3o de milho, ab\u00f3bora, melancia, mel\u00e3o e hortali\u00e7as.<br \/>\nH\u00e1 ainda um Camping, localizado na praia de Cidreira, com \u00e1rea de 4.500 m\u00b2, incluindo dez cabanas de dois pisos preparadas para receber veranistas, um galp\u00e3o comunit\u00e1rio, espa\u00e7o para 200 barracas, playgournd, cancha de v\u00f4lei, banheiros e estacionamento para 12 autom\u00f3veis.<\/p>\n","protected":false},"excerpt":{"rendered":"<p>A Associa\u00e7\u00e3o dos Servidores Municipais de Canoas completa 53 anos de exist\u00eancia em 2015. A ASMC destaca-se dentre muitas entidades representativas da cidade devido \u00e0 sua pot\u00eancia nas facilidades junto a empresas conveniadas e \u00e0s facilidades de que ela pr\u00f3pria disp\u00f5e a seus associados. Hoje, s\u00e3o mais de 2300 empresas conveniadas, oferecendo descontos e vantagens [&hellip;]<\/p>\n","protected":false},"author":1,"featured_media":336,"comment_status":"open","ping_status":"open","sticky":false,"template":"","format":"standard","meta":{"amp_status":"","footnotes":""},"categories":[25,19],"tags":[],"class_list":["post-307","post","type-post","status-publish","format-standard","has-post-thumbnail","hentry","category-comunidade","category-destaques"],"yoast_head":"<!-- This site is optimized with the Yoast SEO plugin v20.5 - https:\/\/yoast.com\/wordpress\/plugins\/seo\/ -->\n<title>ASMC: 53 anos ao lado do servidor p\u00fablico municipal - O Timoneiro Jornal Canoas RS<\/title>\n<meta name=\"robots\" content=\"index, follow, max-snippet:-1, max-image-preview:large, max-video-preview:-1\" \/>\n<link rel=\"canonical\" href=\"https:\/\/jornaltimoneiro.com.br\/index.php\/2015\/06\/12\/asmc-53-anos-ao-lado-do-servidor-publico-municipal\/\" \/>\n<meta property=\"og:locale\" content=\"pt_BR\" \/>\n<meta property=\"og:type\" content=\"article\" \/>\n<meta property=\"og:title\" content=\"ASMC: 53 anos ao lado do servidor p\u00fablico municipal - O Timoneiro Jornal Canoas RS\" \/>\n<meta property=\"og:description\" content=\"A Associa\u00e7\u00e3o dos Servidores Municipais de Canoas completa 53 anos de exist\u00eancia em 2015. A ASMC destaca-se dentre muitas entidades representativas da cidade devido \u00e0 sua pot\u00eancia nas facilidades junto a empresas conveniadas e \u00e0s facilidades de que ela pr\u00f3pria disp\u00f5e a seus associados. Hoje, s\u00e3o mais de 2300 empresas conveniadas, oferecendo descontos e vantagens [&hellip;]\" \/>\n<meta property=\"og:url\" content=\"https:\/\/jornaltimoneiro.com.br\/index.php\/2015\/06\/12\/asmc-53-anos-ao-lado-do-servidor-publico-municipal\/\" \/>\n<meta property=\"og:site_name\" content=\"O Timoneiro Jornal Canoas RS\" \/>\n<meta property=\"article:publisher\" content=\"https:\/\/www.facebook.com\/jornaltimoneiro\" \/>\n<meta property=\"article:published_time\" content=\"2015-06-12T12:08:06+00:00\" \/>\n<meta name=\"author\" content=\"Reda\u00e7\u00e3o\" \/>\n<meta name=\"twitter:card\" content=\"summary_large_image\" \/>\n<meta name=\"twitter:creator\" content=\"@_OTimoneiro\" \/>\n<meta name=\"twitter:site\" content=\"@_OTimoneiro\" \/>\n<meta name=\"twitter:label1\" content=\"Escrito por\" \/>\n\t<meta name=\"twitter:data1\" content=\"Reda\u00e7\u00e3o\" \/>\n\t<meta name=\"twitter:label2\" content=\"Est. tempo de leitura\" \/>\n\t<meta name=\"twitter:data2\" content=\"3 minutos\" \/>\n<script type=\"application\/ld+json\" class=\"yoast-schema-graph\">{\"@context\":\"https:\/\/schema.org\",\"@graph\":[{\"@type\":\"Article\",\"@id\":\"https:\/\/jornaltimoneiro.com.br\/index.php\/2015\/06\/12\/asmc-53-anos-ao-lado-do-servidor-publico-municipal\/#article\",\"isPartOf\":{\"@id\":\"https:\/\/jornaltimoneiro.com.br\/index.php\/2015\/06\/12\/asmc-53-anos-ao-lado-do-servidor-publico-municipal\/\"},\"author\":{\"name\":\"Reda\u00e7\u00e3o\",\"@id\":\"https:\/\/jornaltimoneiro.com.br\/#\/schema\/person\/620efd1d8244466117482be494360b08\"},\"headline\":\"ASMC: 53 anos ao lado do servidor p\u00fablico municipal\",\"datePublished\":\"2015-06-12T12:08:06+00:00\",\"dateModified\":\"2015-06-12T12:08:06+00:00\",\"mainEntityOfPage\":{\"@id\":\"https:\/\/jornaltimoneiro.com.br\/index.php\/2015\/06\/12\/asmc-53-anos-ao-lado-do-servidor-publico-municipal\/\"},\"wordCount\":550,\"commentCount\":0,\"publisher\":{\"@id\":\"https:\/\/jornaltimoneiro.com.br\/#organization\"},\"articleSection\":[\"Comunidade\",\"Destaques\"],\"inLanguage\":\"pt-BR\",\"potentialAction\":[{\"@type\":\"CommentAction\",\"name\":\"Comment\",\"target\":[\"https:\/\/jornaltimoneiro.com.br\/index.php\/2015\/06\/12\/asmc-53-anos-ao-lado-do-servidor-publico-municipal\/#respond\"]}]},{\"@type\":\"WebPage\",\"@id\":\"https:\/\/jornaltimoneiro.com.br\/index.php\/2015\/06\/12\/asmc-53-anos-ao-lado-do-servidor-publico-municipal\/\",\"url\":\"https:\/\/jornaltimoneiro.com.br\/index.php\/2015\/06\/12\/asmc-53-anos-ao-lado-do-servidor-publico-municipal\/\",\"name\":\"ASMC: 53 anos ao lado do servidor p\u00fablico municipal - O Timoneiro Jornal Canoas RS\",\"isPartOf\":{\"@id\":\"https:\/\/jornaltimoneiro.com.br\/#website\"},\"datePublished\":\"2015-06-12T12:08:06+00:00\",\"dateModified\":\"2015-06-12T12:08:06+00:00\",\"breadcrumb\":{\"@id\":\"https:\/\/jornaltimoneiro.com.br\/index.php\/2015\/06\/12\/asmc-53-anos-ao-lado-do-servidor-publico-municipal\/#breadcrumb\"},\"inLanguage\":\"pt-BR\",\"potentialAction\":[{\"@type\":\"ReadAction\",\"target\":[\"https:\/\/jornaltimoneiro.com.br\/index.php\/2015\/06\/12\/asmc-53-anos-ao-lado-do-servidor-publico-municipal\/\"]}]},{\"@type\":\"BreadcrumbList\",\"@id\":\"https:\/\/jornaltimoneiro.com.br\/index.php\/2015\/06\/12\/asmc-53-anos-ao-lado-do-servidor-publico-municipal\/#breadcrumb\",\"itemListElement\":[{\"@type\":\"ListItem\",\"position\":1,\"name\":\"In\u00edcio\",\"item\":\"https:\/\/jornaltimoneiro.com.br\/\"},{\"@type\":\"ListItem\",\"position\":2,\"name\":\"ASMC: 53 anos ao lado do servidor p\u00fablico municipal\"}]},{\"@type\":\"WebSite\",\"@id\":\"https:\/\/jornaltimoneiro.com.br\/#website\",\"url\":\"https:\/\/jornaltimoneiro.com.br\/\",\"name\":\"Jornal Timoneiro Canoas RS\",\"description\":\"Jornal O Timoneiro, o verdadeiro jornal de Canoas\",\"publisher\":{\"@id\":\"https:\/\/jornaltimoneiro.com.br\/#organization\"},\"potentialAction\":[{\"@type\":\"SearchAction\",\"target\":{\"@type\":\"EntryPoint\",\"urlTemplate\":\"https:\/\/jornaltimoneiro.com.br\/?s={search_term_string}\"},\"query-input\":\"required name=search_term_string\"}],\"inLanguage\":\"pt-BR\"},{\"@type\":\"Organization\",\"@id\":\"https:\/\/jornaltimoneiro.com.br\/#organization\",\"name\":\"Jornal Timoneiro Canoas RS\",\"url\":\"https:\/\/jornaltimoneiro.com.br\/\",\"logo\":{\"@type\":\"ImageObject\",\"inLanguage\":\"pt-BR\",\"@id\":\"https:\/\/jornaltimoneiro.com.br\/#\/schema\/logo\/image\/\",\"url\":\"https:\/\/jornaltimoneiro.com.br\/wp-content\/uploads\/2023\/03\/logonovo.png\",\"contentUrl\":\"https:\/\/jornaltimoneiro.com.br\/wp-content\/uploads\/2023\/03\/logonovo.png\",\"width\":\"469\",\"height\":\"171\",\"caption\":\"Jornal Timoneiro Canoas RS\"},\"image\":{\"@id\":\"https:\/\/jornaltimoneiro.com.br\/#\/schema\/logo\/image\/\"},\"sameAs\":[\"https:\/\/www.facebook.com\/jornaltimoneiro\",\"https:\/\/twitter.com\/_OTimoneiro\",\"https:\/\/www.instagram.com\/jornaltimoneirocanoas\/\",\"https:\/\/www.youtube.com\/@jornalotimoneiro7927\"]},{\"@type\":\"Person\",\"@id\":\"https:\/\/jornaltimoneiro.com.br\/#\/schema\/person\/620efd1d8244466117482be494360b08\",\"name\":\"Reda\u00e7\u00e3o\",\"image\":{\"@type\":\"ImageObject\",\"inLanguage\":\"pt-BR\",\"@id\":\"https:\/\/jornaltimoneiro.com.br\/#\/schema\/person\/image\/\",\"url\":\"https:\/\/secure.gravatar.com\/avatar\/2f04e1b304682a8d9db336c7acd77f08?s=96&d=mm&r=g\",\"contentUrl\":\"https:\/\/secure.gravatar.com\/avatar\/2f04e1b304682a8d9db336c7acd77f08?s=96&d=mm&r=g\",\"caption\":\"Reda\u00e7\u00e3o\"},\"url\":\"https:\/\/jornaltimoneiro.com.br\/index.php\/author\/timoneirocanoas\/\"}]}<\/script>\n<!-- \/ Yoast SEO plugin. -->","yoast_head_json":{"title":"ASMC: 53 anos ao lado do servidor p\u00fablico municipal - O Timoneiro Jornal Canoas RS","robots":{"index":"index","follow":"follow","max-snippet":"max-snippet:-1","max-image-preview":"max-image-preview:large","max-video-preview":"max-video-preview:-1"},"canonical":"https:\/\/jornaltimoneiro.com.br\/index.php\/2015\/06\/12\/asmc-53-anos-ao-lado-do-servidor-publico-municipal\/","og_locale":"pt_BR","og_type":"article","og_title":"ASMC: 53 anos ao lado do servidor p\u00fablico municipal - O Timoneiro Jornal Canoas RS","og_description":"A Associa\u00e7\u00e3o dos Servidores Municipais de Canoas completa 53 anos de exist\u00eancia em 2015. A ASMC destaca-se dentre muitas entidades representativas da cidade devido \u00e0 sua pot\u00eancia nas facilidades junto a empresas conveniadas e \u00e0s facilidades de que ela pr\u00f3pria disp\u00f5e a seus associados. Hoje, s\u00e3o mais de 2300 empresas conveniadas, oferecendo descontos e vantagens [&hellip;]","og_url":"https:\/\/jornaltimoneiro.com.br\/index.php\/2015\/06\/12\/asmc-53-anos-ao-lado-do-servidor-publico-municipal\/","og_site_name":"O Timoneiro Jornal Canoas RS","article_publisher":"https:\/\/www.facebook.com\/jornaltimoneiro","article_published_time":"2015-06-12T12:08:06+00:00","author":"Reda\u00e7\u00e3o","twitter_card":"summary_large_image","twitter_creator":"@_OTimoneiro","twitter_site":"@_OTimoneiro","twitter_misc":{"Escrito por":"Reda\u00e7\u00e3o","Est. tempo de leitura":"3 minutos"},"schema":{"@context":"https:\/\/schema.org","@graph":[{"@type":"Article","@id":"https:\/\/jornaltimoneiro.com.br\/index.php\/2015\/06\/12\/asmc-53-anos-ao-lado-do-servidor-publico-municipal\/#article","isPartOf":{"@id":"https:\/\/jornaltimoneiro.com.br\/index.php\/2015\/06\/12\/asmc-53-anos-ao-lado-do-servidor-publico-municipal\/"},"author":{"name":"Reda\u00e7\u00e3o","@id":"https:\/\/jornaltimoneiro.com.br\/#\/schema\/person\/620efd1d8244466117482be494360b08"},"headline":"ASMC: 53 anos ao lado do servidor p\u00fablico municipal","datePublished":"2015-06-12T12:08:06+00:00","dateModified":"2015-06-12T12:08:06+00:00","mainEntityOfPage":{"@id":"https:\/\/jornaltimoneiro.com.br\/index.php\/2015\/06\/12\/asmc-53-anos-ao-lado-do-servidor-publico-municipal\/"},"wordCount":550,"commentCount":0,"publisher":{"@id":"https:\/\/jornaltimoneiro.com.br\/#organization"},"articleSection":["Comunidade","Destaques"],"inLanguage":"pt-BR","potentialAction":[{"@type":"CommentAction","name":"Comment","target":["https:\/\/jornaltimoneiro.com.br\/index.php\/2015\/06\/12\/asmc-53-anos-ao-lado-do-servidor-publico-municipal\/#respond"]}]},{"@type":"WebPage","@id":"https:\/\/jornaltimoneiro.com.br\/index.php\/2015\/06\/12\/asmc-53-anos-ao-lado-do-servidor-publico-municipal\/","url":"https:\/\/jornaltimoneiro.com.br\/index.php\/2015\/06\/12\/asmc-53-anos-ao-lado-do-servidor-publico-municipal\/","name":"ASMC: 53 anos ao lado do servidor p\u00fablico municipal - O Timoneiro Jornal Canoas RS","isPartOf":{"@id":"https:\/\/jornaltimoneiro.com.br\/#website"},"datePublished":"2015-06-12T12:08:06+00:00","dateModified":"2015-06-12T12:08:06+00:00","breadcrumb":{"@id":"https:\/\/jornaltimoneiro.com.br\/index.php\/2015\/06\/12\/asmc-53-anos-ao-lado-do-servidor-publico-municipal\/#breadcrumb"},"inLanguage":"pt-BR","potentialAction":[{"@type":"ReadAction","target":["https:\/\/jornaltimoneiro.com.br\/index.php\/2015\/06\/12\/asmc-53-anos-ao-lado-do-servidor-publico-municipal\/"]}]},{"@type":"BreadcrumbList","@id":"https:\/\/jornaltimoneiro.com.br\/index.php\/2015\/06\/12\/asmc-53-anos-ao-lado-do-servidor-publico-municipal\/#breadcrumb","itemListElement":[{"@type":"ListItem","position":1,"name":"In\u00edcio","item":"https:\/\/jornaltimoneiro.com.br\/"},{"@type":"ListItem","position":2,"name":"ASMC: 53 anos ao lado do servidor p\u00fablico municipal"}]},{"@type":"WebSite","@id":"https:\/\/jornaltimoneiro.com.br\/#website","url":"https:\/\/jornaltimoneiro.com.br\/","name":"Jornal Timoneiro Canoas RS","description":"Jornal O Timoneiro, o verdadeiro jornal de Canoas","publisher":{"@id":"https:\/\/jornaltimoneiro.com.br\/#organization"},"potentialAction":[{"@type":"SearchAction","target":{"@type":"EntryPoint","urlTemplate":"https:\/\/jornaltimoneiro.com.br\/?s={search_term_string}"},"query-input":"required name=search_term_string"}],"inLanguage":"pt-BR"},{"@type":"Organization","@id":"https:\/\/jornaltimoneiro.com.br\/#organization","name":"Jornal Timoneiro Canoas RS","url":"https:\/\/jornaltimoneiro.com.br\/","logo":{"@type":"ImageObject","inLanguage":"pt-BR","@id":"https:\/\/jornaltimoneiro.com.br\/#\/schema\/logo\/image\/","url":"https:\/\/jornaltimoneiro.com.br\/wp-content\/uploads\/2023\/03\/logonovo.png","contentUrl":"https:\/\/jornaltimoneiro.com.br\/wp-content\/uploads\/2023\/03\/logonovo.png","width":"469","height":"171","caption":"Jornal Timoneiro Canoas RS"},"image":{"@id":"https:\/\/jornaltimoneiro.com.br\/#\/schema\/logo\/image\/"},"sameAs":["https:\/\/www.facebook.com\/jornaltimoneiro","https:\/\/twitter.com\/_OTimoneiro","https:\/\/www.instagram.com\/jornaltimoneirocanoas\/","https:\/\/www.youtube.com\/@jornalotimoneiro7927"]},{"@type":"Person","@id":"https:\/\/jornaltimoneiro.com.br\/#\/schema\/person\/620efd1d8244466117482be494360b08","name":"Reda\u00e7\u00e3o","image":{"@type":"ImageObject","inLanguage":"pt-BR","@id":"https:\/\/jornaltimoneiro.com.br\/#\/schema\/person\/image\/","url":"https:\/\/secure.gravatar.com\/avatar\/2f04e1b304682a8d9db336c7acd77f08?s=96&d=mm&r=g","contentUrl":"https:\/\/secure.gravatar.com\/avatar\/2f04e1b304682a8d9db336c7acd77f08?s=96&d=mm&r=g","caption":"Reda\u00e7\u00e3o"},"url":"https:\/\/jornaltimoneiro.com.br\/index.php\/author\/timoneirocanoas\/"}]}},"_links":{"self":[{"href":"https:\/\/jornaltimoneiro.com.br\/index.php\/wp-json\/wp\/v2\/posts\/307"}],"collection":[{"href":"https:\/\/jornaltimoneiro.com.br\/index.php\/wp-json\/wp\/v2\/posts"}],"about":[{"href":"https:\/\/jornaltimoneiro.com.br\/index.php\/wp-json\/wp\/v2\/types\/post"}],"author":[{"embeddable":true,"href":"https:\/\/jornaltimoneiro.com.br\/index.php\/wp-json\/wp\/v2\/users\/1"}],"replies":[{"embeddable":true,"href":"https:\/\/jornaltimoneiro.com.br\/index.php\/wp-json\/wp\/v2\/comments?post=307"}],"version-history":[{"count":0,"href":"https:\/\/jornaltimoneiro.com.br\/index.php\/wp-json\/wp\/v2\/posts\/307\/revisions"}],"wp:featuredmedia":[{"embeddable":true,"href":"https:\/\/jornaltimoneiro.com.br\/index.php\/wp-json\/"}],"wp:attachment":[{"href":"https:\/\/jornaltimoneiro.com.br\/index.php\/wp-json\/wp\/v2\/media?parent=307"}],"wp:term":[{"taxonomy":"category","embeddable":true,"href":"https:\/\/jornaltimoneiro.com.br\/index.php\/wp-json\/wp\/v2\/categories?post=307"},{"taxonomy":"post_tag","embeddable":true,"href":"https:\/\/jornaltimoneiro.com.br\/index.php\/wp-json\/wp\/v2\/tags?post=307"}],"curies":[{"name":"wp","href":"https:\/\/api.w.org\/{rel}","templated":true}]}}