{"id":30692,"date":"2024-07-02T16:37:39","date_gmt":"2024-07-02T19:37:39","guid":{"rendered":"https:\/\/jornaltimoneiro.com.br\/?p=30692"},"modified":"2024-07-03T17:08:45","modified_gmt":"2024-07-03T20:08:45","slug":"primeiro-lote-do-cartao-solidario-de-nova-santa-rita-e-entregue-para-368-familias","status":"publish","type":"post","link":"https:\/\/jornaltimoneiro.com.br\/index.php\/2024\/07\/02\/primeiro-lote-do-cartao-solidario-de-nova-santa-rita-e-entregue-para-368-familias\/","title":{"rendered":"Primeiro lote do Cart\u00e3o Solid\u00e1rio de Nova Santa Rita \u00e9 entregue para 368 fam\u00edlias"},"content":{"rendered":"<p>Na segunda-feira, 1\u00b0 de julho, a Prefeitura de Nova Santa Rita entregou o primeiro lote do Cart\u00e3o Solid\u00e1rio para 368 fam\u00edlias atingidas pela enchente de maio ou pelo deslizamento de terra no bairro Berto C\u00edrio. Todos receberam um cart\u00e3o com R$ 2 mil para comprarem nos com\u00e9rcios da cidade e iniciarem o processo de reconstru\u00e7\u00e3o.<\/p>\n<p>A lista dos primeiros benefici\u00e1rios est\u00e1 dispon\u00edvel no site da Prefeitura Municipal (www.novasantarita.rs.gov.br). As entregas v\u00e3o acontecer no CRAS Municipal, localizado no endere\u00e7o rua das Cerejeiras, 239, Centro, a partir das 10h at\u00e9 as 16h (com intervalo das 12h \u00e0s 13h). \u00c9 obrigat\u00f3ria a apresenta\u00e7\u00e3o de documento com foto para retirada dos cart\u00f5es.<\/p>\n<h4>1.036 aprovados<\/h4>\n<p>O n\u00famero de benefici\u00e1rios neste primeiro momento representa 35% dos 1.036 aprovados a receber o benef\u00edcio e a medida ir\u00e1 injetar mais de R$ 4 milh\u00f5es na economia local ao t\u00e9rmino de todas as entregas previstas.<\/p>\n<blockquote><p>\u201c\u00c9 um momento de concretiza\u00e7\u00e3o do nosso trabalho e de alegria por podermos ajudar aqueles que mais precisam num momento t\u00e3o triste como este\u201d, disse o prefeito Rodrigo Battistella.<\/p><\/blockquote>\n<p>O prazo para cadastro do Cart\u00e3o Solid\u00e1rio \u00e9 o mesmo do programa Aux\u00edlio Reconstru\u00e7\u00e3o, do governo federal: 12 de julho. J\u00e1 o benef\u00edcio do governo estadual pode ser pleiteado at\u00e9 o dia nove de julho junto ao CRAS Municipal.<\/p>\n<h4>Aten\u00e7\u00e3o<\/h4>\n<p>Em virtude da entrega do benef\u00edcio, apenas estar\u00e1 acontecendo entrevistas de emprego no SINE Municipal. Demais servi\u00e7os da Secretaria Municipal de Assist\u00eancia Social, como confec\u00e7\u00e3o de documentos de identidade, cadastros do Cad\u00danico, entre outros, n\u00e3o estar\u00e3o dispon\u00edveis neste dia.<\/p>\n","protected":false},"excerpt":{"rendered":"<p>Na segunda-feira, 1\u00b0 de julho, a Prefeitura de Nova Santa Rita entregou o primeiro lote do Cart\u00e3o Solid\u00e1rio para 368 fam\u00edlias atingidas pela enchente de maio ou pelo deslizamento de terra no bairro Berto C\u00edrio. Todos receberam um cart\u00e3o com R$ 2 mil para comprarem nos com\u00e9rcios da cidade e iniciarem o processo de reconstru\u00e7\u00e3o. [&hellip;]<\/p>\n","protected":false},"author":2,"featured_media":30693,"comment_status":"open","ping_status":"open","sticky":false,"template":"","format":"standard","meta":{"amp_status":"","footnotes":""},"categories":[2494],"tags":[2913,1338,2912,262,295],"class_list":["post-30692","post","type-post","status-publish","format-standard","has-post-thumbnail","hentry","category-enchente-rs","tag-atingidos","tag-auxilio","tag-cartao-solidario","tag-nova-santa-rita","tag-prefeitura"],"yoast_head":"<!-- This site is optimized with the Yoast SEO plugin v20.5 - https:\/\/yoast.com\/wordpress\/plugins\/seo\/ -->\n<title>Primeiro lote do Cart\u00e3o Solid\u00e1rio de Nova Santa Rita \u00e9 entregue para 368 fam\u00edlias - O Timoneiro Jornal Canoas RS<\/title>\n<meta name=\"description\" content=\"Primeiro lote do Cart\u00e3o Solid\u00e1rio de Nova Santa Rita \u00e9 entregue para 368 fam\u00edlias nesta segunda-feira enchente rio grande do sul RS\" \/>\n<meta name=\"robots\" content=\"index, follow, max-snippet:-1, max-image-preview:large, max-video-preview:-1\" \/>\n<link rel=\"canonical\" href=\"https:\/\/jornaltimoneiro.com.br\/index.php\/2024\/07\/02\/primeiro-lote-do-cartao-solidario-de-nova-santa-rita-e-entregue-para-368-familias\/\" \/>\n<meta property=\"og:locale\" content=\"pt_BR\" \/>\n<meta property=\"og:type\" content=\"article\" \/>\n<meta property=\"og:title\" content=\"Primeiro lote do Cart\u00e3o Solid\u00e1rio de Nova Santa Rita \u00e9 entregue para 368 fam\u00edlias - O Timoneiro Jornal Canoas RS\" \/>\n<meta property=\"og:description\" content=\"Primeiro lote do Cart\u00e3o Solid\u00e1rio de Nova Santa Rita \u00e9 entregue para 368 fam\u00edlias nesta segunda-feira enchente rio grande do sul RS\" \/>\n<meta property=\"og:url\" content=\"https:\/\/jornaltimoneiro.com.br\/index.php\/2024\/07\/02\/primeiro-lote-do-cartao-solidario-de-nova-santa-rita-e-entregue-para-368-familias\/\" \/>\n<meta property=\"og:site_name\" content=\"O Timoneiro Jornal Canoas RS\" \/>\n<meta property=\"article:publisher\" content=\"https:\/\/www.facebook.com\/jornaltimoneiro\" \/>\n<meta property=\"article:published_time\" content=\"2024-07-02T19:37:39+00:00\" \/>\n<meta property=\"article:modified_time\" content=\"2024-07-03T20:08:45+00:00\" \/>\n<meta property=\"og:image\" content=\"https:\/\/jornaltimoneiro.com.br\/wp-content\/uploads\/2024\/07\/Primeiro-lote-do-Cartao-Solidario-de-Nova-Santa-Rita-e-entregue-para-368-familias-nesta-segunda-feira-1\u00b0.jpg\" \/>\n\t<meta property=\"og:image:width\" content=\"1080\" \/>\n\t<meta property=\"og:image:height\" content=\"607\" \/>\n\t<meta property=\"og:image:type\" content=\"image\/jpeg\" \/>\n<meta name=\"author\" content=\"Reda\u00e7\u00e3o\" \/>\n<meta name=\"twitter:card\" content=\"summary_large_image\" \/>\n<meta name=\"twitter:creator\" content=\"@_OTimoneiro\" \/>\n<meta name=\"twitter:site\" content=\"@_OTimoneiro\" \/>\n<meta name=\"twitter:label1\" content=\"Escrito por\" \/>\n\t<meta name=\"twitter:data1\" content=\"Reda\u00e7\u00e3o\" \/>\n\t<meta name=\"twitter:label2\" content=\"Est. tempo de leitura\" \/>\n\t<meta name=\"twitter:data2\" content=\"2 minutos\" \/>\n<script type=\"application\/ld+json\" class=\"yoast-schema-graph\">{\"@context\":\"https:\/\/schema.org\",\"@graph\":[{\"@type\":\"Article\",\"@id\":\"https:\/\/jornaltimoneiro.com.br\/index.php\/2024\/07\/02\/primeiro-lote-do-cartao-solidario-de-nova-santa-rita-e-entregue-para-368-familias\/#article\",\"isPartOf\":{\"@id\":\"https:\/\/jornaltimoneiro.com.br\/index.php\/2024\/07\/02\/primeiro-lote-do-cartao-solidario-de-nova-santa-rita-e-entregue-para-368-familias\/\"},\"author\":{\"name\":\"Reda\u00e7\u00e3o\",\"@id\":\"https:\/\/jornaltimoneiro.com.br\/#\/schema\/person\/f63482f1a02b1a9592707865e509ab40\"},\"headline\":\"Primeiro lote do Cart\u00e3o Solid\u00e1rio de Nova Santa Rita \u00e9 entregue para 368 fam\u00edlias\",\"datePublished\":\"2024-07-02T19:37:39+00:00\",\"dateModified\":\"2024-07-03T20:08:45+00:00\",\"mainEntityOfPage\":{\"@id\":\"https:\/\/jornaltimoneiro.com.br\/index.php\/2024\/07\/02\/primeiro-lote-do-cartao-solidario-de-nova-santa-rita-e-entregue-para-368-familias\/\"},\"wordCount\":296,\"commentCount\":0,\"publisher\":{\"@id\":\"https:\/\/jornaltimoneiro.com.br\/#organization\"},\"keywords\":[\"atingidos\",\"aux\u00edlio\",\"cart\u00e3o solid\u00e1rio\",\"nova santa rita\",\"prefeitura\"],\"articleSection\":[\"ENCHENTE RS\"],\"inLanguage\":\"pt-BR\",\"potentialAction\":[{\"@type\":\"CommentAction\",\"name\":\"Comment\",\"target\":[\"https:\/\/jornaltimoneiro.com.br\/index.php\/2024\/07\/02\/primeiro-lote-do-cartao-solidario-de-nova-santa-rita-e-entregue-para-368-familias\/#respond\"]}]},{\"@type\":\"WebPage\",\"@id\":\"https:\/\/jornaltimoneiro.com.br\/index.php\/2024\/07\/02\/primeiro-lote-do-cartao-solidario-de-nova-santa-rita-e-entregue-para-368-familias\/\",\"url\":\"https:\/\/jornaltimoneiro.com.br\/index.php\/2024\/07\/02\/primeiro-lote-do-cartao-solidario-de-nova-santa-rita-e-entregue-para-368-familias\/\",\"name\":\"Primeiro lote do Cart\u00e3o Solid\u00e1rio de Nova Santa Rita \u00e9 entregue para 368 fam\u00edlias - O Timoneiro Jornal Canoas RS\",\"isPartOf\":{\"@id\":\"https:\/\/jornaltimoneiro.com.br\/#website\"},\"datePublished\":\"2024-07-02T19:37:39+00:00\",\"dateModified\":\"2024-07-03T20:08:45+00:00\",\"description\":\"Primeiro lote do Cart\u00e3o Solid\u00e1rio de Nova Santa Rita \u00e9 entregue para 368 fam\u00edlias nesta segunda-feira enchente rio grande do sul RS\",\"breadcrumb\":{\"@id\":\"https:\/\/jornaltimoneiro.com.br\/index.php\/2024\/07\/02\/primeiro-lote-do-cartao-solidario-de-nova-santa-rita-e-entregue-para-368-familias\/#breadcrumb\"},\"inLanguage\":\"pt-BR\",\"potentialAction\":[{\"@type\":\"ReadAction\",\"target\":[\"https:\/\/jornaltimoneiro.com.br\/index.php\/2024\/07\/02\/primeiro-lote-do-cartao-solidario-de-nova-santa-rita-e-entregue-para-368-familias\/\"]}]},{\"@type\":\"BreadcrumbList\",\"@id\":\"https:\/\/jornaltimoneiro.com.br\/index.php\/2024\/07\/02\/primeiro-lote-do-cartao-solidario-de-nova-santa-rita-e-entregue-para-368-familias\/#breadcrumb\",\"itemListElement\":[{\"@type\":\"ListItem\",\"position\":1,\"name\":\"In\u00edcio\",\"item\":\"https:\/\/jornaltimoneiro.com.br\/\"},{\"@type\":\"ListItem\",\"position\":2,\"name\":\"Primeiro lote do Cart\u00e3o Solid\u00e1rio de Nova Santa Rita \u00e9 entregue para 368 fam\u00edlias\"}]},{\"@type\":\"WebSite\",\"@id\":\"https:\/\/jornaltimoneiro.com.br\/#website\",\"url\":\"https:\/\/jornaltimoneiro.com.br\/\",\"name\":\"Jornal Timoneiro Canoas RS\",\"description\":\"Jornal O Timoneiro, o verdadeiro jornal de Canoas\",\"publisher\":{\"@id\":\"https:\/\/jornaltimoneiro.com.br\/#organization\"},\"potentialAction\":[{\"@type\":\"SearchAction\",\"target\":{\"@type\":\"EntryPoint\",\"urlTemplate\":\"https:\/\/jornaltimoneiro.com.br\/?s={search_term_string}\"},\"query-input\":\"required name=search_term_string\"}],\"inLanguage\":\"pt-BR\"},{\"@type\":\"Organization\",\"@id\":\"https:\/\/jornaltimoneiro.com.br\/#organization\",\"name\":\"Jornal Timoneiro Canoas RS\",\"url\":\"https:\/\/jornaltimoneiro.com.br\/\",\"logo\":{\"@type\":\"ImageObject\",\"inLanguage\":\"pt-BR\",\"@id\":\"https:\/\/jornaltimoneiro.com.br\/#\/schema\/logo\/image\/\",\"url\":\"https:\/\/jornaltimoneiro.com.br\/wp-content\/uploads\/2023\/03\/logonovo.png\",\"contentUrl\":\"https:\/\/jornaltimoneiro.com.br\/wp-content\/uploads\/2023\/03\/logonovo.png\",\"width\":\"469\",\"height\":\"171\",\"caption\":\"Jornal Timoneiro Canoas RS\"},\"image\":{\"@id\":\"https:\/\/jornaltimoneiro.com.br\/#\/schema\/logo\/image\/\"},\"sameAs\":[\"https:\/\/www.facebook.com\/jornaltimoneiro\",\"https:\/\/twitter.com\/_OTimoneiro\",\"https:\/\/www.instagram.com\/jornaltimoneirocanoas\/\",\"https:\/\/www.youtube.com\/@jornalotimoneiro7927\"]},{\"@type\":\"Person\",\"@id\":\"https:\/\/jornaltimoneiro.com.br\/#\/schema\/person\/f63482f1a02b1a9592707865e509ab40\",\"name\":\"Reda\u00e7\u00e3o\",\"image\":{\"@type\":\"ImageObject\",\"inLanguage\":\"pt-BR\",\"@id\":\"https:\/\/jornaltimoneiro.com.br\/#\/schema\/person\/image\/\",\"url\":\"https:\/\/jornaltimoneiro.com.br\/wp-content\/uploads\/2023\/03\/download.jpeg\",\"contentUrl\":\"https:\/\/jornaltimoneiro.com.br\/wp-content\/uploads\/2023\/03\/download.jpeg\",\"caption\":\"Reda\u00e7\u00e3o\"},\"url\":\"https:\/\/jornaltimoneiro.com.br\/index.php\/author\/simone-dutra\/\"}]}<\/script>\n<!-- \/ Yoast SEO plugin. -->","yoast_head_json":{"title":"Primeiro lote do Cart\u00e3o Solid\u00e1rio de Nova Santa Rita \u00e9 entregue para 368 fam\u00edlias - O Timoneiro Jornal Canoas RS","description":"Primeiro lote do Cart\u00e3o Solid\u00e1rio de Nova Santa Rita \u00e9 entregue para 368 fam\u00edlias nesta segunda-feira enchente rio grande do sul RS","robots":{"index":"index","follow":"follow","max-snippet":"max-snippet:-1","max-image-preview":"max-image-preview:large","max-video-preview":"max-video-preview:-1"},"canonical":"https:\/\/jornaltimoneiro.com.br\/index.php\/2024\/07\/02\/primeiro-lote-do-cartao-solidario-de-nova-santa-rita-e-entregue-para-368-familias\/","og_locale":"pt_BR","og_type":"article","og_title":"Primeiro lote do Cart\u00e3o Solid\u00e1rio de Nova Santa Rita \u00e9 entregue para 368 fam\u00edlias - O Timoneiro Jornal Canoas RS","og_description":"Primeiro lote do Cart\u00e3o Solid\u00e1rio de Nova Santa Rita \u00e9 entregue para 368 fam\u00edlias nesta segunda-feira enchente rio grande do sul RS","og_url":"https:\/\/jornaltimoneiro.com.br\/index.php\/2024\/07\/02\/primeiro-lote-do-cartao-solidario-de-nova-santa-rita-e-entregue-para-368-familias\/","og_site_name":"O Timoneiro Jornal Canoas RS","article_publisher":"https:\/\/www.facebook.com\/jornaltimoneiro","article_published_time":"2024-07-02T19:37:39+00:00","article_modified_time":"2024-07-03T20:08:45+00:00","og_image":[{"width":"1080","height":"607","url":"https:\/\/jornaltimoneiro.com.br\/wp-content\/uploads\/2024\/07\/Primeiro-lote-do-Cartao-Solidario-de-Nova-Santa-Rita-e-entregue-para-368-familias-nesta-segunda-feira-1\u00b0.jpg","type":"image\/jpeg"}],"author":"Reda\u00e7\u00e3o","twitter_card":"summary_large_image","twitter_creator":"@_OTimoneiro","twitter_site":"@_OTimoneiro","twitter_misc":{"Escrito por":"Reda\u00e7\u00e3o","Est. tempo de leitura":"2 minutos"},"schema":{"@context":"https:\/\/schema.org","@graph":[{"@type":"Article","@id":"https:\/\/jornaltimoneiro.com.br\/index.php\/2024\/07\/02\/primeiro-lote-do-cartao-solidario-de-nova-santa-rita-e-entregue-para-368-familias\/#article","isPartOf":{"@id":"https:\/\/jornaltimoneiro.com.br\/index.php\/2024\/07\/02\/primeiro-lote-do-cartao-solidario-de-nova-santa-rita-e-entregue-para-368-familias\/"},"author":{"name":"Reda\u00e7\u00e3o","@id":"https:\/\/jornaltimoneiro.com.br\/#\/schema\/person\/f63482f1a02b1a9592707865e509ab40"},"headline":"Primeiro lote do Cart\u00e3o Solid\u00e1rio de Nova Santa Rita \u00e9 entregue para 368 fam\u00edlias","datePublished":"2024-07-02T19:37:39+00:00","dateModified":"2024-07-03T20:08:45+00:00","mainEntityOfPage":{"@id":"https:\/\/jornaltimoneiro.com.br\/index.php\/2024\/07\/02\/primeiro-lote-do-cartao-solidario-de-nova-santa-rita-e-entregue-para-368-familias\/"},"wordCount":296,"commentCount":0,"publisher":{"@id":"https:\/\/jornaltimoneiro.com.br\/#organization"},"keywords":["atingidos","aux\u00edlio","cart\u00e3o solid\u00e1rio","nova santa rita","prefeitura"],"articleSection":["ENCHENTE RS"],"inLanguage":"pt-BR","potentialAction":[{"@type":"CommentAction","name":"Comment","target":["https:\/\/jornaltimoneiro.com.br\/index.php\/2024\/07\/02\/primeiro-lote-do-cartao-solidario-de-nova-santa-rita-e-entregue-para-368-familias\/#respond"]}]},{"@type":"WebPage","@id":"https:\/\/jornaltimoneiro.com.br\/index.php\/2024\/07\/02\/primeiro-lote-do-cartao-solidario-de-nova-santa-rita-e-entregue-para-368-familias\/","url":"https:\/\/jornaltimoneiro.com.br\/index.php\/2024\/07\/02\/primeiro-lote-do-cartao-solidario-de-nova-santa-rita-e-entregue-para-368-familias\/","name":"Primeiro lote do Cart\u00e3o Solid\u00e1rio de Nova Santa Rita \u00e9 entregue para 368 fam\u00edlias - O Timoneiro Jornal Canoas RS","isPartOf":{"@id":"https:\/\/jornaltimoneiro.com.br\/#website"},"datePublished":"2024-07-02T19:37:39+00:00","dateModified":"2024-07-03T20:08:45+00:00","description":"Primeiro lote do Cart\u00e3o Solid\u00e1rio de Nova Santa Rita \u00e9 entregue para 368 fam\u00edlias nesta segunda-feira enchente rio grande do sul RS","breadcrumb":{"@id":"https:\/\/jornaltimoneiro.com.br\/index.php\/2024\/07\/02\/primeiro-lote-do-cartao-solidario-de-nova-santa-rita-e-entregue-para-368-familias\/#breadcrumb"},"inLanguage":"pt-BR","potentialAction":[{"@type":"ReadAction","target":["https:\/\/jornaltimoneiro.com.br\/index.php\/2024\/07\/02\/primeiro-lote-do-cartao-solidario-de-nova-santa-rita-e-entregue-para-368-familias\/"]}]},{"@type":"BreadcrumbList","@id":"https:\/\/jornaltimoneiro.com.br\/index.php\/2024\/07\/02\/primeiro-lote-do-cartao-solidario-de-nova-santa-rita-e-entregue-para-368-familias\/#breadcrumb","itemListElement":[{"@type":"ListItem","position":1,"name":"In\u00edcio","item":"https:\/\/jornaltimoneiro.com.br\/"},{"@type":"ListItem","position":2,"name":"Primeiro lote do Cart\u00e3o Solid\u00e1rio de Nova Santa Rita \u00e9 entregue para 368 fam\u00edlias"}]},{"@type":"WebSite","@id":"https:\/\/jornaltimoneiro.com.br\/#website","url":"https:\/\/jornaltimoneiro.com.br\/","name":"Jornal Timoneiro Canoas RS","description":"Jornal O Timoneiro, o verdadeiro jornal de Canoas","publisher":{"@id":"https:\/\/jornaltimoneiro.com.br\/#organization"},"potentialAction":[{"@type":"SearchAction","target":{"@type":"EntryPoint","urlTemplate":"https:\/\/jornaltimoneiro.com.br\/?s={search_term_string}"},"query-input":"required name=search_term_string"}],"inLanguage":"pt-BR"},{"@type":"Organization","@id":"https:\/\/jornaltimoneiro.com.br\/#organization","name":"Jornal Timoneiro Canoas RS","url":"https:\/\/jornaltimoneiro.com.br\/","logo":{"@type":"ImageObject","inLanguage":"pt-BR","@id":"https:\/\/jornaltimoneiro.com.br\/#\/schema\/logo\/image\/","url":"https:\/\/jornaltimoneiro.com.br\/wp-content\/uploads\/2023\/03\/logonovo.png","contentUrl":"https:\/\/jornaltimoneiro.com.br\/wp-content\/uploads\/2023\/03\/logonovo.png","width":"469","height":"171","caption":"Jornal Timoneiro Canoas RS"},"image":{"@id":"https:\/\/jornaltimoneiro.com.br\/#\/schema\/logo\/image\/"},"sameAs":["https:\/\/www.facebook.com\/jornaltimoneiro","https:\/\/twitter.com\/_OTimoneiro","https:\/\/www.instagram.com\/jornaltimoneirocanoas\/","https:\/\/www.youtube.com\/@jornalotimoneiro7927"]},{"@type":"Person","@id":"https:\/\/jornaltimoneiro.com.br\/#\/schema\/person\/f63482f1a02b1a9592707865e509ab40","name":"Reda\u00e7\u00e3o","image":{"@type":"ImageObject","inLanguage":"pt-BR","@id":"https:\/\/jornaltimoneiro.com.br\/#\/schema\/person\/image\/","url":"https:\/\/jornaltimoneiro.com.br\/wp-content\/uploads\/2023\/03\/download.jpeg","contentUrl":"https:\/\/jornaltimoneiro.com.br\/wp-content\/uploads\/2023\/03\/download.jpeg","caption":"Reda\u00e7\u00e3o"},"url":"https:\/\/jornaltimoneiro.com.br\/index.php\/author\/simone-dutra\/"}]}},"_links":{"self":[{"href":"https:\/\/jornaltimoneiro.com.br\/index.php\/wp-json\/wp\/v2\/posts\/30692"}],"collection":[{"href":"https:\/\/jornaltimoneiro.com.br\/index.php\/wp-json\/wp\/v2\/posts"}],"about":[{"href":"https:\/\/jornaltimoneiro.com.br\/index.php\/wp-json\/wp\/v2\/types\/post"}],"author":[{"embeddable":true,"href":"https:\/\/jornaltimoneiro.com.br\/index.php\/wp-json\/wp\/v2\/users\/2"}],"replies":[{"embeddable":true,"href":"https:\/\/jornaltimoneiro.com.br\/index.php\/wp-json\/wp\/v2\/comments?post=30692"}],"version-history":[{"count":2,"href":"https:\/\/jornaltimoneiro.com.br\/index.php\/wp-json\/wp\/v2\/posts\/30692\/revisions"}],"predecessor-version":[{"id":30714,"href":"https:\/\/jornaltimoneiro.com.br\/index.php\/wp-json\/wp\/v2\/posts\/30692\/revisions\/30714"}],"wp:featuredmedia":[{"embeddable":true,"href":"https:\/\/jornaltimoneiro.com.br\/index.php\/wp-json\/wp\/v2\/media\/30693"}],"wp:attachment":[{"href":"https:\/\/jornaltimoneiro.com.br\/index.php\/wp-json\/wp\/v2\/media?parent=30692"}],"wp:term":[{"taxonomy":"category","embeddable":true,"href":"https:\/\/jornaltimoneiro.com.br\/index.php\/wp-json\/wp\/v2\/categories?post=30692"},{"taxonomy":"post_tag","embeddable":true,"href":"https:\/\/jornaltimoneiro.com.br\/index.php\/wp-json\/wp\/v2\/tags?post=30692"}],"curies":[{"name":"wp","href":"https:\/\/api.w.org\/{rel}","templated":true}]}}