{"id":30647,"date":"2024-06-29T17:12:43","date_gmt":"2024-06-29T20:12:43","guid":{"rendered":"https:\/\/jornaltimoneiro.com.br\/?p=30647"},"modified":"2024-06-29T17:13:51","modified_gmt":"2024-06-29T20:13:51","slug":"doacoes-do-interior-de-sao-paulo-serao-repassadas-a-creches-municipais-de-canoas","status":"publish","type":"post","link":"https:\/\/jornaltimoneiro.com.br\/index.php\/2024\/06\/29\/doacoes-do-interior-de-sao-paulo-serao-repassadas-a-creches-municipais-de-canoas\/","title":{"rendered":"Doa\u00e7\u00f5es do interior de S\u00e3o Paulo ser\u00e3o repassadas a creches municipais de Canoas"},"content":{"rendered":"<p>Canoas recebeu, na sexta-feira, 28, doa\u00e7\u00f5es da Secretaria Municipal de Educa\u00e7\u00e3o e Cultura de Jundia\u00ed, de S\u00e3o Paulo.<\/p>\n<p>Foram arrecadados kits contendo brinquedos, itens de vestu\u00e1rio, livros, materiais de higiene, cobertores, materiais escolares e artigos para beb\u00eas das 19 escolas de Educa\u00e7\u00e3o Infantil do lado Oeste do munic\u00edpio.<\/p>\n<p>A iniciativa visa apoiar as fam\u00edlias no retorno \u00e0s aulas bem como auxiliar aqueles que ainda se encontram em abrigos. Junto com os materiais, est\u00e3o cartinhas com mensagens de solidariedade e doces das crian\u00e7as das escolas de Jundia\u00ed para as crian\u00e7as de Canoas.<\/p>\n<p>Canoas e Jundia\u00ed s\u00e3o munic\u00edpios que fazem parte da iniciativa Urban 95, que compartilha o objetivo de desenvolver e fortalecer programas e pol\u00edticas voltadas para a primeira inf\u00e2ncia.<\/p>\n<p>A diretora Pauline Concei\u00e7\u00e3o Marinho, da Escola Municipal de Educa\u00e7\u00e3o Infantil Carmem Ferreira, no bairro Harmonia, contou que a institui\u00e7\u00e3o conta com 140 alunos. Ela comemorou o momento de reencontro com as doa\u00e7\u00f5es.<\/p>\n<p>\u201cEsse momento de acolhimento \u00e9 fundamental, pois os alunos puderam rever os colegas e as professoras, dando um ar de normalidade ap\u00f3s o per\u00edodo de enchentes\u201d, destaca.<\/p>\n<p>Viviane Rocha \u00e9 moradora do bairro Harmonia e \u00e9 m\u00e3e do aluno Kaleb Rocha, 5 anos. Ela comemora o reencontro da comunidade com a escola.<\/p>\n<p>\u201cMeu filho est\u00e1 muito feliz. Estava sorridente quando eu disse a ele que vir\u00edamos hoje pra c\u00e1. Esse movimento de rever os colegas, as professoras que ela tanto gosta, traz um conforto para todos n\u00f3s. A minha esperan\u00e7a \u00e9 que as aulas retornem logo. Estou feliz por ele por ter recebido essas doa\u00e7\u00f5es\u201d, ressalta.<\/p>\n","protected":false},"excerpt":{"rendered":"<p>Canoas recebeu, na sexta-feira, 28, doa\u00e7\u00f5es da Secretaria Municipal de Educa\u00e7\u00e3o e Cultura de Jundia\u00ed, de S\u00e3o Paulo. Foram arrecadados kits contendo brinquedos, itens de vestu\u00e1rio, livros, materiais de higiene, cobertores, materiais escolares e artigos para beb\u00eas das 19 escolas de Educa\u00e7\u00e3o Infantil do lado Oeste do munic\u00edpio. A iniciativa visa apoiar as fam\u00edlias no [&hellip;]<\/p>\n","protected":false},"author":2,"featured_media":30648,"comment_status":"open","ping_status":"open","sticky":false,"template":"","format":"standard","meta":{"amp_status":"","footnotes":""},"categories":[2210],"tags":[2899,911,2697,190,2163],"class_list":["post-30647","post","type-post","status-publish","format-standard","has-post-thumbnail","hentry","category-educacao","tag-creches","tag-doacoes","tag-emeis","tag-featured","tag-harmonia"],"yoast_head":"<!-- This site is optimized with the Yoast SEO plugin v20.5 - https:\/\/yoast.com\/wordpress\/plugins\/seo\/ -->\n<title>Doa\u00e7\u00f5es do interior de S\u00e3o Paulo ser\u00e3o repassadas a creches municipais de Canoas - O Timoneiro Jornal Canoas RS<\/title>\n<meta name=\"robots\" content=\"index, follow, max-snippet:-1, max-image-preview:large, max-video-preview:-1\" \/>\n<link rel=\"canonical\" href=\"https:\/\/jornaltimoneiro.com.br\/index.php\/2024\/06\/29\/doacoes-do-interior-de-sao-paulo-serao-repassadas-a-creches-municipais-de-canoas\/\" \/>\n<meta property=\"og:locale\" content=\"pt_BR\" \/>\n<meta property=\"og:type\" content=\"article\" \/>\n<meta property=\"og:title\" content=\"Doa\u00e7\u00f5es do interior de S\u00e3o Paulo ser\u00e3o repassadas a creches municipais de Canoas - O Timoneiro Jornal Canoas RS\" \/>\n<meta property=\"og:description\" content=\"Canoas recebeu, na sexta-feira, 28, doa\u00e7\u00f5es da Secretaria Municipal de Educa\u00e7\u00e3o e Cultura de Jundia\u00ed, de S\u00e3o Paulo. Foram arrecadados kits contendo brinquedos, itens de vestu\u00e1rio, livros, materiais de higiene, cobertores, materiais escolares e artigos para beb\u00eas das 19 escolas de Educa\u00e7\u00e3o Infantil do lado Oeste do munic\u00edpio. A iniciativa visa apoiar as fam\u00edlias no [&hellip;]\" \/>\n<meta property=\"og:url\" content=\"https:\/\/jornaltimoneiro.com.br\/index.php\/2024\/06\/29\/doacoes-do-interior-de-sao-paulo-serao-repassadas-a-creches-municipais-de-canoas\/\" \/>\n<meta property=\"og:site_name\" content=\"O Timoneiro Jornal Canoas RS\" \/>\n<meta property=\"article:publisher\" content=\"https:\/\/www.facebook.com\/jornaltimoneiro\" \/>\n<meta property=\"article:published_time\" content=\"2024-06-29T20:12:43+00:00\" \/>\n<meta property=\"article:modified_time\" content=\"2024-06-29T20:13:51+00:00\" \/>\n<meta property=\"og:image\" content=\"https:\/\/jornaltimoneiro.com.br\/wp-content\/uploads\/2024\/06\/RED-28-06-24-ENTREGA-DE-DOACOES-NAS-EMEIS-FRAN-BECK-24-2.jpg\" \/>\n\t<meta property=\"og:image:width\" content=\"2048\" \/>\n\t<meta property=\"og:image:height\" content=\"1365\" \/>\n\t<meta property=\"og:image:type\" content=\"image\/jpeg\" \/>\n<meta name=\"author\" content=\"Reda\u00e7\u00e3o\" \/>\n<meta name=\"twitter:card\" content=\"summary_large_image\" \/>\n<meta name=\"twitter:creator\" content=\"@_OTimoneiro\" \/>\n<meta name=\"twitter:site\" content=\"@_OTimoneiro\" \/>\n<meta name=\"twitter:label1\" content=\"Escrito por\" \/>\n\t<meta name=\"twitter:data1\" content=\"Reda\u00e7\u00e3o\" \/>\n\t<meta name=\"twitter:label2\" content=\"Est. tempo de leitura\" \/>\n\t<meta name=\"twitter:data2\" content=\"2 minutos\" \/>\n<script type=\"application\/ld+json\" class=\"yoast-schema-graph\">{\"@context\":\"https:\/\/schema.org\",\"@graph\":[{\"@type\":\"Article\",\"@id\":\"https:\/\/jornaltimoneiro.com.br\/index.php\/2024\/06\/29\/doacoes-do-interior-de-sao-paulo-serao-repassadas-a-creches-municipais-de-canoas\/#article\",\"isPartOf\":{\"@id\":\"https:\/\/jornaltimoneiro.com.br\/index.php\/2024\/06\/29\/doacoes-do-interior-de-sao-paulo-serao-repassadas-a-creches-municipais-de-canoas\/\"},\"author\":{\"name\":\"Reda\u00e7\u00e3o\",\"@id\":\"https:\/\/jornaltimoneiro.com.br\/#\/schema\/person\/f63482f1a02b1a9592707865e509ab40\"},\"headline\":\"Doa\u00e7\u00f5es do interior de S\u00e3o Paulo ser\u00e3o repassadas a creches municipais de Canoas\",\"datePublished\":\"2024-06-29T20:12:43+00:00\",\"dateModified\":\"2024-06-29T20:13:51+00:00\",\"mainEntityOfPage\":{\"@id\":\"https:\/\/jornaltimoneiro.com.br\/index.php\/2024\/06\/29\/doacoes-do-interior-de-sao-paulo-serao-repassadas-a-creches-municipais-de-canoas\/\"},\"wordCount\":291,\"commentCount\":0,\"publisher\":{\"@id\":\"https:\/\/jornaltimoneiro.com.br\/#organization\"},\"keywords\":[\"creches\",\"doa\u00e7\u00f5es\",\"Emeis\",\"featured\",\"Harmonia\"],\"articleSection\":[\"Educa\u00e7\u00e3o\"],\"inLanguage\":\"pt-BR\",\"potentialAction\":[{\"@type\":\"CommentAction\",\"name\":\"Comment\",\"target\":[\"https:\/\/jornaltimoneiro.com.br\/index.php\/2024\/06\/29\/doacoes-do-interior-de-sao-paulo-serao-repassadas-a-creches-municipais-de-canoas\/#respond\"]}]},{\"@type\":\"WebPage\",\"@id\":\"https:\/\/jornaltimoneiro.com.br\/index.php\/2024\/06\/29\/doacoes-do-interior-de-sao-paulo-serao-repassadas-a-creches-municipais-de-canoas\/\",\"url\":\"https:\/\/jornaltimoneiro.com.br\/index.php\/2024\/06\/29\/doacoes-do-interior-de-sao-paulo-serao-repassadas-a-creches-municipais-de-canoas\/\",\"name\":\"Doa\u00e7\u00f5es do interior de S\u00e3o Paulo ser\u00e3o repassadas a creches municipais de Canoas - O Timoneiro Jornal Canoas RS\",\"isPartOf\":{\"@id\":\"https:\/\/jornaltimoneiro.com.br\/#website\"},\"datePublished\":\"2024-06-29T20:12:43+00:00\",\"dateModified\":\"2024-06-29T20:13:51+00:00\",\"breadcrumb\":{\"@id\":\"https:\/\/jornaltimoneiro.com.br\/index.php\/2024\/06\/29\/doacoes-do-interior-de-sao-paulo-serao-repassadas-a-creches-municipais-de-canoas\/#breadcrumb\"},\"inLanguage\":\"pt-BR\",\"potentialAction\":[{\"@type\":\"ReadAction\",\"target\":[\"https:\/\/jornaltimoneiro.com.br\/index.php\/2024\/06\/29\/doacoes-do-interior-de-sao-paulo-serao-repassadas-a-creches-municipais-de-canoas\/\"]}]},{\"@type\":\"BreadcrumbList\",\"@id\":\"https:\/\/jornaltimoneiro.com.br\/index.php\/2024\/06\/29\/doacoes-do-interior-de-sao-paulo-serao-repassadas-a-creches-municipais-de-canoas\/#breadcrumb\",\"itemListElement\":[{\"@type\":\"ListItem\",\"position\":1,\"name\":\"In\u00edcio\",\"item\":\"https:\/\/jornaltimoneiro.com.br\/\"},{\"@type\":\"ListItem\",\"position\":2,\"name\":\"Doa\u00e7\u00f5es do interior de S\u00e3o Paulo ser\u00e3o repassadas a creches municipais de Canoas\"}]},{\"@type\":\"WebSite\",\"@id\":\"https:\/\/jornaltimoneiro.com.br\/#website\",\"url\":\"https:\/\/jornaltimoneiro.com.br\/\",\"name\":\"Jornal Timoneiro Canoas RS\",\"description\":\"Jornal O Timoneiro, o verdadeiro jornal de Canoas\",\"publisher\":{\"@id\":\"https:\/\/jornaltimoneiro.com.br\/#organization\"},\"potentialAction\":[{\"@type\":\"SearchAction\",\"target\":{\"@type\":\"EntryPoint\",\"urlTemplate\":\"https:\/\/jornaltimoneiro.com.br\/?s={search_term_string}\"},\"query-input\":\"required name=search_term_string\"}],\"inLanguage\":\"pt-BR\"},{\"@type\":\"Organization\",\"@id\":\"https:\/\/jornaltimoneiro.com.br\/#organization\",\"name\":\"Jornal Timoneiro Canoas RS\",\"url\":\"https:\/\/jornaltimoneiro.com.br\/\",\"logo\":{\"@type\":\"ImageObject\",\"inLanguage\":\"pt-BR\",\"@id\":\"https:\/\/jornaltimoneiro.com.br\/#\/schema\/logo\/image\/\",\"url\":\"https:\/\/jornaltimoneiro.com.br\/wp-content\/uploads\/2023\/03\/logonovo.png\",\"contentUrl\":\"https:\/\/jornaltimoneiro.com.br\/wp-content\/uploads\/2023\/03\/logonovo.png\",\"width\":\"469\",\"height\":\"171\",\"caption\":\"Jornal Timoneiro Canoas RS\"},\"image\":{\"@id\":\"https:\/\/jornaltimoneiro.com.br\/#\/schema\/logo\/image\/\"},\"sameAs\":[\"https:\/\/www.facebook.com\/jornaltimoneiro\",\"https:\/\/twitter.com\/_OTimoneiro\",\"https:\/\/www.instagram.com\/jornaltimoneirocanoas\/\",\"https:\/\/www.youtube.com\/@jornalotimoneiro7927\"]},{\"@type\":\"Person\",\"@id\":\"https:\/\/jornaltimoneiro.com.br\/#\/schema\/person\/f63482f1a02b1a9592707865e509ab40\",\"name\":\"Reda\u00e7\u00e3o\",\"image\":{\"@type\":\"ImageObject\",\"inLanguage\":\"pt-BR\",\"@id\":\"https:\/\/jornaltimoneiro.com.br\/#\/schema\/person\/image\/\",\"url\":\"https:\/\/jornaltimoneiro.com.br\/wp-content\/uploads\/2023\/03\/download.jpeg\",\"contentUrl\":\"https:\/\/jornaltimoneiro.com.br\/wp-content\/uploads\/2023\/03\/download.jpeg\",\"caption\":\"Reda\u00e7\u00e3o\"},\"url\":\"https:\/\/jornaltimoneiro.com.br\/index.php\/author\/simone-dutra\/\"}]}<\/script>\n<!-- \/ Yoast SEO plugin. -->","yoast_head_json":{"title":"Doa\u00e7\u00f5es do interior de S\u00e3o Paulo ser\u00e3o repassadas a creches municipais de Canoas - O Timoneiro Jornal Canoas RS","robots":{"index":"index","follow":"follow","max-snippet":"max-snippet:-1","max-image-preview":"max-image-preview:large","max-video-preview":"max-video-preview:-1"},"canonical":"https:\/\/jornaltimoneiro.com.br\/index.php\/2024\/06\/29\/doacoes-do-interior-de-sao-paulo-serao-repassadas-a-creches-municipais-de-canoas\/","og_locale":"pt_BR","og_type":"article","og_title":"Doa\u00e7\u00f5es do interior de S\u00e3o Paulo ser\u00e3o repassadas a creches municipais de Canoas - O Timoneiro Jornal Canoas RS","og_description":"Canoas recebeu, na sexta-feira, 28, doa\u00e7\u00f5es da Secretaria Municipal de Educa\u00e7\u00e3o e Cultura de Jundia\u00ed, de S\u00e3o Paulo. Foram arrecadados kits contendo brinquedos, itens de vestu\u00e1rio, livros, materiais de higiene, cobertores, materiais escolares e artigos para beb\u00eas das 19 escolas de Educa\u00e7\u00e3o Infantil do lado Oeste do munic\u00edpio. A iniciativa visa apoiar as fam\u00edlias no [&hellip;]","og_url":"https:\/\/jornaltimoneiro.com.br\/index.php\/2024\/06\/29\/doacoes-do-interior-de-sao-paulo-serao-repassadas-a-creches-municipais-de-canoas\/","og_site_name":"O Timoneiro Jornal Canoas RS","article_publisher":"https:\/\/www.facebook.com\/jornaltimoneiro","article_published_time":"2024-06-29T20:12:43+00:00","article_modified_time":"2024-06-29T20:13:51+00:00","og_image":[{"width":"2048","height":"1365","url":"https:\/\/jornaltimoneiro.com.br\/wp-content\/uploads\/2024\/06\/RED-28-06-24-ENTREGA-DE-DOACOES-NAS-EMEIS-FRAN-BECK-24-2.jpg","type":"image\/jpeg"}],"author":"Reda\u00e7\u00e3o","twitter_card":"summary_large_image","twitter_creator":"@_OTimoneiro","twitter_site":"@_OTimoneiro","twitter_misc":{"Escrito por":"Reda\u00e7\u00e3o","Est. tempo de leitura":"2 minutos"},"schema":{"@context":"https:\/\/schema.org","@graph":[{"@type":"Article","@id":"https:\/\/jornaltimoneiro.com.br\/index.php\/2024\/06\/29\/doacoes-do-interior-de-sao-paulo-serao-repassadas-a-creches-municipais-de-canoas\/#article","isPartOf":{"@id":"https:\/\/jornaltimoneiro.com.br\/index.php\/2024\/06\/29\/doacoes-do-interior-de-sao-paulo-serao-repassadas-a-creches-municipais-de-canoas\/"},"author":{"name":"Reda\u00e7\u00e3o","@id":"https:\/\/jornaltimoneiro.com.br\/#\/schema\/person\/f63482f1a02b1a9592707865e509ab40"},"headline":"Doa\u00e7\u00f5es do interior de S\u00e3o Paulo ser\u00e3o repassadas a creches municipais de Canoas","datePublished":"2024-06-29T20:12:43+00:00","dateModified":"2024-06-29T20:13:51+00:00","mainEntityOfPage":{"@id":"https:\/\/jornaltimoneiro.com.br\/index.php\/2024\/06\/29\/doacoes-do-interior-de-sao-paulo-serao-repassadas-a-creches-municipais-de-canoas\/"},"wordCount":291,"commentCount":0,"publisher":{"@id":"https:\/\/jornaltimoneiro.com.br\/#organization"},"keywords":["creches","doa\u00e7\u00f5es","Emeis","featured","Harmonia"],"articleSection":["Educa\u00e7\u00e3o"],"inLanguage":"pt-BR","potentialAction":[{"@type":"CommentAction","name":"Comment","target":["https:\/\/jornaltimoneiro.com.br\/index.php\/2024\/06\/29\/doacoes-do-interior-de-sao-paulo-serao-repassadas-a-creches-municipais-de-canoas\/#respond"]}]},{"@type":"WebPage","@id":"https:\/\/jornaltimoneiro.com.br\/index.php\/2024\/06\/29\/doacoes-do-interior-de-sao-paulo-serao-repassadas-a-creches-municipais-de-canoas\/","url":"https:\/\/jornaltimoneiro.com.br\/index.php\/2024\/06\/29\/doacoes-do-interior-de-sao-paulo-serao-repassadas-a-creches-municipais-de-canoas\/","name":"Doa\u00e7\u00f5es do interior de S\u00e3o Paulo ser\u00e3o repassadas a creches municipais de Canoas - O Timoneiro Jornal Canoas RS","isPartOf":{"@id":"https:\/\/jornaltimoneiro.com.br\/#website"},"datePublished":"2024-06-29T20:12:43+00:00","dateModified":"2024-06-29T20:13:51+00:00","breadcrumb":{"@id":"https:\/\/jornaltimoneiro.com.br\/index.php\/2024\/06\/29\/doacoes-do-interior-de-sao-paulo-serao-repassadas-a-creches-municipais-de-canoas\/#breadcrumb"},"inLanguage":"pt-BR","potentialAction":[{"@type":"ReadAction","target":["https:\/\/jornaltimoneiro.com.br\/index.php\/2024\/06\/29\/doacoes-do-interior-de-sao-paulo-serao-repassadas-a-creches-municipais-de-canoas\/"]}]},{"@type":"BreadcrumbList","@id":"https:\/\/jornaltimoneiro.com.br\/index.php\/2024\/06\/29\/doacoes-do-interior-de-sao-paulo-serao-repassadas-a-creches-municipais-de-canoas\/#breadcrumb","itemListElement":[{"@type":"ListItem","position":1,"name":"In\u00edcio","item":"https:\/\/jornaltimoneiro.com.br\/"},{"@type":"ListItem","position":2,"name":"Doa\u00e7\u00f5es do interior de S\u00e3o Paulo ser\u00e3o repassadas a creches municipais de Canoas"}]},{"@type":"WebSite","@id":"https:\/\/jornaltimoneiro.com.br\/#website","url":"https:\/\/jornaltimoneiro.com.br\/","name":"Jornal Timoneiro Canoas RS","description":"Jornal O Timoneiro, o verdadeiro jornal de Canoas","publisher":{"@id":"https:\/\/jornaltimoneiro.com.br\/#organization"},"potentialAction":[{"@type":"SearchAction","target":{"@type":"EntryPoint","urlTemplate":"https:\/\/jornaltimoneiro.com.br\/?s={search_term_string}"},"query-input":"required name=search_term_string"}],"inLanguage":"pt-BR"},{"@type":"Organization","@id":"https:\/\/jornaltimoneiro.com.br\/#organization","name":"Jornal Timoneiro Canoas RS","url":"https:\/\/jornaltimoneiro.com.br\/","logo":{"@type":"ImageObject","inLanguage":"pt-BR","@id":"https:\/\/jornaltimoneiro.com.br\/#\/schema\/logo\/image\/","url":"https:\/\/jornaltimoneiro.com.br\/wp-content\/uploads\/2023\/03\/logonovo.png","contentUrl":"https:\/\/jornaltimoneiro.com.br\/wp-content\/uploads\/2023\/03\/logonovo.png","width":"469","height":"171","caption":"Jornal Timoneiro Canoas RS"},"image":{"@id":"https:\/\/jornaltimoneiro.com.br\/#\/schema\/logo\/image\/"},"sameAs":["https:\/\/www.facebook.com\/jornaltimoneiro","https:\/\/twitter.com\/_OTimoneiro","https:\/\/www.instagram.com\/jornaltimoneirocanoas\/","https:\/\/www.youtube.com\/@jornalotimoneiro7927"]},{"@type":"Person","@id":"https:\/\/jornaltimoneiro.com.br\/#\/schema\/person\/f63482f1a02b1a9592707865e509ab40","name":"Reda\u00e7\u00e3o","image":{"@type":"ImageObject","inLanguage":"pt-BR","@id":"https:\/\/jornaltimoneiro.com.br\/#\/schema\/person\/image\/","url":"https:\/\/jornaltimoneiro.com.br\/wp-content\/uploads\/2023\/03\/download.jpeg","contentUrl":"https:\/\/jornaltimoneiro.com.br\/wp-content\/uploads\/2023\/03\/download.jpeg","caption":"Reda\u00e7\u00e3o"},"url":"https:\/\/jornaltimoneiro.com.br\/index.php\/author\/simone-dutra\/"}]}},"_links":{"self":[{"href":"https:\/\/jornaltimoneiro.com.br\/index.php\/wp-json\/wp\/v2\/posts\/30647"}],"collection":[{"href":"https:\/\/jornaltimoneiro.com.br\/index.php\/wp-json\/wp\/v2\/posts"}],"about":[{"href":"https:\/\/jornaltimoneiro.com.br\/index.php\/wp-json\/wp\/v2\/types\/post"}],"author":[{"embeddable":true,"href":"https:\/\/jornaltimoneiro.com.br\/index.php\/wp-json\/wp\/v2\/users\/2"}],"replies":[{"embeddable":true,"href":"https:\/\/jornaltimoneiro.com.br\/index.php\/wp-json\/wp\/v2\/comments?post=30647"}],"version-history":[{"count":1,"href":"https:\/\/jornaltimoneiro.com.br\/index.php\/wp-json\/wp\/v2\/posts\/30647\/revisions"}],"predecessor-version":[{"id":30649,"href":"https:\/\/jornaltimoneiro.com.br\/index.php\/wp-json\/wp\/v2\/posts\/30647\/revisions\/30649"}],"wp:featuredmedia":[{"embeddable":true,"href":"https:\/\/jornaltimoneiro.com.br\/index.php\/wp-json\/wp\/v2\/media\/30648"}],"wp:attachment":[{"href":"https:\/\/jornaltimoneiro.com.br\/index.php\/wp-json\/wp\/v2\/media?parent=30647"}],"wp:term":[{"taxonomy":"category","embeddable":true,"href":"https:\/\/jornaltimoneiro.com.br\/index.php\/wp-json\/wp\/v2\/categories?post=30647"},{"taxonomy":"post_tag","embeddable":true,"href":"https:\/\/jornaltimoneiro.com.br\/index.php\/wp-json\/wp\/v2\/tags?post=30647"}],"curies":[{"name":"wp","href":"https:\/\/api.w.org\/{rel}","templated":true}]}}