{"id":30628,"date":"2024-06-30T08:20:46","date_gmt":"2024-06-30T11:20:46","guid":{"rendered":"https:\/\/jornaltimoneiro.com.br\/?p=30628"},"modified":"2024-06-28T16:27:00","modified_gmt":"2024-06-28T19:27:00","slug":"alteracoes-de-transito-em-ruas-do-bairro-nossa-senhora-das-gracas-entram-em-vigor-segunda-feira-1o","status":"publish","type":"post","link":"https:\/\/jornaltimoneiro.com.br\/index.php\/2024\/06\/30\/alteracoes-de-transito-em-ruas-do-bairro-nossa-senhora-das-gracas-entram-em-vigor-segunda-feira-1o\/","title":{"rendered":"Altera\u00e7\u00f5es de tr\u00e2nsito em ruas do bairro Nossa Senhora das Gra\u00e7as entram em vigor segunda-feira, 1\u00ba"},"content":{"rendered":"<p>Novas altera\u00e7\u00f5es no tr\u00e2nsito em ruas do bairro Nossa Senhora das Gra\u00e7as entram em vigor na segunda-feira, 1\u00ba.<\/p>\n<p>De acordo com a Secretaria Municipal de Transportes e Mobilidade, as mudan\u00e7as de sentido em vias buscam otimizar o fluxo de ve\u00edculos, especialmente, a partir do aumento de viagens dos \u00f4nibus privados com passageiros de companhias a\u00e9reas com destino \u00e0 Base A\u00e9rea de Canoas.<\/p>\n<p>A Rua Augusto Severo, a partir da esquina com a Rua Portugal, permanece em sentido \u00fanico em dire\u00e7\u00e3o \u00e0 Base A\u00e9rea. J\u00e1 a Rua Tobias Barreto volta ter m\u00e3o dupla em toda sua extens\u00e3o.<\/p>\n<p>A Rua Portugal segue m\u00e3o \u00fanica, entretanto, retorna ao sentido da Augusto Severo para a rua Tobias Barreto. A Rua da Base A\u00e9rea, que sai em frente ao CSSGAPA, ficar\u00e1 no sentido da Augusto Severo para Tobias Barreto.<\/p>\n","protected":false},"excerpt":{"rendered":"<p>Novas altera\u00e7\u00f5es no tr\u00e2nsito em ruas do bairro Nossa Senhora das Gra\u00e7as entram em vigor na segunda-feira, 1\u00ba. De acordo com a Secretaria Municipal de Transportes e Mobilidade, as mudan\u00e7as de sentido em vias buscam otimizar o fluxo de ve\u00edculos, especialmente, a partir do aumento de viagens dos \u00f4nibus privados com passageiros de companhias a\u00e9reas [&hellip;]<\/p>\n","protected":false},"author":2,"featured_media":30630,"comment_status":"open","ping_status":"open","sticky":false,"template":"","format":"standard","meta":{"amp_status":"","footnotes":""},"categories":[57],"tags":[685,2897,31,190,1095,214,213,1893,127],"class_list":["post-30628","post","type-post","status-publish","format-standard","has-post-thumbnail","hentry","category-transito","tag-alteracoes","tag-bairro-nossa-senhora-das-gracas","tag-canoas","tag-featured","tag-mobilidade-urbana","tag-regiao-metropolitana","tag-rio-grande-do-sul","tag-ruas","tag-transito"],"yoast_head":"<!-- This site is optimized with the Yoast SEO plugin v20.5 - https:\/\/yoast.com\/wordpress\/plugins\/seo\/ -->\n<title>Altera\u00e7\u00f5es de tr\u00e2nsito em ruas do bairro Nossa Senhora das Gra\u00e7as entram em vigor segunda-feira, 1\u00ba - O Timoneiro Jornal Canoas RS<\/title>\n<meta name=\"description\" content=\"Altera\u00e7\u00f5es de tr\u00e2nsito em ruas do bairro Nossa Senhora das Gra\u00e7as entram em vigor canoas regi\u00e3o metropolitana rio grande do sul RS\" \/>\n<meta name=\"robots\" content=\"index, follow, max-snippet:-1, max-image-preview:large, max-video-preview:-1\" \/>\n<link rel=\"canonical\" href=\"https:\/\/jornaltimoneiro.com.br\/index.php\/2024\/06\/30\/alteracoes-de-transito-em-ruas-do-bairro-nossa-senhora-das-gracas-entram-em-vigor-segunda-feira-1o\/\" \/>\n<meta property=\"og:locale\" content=\"pt_BR\" \/>\n<meta property=\"og:type\" content=\"article\" \/>\n<meta property=\"og:title\" content=\"Altera\u00e7\u00f5es de tr\u00e2nsito em ruas do bairro Nossa Senhora das Gra\u00e7as entram em vigor segunda-feira, 1\u00ba - O Timoneiro Jornal Canoas RS\" \/>\n<meta property=\"og:description\" content=\"Altera\u00e7\u00f5es de tr\u00e2nsito em ruas do bairro Nossa Senhora das Gra\u00e7as entram em vigor canoas regi\u00e3o metropolitana rio grande do sul RS\" \/>\n<meta property=\"og:url\" content=\"https:\/\/jornaltimoneiro.com.br\/index.php\/2024\/06\/30\/alteracoes-de-transito-em-ruas-do-bairro-nossa-senhora-das-gracas-entram-em-vigor-segunda-feira-1o\/\" \/>\n<meta property=\"og:site_name\" content=\"O Timoneiro Jornal Canoas RS\" \/>\n<meta property=\"article:publisher\" content=\"https:\/\/www.facebook.com\/jornaltimoneiro\" \/>\n<meta property=\"article:published_time\" content=\"2024-06-30T11:20:46+00:00\" \/>\n<meta property=\"article:modified_time\" content=\"2024-06-28T19:27:00+00:00\" \/>\n<meta property=\"og:image\" content=\"https:\/\/jornaltimoneiro.com.br\/wp-content\/uploads\/2024\/06\/Alteracoes-de-transito-em-ruas-do-bairro-Nossa-Senhora-das-Gracas-entram-em-vigor-segunda-feira-1o.jpeg\" \/>\n\t<meta property=\"og:image:width\" content=\"1080\" \/>\n\t<meta property=\"og:image:height\" content=\"607\" \/>\n\t<meta property=\"og:image:type\" content=\"image\/jpeg\" \/>\n<meta name=\"author\" content=\"Reda\u00e7\u00e3o\" \/>\n<meta name=\"twitter:card\" content=\"summary_large_image\" \/>\n<meta name=\"twitter:creator\" content=\"@_OTimoneiro\" \/>\n<meta name=\"twitter:site\" content=\"@_OTimoneiro\" \/>\n<meta name=\"twitter:label1\" content=\"Escrito por\" \/>\n\t<meta name=\"twitter:data1\" content=\"Reda\u00e7\u00e3o\" \/>\n\t<meta name=\"twitter:label2\" content=\"Est. tempo de leitura\" \/>\n\t<meta name=\"twitter:data2\" content=\"1 minuto\" \/>\n<script type=\"application\/ld+json\" class=\"yoast-schema-graph\">{\"@context\":\"https:\/\/schema.org\",\"@graph\":[{\"@type\":\"Article\",\"@id\":\"https:\/\/jornaltimoneiro.com.br\/index.php\/2024\/06\/30\/alteracoes-de-transito-em-ruas-do-bairro-nossa-senhora-das-gracas-entram-em-vigor-segunda-feira-1o\/#article\",\"isPartOf\":{\"@id\":\"https:\/\/jornaltimoneiro.com.br\/index.php\/2024\/06\/30\/alteracoes-de-transito-em-ruas-do-bairro-nossa-senhora-das-gracas-entram-em-vigor-segunda-feira-1o\/\"},\"author\":{\"name\":\"Reda\u00e7\u00e3o\",\"@id\":\"https:\/\/jornaltimoneiro.com.br\/#\/schema\/person\/f63482f1a02b1a9592707865e509ab40\"},\"headline\":\"Altera\u00e7\u00f5es de tr\u00e2nsito em ruas do bairro Nossa Senhora das Gra\u00e7as entram em vigor segunda-feira, 1\u00ba\",\"datePublished\":\"2024-06-30T11:20:46+00:00\",\"dateModified\":\"2024-06-28T19:27:00+00:00\",\"mainEntityOfPage\":{\"@id\":\"https:\/\/jornaltimoneiro.com.br\/index.php\/2024\/06\/30\/alteracoes-de-transito-em-ruas-do-bairro-nossa-senhora-das-gracas-entram-em-vigor-segunda-feira-1o\/\"},\"wordCount\":162,\"commentCount\":0,\"publisher\":{\"@id\":\"https:\/\/jornaltimoneiro.com.br\/#organization\"},\"keywords\":[\"altera\u00e7\u00f5es\",\"bairro nossa senhora das gra\u00e7as\",\"canoas\",\"featured\",\"mobilidade urbana\",\"regi\u00e3o metropolitana\",\"rio grande do sul\",\"ruas\",\"Tr\u00e2nsito\"],\"articleSection\":[\"Tr\u00e2nsito\"],\"inLanguage\":\"pt-BR\",\"potentialAction\":[{\"@type\":\"CommentAction\",\"name\":\"Comment\",\"target\":[\"https:\/\/jornaltimoneiro.com.br\/index.php\/2024\/06\/30\/alteracoes-de-transito-em-ruas-do-bairro-nossa-senhora-das-gracas-entram-em-vigor-segunda-feira-1o\/#respond\"]}]},{\"@type\":\"WebPage\",\"@id\":\"https:\/\/jornaltimoneiro.com.br\/index.php\/2024\/06\/30\/alteracoes-de-transito-em-ruas-do-bairro-nossa-senhora-das-gracas-entram-em-vigor-segunda-feira-1o\/\",\"url\":\"https:\/\/jornaltimoneiro.com.br\/index.php\/2024\/06\/30\/alteracoes-de-transito-em-ruas-do-bairro-nossa-senhora-das-gracas-entram-em-vigor-segunda-feira-1o\/\",\"name\":\"Altera\u00e7\u00f5es de tr\u00e2nsito em ruas do bairro Nossa Senhora das Gra\u00e7as entram em vigor segunda-feira, 1\u00ba - O Timoneiro Jornal Canoas RS\",\"isPartOf\":{\"@id\":\"https:\/\/jornaltimoneiro.com.br\/#website\"},\"datePublished\":\"2024-06-30T11:20:46+00:00\",\"dateModified\":\"2024-06-28T19:27:00+00:00\",\"description\":\"Altera\u00e7\u00f5es de tr\u00e2nsito em ruas do bairro Nossa Senhora das Gra\u00e7as entram em vigor canoas regi\u00e3o metropolitana rio grande do sul RS\",\"breadcrumb\":{\"@id\":\"https:\/\/jornaltimoneiro.com.br\/index.php\/2024\/06\/30\/alteracoes-de-transito-em-ruas-do-bairro-nossa-senhora-das-gracas-entram-em-vigor-segunda-feira-1o\/#breadcrumb\"},\"inLanguage\":\"pt-BR\",\"potentialAction\":[{\"@type\":\"ReadAction\",\"target\":[\"https:\/\/jornaltimoneiro.com.br\/index.php\/2024\/06\/30\/alteracoes-de-transito-em-ruas-do-bairro-nossa-senhora-das-gracas-entram-em-vigor-segunda-feira-1o\/\"]}]},{\"@type\":\"BreadcrumbList\",\"@id\":\"https:\/\/jornaltimoneiro.com.br\/index.php\/2024\/06\/30\/alteracoes-de-transito-em-ruas-do-bairro-nossa-senhora-das-gracas-entram-em-vigor-segunda-feira-1o\/#breadcrumb\",\"itemListElement\":[{\"@type\":\"ListItem\",\"position\":1,\"name\":\"In\u00edcio\",\"item\":\"https:\/\/jornaltimoneiro.com.br\/\"},{\"@type\":\"ListItem\",\"position\":2,\"name\":\"Altera\u00e7\u00f5es de tr\u00e2nsito em ruas do bairro Nossa Senhora das Gra\u00e7as entram em vigor segunda-feira, 1\u00ba\"}]},{\"@type\":\"WebSite\",\"@id\":\"https:\/\/jornaltimoneiro.com.br\/#website\",\"url\":\"https:\/\/jornaltimoneiro.com.br\/\",\"name\":\"Jornal Timoneiro Canoas RS\",\"description\":\"Jornal O Timoneiro, o verdadeiro jornal de Canoas\",\"publisher\":{\"@id\":\"https:\/\/jornaltimoneiro.com.br\/#organization\"},\"potentialAction\":[{\"@type\":\"SearchAction\",\"target\":{\"@type\":\"EntryPoint\",\"urlTemplate\":\"https:\/\/jornaltimoneiro.com.br\/?s={search_term_string}\"},\"query-input\":\"required name=search_term_string\"}],\"inLanguage\":\"pt-BR\"},{\"@type\":\"Organization\",\"@id\":\"https:\/\/jornaltimoneiro.com.br\/#organization\",\"name\":\"Jornal Timoneiro Canoas RS\",\"url\":\"https:\/\/jornaltimoneiro.com.br\/\",\"logo\":{\"@type\":\"ImageObject\",\"inLanguage\":\"pt-BR\",\"@id\":\"https:\/\/jornaltimoneiro.com.br\/#\/schema\/logo\/image\/\",\"url\":\"https:\/\/jornaltimoneiro.com.br\/wp-content\/uploads\/2023\/03\/logonovo.png\",\"contentUrl\":\"https:\/\/jornaltimoneiro.com.br\/wp-content\/uploads\/2023\/03\/logonovo.png\",\"width\":\"469\",\"height\":\"171\",\"caption\":\"Jornal Timoneiro Canoas RS\"},\"image\":{\"@id\":\"https:\/\/jornaltimoneiro.com.br\/#\/schema\/logo\/image\/\"},\"sameAs\":[\"https:\/\/www.facebook.com\/jornaltimoneiro\",\"https:\/\/twitter.com\/_OTimoneiro\",\"https:\/\/www.instagram.com\/jornaltimoneirocanoas\/\",\"https:\/\/www.youtube.com\/@jornalotimoneiro7927\"]},{\"@type\":\"Person\",\"@id\":\"https:\/\/jornaltimoneiro.com.br\/#\/schema\/person\/f63482f1a02b1a9592707865e509ab40\",\"name\":\"Reda\u00e7\u00e3o\",\"image\":{\"@type\":\"ImageObject\",\"inLanguage\":\"pt-BR\",\"@id\":\"https:\/\/jornaltimoneiro.com.br\/#\/schema\/person\/image\/\",\"url\":\"https:\/\/jornaltimoneiro.com.br\/wp-content\/uploads\/2023\/03\/download.jpeg\",\"contentUrl\":\"https:\/\/jornaltimoneiro.com.br\/wp-content\/uploads\/2023\/03\/download.jpeg\",\"caption\":\"Reda\u00e7\u00e3o\"},\"url\":\"https:\/\/jornaltimoneiro.com.br\/index.php\/author\/simone-dutra\/\"}]}<\/script>\n<!-- \/ Yoast SEO plugin. -->","yoast_head_json":{"title":"Altera\u00e7\u00f5es de tr\u00e2nsito em ruas do bairro Nossa Senhora das Gra\u00e7as entram em vigor segunda-feira, 1\u00ba - O Timoneiro Jornal Canoas RS","description":"Altera\u00e7\u00f5es de tr\u00e2nsito em ruas do bairro Nossa Senhora das Gra\u00e7as entram em vigor canoas regi\u00e3o metropolitana rio grande do sul RS","robots":{"index":"index","follow":"follow","max-snippet":"max-snippet:-1","max-image-preview":"max-image-preview:large","max-video-preview":"max-video-preview:-1"},"canonical":"https:\/\/jornaltimoneiro.com.br\/index.php\/2024\/06\/30\/alteracoes-de-transito-em-ruas-do-bairro-nossa-senhora-das-gracas-entram-em-vigor-segunda-feira-1o\/","og_locale":"pt_BR","og_type":"article","og_title":"Altera\u00e7\u00f5es de tr\u00e2nsito em ruas do bairro Nossa Senhora das Gra\u00e7as entram em vigor segunda-feira, 1\u00ba - O Timoneiro Jornal Canoas RS","og_description":"Altera\u00e7\u00f5es de tr\u00e2nsito em ruas do bairro Nossa Senhora das Gra\u00e7as entram em vigor canoas regi\u00e3o metropolitana rio grande do sul RS","og_url":"https:\/\/jornaltimoneiro.com.br\/index.php\/2024\/06\/30\/alteracoes-de-transito-em-ruas-do-bairro-nossa-senhora-das-gracas-entram-em-vigor-segunda-feira-1o\/","og_site_name":"O Timoneiro Jornal Canoas RS","article_publisher":"https:\/\/www.facebook.com\/jornaltimoneiro","article_published_time":"2024-06-30T11:20:46+00:00","article_modified_time":"2024-06-28T19:27:00+00:00","og_image":[{"width":"1080","height":"607","url":"https:\/\/jornaltimoneiro.com.br\/wp-content\/uploads\/2024\/06\/Alteracoes-de-transito-em-ruas-do-bairro-Nossa-Senhora-das-Gracas-entram-em-vigor-segunda-feira-1o.jpeg","type":"image\/jpeg"}],"author":"Reda\u00e7\u00e3o","twitter_card":"summary_large_image","twitter_creator":"@_OTimoneiro","twitter_site":"@_OTimoneiro","twitter_misc":{"Escrito por":"Reda\u00e7\u00e3o","Est. tempo de leitura":"1 minuto"},"schema":{"@context":"https:\/\/schema.org","@graph":[{"@type":"Article","@id":"https:\/\/jornaltimoneiro.com.br\/index.php\/2024\/06\/30\/alteracoes-de-transito-em-ruas-do-bairro-nossa-senhora-das-gracas-entram-em-vigor-segunda-feira-1o\/#article","isPartOf":{"@id":"https:\/\/jornaltimoneiro.com.br\/index.php\/2024\/06\/30\/alteracoes-de-transito-em-ruas-do-bairro-nossa-senhora-das-gracas-entram-em-vigor-segunda-feira-1o\/"},"author":{"name":"Reda\u00e7\u00e3o","@id":"https:\/\/jornaltimoneiro.com.br\/#\/schema\/person\/f63482f1a02b1a9592707865e509ab40"},"headline":"Altera\u00e7\u00f5es de tr\u00e2nsito em ruas do bairro Nossa Senhora das Gra\u00e7as entram em vigor segunda-feira, 1\u00ba","datePublished":"2024-06-30T11:20:46+00:00","dateModified":"2024-06-28T19:27:00+00:00","mainEntityOfPage":{"@id":"https:\/\/jornaltimoneiro.com.br\/index.php\/2024\/06\/30\/alteracoes-de-transito-em-ruas-do-bairro-nossa-senhora-das-gracas-entram-em-vigor-segunda-feira-1o\/"},"wordCount":162,"commentCount":0,"publisher":{"@id":"https:\/\/jornaltimoneiro.com.br\/#organization"},"keywords":["altera\u00e7\u00f5es","bairro nossa senhora das gra\u00e7as","canoas","featured","mobilidade urbana","regi\u00e3o metropolitana","rio grande do sul","ruas","Tr\u00e2nsito"],"articleSection":["Tr\u00e2nsito"],"inLanguage":"pt-BR","potentialAction":[{"@type":"CommentAction","name":"Comment","target":["https:\/\/jornaltimoneiro.com.br\/index.php\/2024\/06\/30\/alteracoes-de-transito-em-ruas-do-bairro-nossa-senhora-das-gracas-entram-em-vigor-segunda-feira-1o\/#respond"]}]},{"@type":"WebPage","@id":"https:\/\/jornaltimoneiro.com.br\/index.php\/2024\/06\/30\/alteracoes-de-transito-em-ruas-do-bairro-nossa-senhora-das-gracas-entram-em-vigor-segunda-feira-1o\/","url":"https:\/\/jornaltimoneiro.com.br\/index.php\/2024\/06\/30\/alteracoes-de-transito-em-ruas-do-bairro-nossa-senhora-das-gracas-entram-em-vigor-segunda-feira-1o\/","name":"Altera\u00e7\u00f5es de tr\u00e2nsito em ruas do bairro Nossa Senhora das Gra\u00e7as entram em vigor segunda-feira, 1\u00ba - O Timoneiro Jornal Canoas RS","isPartOf":{"@id":"https:\/\/jornaltimoneiro.com.br\/#website"},"datePublished":"2024-06-30T11:20:46+00:00","dateModified":"2024-06-28T19:27:00+00:00","description":"Altera\u00e7\u00f5es de tr\u00e2nsito em ruas do bairro Nossa Senhora das Gra\u00e7as entram em vigor canoas regi\u00e3o metropolitana rio grande do sul RS","breadcrumb":{"@id":"https:\/\/jornaltimoneiro.com.br\/index.php\/2024\/06\/30\/alteracoes-de-transito-em-ruas-do-bairro-nossa-senhora-das-gracas-entram-em-vigor-segunda-feira-1o\/#breadcrumb"},"inLanguage":"pt-BR","potentialAction":[{"@type":"ReadAction","target":["https:\/\/jornaltimoneiro.com.br\/index.php\/2024\/06\/30\/alteracoes-de-transito-em-ruas-do-bairro-nossa-senhora-das-gracas-entram-em-vigor-segunda-feira-1o\/"]}]},{"@type":"BreadcrumbList","@id":"https:\/\/jornaltimoneiro.com.br\/index.php\/2024\/06\/30\/alteracoes-de-transito-em-ruas-do-bairro-nossa-senhora-das-gracas-entram-em-vigor-segunda-feira-1o\/#breadcrumb","itemListElement":[{"@type":"ListItem","position":1,"name":"In\u00edcio","item":"https:\/\/jornaltimoneiro.com.br\/"},{"@type":"ListItem","position":2,"name":"Altera\u00e7\u00f5es de tr\u00e2nsito em ruas do bairro Nossa Senhora das Gra\u00e7as entram em vigor segunda-feira, 1\u00ba"}]},{"@type":"WebSite","@id":"https:\/\/jornaltimoneiro.com.br\/#website","url":"https:\/\/jornaltimoneiro.com.br\/","name":"Jornal Timoneiro Canoas RS","description":"Jornal O Timoneiro, o verdadeiro jornal de Canoas","publisher":{"@id":"https:\/\/jornaltimoneiro.com.br\/#organization"},"potentialAction":[{"@type":"SearchAction","target":{"@type":"EntryPoint","urlTemplate":"https:\/\/jornaltimoneiro.com.br\/?s={search_term_string}"},"query-input":"required name=search_term_string"}],"inLanguage":"pt-BR"},{"@type":"Organization","@id":"https:\/\/jornaltimoneiro.com.br\/#organization","name":"Jornal Timoneiro Canoas RS","url":"https:\/\/jornaltimoneiro.com.br\/","logo":{"@type":"ImageObject","inLanguage":"pt-BR","@id":"https:\/\/jornaltimoneiro.com.br\/#\/schema\/logo\/image\/","url":"https:\/\/jornaltimoneiro.com.br\/wp-content\/uploads\/2023\/03\/logonovo.png","contentUrl":"https:\/\/jornaltimoneiro.com.br\/wp-content\/uploads\/2023\/03\/logonovo.png","width":"469","height":"171","caption":"Jornal Timoneiro Canoas RS"},"image":{"@id":"https:\/\/jornaltimoneiro.com.br\/#\/schema\/logo\/image\/"},"sameAs":["https:\/\/www.facebook.com\/jornaltimoneiro","https:\/\/twitter.com\/_OTimoneiro","https:\/\/www.instagram.com\/jornaltimoneirocanoas\/","https:\/\/www.youtube.com\/@jornalotimoneiro7927"]},{"@type":"Person","@id":"https:\/\/jornaltimoneiro.com.br\/#\/schema\/person\/f63482f1a02b1a9592707865e509ab40","name":"Reda\u00e7\u00e3o","image":{"@type":"ImageObject","inLanguage":"pt-BR","@id":"https:\/\/jornaltimoneiro.com.br\/#\/schema\/person\/image\/","url":"https:\/\/jornaltimoneiro.com.br\/wp-content\/uploads\/2023\/03\/download.jpeg","contentUrl":"https:\/\/jornaltimoneiro.com.br\/wp-content\/uploads\/2023\/03\/download.jpeg","caption":"Reda\u00e7\u00e3o"},"url":"https:\/\/jornaltimoneiro.com.br\/index.php\/author\/simone-dutra\/"}]}},"_links":{"self":[{"href":"https:\/\/jornaltimoneiro.com.br\/index.php\/wp-json\/wp\/v2\/posts\/30628"}],"collection":[{"href":"https:\/\/jornaltimoneiro.com.br\/index.php\/wp-json\/wp\/v2\/posts"}],"about":[{"href":"https:\/\/jornaltimoneiro.com.br\/index.php\/wp-json\/wp\/v2\/types\/post"}],"author":[{"embeddable":true,"href":"https:\/\/jornaltimoneiro.com.br\/index.php\/wp-json\/wp\/v2\/users\/2"}],"replies":[{"embeddable":true,"href":"https:\/\/jornaltimoneiro.com.br\/index.php\/wp-json\/wp\/v2\/comments?post=30628"}],"version-history":[{"count":1,"href":"https:\/\/jornaltimoneiro.com.br\/index.php\/wp-json\/wp\/v2\/posts\/30628\/revisions"}],"predecessor-version":[{"id":30631,"href":"https:\/\/jornaltimoneiro.com.br\/index.php\/wp-json\/wp\/v2\/posts\/30628\/revisions\/30631"}],"wp:featuredmedia":[{"embeddable":true,"href":"https:\/\/jornaltimoneiro.com.br\/index.php\/wp-json\/wp\/v2\/media\/30630"}],"wp:attachment":[{"href":"https:\/\/jornaltimoneiro.com.br\/index.php\/wp-json\/wp\/v2\/media?parent=30628"}],"wp:term":[{"taxonomy":"category","embeddable":true,"href":"https:\/\/jornaltimoneiro.com.br\/index.php\/wp-json\/wp\/v2\/categories?post=30628"},{"taxonomy":"post_tag","embeddable":true,"href":"https:\/\/jornaltimoneiro.com.br\/index.php\/wp-json\/wp\/v2\/tags?post=30628"}],"curies":[{"name":"wp","href":"https:\/\/api.w.org\/{rel}","templated":true}]}}