{"id":30572,"date":"2024-06-27T11:56:12","date_gmt":"2024-06-27T14:56:12","guid":{"rendered":"https:\/\/jornaltimoneiro.com.br\/?p=30572"},"modified":"2024-06-27T11:56:12","modified_gmt":"2024-06-27T14:56:12","slug":"prazo-de-inscricao-em-nova-etapa-do-programa-a-casa-e-sua-calamidade-termina-na-sexta-28","status":"publish","type":"post","link":"https:\/\/jornaltimoneiro.com.br\/index.php\/2024\/06\/27\/prazo-de-inscricao-em-nova-etapa-do-programa-a-casa-e-sua-calamidade-termina-na-sexta-28\/","title":{"rendered":"Prazo de inscri\u00e7\u00e3o em nova etapa do programa A Casa \u00c9 Sua \u2013 Calamidade termina na sexta, 28"},"content":{"rendered":"<p>O prazo para os munic\u00edpios com decreto de calamidade homologado pelo Estado participarem da nova etapa do programa A Casa \u00c9 Sua \u2013 Calamidade termina na sexta-feira, 28.<\/p>\n<p>As inscri\u00e7\u00f5es devem ser feitas pela plataforma da Secretaria de Habita\u00e7\u00e3o e Regulariza\u00e7\u00e3o Fundi\u00e1ria (Sehab), na qual est\u00e1 disponibilizado o formul\u00e1rio.<\/p>\n<p>O titular da Sehab, Carlos Gomes, alerta as prefeituras dos munic\u00edpios atingidos pelas enchentes: \u201cN\u00e3o percam o prazo, pois n\u00e3o haver\u00e1 prorroga\u00e7\u00e3o.<\/p>\n<p>Esse cadastro \u00e9 fundamental para o mapeamento da quantidade de unidades habitacionais necess\u00e1rias para cada munic\u00edpio.<\/p>\n<p>O formul\u00e1rio \u00e9 muito simples, tudo bem facilitado para auxiliar as prefeituras neste momento\u201d.<\/p>\n<p>A iniciativa faz parte do\u00a0<strong><a href=\"https:\/\/www.estado.rs.gov.br\/plano-rio-grande\" target=\"_blank\" rel=\"noopener\">Plano Rio Grande<\/a><\/strong>, que atua em tr\u00eas eixos de enfrentamento aos efeitos das enchentes: a\u00e7\u00f5es emergenciais, a\u00e7\u00f5es de reconstru\u00e7\u00e3o e Rio Grande do Sul do futuro.<\/p>\n<h4><strong>O programa<\/strong><\/h4>\n<p>O A Casa \u00c9 Sua \u2013 Calamidade foi criado em mar\u00e7o deste ano para promover a pol\u00edtica habitacional de emerg\u00eancia por meio da constru\u00e7\u00e3o de unidades habitacionais permanentes em munic\u00edpios com decreto de calamidade homologado.<\/p>\n<p>De forma in\u00e9dita, as unidades habitacionais ser\u00e3o adquiridas pelo Estado atrav\u00e9s de ata de registro de pre\u00e7os, tornando o processo mais c\u00e9lere.<\/p>\n<p>Al\u00e9m disso, o m\u00e9todo construtivo, de concreto pr\u00e9-fabricado, tamb\u00e9m foi pensado de forma a agilizar a constru\u00e7\u00e3o das casas, que devem ser entregues 120 dias ap\u00f3s o terreno ser liberado.<\/p>\n","protected":false},"excerpt":{"rendered":"<p>O prazo para os munic\u00edpios com decreto de calamidade homologado pelo Estado participarem da nova etapa do programa A Casa \u00c9 Sua \u2013 Calamidade termina na sexta-feira, 28. As inscri\u00e7\u00f5es devem ser feitas pela plataforma da Secretaria de Habita\u00e7\u00e3o e Regulariza\u00e7\u00e3o Fundi\u00e1ria (Sehab), na qual est\u00e1 disponibilizado o formul\u00e1rio. O titular da Sehab, Carlos Gomes, [&hellip;]<\/p>\n","protected":false},"author":2,"featured_media":30573,"comment_status":"open","ping_status":"open","sticky":false,"template":"","format":"standard","meta":{"amp_status":"","footnotes":""},"categories":[2494],"tags":[2500,2417,791,807,2875,213,80],"class_list":["post-30572","post","type-post","status-publish","format-standard","has-post-thumbnail","hentry","category-enchente-rs","tag-beneficio","tag-calamidade-publica","tag-enchente","tag-governo-do-estado","tag-programa-a-casa-e-sua-calamidade","tag-rio-grande-do-sul","tag-rs"],"yoast_head":"<!-- This site is optimized with the Yoast SEO plugin v20.5 - https:\/\/yoast.com\/wordpress\/plugins\/seo\/ -->\n<title>Prazo de inscri\u00e7\u00e3o em nova etapa do programa A Casa \u00c9 Sua \u2013 Calamidade termina na sexta, 28 - O Timoneiro Jornal Canoas RS<\/title>\n<meta name=\"description\" content=\"Prazo de inscri\u00e7\u00e3o em nova etapa do programa A Casa \u00c9 Sua \u2013 Calamidade enchente rio grande do sul RS governo do estado\" \/>\n<meta name=\"robots\" content=\"index, follow, max-snippet:-1, max-image-preview:large, max-video-preview:-1\" \/>\n<link rel=\"canonical\" href=\"https:\/\/jornaltimoneiro.com.br\/index.php\/2024\/06\/27\/prazo-de-inscricao-em-nova-etapa-do-programa-a-casa-e-sua-calamidade-termina-na-sexta-28\/\" \/>\n<meta property=\"og:locale\" content=\"pt_BR\" \/>\n<meta property=\"og:type\" content=\"article\" \/>\n<meta property=\"og:title\" content=\"Prazo de inscri\u00e7\u00e3o em nova etapa do programa A Casa \u00c9 Sua \u2013 Calamidade termina na sexta, 28 - O Timoneiro Jornal Canoas RS\" \/>\n<meta property=\"og:description\" content=\"Prazo de inscri\u00e7\u00e3o em nova etapa do programa A Casa \u00c9 Sua \u2013 Calamidade enchente rio grande do sul RS governo do estado\" \/>\n<meta property=\"og:url\" content=\"https:\/\/jornaltimoneiro.com.br\/index.php\/2024\/06\/27\/prazo-de-inscricao-em-nova-etapa-do-programa-a-casa-e-sua-calamidade-termina-na-sexta-28\/\" \/>\n<meta property=\"og:site_name\" content=\"O Timoneiro Jornal Canoas RS\" \/>\n<meta property=\"article:publisher\" content=\"https:\/\/www.facebook.com\/jornaltimoneiro\" \/>\n<meta property=\"article:published_time\" content=\"2024-06-27T14:56:12+00:00\" \/>\n<meta property=\"og:image\" content=\"https:\/\/jornaltimoneiro.com.br\/wp-content\/uploads\/2024\/06\/Prazo-de-inscricao-em-nova-etapa-do-programa-A-Casa-E-Sua-\u2013-Calamidade-termina-na-sexta-28.png\" \/>\n\t<meta property=\"og:image:width\" content=\"300\" \/>\n\t<meta property=\"og:image:height\" content=\"168\" \/>\n\t<meta property=\"og:image:type\" content=\"image\/png\" \/>\n<meta name=\"author\" content=\"Reda\u00e7\u00e3o\" \/>\n<meta name=\"twitter:card\" content=\"summary_large_image\" \/>\n<meta name=\"twitter:creator\" content=\"@_OTimoneiro\" \/>\n<meta name=\"twitter:site\" content=\"@_OTimoneiro\" \/>\n<meta name=\"twitter:label1\" content=\"Escrito por\" \/>\n\t<meta name=\"twitter:data1\" content=\"Reda\u00e7\u00e3o\" \/>\n\t<meta name=\"twitter:label2\" content=\"Est. tempo de leitura\" \/>\n\t<meta name=\"twitter:data2\" content=\"2 minutos\" \/>\n<script type=\"application\/ld+json\" class=\"yoast-schema-graph\">{\"@context\":\"https:\/\/schema.org\",\"@graph\":[{\"@type\":\"Article\",\"@id\":\"https:\/\/jornaltimoneiro.com.br\/index.php\/2024\/06\/27\/prazo-de-inscricao-em-nova-etapa-do-programa-a-casa-e-sua-calamidade-termina-na-sexta-28\/#article\",\"isPartOf\":{\"@id\":\"https:\/\/jornaltimoneiro.com.br\/index.php\/2024\/06\/27\/prazo-de-inscricao-em-nova-etapa-do-programa-a-casa-e-sua-calamidade-termina-na-sexta-28\/\"},\"author\":{\"name\":\"Reda\u00e7\u00e3o\",\"@id\":\"https:\/\/jornaltimoneiro.com.br\/#\/schema\/person\/f63482f1a02b1a9592707865e509ab40\"},\"headline\":\"Prazo de inscri\u00e7\u00e3o em nova etapa do programa A Casa \u00c9 Sua \u2013 Calamidade termina na sexta, 28\",\"datePublished\":\"2024-06-27T14:56:12+00:00\",\"dateModified\":\"2024-06-27T14:56:12+00:00\",\"mainEntityOfPage\":{\"@id\":\"https:\/\/jornaltimoneiro.com.br\/index.php\/2024\/06\/27\/prazo-de-inscricao-em-nova-etapa-do-programa-a-casa-e-sua-calamidade-termina-na-sexta-28\/\"},\"wordCount\":262,\"commentCount\":0,\"publisher\":{\"@id\":\"https:\/\/jornaltimoneiro.com.br\/#organization\"},\"keywords\":[\"benef\u00edcio\",\"calamidade p\u00fablica\",\"enchente\",\"governo do estado\",\"programa a casa \u00e9 sua - calamidade\",\"rio grande do sul\",\"RS\"],\"articleSection\":[\"ENCHENTE RS\"],\"inLanguage\":\"pt-BR\",\"potentialAction\":[{\"@type\":\"CommentAction\",\"name\":\"Comment\",\"target\":[\"https:\/\/jornaltimoneiro.com.br\/index.php\/2024\/06\/27\/prazo-de-inscricao-em-nova-etapa-do-programa-a-casa-e-sua-calamidade-termina-na-sexta-28\/#respond\"]}]},{\"@type\":\"WebPage\",\"@id\":\"https:\/\/jornaltimoneiro.com.br\/index.php\/2024\/06\/27\/prazo-de-inscricao-em-nova-etapa-do-programa-a-casa-e-sua-calamidade-termina-na-sexta-28\/\",\"url\":\"https:\/\/jornaltimoneiro.com.br\/index.php\/2024\/06\/27\/prazo-de-inscricao-em-nova-etapa-do-programa-a-casa-e-sua-calamidade-termina-na-sexta-28\/\",\"name\":\"Prazo de inscri\u00e7\u00e3o em nova etapa do programa A Casa \u00c9 Sua \u2013 Calamidade termina na sexta, 28 - O Timoneiro Jornal Canoas RS\",\"isPartOf\":{\"@id\":\"https:\/\/jornaltimoneiro.com.br\/#website\"},\"datePublished\":\"2024-06-27T14:56:12+00:00\",\"dateModified\":\"2024-06-27T14:56:12+00:00\",\"description\":\"Prazo de inscri\u00e7\u00e3o em nova etapa do programa A Casa \u00c9 Sua \u2013 Calamidade enchente rio grande do sul RS governo do estado\",\"breadcrumb\":{\"@id\":\"https:\/\/jornaltimoneiro.com.br\/index.php\/2024\/06\/27\/prazo-de-inscricao-em-nova-etapa-do-programa-a-casa-e-sua-calamidade-termina-na-sexta-28\/#breadcrumb\"},\"inLanguage\":\"pt-BR\",\"potentialAction\":[{\"@type\":\"ReadAction\",\"target\":[\"https:\/\/jornaltimoneiro.com.br\/index.php\/2024\/06\/27\/prazo-de-inscricao-em-nova-etapa-do-programa-a-casa-e-sua-calamidade-termina-na-sexta-28\/\"]}]},{\"@type\":\"BreadcrumbList\",\"@id\":\"https:\/\/jornaltimoneiro.com.br\/index.php\/2024\/06\/27\/prazo-de-inscricao-em-nova-etapa-do-programa-a-casa-e-sua-calamidade-termina-na-sexta-28\/#breadcrumb\",\"itemListElement\":[{\"@type\":\"ListItem\",\"position\":1,\"name\":\"In\u00edcio\",\"item\":\"https:\/\/jornaltimoneiro.com.br\/\"},{\"@type\":\"ListItem\",\"position\":2,\"name\":\"Prazo de inscri\u00e7\u00e3o em nova etapa do programa A Casa \u00c9 Sua \u2013 Calamidade termina na sexta, 28\"}]},{\"@type\":\"WebSite\",\"@id\":\"https:\/\/jornaltimoneiro.com.br\/#website\",\"url\":\"https:\/\/jornaltimoneiro.com.br\/\",\"name\":\"Jornal Timoneiro Canoas RS\",\"description\":\"Jornal O Timoneiro, o verdadeiro jornal de Canoas\",\"publisher\":{\"@id\":\"https:\/\/jornaltimoneiro.com.br\/#organization\"},\"potentialAction\":[{\"@type\":\"SearchAction\",\"target\":{\"@type\":\"EntryPoint\",\"urlTemplate\":\"https:\/\/jornaltimoneiro.com.br\/?s={search_term_string}\"},\"query-input\":\"required name=search_term_string\"}],\"inLanguage\":\"pt-BR\"},{\"@type\":\"Organization\",\"@id\":\"https:\/\/jornaltimoneiro.com.br\/#organization\",\"name\":\"Jornal Timoneiro Canoas RS\",\"url\":\"https:\/\/jornaltimoneiro.com.br\/\",\"logo\":{\"@type\":\"ImageObject\",\"inLanguage\":\"pt-BR\",\"@id\":\"https:\/\/jornaltimoneiro.com.br\/#\/schema\/logo\/image\/\",\"url\":\"https:\/\/jornaltimoneiro.com.br\/wp-content\/uploads\/2023\/03\/logonovo.png\",\"contentUrl\":\"https:\/\/jornaltimoneiro.com.br\/wp-content\/uploads\/2023\/03\/logonovo.png\",\"width\":\"469\",\"height\":\"171\",\"caption\":\"Jornal Timoneiro Canoas RS\"},\"image\":{\"@id\":\"https:\/\/jornaltimoneiro.com.br\/#\/schema\/logo\/image\/\"},\"sameAs\":[\"https:\/\/www.facebook.com\/jornaltimoneiro\",\"https:\/\/twitter.com\/_OTimoneiro\",\"https:\/\/www.instagram.com\/jornaltimoneirocanoas\/\",\"https:\/\/www.youtube.com\/@jornalotimoneiro7927\"]},{\"@type\":\"Person\",\"@id\":\"https:\/\/jornaltimoneiro.com.br\/#\/schema\/person\/f63482f1a02b1a9592707865e509ab40\",\"name\":\"Reda\u00e7\u00e3o\",\"image\":{\"@type\":\"ImageObject\",\"inLanguage\":\"pt-BR\",\"@id\":\"https:\/\/jornaltimoneiro.com.br\/#\/schema\/person\/image\/\",\"url\":\"https:\/\/jornaltimoneiro.com.br\/wp-content\/uploads\/2023\/03\/download.jpeg\",\"contentUrl\":\"https:\/\/jornaltimoneiro.com.br\/wp-content\/uploads\/2023\/03\/download.jpeg\",\"caption\":\"Reda\u00e7\u00e3o\"},\"url\":\"https:\/\/jornaltimoneiro.com.br\/index.php\/author\/simone-dutra\/\"}]}<\/script>\n<!-- \/ Yoast SEO plugin. -->","yoast_head_json":{"title":"Prazo de inscri\u00e7\u00e3o em nova etapa do programa A Casa \u00c9 Sua \u2013 Calamidade termina na sexta, 28 - O Timoneiro Jornal Canoas RS","description":"Prazo de inscri\u00e7\u00e3o em nova etapa do programa A Casa \u00c9 Sua \u2013 Calamidade enchente rio grande do sul RS governo do estado","robots":{"index":"index","follow":"follow","max-snippet":"max-snippet:-1","max-image-preview":"max-image-preview:large","max-video-preview":"max-video-preview:-1"},"canonical":"https:\/\/jornaltimoneiro.com.br\/index.php\/2024\/06\/27\/prazo-de-inscricao-em-nova-etapa-do-programa-a-casa-e-sua-calamidade-termina-na-sexta-28\/","og_locale":"pt_BR","og_type":"article","og_title":"Prazo de inscri\u00e7\u00e3o em nova etapa do programa A Casa \u00c9 Sua \u2013 Calamidade termina na sexta, 28 - O Timoneiro Jornal Canoas RS","og_description":"Prazo de inscri\u00e7\u00e3o em nova etapa do programa A Casa \u00c9 Sua \u2013 Calamidade enchente rio grande do sul RS governo do estado","og_url":"https:\/\/jornaltimoneiro.com.br\/index.php\/2024\/06\/27\/prazo-de-inscricao-em-nova-etapa-do-programa-a-casa-e-sua-calamidade-termina-na-sexta-28\/","og_site_name":"O Timoneiro Jornal Canoas RS","article_publisher":"https:\/\/www.facebook.com\/jornaltimoneiro","article_published_time":"2024-06-27T14:56:12+00:00","og_image":[{"width":"300","height":"168","url":"https:\/\/jornaltimoneiro.com.br\/wp-content\/uploads\/2024\/06\/Prazo-de-inscricao-em-nova-etapa-do-programa-A-Casa-E-Sua-\u2013-Calamidade-termina-na-sexta-28.png","type":"image\/png"}],"author":"Reda\u00e7\u00e3o","twitter_card":"summary_large_image","twitter_creator":"@_OTimoneiro","twitter_site":"@_OTimoneiro","twitter_misc":{"Escrito por":"Reda\u00e7\u00e3o","Est. tempo de leitura":"2 minutos"},"schema":{"@context":"https:\/\/schema.org","@graph":[{"@type":"Article","@id":"https:\/\/jornaltimoneiro.com.br\/index.php\/2024\/06\/27\/prazo-de-inscricao-em-nova-etapa-do-programa-a-casa-e-sua-calamidade-termina-na-sexta-28\/#article","isPartOf":{"@id":"https:\/\/jornaltimoneiro.com.br\/index.php\/2024\/06\/27\/prazo-de-inscricao-em-nova-etapa-do-programa-a-casa-e-sua-calamidade-termina-na-sexta-28\/"},"author":{"name":"Reda\u00e7\u00e3o","@id":"https:\/\/jornaltimoneiro.com.br\/#\/schema\/person\/f63482f1a02b1a9592707865e509ab40"},"headline":"Prazo de inscri\u00e7\u00e3o em nova etapa do programa A Casa \u00c9 Sua \u2013 Calamidade termina na sexta, 28","datePublished":"2024-06-27T14:56:12+00:00","dateModified":"2024-06-27T14:56:12+00:00","mainEntityOfPage":{"@id":"https:\/\/jornaltimoneiro.com.br\/index.php\/2024\/06\/27\/prazo-de-inscricao-em-nova-etapa-do-programa-a-casa-e-sua-calamidade-termina-na-sexta-28\/"},"wordCount":262,"commentCount":0,"publisher":{"@id":"https:\/\/jornaltimoneiro.com.br\/#organization"},"keywords":["benef\u00edcio","calamidade p\u00fablica","enchente","governo do estado","programa a casa \u00e9 sua - calamidade","rio grande do sul","RS"],"articleSection":["ENCHENTE RS"],"inLanguage":"pt-BR","potentialAction":[{"@type":"CommentAction","name":"Comment","target":["https:\/\/jornaltimoneiro.com.br\/index.php\/2024\/06\/27\/prazo-de-inscricao-em-nova-etapa-do-programa-a-casa-e-sua-calamidade-termina-na-sexta-28\/#respond"]}]},{"@type":"WebPage","@id":"https:\/\/jornaltimoneiro.com.br\/index.php\/2024\/06\/27\/prazo-de-inscricao-em-nova-etapa-do-programa-a-casa-e-sua-calamidade-termina-na-sexta-28\/","url":"https:\/\/jornaltimoneiro.com.br\/index.php\/2024\/06\/27\/prazo-de-inscricao-em-nova-etapa-do-programa-a-casa-e-sua-calamidade-termina-na-sexta-28\/","name":"Prazo de inscri\u00e7\u00e3o em nova etapa do programa A Casa \u00c9 Sua \u2013 Calamidade termina na sexta, 28 - O Timoneiro Jornal Canoas RS","isPartOf":{"@id":"https:\/\/jornaltimoneiro.com.br\/#website"},"datePublished":"2024-06-27T14:56:12+00:00","dateModified":"2024-06-27T14:56:12+00:00","description":"Prazo de inscri\u00e7\u00e3o em nova etapa do programa A Casa \u00c9 Sua \u2013 Calamidade enchente rio grande do sul RS governo do estado","breadcrumb":{"@id":"https:\/\/jornaltimoneiro.com.br\/index.php\/2024\/06\/27\/prazo-de-inscricao-em-nova-etapa-do-programa-a-casa-e-sua-calamidade-termina-na-sexta-28\/#breadcrumb"},"inLanguage":"pt-BR","potentialAction":[{"@type":"ReadAction","target":["https:\/\/jornaltimoneiro.com.br\/index.php\/2024\/06\/27\/prazo-de-inscricao-em-nova-etapa-do-programa-a-casa-e-sua-calamidade-termina-na-sexta-28\/"]}]},{"@type":"BreadcrumbList","@id":"https:\/\/jornaltimoneiro.com.br\/index.php\/2024\/06\/27\/prazo-de-inscricao-em-nova-etapa-do-programa-a-casa-e-sua-calamidade-termina-na-sexta-28\/#breadcrumb","itemListElement":[{"@type":"ListItem","position":1,"name":"In\u00edcio","item":"https:\/\/jornaltimoneiro.com.br\/"},{"@type":"ListItem","position":2,"name":"Prazo de inscri\u00e7\u00e3o em nova etapa do programa A Casa \u00c9 Sua \u2013 Calamidade termina na sexta, 28"}]},{"@type":"WebSite","@id":"https:\/\/jornaltimoneiro.com.br\/#website","url":"https:\/\/jornaltimoneiro.com.br\/","name":"Jornal Timoneiro Canoas RS","description":"Jornal O Timoneiro, o verdadeiro jornal de Canoas","publisher":{"@id":"https:\/\/jornaltimoneiro.com.br\/#organization"},"potentialAction":[{"@type":"SearchAction","target":{"@type":"EntryPoint","urlTemplate":"https:\/\/jornaltimoneiro.com.br\/?s={search_term_string}"},"query-input":"required name=search_term_string"}],"inLanguage":"pt-BR"},{"@type":"Organization","@id":"https:\/\/jornaltimoneiro.com.br\/#organization","name":"Jornal Timoneiro Canoas RS","url":"https:\/\/jornaltimoneiro.com.br\/","logo":{"@type":"ImageObject","inLanguage":"pt-BR","@id":"https:\/\/jornaltimoneiro.com.br\/#\/schema\/logo\/image\/","url":"https:\/\/jornaltimoneiro.com.br\/wp-content\/uploads\/2023\/03\/logonovo.png","contentUrl":"https:\/\/jornaltimoneiro.com.br\/wp-content\/uploads\/2023\/03\/logonovo.png","width":"469","height":"171","caption":"Jornal Timoneiro Canoas RS"},"image":{"@id":"https:\/\/jornaltimoneiro.com.br\/#\/schema\/logo\/image\/"},"sameAs":["https:\/\/www.facebook.com\/jornaltimoneiro","https:\/\/twitter.com\/_OTimoneiro","https:\/\/www.instagram.com\/jornaltimoneirocanoas\/","https:\/\/www.youtube.com\/@jornalotimoneiro7927"]},{"@type":"Person","@id":"https:\/\/jornaltimoneiro.com.br\/#\/schema\/person\/f63482f1a02b1a9592707865e509ab40","name":"Reda\u00e7\u00e3o","image":{"@type":"ImageObject","inLanguage":"pt-BR","@id":"https:\/\/jornaltimoneiro.com.br\/#\/schema\/person\/image\/","url":"https:\/\/jornaltimoneiro.com.br\/wp-content\/uploads\/2023\/03\/download.jpeg","contentUrl":"https:\/\/jornaltimoneiro.com.br\/wp-content\/uploads\/2023\/03\/download.jpeg","caption":"Reda\u00e7\u00e3o"},"url":"https:\/\/jornaltimoneiro.com.br\/index.php\/author\/simone-dutra\/"}]}},"_links":{"self":[{"href":"https:\/\/jornaltimoneiro.com.br\/index.php\/wp-json\/wp\/v2\/posts\/30572"}],"collection":[{"href":"https:\/\/jornaltimoneiro.com.br\/index.php\/wp-json\/wp\/v2\/posts"}],"about":[{"href":"https:\/\/jornaltimoneiro.com.br\/index.php\/wp-json\/wp\/v2\/types\/post"}],"author":[{"embeddable":true,"href":"https:\/\/jornaltimoneiro.com.br\/index.php\/wp-json\/wp\/v2\/users\/2"}],"replies":[{"embeddable":true,"href":"https:\/\/jornaltimoneiro.com.br\/index.php\/wp-json\/wp\/v2\/comments?post=30572"}],"version-history":[{"count":1,"href":"https:\/\/jornaltimoneiro.com.br\/index.php\/wp-json\/wp\/v2\/posts\/30572\/revisions"}],"predecessor-version":[{"id":30574,"href":"https:\/\/jornaltimoneiro.com.br\/index.php\/wp-json\/wp\/v2\/posts\/30572\/revisions\/30574"}],"wp:featuredmedia":[{"embeddable":true,"href":"https:\/\/jornaltimoneiro.com.br\/index.php\/wp-json\/wp\/v2\/media\/30573"}],"wp:attachment":[{"href":"https:\/\/jornaltimoneiro.com.br\/index.php\/wp-json\/wp\/v2\/media?parent=30572"}],"wp:term":[{"taxonomy":"category","embeddable":true,"href":"https:\/\/jornaltimoneiro.com.br\/index.php\/wp-json\/wp\/v2\/categories?post=30572"},{"taxonomy":"post_tag","embeddable":true,"href":"https:\/\/jornaltimoneiro.com.br\/index.php\/wp-json\/wp\/v2\/tags?post=30572"}],"curies":[{"name":"wp","href":"https:\/\/api.w.org\/{rel}","templated":true}]}}