{"id":30515,"date":"2024-06-25T14:30:43","date_gmt":"2024-06-25T17:30:43","guid":{"rendered":"https:\/\/jornaltimoneiro.com.br\/?p=30515"},"modified":"2024-06-25T14:30:43","modified_gmt":"2024-06-25T17:30:43","slug":"poupanca-a-estudantes-do-ensino-medio-tem-pagamento-da-4a-parcela-nesta-quarta-feira-26","status":"publish","type":"post","link":"https:\/\/jornaltimoneiro.com.br\/index.php\/2024\/06\/25\/poupanca-a-estudantes-do-ensino-medio-tem-pagamento-da-4a-parcela-nesta-quarta-feira-26\/","title":{"rendered":"Poupan\u00e7a a estudantes do ensino m\u00e9dio tem pagamento da 4\u00aa parcela nesta quarta-feira, 26"},"content":{"rendered":"<p>Os estudantes da rede p\u00fablica beneficiados pelo P\u00e9-de-Meia, a poupan\u00e7a do ensino m\u00e9dio, come\u00e7ar\u00e3o a receber a quarta parcela do incentivo,\u00a0de\u00a0R$ 200,\u00a0a partir desta\u00a0quarta-feira, 26 de junho.<\/p>\n<p>O pagamento \u00e9 referente \u00e0 frequ\u00eancia \u00e0s aulas no m\u00eas de abril.\u00a0At\u00e9 1\u00ba de julho, o valor do incentivo ser\u00e1 disponibilizado para os estudantes na conta aberta pela Caixa Econ\u00f4mica Federal.<\/p>\n<p>Em caso de d\u00favidas, basta acessar os canais digitais do\u00a0<a href=\"https:\/\/www.gov.br\/mec\/pt-br\/pe-de-meia\">Minist\u00e9rio da Educa\u00e7\u00e3o (MEC)\u00a0<\/a>ou o aplicativo\u00a0<a href=\"https:\/\/www.gov.br\/mec\/pt-br\/jornadadoestudante\">Jornada do Estudante<\/a>.<\/p>\n<h4>Confira\u202fo\u202fcronograma\u202fde\u202fpagamento da quarta parcela:<\/h4>\n<table width=\"855\">\n<tbody>\n<tr>\n<td>Data\u202fde\u202fpagamento<\/td>\n<td>M\u00eas\u202fde\u202fnascimento\u202fdo estudante<\/td>\n<\/tr>\n<tr>\n<td>26 de junho<\/td>\n<td>Janeiro, fevereiro\u202fe mar\u00e7o<\/td>\n<\/tr>\n<tr>\n<td>27 de junho<\/td>\n<td>Abril, maio e junho<\/td>\n<\/tr>\n<tr>\n<td>28 de junho<\/td>\n<td>Julho, agosto e setembro<\/td>\n<\/tr>\n<tr>\n<td>1\u00ba de julho<\/td>\n<td>Outubro, novembro e dezembro<\/td>\n<\/tr>\n<\/tbody>\n<\/table>\n<p>Os\u202fdep\u00f3sitos do P\u00e9-de-Meia s\u00e3o feitos\u202fem\u202fcontas digitais abertas automaticamente pela\u202fCaixa\u202fEcon\u00f4mica Federal\u202fem nome\u202fdos participantes do programa.<\/p>\n<p>Caso o aluno contemplado seja menor\u202fde\u202fidade,\u202fpara\u202fmovimentar a conta, sacar o\u202fdinheiro ou utilizar\u202fo aplicativo\u00a0<a href=\"https:\/\/www.e-contacaixa.gov.br\/caixatem\/Paginas\/default.aspx\">Caixa\u202fTem<\/a>,\u202f\u00e9\u202fnecess\u00e1rio que o respons\u00e1vel legal realize o consentimento\u202fe\u202fautorize\u202fo estudante\u202fa\u202fmovimentar\u202fa\u202fconta.<\/p>\n<p>Esse consentimento pode ser\u202ffeito pelo aplicativo Caixa Tem ou em uma ag\u00eancia banc\u00e1ria da Caixa.\u202fSe\u202fo aluno tiver\u202f18 anos ou mais, a conta j\u00e1 estar\u00e1\u202fdesbloqueada\u202fpara utiliza\u00e7\u00e3o do valor recebido.<\/p>\n<p>&nbsp;<\/p>\n","protected":false},"excerpt":{"rendered":"<p>Os estudantes da rede p\u00fablica beneficiados pelo P\u00e9-de-Meia, a poupan\u00e7a do ensino m\u00e9dio, come\u00e7ar\u00e3o a receber a quarta parcela do incentivo,\u00a0de\u00a0R$ 200,\u00a0a partir desta\u00a0quarta-feira, 26 de junho. O pagamento \u00e9 referente \u00e0 frequ\u00eancia \u00e0s aulas no m\u00eas de abril.\u00a0At\u00e9 1\u00ba de julho, o valor do incentivo ser\u00e1 disponibilizado para os estudantes na conta aberta pela [&hellip;]<\/p>\n","protected":false},"author":2,"featured_media":30516,"comment_status":"open","ping_status":"open","sticky":false,"template":"","format":"standard","meta":{"amp_status":"","footnotes":""},"categories":[2210,73],"tags":[225,2107,87,64,789,786,67,2845,402,1853,1852],"class_list":["post-30515","post","type-post","status-publish","format-standard","has-post-thumbnail","hentry","category-educacao","category-pais","tag-brasil","tag-caixa-tem","tag-economia","tag-educacao","tag-ensino-medio","tag-estudantes","tag-governo-federal","tag-mec","tag-pagamento","tag-pe-de-meia","tag-poupanca"],"yoast_head":"<!-- This site is optimized with the Yoast SEO plugin v20.5 - https:\/\/yoast.com\/wordpress\/plugins\/seo\/ -->\n<title>Poupan\u00e7a a estudantes do ensino m\u00e9dio tem pagamento da 4\u00aa parcela nesta quarta-feira, 26 - O Timoneiro Jornal Canoas RS<\/title>\n<meta name=\"description\" content=\"Poupan\u00e7a a estudantes do ensino m\u00e9dio tem pagamento da 4\u00aa parcela nesta quarta-feira educa\u00e7\u00e3o governo federal caixa tem brasil\" \/>\n<meta name=\"robots\" content=\"index, follow, max-snippet:-1, max-image-preview:large, max-video-preview:-1\" \/>\n<link rel=\"canonical\" href=\"https:\/\/jornaltimoneiro.com.br\/index.php\/2024\/06\/25\/poupanca-a-estudantes-do-ensino-medio-tem-pagamento-da-4a-parcela-nesta-quarta-feira-26\/\" \/>\n<meta property=\"og:locale\" content=\"pt_BR\" \/>\n<meta property=\"og:type\" content=\"article\" \/>\n<meta property=\"og:title\" content=\"Poupan\u00e7a a estudantes do ensino m\u00e9dio tem pagamento da 4\u00aa parcela nesta quarta-feira, 26 - O Timoneiro Jornal Canoas RS\" \/>\n<meta property=\"og:description\" content=\"Poupan\u00e7a a estudantes do ensino m\u00e9dio tem pagamento da 4\u00aa parcela nesta quarta-feira educa\u00e7\u00e3o governo federal caixa tem brasil\" \/>\n<meta property=\"og:url\" content=\"https:\/\/jornaltimoneiro.com.br\/index.php\/2024\/06\/25\/poupanca-a-estudantes-do-ensino-medio-tem-pagamento-da-4a-parcela-nesta-quarta-feira-26\/\" \/>\n<meta property=\"og:site_name\" content=\"O Timoneiro Jornal Canoas RS\" \/>\n<meta property=\"article:publisher\" content=\"https:\/\/www.facebook.com\/jornaltimoneiro\" \/>\n<meta property=\"article:published_time\" content=\"2024-06-25T17:30:43+00:00\" \/>\n<meta property=\"og:image\" content=\"https:\/\/jornaltimoneiro.com.br\/wp-content\/uploads\/2024\/06\/Poupanca-a-estudantes-do-ensino-medio-tem-pagamento-da-4a-parcela.jpeg\" \/>\n\t<meta property=\"og:image:width\" content=\"768\" \/>\n\t<meta property=\"og:image:height\" content=\"512\" \/>\n\t<meta property=\"og:image:type\" content=\"image\/jpeg\" \/>\n<meta name=\"author\" content=\"Reda\u00e7\u00e3o\" \/>\n<meta name=\"twitter:card\" content=\"summary_large_image\" \/>\n<meta name=\"twitter:creator\" content=\"@_OTimoneiro\" \/>\n<meta name=\"twitter:site\" content=\"@_OTimoneiro\" \/>\n<meta name=\"twitter:label1\" content=\"Escrito por\" \/>\n\t<meta name=\"twitter:data1\" content=\"Reda\u00e7\u00e3o\" \/>\n\t<meta name=\"twitter:label2\" content=\"Est. tempo de leitura\" \/>\n\t<meta name=\"twitter:data2\" content=\"2 minutos\" \/>\n<script type=\"application\/ld+json\" class=\"yoast-schema-graph\">{\"@context\":\"https:\/\/schema.org\",\"@graph\":[{\"@type\":\"Article\",\"@id\":\"https:\/\/jornaltimoneiro.com.br\/index.php\/2024\/06\/25\/poupanca-a-estudantes-do-ensino-medio-tem-pagamento-da-4a-parcela-nesta-quarta-feira-26\/#article\",\"isPartOf\":{\"@id\":\"https:\/\/jornaltimoneiro.com.br\/index.php\/2024\/06\/25\/poupanca-a-estudantes-do-ensino-medio-tem-pagamento-da-4a-parcela-nesta-quarta-feira-26\/\"},\"author\":{\"name\":\"Reda\u00e7\u00e3o\",\"@id\":\"https:\/\/jornaltimoneiro.com.br\/#\/schema\/person\/f63482f1a02b1a9592707865e509ab40\"},\"headline\":\"Poupan\u00e7a a estudantes do ensino m\u00e9dio tem pagamento da 4\u00aa parcela nesta quarta-feira, 26\",\"datePublished\":\"2024-06-25T17:30:43+00:00\",\"dateModified\":\"2024-06-25T17:30:43+00:00\",\"mainEntityOfPage\":{\"@id\":\"https:\/\/jornaltimoneiro.com.br\/index.php\/2024\/06\/25\/poupanca-a-estudantes-do-ensino-medio-tem-pagamento-da-4a-parcela-nesta-quarta-feira-26\/\"},\"wordCount\":247,\"commentCount\":0,\"publisher\":{\"@id\":\"https:\/\/jornaltimoneiro.com.br\/#organization\"},\"keywords\":[\"Brasil\",\"Caixa Tem\",\"economia\",\"Educa\u00e7\u00e3o\",\"ensino m\u00e9dio\",\"estudantes\",\"Governo Federal\",\"MEC\",\"pagamento\",\"p\u00e9-de-meia\",\"poupan\u00e7a\"],\"articleSection\":[\"Educa\u00e7\u00e3o\",\"Pa\u00eds\"],\"inLanguage\":\"pt-BR\",\"potentialAction\":[{\"@type\":\"CommentAction\",\"name\":\"Comment\",\"target\":[\"https:\/\/jornaltimoneiro.com.br\/index.php\/2024\/06\/25\/poupanca-a-estudantes-do-ensino-medio-tem-pagamento-da-4a-parcela-nesta-quarta-feira-26\/#respond\"]}]},{\"@type\":\"WebPage\",\"@id\":\"https:\/\/jornaltimoneiro.com.br\/index.php\/2024\/06\/25\/poupanca-a-estudantes-do-ensino-medio-tem-pagamento-da-4a-parcela-nesta-quarta-feira-26\/\",\"url\":\"https:\/\/jornaltimoneiro.com.br\/index.php\/2024\/06\/25\/poupanca-a-estudantes-do-ensino-medio-tem-pagamento-da-4a-parcela-nesta-quarta-feira-26\/\",\"name\":\"Poupan\u00e7a a estudantes do ensino m\u00e9dio tem pagamento da 4\u00aa parcela nesta quarta-feira, 26 - O Timoneiro Jornal Canoas RS\",\"isPartOf\":{\"@id\":\"https:\/\/jornaltimoneiro.com.br\/#website\"},\"datePublished\":\"2024-06-25T17:30:43+00:00\",\"dateModified\":\"2024-06-25T17:30:43+00:00\",\"description\":\"Poupan\u00e7a a estudantes do ensino m\u00e9dio tem pagamento da 4\u00aa parcela nesta quarta-feira educa\u00e7\u00e3o governo federal caixa tem brasil\",\"breadcrumb\":{\"@id\":\"https:\/\/jornaltimoneiro.com.br\/index.php\/2024\/06\/25\/poupanca-a-estudantes-do-ensino-medio-tem-pagamento-da-4a-parcela-nesta-quarta-feira-26\/#breadcrumb\"},\"inLanguage\":\"pt-BR\",\"potentialAction\":[{\"@type\":\"ReadAction\",\"target\":[\"https:\/\/jornaltimoneiro.com.br\/index.php\/2024\/06\/25\/poupanca-a-estudantes-do-ensino-medio-tem-pagamento-da-4a-parcela-nesta-quarta-feira-26\/\"]}]},{\"@type\":\"BreadcrumbList\",\"@id\":\"https:\/\/jornaltimoneiro.com.br\/index.php\/2024\/06\/25\/poupanca-a-estudantes-do-ensino-medio-tem-pagamento-da-4a-parcela-nesta-quarta-feira-26\/#breadcrumb\",\"itemListElement\":[{\"@type\":\"ListItem\",\"position\":1,\"name\":\"In\u00edcio\",\"item\":\"https:\/\/jornaltimoneiro.com.br\/\"},{\"@type\":\"ListItem\",\"position\":2,\"name\":\"Poupan\u00e7a a estudantes do ensino m\u00e9dio tem pagamento da 4\u00aa parcela nesta quarta-feira, 26\"}]},{\"@type\":\"WebSite\",\"@id\":\"https:\/\/jornaltimoneiro.com.br\/#website\",\"url\":\"https:\/\/jornaltimoneiro.com.br\/\",\"name\":\"Jornal Timoneiro Canoas RS\",\"description\":\"Jornal O Timoneiro, o verdadeiro jornal de Canoas\",\"publisher\":{\"@id\":\"https:\/\/jornaltimoneiro.com.br\/#organization\"},\"potentialAction\":[{\"@type\":\"SearchAction\",\"target\":{\"@type\":\"EntryPoint\",\"urlTemplate\":\"https:\/\/jornaltimoneiro.com.br\/?s={search_term_string}\"},\"query-input\":\"required name=search_term_string\"}],\"inLanguage\":\"pt-BR\"},{\"@type\":\"Organization\",\"@id\":\"https:\/\/jornaltimoneiro.com.br\/#organization\",\"name\":\"Jornal Timoneiro Canoas RS\",\"url\":\"https:\/\/jornaltimoneiro.com.br\/\",\"logo\":{\"@type\":\"ImageObject\",\"inLanguage\":\"pt-BR\",\"@id\":\"https:\/\/jornaltimoneiro.com.br\/#\/schema\/logo\/image\/\",\"url\":\"https:\/\/jornaltimoneiro.com.br\/wp-content\/uploads\/2023\/03\/logonovo.png\",\"contentUrl\":\"https:\/\/jornaltimoneiro.com.br\/wp-content\/uploads\/2023\/03\/logonovo.png\",\"width\":\"469\",\"height\":\"171\",\"caption\":\"Jornal Timoneiro Canoas RS\"},\"image\":{\"@id\":\"https:\/\/jornaltimoneiro.com.br\/#\/schema\/logo\/image\/\"},\"sameAs\":[\"https:\/\/www.facebook.com\/jornaltimoneiro\",\"https:\/\/twitter.com\/_OTimoneiro\",\"https:\/\/www.instagram.com\/jornaltimoneirocanoas\/\",\"https:\/\/www.youtube.com\/@jornalotimoneiro7927\"]},{\"@type\":\"Person\",\"@id\":\"https:\/\/jornaltimoneiro.com.br\/#\/schema\/person\/f63482f1a02b1a9592707865e509ab40\",\"name\":\"Reda\u00e7\u00e3o\",\"image\":{\"@type\":\"ImageObject\",\"inLanguage\":\"pt-BR\",\"@id\":\"https:\/\/jornaltimoneiro.com.br\/#\/schema\/person\/image\/\",\"url\":\"https:\/\/jornaltimoneiro.com.br\/wp-content\/uploads\/2023\/03\/download.jpeg\",\"contentUrl\":\"https:\/\/jornaltimoneiro.com.br\/wp-content\/uploads\/2023\/03\/download.jpeg\",\"caption\":\"Reda\u00e7\u00e3o\"},\"url\":\"https:\/\/jornaltimoneiro.com.br\/index.php\/author\/simone-dutra\/\"}]}<\/script>\n<!-- \/ Yoast SEO plugin. -->","yoast_head_json":{"title":"Poupan\u00e7a a estudantes do ensino m\u00e9dio tem pagamento da 4\u00aa parcela nesta quarta-feira, 26 - O Timoneiro Jornal Canoas RS","description":"Poupan\u00e7a a estudantes do ensino m\u00e9dio tem pagamento da 4\u00aa parcela nesta quarta-feira educa\u00e7\u00e3o governo federal caixa tem brasil","robots":{"index":"index","follow":"follow","max-snippet":"max-snippet:-1","max-image-preview":"max-image-preview:large","max-video-preview":"max-video-preview:-1"},"canonical":"https:\/\/jornaltimoneiro.com.br\/index.php\/2024\/06\/25\/poupanca-a-estudantes-do-ensino-medio-tem-pagamento-da-4a-parcela-nesta-quarta-feira-26\/","og_locale":"pt_BR","og_type":"article","og_title":"Poupan\u00e7a a estudantes do ensino m\u00e9dio tem pagamento da 4\u00aa parcela nesta quarta-feira, 26 - O Timoneiro Jornal Canoas RS","og_description":"Poupan\u00e7a a estudantes do ensino m\u00e9dio tem pagamento da 4\u00aa parcela nesta quarta-feira educa\u00e7\u00e3o governo federal caixa tem brasil","og_url":"https:\/\/jornaltimoneiro.com.br\/index.php\/2024\/06\/25\/poupanca-a-estudantes-do-ensino-medio-tem-pagamento-da-4a-parcela-nesta-quarta-feira-26\/","og_site_name":"O Timoneiro Jornal Canoas RS","article_publisher":"https:\/\/www.facebook.com\/jornaltimoneiro","article_published_time":"2024-06-25T17:30:43+00:00","og_image":[{"width":"768","height":"512","url":"https:\/\/jornaltimoneiro.com.br\/wp-content\/uploads\/2024\/06\/Poupanca-a-estudantes-do-ensino-medio-tem-pagamento-da-4a-parcela.jpeg","type":"image\/jpeg"}],"author":"Reda\u00e7\u00e3o","twitter_card":"summary_large_image","twitter_creator":"@_OTimoneiro","twitter_site":"@_OTimoneiro","twitter_misc":{"Escrito por":"Reda\u00e7\u00e3o","Est. tempo de leitura":"2 minutos"},"schema":{"@context":"https:\/\/schema.org","@graph":[{"@type":"Article","@id":"https:\/\/jornaltimoneiro.com.br\/index.php\/2024\/06\/25\/poupanca-a-estudantes-do-ensino-medio-tem-pagamento-da-4a-parcela-nesta-quarta-feira-26\/#article","isPartOf":{"@id":"https:\/\/jornaltimoneiro.com.br\/index.php\/2024\/06\/25\/poupanca-a-estudantes-do-ensino-medio-tem-pagamento-da-4a-parcela-nesta-quarta-feira-26\/"},"author":{"name":"Reda\u00e7\u00e3o","@id":"https:\/\/jornaltimoneiro.com.br\/#\/schema\/person\/f63482f1a02b1a9592707865e509ab40"},"headline":"Poupan\u00e7a a estudantes do ensino m\u00e9dio tem pagamento da 4\u00aa parcela nesta quarta-feira, 26","datePublished":"2024-06-25T17:30:43+00:00","dateModified":"2024-06-25T17:30:43+00:00","mainEntityOfPage":{"@id":"https:\/\/jornaltimoneiro.com.br\/index.php\/2024\/06\/25\/poupanca-a-estudantes-do-ensino-medio-tem-pagamento-da-4a-parcela-nesta-quarta-feira-26\/"},"wordCount":247,"commentCount":0,"publisher":{"@id":"https:\/\/jornaltimoneiro.com.br\/#organization"},"keywords":["Brasil","Caixa Tem","economia","Educa\u00e7\u00e3o","ensino m\u00e9dio","estudantes","Governo Federal","MEC","pagamento","p\u00e9-de-meia","poupan\u00e7a"],"articleSection":["Educa\u00e7\u00e3o","Pa\u00eds"],"inLanguage":"pt-BR","potentialAction":[{"@type":"CommentAction","name":"Comment","target":["https:\/\/jornaltimoneiro.com.br\/index.php\/2024\/06\/25\/poupanca-a-estudantes-do-ensino-medio-tem-pagamento-da-4a-parcela-nesta-quarta-feira-26\/#respond"]}]},{"@type":"WebPage","@id":"https:\/\/jornaltimoneiro.com.br\/index.php\/2024\/06\/25\/poupanca-a-estudantes-do-ensino-medio-tem-pagamento-da-4a-parcela-nesta-quarta-feira-26\/","url":"https:\/\/jornaltimoneiro.com.br\/index.php\/2024\/06\/25\/poupanca-a-estudantes-do-ensino-medio-tem-pagamento-da-4a-parcela-nesta-quarta-feira-26\/","name":"Poupan\u00e7a a estudantes do ensino m\u00e9dio tem pagamento da 4\u00aa parcela nesta quarta-feira, 26 - O Timoneiro Jornal Canoas RS","isPartOf":{"@id":"https:\/\/jornaltimoneiro.com.br\/#website"},"datePublished":"2024-06-25T17:30:43+00:00","dateModified":"2024-06-25T17:30:43+00:00","description":"Poupan\u00e7a a estudantes do ensino m\u00e9dio tem pagamento da 4\u00aa parcela nesta quarta-feira educa\u00e7\u00e3o governo federal caixa tem brasil","breadcrumb":{"@id":"https:\/\/jornaltimoneiro.com.br\/index.php\/2024\/06\/25\/poupanca-a-estudantes-do-ensino-medio-tem-pagamento-da-4a-parcela-nesta-quarta-feira-26\/#breadcrumb"},"inLanguage":"pt-BR","potentialAction":[{"@type":"ReadAction","target":["https:\/\/jornaltimoneiro.com.br\/index.php\/2024\/06\/25\/poupanca-a-estudantes-do-ensino-medio-tem-pagamento-da-4a-parcela-nesta-quarta-feira-26\/"]}]},{"@type":"BreadcrumbList","@id":"https:\/\/jornaltimoneiro.com.br\/index.php\/2024\/06\/25\/poupanca-a-estudantes-do-ensino-medio-tem-pagamento-da-4a-parcela-nesta-quarta-feira-26\/#breadcrumb","itemListElement":[{"@type":"ListItem","position":1,"name":"In\u00edcio","item":"https:\/\/jornaltimoneiro.com.br\/"},{"@type":"ListItem","position":2,"name":"Poupan\u00e7a a estudantes do ensino m\u00e9dio tem pagamento da 4\u00aa parcela nesta quarta-feira, 26"}]},{"@type":"WebSite","@id":"https:\/\/jornaltimoneiro.com.br\/#website","url":"https:\/\/jornaltimoneiro.com.br\/","name":"Jornal Timoneiro Canoas RS","description":"Jornal O Timoneiro, o verdadeiro jornal de Canoas","publisher":{"@id":"https:\/\/jornaltimoneiro.com.br\/#organization"},"potentialAction":[{"@type":"SearchAction","target":{"@type":"EntryPoint","urlTemplate":"https:\/\/jornaltimoneiro.com.br\/?s={search_term_string}"},"query-input":"required name=search_term_string"}],"inLanguage":"pt-BR"},{"@type":"Organization","@id":"https:\/\/jornaltimoneiro.com.br\/#organization","name":"Jornal Timoneiro Canoas RS","url":"https:\/\/jornaltimoneiro.com.br\/","logo":{"@type":"ImageObject","inLanguage":"pt-BR","@id":"https:\/\/jornaltimoneiro.com.br\/#\/schema\/logo\/image\/","url":"https:\/\/jornaltimoneiro.com.br\/wp-content\/uploads\/2023\/03\/logonovo.png","contentUrl":"https:\/\/jornaltimoneiro.com.br\/wp-content\/uploads\/2023\/03\/logonovo.png","width":"469","height":"171","caption":"Jornal Timoneiro Canoas RS"},"image":{"@id":"https:\/\/jornaltimoneiro.com.br\/#\/schema\/logo\/image\/"},"sameAs":["https:\/\/www.facebook.com\/jornaltimoneiro","https:\/\/twitter.com\/_OTimoneiro","https:\/\/www.instagram.com\/jornaltimoneirocanoas\/","https:\/\/www.youtube.com\/@jornalotimoneiro7927"]},{"@type":"Person","@id":"https:\/\/jornaltimoneiro.com.br\/#\/schema\/person\/f63482f1a02b1a9592707865e509ab40","name":"Reda\u00e7\u00e3o","image":{"@type":"ImageObject","inLanguage":"pt-BR","@id":"https:\/\/jornaltimoneiro.com.br\/#\/schema\/person\/image\/","url":"https:\/\/jornaltimoneiro.com.br\/wp-content\/uploads\/2023\/03\/download.jpeg","contentUrl":"https:\/\/jornaltimoneiro.com.br\/wp-content\/uploads\/2023\/03\/download.jpeg","caption":"Reda\u00e7\u00e3o"},"url":"https:\/\/jornaltimoneiro.com.br\/index.php\/author\/simone-dutra\/"}]}},"_links":{"self":[{"href":"https:\/\/jornaltimoneiro.com.br\/index.php\/wp-json\/wp\/v2\/posts\/30515"}],"collection":[{"href":"https:\/\/jornaltimoneiro.com.br\/index.php\/wp-json\/wp\/v2\/posts"}],"about":[{"href":"https:\/\/jornaltimoneiro.com.br\/index.php\/wp-json\/wp\/v2\/types\/post"}],"author":[{"embeddable":true,"href":"https:\/\/jornaltimoneiro.com.br\/index.php\/wp-json\/wp\/v2\/users\/2"}],"replies":[{"embeddable":true,"href":"https:\/\/jornaltimoneiro.com.br\/index.php\/wp-json\/wp\/v2\/comments?post=30515"}],"version-history":[{"count":1,"href":"https:\/\/jornaltimoneiro.com.br\/index.php\/wp-json\/wp\/v2\/posts\/30515\/revisions"}],"predecessor-version":[{"id":30517,"href":"https:\/\/jornaltimoneiro.com.br\/index.php\/wp-json\/wp\/v2\/posts\/30515\/revisions\/30517"}],"wp:featuredmedia":[{"embeddable":true,"href":"https:\/\/jornaltimoneiro.com.br\/index.php\/wp-json\/wp\/v2\/media\/30516"}],"wp:attachment":[{"href":"https:\/\/jornaltimoneiro.com.br\/index.php\/wp-json\/wp\/v2\/media?parent=30515"}],"wp:term":[{"taxonomy":"category","embeddable":true,"href":"https:\/\/jornaltimoneiro.com.br\/index.php\/wp-json\/wp\/v2\/categories?post=30515"},{"taxonomy":"post_tag","embeddable":true,"href":"https:\/\/jornaltimoneiro.com.br\/index.php\/wp-json\/wp\/v2\/tags?post=30515"}],"curies":[{"name":"wp","href":"https:\/\/api.w.org\/{rel}","templated":true}]}}