{"id":30480,"date":"2024-06-24T12:49:50","date_gmt":"2024-06-24T15:49:50","guid":{"rendered":"https:\/\/jornaltimoneiro.com.br\/?p=30480"},"modified":"2024-06-24T12:49:50","modified_gmt":"2024-06-24T15:49:50","slug":"prazo-para-pagamento-a-vista-e-de-parcelas-unificadas-do-ipva-2024-termina-na-sexta-28","status":"publish","type":"post","link":"https:\/\/jornaltimoneiro.com.br\/index.php\/2024\/06\/24\/prazo-para-pagamento-a-vista-e-de-parcelas-unificadas-do-ipva-2024-termina-na-sexta-28\/","title":{"rendered":"Prazo para pagamento \u00e0 vista e de parcelas unificadas do IPVA 2024 termina na sexta, 28"},"content":{"rendered":"<p>Termina na sexta-feira, 28, o prazo de pagamento relativo a todos os finais de placa e \u00e0s tr\u00eas \u00faltimas parcelas para os contribuintes que optaram pelo parcelamento do Imposto sobre Propriedade Veicular Automotiva (IPVA) de 2024.<\/p>\n<p>O governo do Estado, por meio da Receita Estadual, anunciou, na primeira semana de junho, a unifica\u00e7\u00e3o de todas as parcelas que restavam (abril, maio e junho) para serem quitadas em 28 de junho.<\/p>\n<p>A medida foi publicada no\u00a0Decreto 57.367\/2024, que tamb\u00e9m alterou o prazo de vencimento do IPVA para pagamento \u00e0 vista. Tradicionalmente, ele ocorre at\u00e9 o \u00faltimo dia \u00fatil de abril, mas a data limite foi adiada para o \u00faltimo dia \u00fatil de junho.<\/p>\n<p>As mudan\u00e7as que flexibilizam os prazos de pagamento foram motivadas pela situa\u00e7\u00e3o de calamidade p\u00fablica enfrentada pelo Estado, a qual gerou dificuldades para a quita\u00e7\u00e3o. O objetivo \u00e9 ajudar os contribuintes a manterem as suas obriga\u00e7\u00f5es fiscais em dia.<\/p>\n<p>O sistema informatizado de pagamento do IPVA retornou ao ar em 27 de maio, ap\u00f3s mais de 20 dias fora de opera\u00e7\u00e3o.<\/p>\n<p>Os propriet\u00e1rios de ve\u00edculos que tiveram perda total por conta das enchentes registradas no RS podem pedir a devolu\u00e7\u00e3o de parte do IPVA 2024.<\/p>\n<ul>\n<li><a href=\"https:\/\/www.ipva.rs.gov.br\/conteudo\/1344\/donos-de-ve%26iacute%3Bculos-que-tiveram-perda-total-durante-enchentes-podem-solicitar-devolu%26ccedil%3B%26atilde%3Bo-de-parte-do-ipva\" target=\"_blank\" rel=\"noopener\"><strong>Link para mais informa\u00e7\u00f5es sobre perda total devido \u00e0s enchentes<\/strong><\/a><\/li>\n<\/ul>\n<h4><strong>Descontos<\/strong><\/h4>\n<p>At\u00e9 a data de vencimento, os motoristas poder\u00e3o aproveitar os descontos de Bom Motorista e Bom Cidad\u00e3o, cuja redu\u00e7\u00e3o pode chegar a 20% do valor do tributo, caso o contribuinte usufrua da cota m\u00e1xima de cada benef\u00edcio.<\/p>\n<p>O Bom Motorista, por exemplo, reduz at\u00e9 15% do imposto para aqueles que estiverem h\u00e1 tr\u00eas anos sem cometer infra\u00e7\u00e3o de tr\u00e2nsito. J\u00e1 o programa Bom Cidad\u00e3o oferece desconto de 5% para quem possuir, no m\u00ednimo, 150 notas fiscais com CPF emitidas entre 1\u00ba de novembro de 2022 e 30 de outubro de 2023.<\/p>\n<h4><strong>Penalidades<\/strong><\/h4>\n<p>O atraso no pagamento do IPVA implica o pagamento de multa de 0,334% ao dia, at\u00e9 o limite de 20%, mais a incid\u00eancia de juros. H\u00e1, ainda, a possibilidade de inscri\u00e7\u00e3o do contribuinte em D\u00edvida Ativa\u00a0ap\u00f3s mais de dois meses em situa\u00e7\u00e3o de inadimpl\u00eancia.<\/p>\n<p>Al\u00e9m do maior custo para quita\u00e7\u00e3o do IPVA, o motorista que perder o prazo de vencimento poder\u00e1 ter o ve\u00edculo apreendido e arcar com custos de multa, servi\u00e7os de guincho e dep\u00f3sito do DetranRS, caso seja flagrado em circula\u00e7\u00e3o.<\/p>\n<h4><strong>Mais informa\u00e7\u00f5es sobre o IPVA<\/strong><\/h4>\n<ul>\n<li><strong>Quem paga IPVA<br \/>\n<\/strong>Todos os propriet\u00e1rios de ve\u00edculos automotores fabricados a partir do ano 2005, exceto os isentos em lei.<\/li>\n<li><strong>Como pagar<br \/>\n<\/strong>Para quitar o imposto, o propriet\u00e1rio dever\u00e1 apresentar o Certificado de Registro e Licenciamento do Ve\u00edculo (CRLV). Junto com o IPVA, \u00e9 poss\u00edvel pagar taxa de licenciamento e multas de tr\u00e2nsito.<\/li>\n<li><strong>Onde consultar o valor e gerar o QR Code<br \/>\n<\/strong>No aplicativo do IPVA RS dispon\u00edvel na App Store ou Google Play ou no site:\u00a0<a href=\"https:\/\/www.sefaz.rs.gov.br\/apps\/ipva\" target=\"_blank\" rel=\"noopener\">https:\/\/www.sefaz.rs.gov.br\/apps\/ipva<\/a>.<\/li>\n<li><strong>Onde pagar<br \/>\n<\/strong>Banrisul, Bradesco (somente correntistas), Sicredi, Sicoob, Banco do Brasil (somente correntistas) e lot\u00e9ricas da Caixa Econ\u00f4mica Federal. A op\u00e7\u00e3o de Pix est\u00e1 dispon\u00edvel em mais de 760 institui\u00e7\u00f5es.Fique atento a golpes. Antes de efetuar o pagamento, verifique as informa\u00e7\u00f5es do destinat\u00e1rio:<\/p>\n<p>Nome: Ipva Sefaz\/RS<br \/>\nCPF\/CNPJ: 87.958.674\/0001-81<br \/>\nInstitui\u00e7\u00e3o: Bco do Estado do RS S.A<br \/>\nEndere\u00e7o: Av. Mau\u00e1, 1155 \u2013 Centro Hist\u00f3rico \u2013 Porto Alegre \u2013 RS \u2013 90030080<br \/>\nBco do Estado do RS S.A.<\/li>\n<\/ul>\n","protected":false},"excerpt":{"rendered":"<p>Termina na sexta-feira, 28, o prazo de pagamento relativo a todos os finais de placa e \u00e0s tr\u00eas \u00faltimas parcelas para os contribuintes que optaram pelo parcelamento do Imposto sobre Propriedade Veicular Automotiva (IPVA) de 2024. O governo do Estado, por meio da Receita Estadual, anunciou, na primeira semana de junho, a unifica\u00e7\u00e3o de todas [&hellip;]<\/p>\n","protected":false},"author":2,"featured_media":25249,"comment_status":"open","ping_status":"open","sticky":false,"template":"","format":"standard","meta":{"amp_status":"","footnotes":""},"categories":[23,2629],"tags":[190,1108,2208,1138,402,1791,213,80],"class_list":["post-30480","post","type-post","status-publish","format-standard","has-post-thumbnail","hentry","category-geral","category-transporte","tag-featured","tag-ipva","tag-ipva-2024","tag-motoristas","tag-pagamento","tag-prazo","tag-rio-grande-do-sul","tag-rs"],"yoast_head":"<!-- This site is optimized with the Yoast SEO plugin v20.5 - https:\/\/yoast.com\/wordpress\/plugins\/seo\/ -->\n<title>Prazo para pagamento \u00e0 vista e de parcelas unificadas do IPVA 2024 termina na sexta, 28 - O Timoneiro Jornal Canoas RS<\/title>\n<meta name=\"description\" content=\"Prazo para pagamento \u00e0 vista e de parcelas unificadas do IPVA 2024 termina na sexta, 28 rio grande do sul RS\" \/>\n<meta name=\"robots\" content=\"index, follow, max-snippet:-1, max-image-preview:large, max-video-preview:-1\" \/>\n<link rel=\"canonical\" href=\"https:\/\/jornaltimoneiro.com.br\/index.php\/2024\/06\/24\/prazo-para-pagamento-a-vista-e-de-parcelas-unificadas-do-ipva-2024-termina-na-sexta-28\/\" \/>\n<meta property=\"og:locale\" content=\"pt_BR\" \/>\n<meta property=\"og:type\" content=\"article\" \/>\n<meta property=\"og:title\" content=\"Prazo para pagamento \u00e0 vista e de parcelas unificadas do IPVA 2024 termina na sexta, 28 - O Timoneiro Jornal Canoas RS\" \/>\n<meta property=\"og:description\" content=\"Prazo para pagamento \u00e0 vista e de parcelas unificadas do IPVA 2024 termina na sexta, 28 rio grande do sul RS\" \/>\n<meta property=\"og:url\" content=\"https:\/\/jornaltimoneiro.com.br\/index.php\/2024\/06\/24\/prazo-para-pagamento-a-vista-e-de-parcelas-unificadas-do-ipva-2024-termina-na-sexta-28\/\" \/>\n<meta property=\"og:site_name\" content=\"O Timoneiro Jornal Canoas RS\" \/>\n<meta property=\"article:publisher\" content=\"https:\/\/www.facebook.com\/jornaltimoneiro\" \/>\n<meta property=\"article:published_time\" content=\"2024-06-24T15:49:50+00:00\" \/>\n<meta property=\"og:image\" content=\"https:\/\/jornaltimoneiro.com.br\/wp-content\/uploads\/2023\/07\/64909078407724.71351465.jpg\" \/>\n\t<meta property=\"og:image:width\" content=\"800\" \/>\n\t<meta property=\"og:image:height\" content=\"450\" \/>\n\t<meta property=\"og:image:type\" content=\"image\/jpeg\" \/>\n<meta name=\"author\" content=\"Reda\u00e7\u00e3o\" \/>\n<meta name=\"twitter:card\" content=\"summary_large_image\" \/>\n<meta name=\"twitter:creator\" content=\"@_OTimoneiro\" \/>\n<meta name=\"twitter:site\" content=\"@_OTimoneiro\" \/>\n<meta name=\"twitter:label1\" content=\"Escrito por\" \/>\n\t<meta name=\"twitter:data1\" content=\"Reda\u00e7\u00e3o\" \/>\n\t<meta name=\"twitter:label2\" content=\"Est. tempo de leitura\" \/>\n\t<meta name=\"twitter:data2\" content=\"3 minutos\" \/>\n<script type=\"application\/ld+json\" class=\"yoast-schema-graph\">{\"@context\":\"https:\/\/schema.org\",\"@graph\":[{\"@type\":\"Article\",\"@id\":\"https:\/\/jornaltimoneiro.com.br\/index.php\/2024\/06\/24\/prazo-para-pagamento-a-vista-e-de-parcelas-unificadas-do-ipva-2024-termina-na-sexta-28\/#article\",\"isPartOf\":{\"@id\":\"https:\/\/jornaltimoneiro.com.br\/index.php\/2024\/06\/24\/prazo-para-pagamento-a-vista-e-de-parcelas-unificadas-do-ipva-2024-termina-na-sexta-28\/\"},\"author\":{\"name\":\"Reda\u00e7\u00e3o\",\"@id\":\"https:\/\/jornaltimoneiro.com.br\/#\/schema\/person\/f63482f1a02b1a9592707865e509ab40\"},\"headline\":\"Prazo para pagamento \u00e0 vista e de parcelas unificadas do IPVA 2024 termina na sexta, 28\",\"datePublished\":\"2024-06-24T15:49:50+00:00\",\"dateModified\":\"2024-06-24T15:49:50+00:00\",\"mainEntityOfPage\":{\"@id\":\"https:\/\/jornaltimoneiro.com.br\/index.php\/2024\/06\/24\/prazo-para-pagamento-a-vista-e-de-parcelas-unificadas-do-ipva-2024-termina-na-sexta-28\/\"},\"wordCount\":594,\"commentCount\":0,\"publisher\":{\"@id\":\"https:\/\/jornaltimoneiro.com.br\/#organization\"},\"keywords\":[\"featured\",\"ipva\",\"IPVA 2024\",\"motoristas\",\"pagamento\",\"prazo\",\"rio grande do sul\",\"RS\"],\"articleSection\":[\"Geral\",\"Transporte\"],\"inLanguage\":\"pt-BR\",\"potentialAction\":[{\"@type\":\"CommentAction\",\"name\":\"Comment\",\"target\":[\"https:\/\/jornaltimoneiro.com.br\/index.php\/2024\/06\/24\/prazo-para-pagamento-a-vista-e-de-parcelas-unificadas-do-ipva-2024-termina-na-sexta-28\/#respond\"]}]},{\"@type\":\"WebPage\",\"@id\":\"https:\/\/jornaltimoneiro.com.br\/index.php\/2024\/06\/24\/prazo-para-pagamento-a-vista-e-de-parcelas-unificadas-do-ipva-2024-termina-na-sexta-28\/\",\"url\":\"https:\/\/jornaltimoneiro.com.br\/index.php\/2024\/06\/24\/prazo-para-pagamento-a-vista-e-de-parcelas-unificadas-do-ipva-2024-termina-na-sexta-28\/\",\"name\":\"Prazo para pagamento \u00e0 vista e de parcelas unificadas do IPVA 2024 termina na sexta, 28 - O Timoneiro Jornal Canoas RS\",\"isPartOf\":{\"@id\":\"https:\/\/jornaltimoneiro.com.br\/#website\"},\"datePublished\":\"2024-06-24T15:49:50+00:00\",\"dateModified\":\"2024-06-24T15:49:50+00:00\",\"description\":\"Prazo para pagamento \u00e0 vista e de parcelas unificadas do IPVA 2024 termina na sexta, 28 rio grande do sul RS\",\"breadcrumb\":{\"@id\":\"https:\/\/jornaltimoneiro.com.br\/index.php\/2024\/06\/24\/prazo-para-pagamento-a-vista-e-de-parcelas-unificadas-do-ipva-2024-termina-na-sexta-28\/#breadcrumb\"},\"inLanguage\":\"pt-BR\",\"potentialAction\":[{\"@type\":\"ReadAction\",\"target\":[\"https:\/\/jornaltimoneiro.com.br\/index.php\/2024\/06\/24\/prazo-para-pagamento-a-vista-e-de-parcelas-unificadas-do-ipva-2024-termina-na-sexta-28\/\"]}]},{\"@type\":\"BreadcrumbList\",\"@id\":\"https:\/\/jornaltimoneiro.com.br\/index.php\/2024\/06\/24\/prazo-para-pagamento-a-vista-e-de-parcelas-unificadas-do-ipva-2024-termina-na-sexta-28\/#breadcrumb\",\"itemListElement\":[{\"@type\":\"ListItem\",\"position\":1,\"name\":\"In\u00edcio\",\"item\":\"https:\/\/jornaltimoneiro.com.br\/\"},{\"@type\":\"ListItem\",\"position\":2,\"name\":\"Prazo para pagamento \u00e0 vista e de parcelas unificadas do IPVA 2024 termina na sexta, 28\"}]},{\"@type\":\"WebSite\",\"@id\":\"https:\/\/jornaltimoneiro.com.br\/#website\",\"url\":\"https:\/\/jornaltimoneiro.com.br\/\",\"name\":\"Jornal Timoneiro Canoas RS\",\"description\":\"Jornal O Timoneiro, o verdadeiro jornal de Canoas\",\"publisher\":{\"@id\":\"https:\/\/jornaltimoneiro.com.br\/#organization\"},\"potentialAction\":[{\"@type\":\"SearchAction\",\"target\":{\"@type\":\"EntryPoint\",\"urlTemplate\":\"https:\/\/jornaltimoneiro.com.br\/?s={search_term_string}\"},\"query-input\":\"required name=search_term_string\"}],\"inLanguage\":\"pt-BR\"},{\"@type\":\"Organization\",\"@id\":\"https:\/\/jornaltimoneiro.com.br\/#organization\",\"name\":\"Jornal Timoneiro Canoas RS\",\"url\":\"https:\/\/jornaltimoneiro.com.br\/\",\"logo\":{\"@type\":\"ImageObject\",\"inLanguage\":\"pt-BR\",\"@id\":\"https:\/\/jornaltimoneiro.com.br\/#\/schema\/logo\/image\/\",\"url\":\"https:\/\/jornaltimoneiro.com.br\/wp-content\/uploads\/2023\/03\/logonovo.png\",\"contentUrl\":\"https:\/\/jornaltimoneiro.com.br\/wp-content\/uploads\/2023\/03\/logonovo.png\",\"width\":\"469\",\"height\":\"171\",\"caption\":\"Jornal Timoneiro Canoas RS\"},\"image\":{\"@id\":\"https:\/\/jornaltimoneiro.com.br\/#\/schema\/logo\/image\/\"},\"sameAs\":[\"https:\/\/www.facebook.com\/jornaltimoneiro\",\"https:\/\/twitter.com\/_OTimoneiro\",\"https:\/\/www.instagram.com\/jornaltimoneirocanoas\/\",\"https:\/\/www.youtube.com\/@jornalotimoneiro7927\"]},{\"@type\":\"Person\",\"@id\":\"https:\/\/jornaltimoneiro.com.br\/#\/schema\/person\/f63482f1a02b1a9592707865e509ab40\",\"name\":\"Reda\u00e7\u00e3o\",\"image\":{\"@type\":\"ImageObject\",\"inLanguage\":\"pt-BR\",\"@id\":\"https:\/\/jornaltimoneiro.com.br\/#\/schema\/person\/image\/\",\"url\":\"https:\/\/jornaltimoneiro.com.br\/wp-content\/uploads\/2023\/03\/download.jpeg\",\"contentUrl\":\"https:\/\/jornaltimoneiro.com.br\/wp-content\/uploads\/2023\/03\/download.jpeg\",\"caption\":\"Reda\u00e7\u00e3o\"},\"url\":\"https:\/\/jornaltimoneiro.com.br\/index.php\/author\/simone-dutra\/\"}]}<\/script>\n<!-- \/ Yoast SEO plugin. -->","yoast_head_json":{"title":"Prazo para pagamento \u00e0 vista e de parcelas unificadas do IPVA 2024 termina na sexta, 28 - O Timoneiro Jornal Canoas RS","description":"Prazo para pagamento \u00e0 vista e de parcelas unificadas do IPVA 2024 termina na sexta, 28 rio grande do sul RS","robots":{"index":"index","follow":"follow","max-snippet":"max-snippet:-1","max-image-preview":"max-image-preview:large","max-video-preview":"max-video-preview:-1"},"canonical":"https:\/\/jornaltimoneiro.com.br\/index.php\/2024\/06\/24\/prazo-para-pagamento-a-vista-e-de-parcelas-unificadas-do-ipva-2024-termina-na-sexta-28\/","og_locale":"pt_BR","og_type":"article","og_title":"Prazo para pagamento \u00e0 vista e de parcelas unificadas do IPVA 2024 termina na sexta, 28 - O Timoneiro Jornal Canoas RS","og_description":"Prazo para pagamento \u00e0 vista e de parcelas unificadas do IPVA 2024 termina na sexta, 28 rio grande do sul RS","og_url":"https:\/\/jornaltimoneiro.com.br\/index.php\/2024\/06\/24\/prazo-para-pagamento-a-vista-e-de-parcelas-unificadas-do-ipva-2024-termina-na-sexta-28\/","og_site_name":"O Timoneiro Jornal Canoas RS","article_publisher":"https:\/\/www.facebook.com\/jornaltimoneiro","article_published_time":"2024-06-24T15:49:50+00:00","og_image":[{"width":"800","height":"450","url":"https:\/\/jornaltimoneiro.com.br\/wp-content\/uploads\/2023\/07\/64909078407724.71351465.jpg","type":"image\/jpeg"}],"author":"Reda\u00e7\u00e3o","twitter_card":"summary_large_image","twitter_creator":"@_OTimoneiro","twitter_site":"@_OTimoneiro","twitter_misc":{"Escrito por":"Reda\u00e7\u00e3o","Est. tempo de leitura":"3 minutos"},"schema":{"@context":"https:\/\/schema.org","@graph":[{"@type":"Article","@id":"https:\/\/jornaltimoneiro.com.br\/index.php\/2024\/06\/24\/prazo-para-pagamento-a-vista-e-de-parcelas-unificadas-do-ipva-2024-termina-na-sexta-28\/#article","isPartOf":{"@id":"https:\/\/jornaltimoneiro.com.br\/index.php\/2024\/06\/24\/prazo-para-pagamento-a-vista-e-de-parcelas-unificadas-do-ipva-2024-termina-na-sexta-28\/"},"author":{"name":"Reda\u00e7\u00e3o","@id":"https:\/\/jornaltimoneiro.com.br\/#\/schema\/person\/f63482f1a02b1a9592707865e509ab40"},"headline":"Prazo para pagamento \u00e0 vista e de parcelas unificadas do IPVA 2024 termina na sexta, 28","datePublished":"2024-06-24T15:49:50+00:00","dateModified":"2024-06-24T15:49:50+00:00","mainEntityOfPage":{"@id":"https:\/\/jornaltimoneiro.com.br\/index.php\/2024\/06\/24\/prazo-para-pagamento-a-vista-e-de-parcelas-unificadas-do-ipva-2024-termina-na-sexta-28\/"},"wordCount":594,"commentCount":0,"publisher":{"@id":"https:\/\/jornaltimoneiro.com.br\/#organization"},"keywords":["featured","ipva","IPVA 2024","motoristas","pagamento","prazo","rio grande do sul","RS"],"articleSection":["Geral","Transporte"],"inLanguage":"pt-BR","potentialAction":[{"@type":"CommentAction","name":"Comment","target":["https:\/\/jornaltimoneiro.com.br\/index.php\/2024\/06\/24\/prazo-para-pagamento-a-vista-e-de-parcelas-unificadas-do-ipva-2024-termina-na-sexta-28\/#respond"]}]},{"@type":"WebPage","@id":"https:\/\/jornaltimoneiro.com.br\/index.php\/2024\/06\/24\/prazo-para-pagamento-a-vista-e-de-parcelas-unificadas-do-ipva-2024-termina-na-sexta-28\/","url":"https:\/\/jornaltimoneiro.com.br\/index.php\/2024\/06\/24\/prazo-para-pagamento-a-vista-e-de-parcelas-unificadas-do-ipva-2024-termina-na-sexta-28\/","name":"Prazo para pagamento \u00e0 vista e de parcelas unificadas do IPVA 2024 termina na sexta, 28 - O Timoneiro Jornal Canoas RS","isPartOf":{"@id":"https:\/\/jornaltimoneiro.com.br\/#website"},"datePublished":"2024-06-24T15:49:50+00:00","dateModified":"2024-06-24T15:49:50+00:00","description":"Prazo para pagamento \u00e0 vista e de parcelas unificadas do IPVA 2024 termina na sexta, 28 rio grande do sul RS","breadcrumb":{"@id":"https:\/\/jornaltimoneiro.com.br\/index.php\/2024\/06\/24\/prazo-para-pagamento-a-vista-e-de-parcelas-unificadas-do-ipva-2024-termina-na-sexta-28\/#breadcrumb"},"inLanguage":"pt-BR","potentialAction":[{"@type":"ReadAction","target":["https:\/\/jornaltimoneiro.com.br\/index.php\/2024\/06\/24\/prazo-para-pagamento-a-vista-e-de-parcelas-unificadas-do-ipva-2024-termina-na-sexta-28\/"]}]},{"@type":"BreadcrumbList","@id":"https:\/\/jornaltimoneiro.com.br\/index.php\/2024\/06\/24\/prazo-para-pagamento-a-vista-e-de-parcelas-unificadas-do-ipva-2024-termina-na-sexta-28\/#breadcrumb","itemListElement":[{"@type":"ListItem","position":1,"name":"In\u00edcio","item":"https:\/\/jornaltimoneiro.com.br\/"},{"@type":"ListItem","position":2,"name":"Prazo para pagamento \u00e0 vista e de parcelas unificadas do IPVA 2024 termina na sexta, 28"}]},{"@type":"WebSite","@id":"https:\/\/jornaltimoneiro.com.br\/#website","url":"https:\/\/jornaltimoneiro.com.br\/","name":"Jornal Timoneiro Canoas RS","description":"Jornal O Timoneiro, o verdadeiro jornal de Canoas","publisher":{"@id":"https:\/\/jornaltimoneiro.com.br\/#organization"},"potentialAction":[{"@type":"SearchAction","target":{"@type":"EntryPoint","urlTemplate":"https:\/\/jornaltimoneiro.com.br\/?s={search_term_string}"},"query-input":"required name=search_term_string"}],"inLanguage":"pt-BR"},{"@type":"Organization","@id":"https:\/\/jornaltimoneiro.com.br\/#organization","name":"Jornal Timoneiro Canoas RS","url":"https:\/\/jornaltimoneiro.com.br\/","logo":{"@type":"ImageObject","inLanguage":"pt-BR","@id":"https:\/\/jornaltimoneiro.com.br\/#\/schema\/logo\/image\/","url":"https:\/\/jornaltimoneiro.com.br\/wp-content\/uploads\/2023\/03\/logonovo.png","contentUrl":"https:\/\/jornaltimoneiro.com.br\/wp-content\/uploads\/2023\/03\/logonovo.png","width":"469","height":"171","caption":"Jornal Timoneiro Canoas RS"},"image":{"@id":"https:\/\/jornaltimoneiro.com.br\/#\/schema\/logo\/image\/"},"sameAs":["https:\/\/www.facebook.com\/jornaltimoneiro","https:\/\/twitter.com\/_OTimoneiro","https:\/\/www.instagram.com\/jornaltimoneirocanoas\/","https:\/\/www.youtube.com\/@jornalotimoneiro7927"]},{"@type":"Person","@id":"https:\/\/jornaltimoneiro.com.br\/#\/schema\/person\/f63482f1a02b1a9592707865e509ab40","name":"Reda\u00e7\u00e3o","image":{"@type":"ImageObject","inLanguage":"pt-BR","@id":"https:\/\/jornaltimoneiro.com.br\/#\/schema\/person\/image\/","url":"https:\/\/jornaltimoneiro.com.br\/wp-content\/uploads\/2023\/03\/download.jpeg","contentUrl":"https:\/\/jornaltimoneiro.com.br\/wp-content\/uploads\/2023\/03\/download.jpeg","caption":"Reda\u00e7\u00e3o"},"url":"https:\/\/jornaltimoneiro.com.br\/index.php\/author\/simone-dutra\/"}]}},"_links":{"self":[{"href":"https:\/\/jornaltimoneiro.com.br\/index.php\/wp-json\/wp\/v2\/posts\/30480"}],"collection":[{"href":"https:\/\/jornaltimoneiro.com.br\/index.php\/wp-json\/wp\/v2\/posts"}],"about":[{"href":"https:\/\/jornaltimoneiro.com.br\/index.php\/wp-json\/wp\/v2\/types\/post"}],"author":[{"embeddable":true,"href":"https:\/\/jornaltimoneiro.com.br\/index.php\/wp-json\/wp\/v2\/users\/2"}],"replies":[{"embeddable":true,"href":"https:\/\/jornaltimoneiro.com.br\/index.php\/wp-json\/wp\/v2\/comments?post=30480"}],"version-history":[{"count":1,"href":"https:\/\/jornaltimoneiro.com.br\/index.php\/wp-json\/wp\/v2\/posts\/30480\/revisions"}],"predecessor-version":[{"id":30486,"href":"https:\/\/jornaltimoneiro.com.br\/index.php\/wp-json\/wp\/v2\/posts\/30480\/revisions\/30486"}],"wp:featuredmedia":[{"embeddable":true,"href":"https:\/\/jornaltimoneiro.com.br\/index.php\/wp-json\/wp\/v2\/media\/25249"}],"wp:attachment":[{"href":"https:\/\/jornaltimoneiro.com.br\/index.php\/wp-json\/wp\/v2\/media?parent=30480"}],"wp:term":[{"taxonomy":"category","embeddable":true,"href":"https:\/\/jornaltimoneiro.com.br\/index.php\/wp-json\/wp\/v2\/categories?post=30480"},{"taxonomy":"post_tag","embeddable":true,"href":"https:\/\/jornaltimoneiro.com.br\/index.php\/wp-json\/wp\/v2\/tags?post=30480"}],"curies":[{"name":"wp","href":"https:\/\/api.w.org\/{rel}","templated":true}]}}