{"id":3042,"date":"2016-03-02T16:14:32","date_gmt":"2016-03-02T19:14:32","guid":{"rendered":"http:\/\/otimoneiro.com.br\/?p=3042"},"modified":"2016-03-02T16:14:32","modified_gmt":"2016-03-02T19:14:32","slug":"escolas-municipais-elegem-gremios-estudantis-no-dia-21","status":"publish","type":"post","link":"https:\/\/jornaltimoneiro.com.br\/index.php\/2016\/03\/02\/escolas-municipais-elegem-gremios-estudantis-no-dia-21\/","title":{"rendered":"Escolas municipais elegem gr\u00eamios estudantis no dia 21"},"content":{"rendered":"<h1><\/h1>\n<div>\n<p dir=\"ltr\"><a href=\"http:\/\/otimoneiro.com.br\/wp-content\/uploads\/2016\/03\/gremio.jpg\"><img decoding=\"async\" class=\"aligncenter size-full wp-image-3043\" src=\"http:\/\/otimoneiro.com.br\/wp-content\/uploads\/2016\/03\/gremio.jpg\" alt=\"gremio\" width=\"900\" height=\"600\" \/><\/a><\/p>\n<p dir=\"ltr\">As\u00a0escolas do Ensino Fundamental da Rede Municipal de Ensino de Canoas realizar\u00e3o, no pr\u00f3ximo dia 21, a elei\u00e7\u00e3o para a ocupa\u00e7\u00e3o de cargos dos gr\u00eamios estudantis para a gest\u00e3o 2016\/2017. A elei\u00e7\u00e3o, realizada pela primeira vez nas 44 escolas da rede e de forma simult\u00e2nea, ter\u00e1 a coordena\u00e7\u00e3o da Secretaria Municipal de Educa\u00e7\u00e3o e da Coordenadoria da Juventude.<\/p>\n<p dir=\"ltr\">Na ter\u00e7a-feira, 9, SME e Juventude estiveram reunidos para os acertos finais do pleito. Um Edital de Convoca\u00e7\u00e3o de Elei\u00e7\u00e3o ser\u00e1 lan\u00e7ado, em todas as escolas, na pr\u00f3xima sexta-feira, 4. Nele, s\u00e3o estabelecidos o cronograma, as regras para a candidatura, propaganda, apura\u00e7\u00e3o e divulga\u00e7\u00e3o de resultados.<\/p>\n<p>As inscri\u00e7\u00f5es para a composi\u00e7\u00e3o de chapas se dar\u00e1 entre os dias 7 e 10 de mar\u00e7o e elas dever\u00e3o preencher os cargos de Presidente, Vice-Presidente, Secret\u00e1rio-Geral, 1\u00ba Secret\u00e1rio, Tesoureiro-Geral e 1\u00ba Tesoureiro. A homologa\u00e7\u00e3o dessas chapas tamb\u00e9m se dar\u00e1 por uma Comiss\u00e3o Eleitoral Escolar formada por alunos que n\u00e3o se candidataram (pelo menos um e no m\u00e1ximo dois por turno), al\u00e9m de um representante docente, um representante da equipe diretiva; e um representante do Conselho de Pais e Mestres (CPM) ou Conselho Escolar. S\u00e3o eleg\u00edveis estudantes do 6\u00ba ao 9\u00ba ano do Ensino Fundamental e da EJA, caso a escola oferte esta modalidade. Os alunos inscritos somente ter\u00e3o suas candidaturas deferidas se preencherem os seguintes requisitos: estarem matriculados e com frequ\u00eancia regular; n\u00e3o estarem cursando o 9\u00ba ano do Ensino Fundamental e a Totalidade 2 da EJA para os cargos de Presidente e Tesoureiro.<\/p>\n<p dir=\"ltr\">A campanha das chapas acontece entre 15 e 18 de mar\u00e7o, nas\u00a0depend\u00eancias da escola, podendo acontecer antes do in\u00edcio e depois do t\u00e9rmino das aulas e\/ou durante os recreios. A campanha ser\u00e1 feita por meio de cartazes, santinhos, murais, som (hor\u00e1rio eleitoral) e\/ou reuni\u00f5es com os eleitores para divulga\u00e7\u00e3o das propostas.<\/p>\n<p dir=\"ltr\">A elei\u00e7\u00e3o acontecer\u00e1 no dia 21 de mar\u00e7o, no hor\u00e1rio das 8 horas \u00e0s 11h30min, das 13h30min \u00e0s 17 horas e das 19\u00a0horas\u00a0\u00e0s 21 horas para os estudantes do 3\u00ba ano ao 9\u00ba ano e da EJA. No dia da elei\u00e7\u00e3o, n\u00e3o ser\u00e3o permitidas quaisquer tipos de manifesta\u00e7\u00f5es em favor de candidatos (boca-de-urna). E a vota\u00e7\u00e3o no turno da noite ocorrer\u00e1 t\u00e3o somente nas escolas onde for ofertada a Educa\u00e7\u00e3o de jovens e Adultos \u2013 EJA.<\/p>\n<p dir=\"ltr\">Os candidatos ser\u00e3o escolhidos por voto secreto, que ser\u00e1 facultativo. Ser\u00e3o classificados conforme ordem decrescente dos votos. A Comiss\u00e3o Eleitoral inscrever\u00e1 volunt\u00e1rios n\u00e3o-candidatos da comunidade escolar para atuarem como mes\u00e1rios. As chapas podem indicar um fiscal para acompanhamento do processo eleitoral da vota\u00e7\u00e3o. O resultado ser\u00e1 divulgado no\u00a0site\u00a0da Prefeitura Municipal de Canoas. A posse da nova Diretoria do Gr\u00eamio Estudantil \u2013 Gest\u00e3o 2016\/2017 acontecer\u00e1 no dia 28 de mar\u00e7o, tamb\u00e9m de forma simult\u00e2nea nas 44 escolas.<\/p>\n<p><strong>Representa\u00e7\u00e3o \u00e9 garantida em lei<\/strong><\/p>\n<p>A organiza\u00e7\u00e3o estudantil, por meio dos gr\u00eamios, \u00e9 garantida em lei. O funcionamento dos Gr\u00eamios Estudantis, de forma livre, ganhando o reconhecimento como um importante papel na forma\u00e7\u00e3o da juventude, \u00e9 estabelecido na Lei 7.398, de 04\/11\/1985 e na Medida Provis\u00f3ria 2.208 de 17\/08\/2001 e encontra amparo tamb\u00e9m no Estatuto da Crian\u00e7a e do Adolescente.<\/p>\n<p>&nbsp;<\/p>\n<\/div>\n","protected":false},"excerpt":{"rendered":"<p>Um Edital de Convoca\u00e7\u00e3o de Elei\u00e7\u00e3o ser\u00e1 lan\u00e7ado, em todas as escolas, na pr\u00f3xima sexta-feira, 4<\/p>\n","protected":false},"author":1,"featured_media":3043,"comment_status":"open","ping_status":"open","sticky":false,"template":"","format":"standard","meta":{"amp_status":"","footnotes":""},"categories":[19,27,22],"tags":[],"class_list":["post-3042","post","type-post","status-publish","format-standard","has-post-thumbnail","hentry","category-destaques","category-ensino","category-noticias"],"yoast_head":"<!-- This site is optimized with the Yoast SEO plugin v20.5 - https:\/\/yoast.com\/wordpress\/plugins\/seo\/ -->\n<title>Escolas municipais elegem gr\u00eamios estudantis no dia 21 - O Timoneiro Jornal Canoas RS<\/title>\n<meta name=\"robots\" content=\"index, follow, max-snippet:-1, max-image-preview:large, max-video-preview:-1\" \/>\n<link rel=\"canonical\" href=\"https:\/\/jornaltimoneiro.com.br\/index.php\/2016\/03\/02\/escolas-municipais-elegem-gremios-estudantis-no-dia-21\/\" \/>\n<meta property=\"og:locale\" content=\"pt_BR\" \/>\n<meta property=\"og:type\" content=\"article\" \/>\n<meta property=\"og:title\" content=\"Escolas municipais elegem gr\u00eamios estudantis no dia 21 - O Timoneiro Jornal Canoas RS\" \/>\n<meta property=\"og:description\" content=\"Um Edital de Convoca\u00e7\u00e3o de Elei\u00e7\u00e3o ser\u00e1 lan\u00e7ado, em todas as escolas, na pr\u00f3xima sexta-feira, 4\" \/>\n<meta property=\"og:url\" content=\"https:\/\/jornaltimoneiro.com.br\/index.php\/2016\/03\/02\/escolas-municipais-elegem-gremios-estudantis-no-dia-21\/\" \/>\n<meta property=\"og:site_name\" content=\"O Timoneiro Jornal Canoas RS\" \/>\n<meta property=\"article:publisher\" content=\"https:\/\/www.facebook.com\/jornaltimoneiro\" \/>\n<meta property=\"article:published_time\" content=\"2016-03-02T19:14:32+00:00\" \/>\n<meta name=\"author\" content=\"Reda\u00e7\u00e3o\" \/>\n<meta name=\"twitter:card\" content=\"summary_large_image\" \/>\n<meta name=\"twitter:creator\" content=\"@_OTimoneiro\" \/>\n<meta name=\"twitter:site\" content=\"@_OTimoneiro\" \/>\n<meta name=\"twitter:label1\" content=\"Escrito por\" \/>\n\t<meta name=\"twitter:data1\" content=\"Reda\u00e7\u00e3o\" \/>\n\t<meta name=\"twitter:label2\" content=\"Est. tempo de leitura\" \/>\n\t<meta name=\"twitter:data2\" content=\"3 minutos\" \/>\n<script type=\"application\/ld+json\" class=\"yoast-schema-graph\">{\"@context\":\"https:\/\/schema.org\",\"@graph\":[{\"@type\":\"Article\",\"@id\":\"https:\/\/jornaltimoneiro.com.br\/index.php\/2016\/03\/02\/escolas-municipais-elegem-gremios-estudantis-no-dia-21\/#article\",\"isPartOf\":{\"@id\":\"https:\/\/jornaltimoneiro.com.br\/index.php\/2016\/03\/02\/escolas-municipais-elegem-gremios-estudantis-no-dia-21\/\"},\"author\":{\"name\":\"Reda\u00e7\u00e3o\",\"@id\":\"https:\/\/jornaltimoneiro.com.br\/#\/schema\/person\/620efd1d8244466117482be494360b08\"},\"headline\":\"Escolas municipais elegem gr\u00eamios estudantis no dia 21\",\"datePublished\":\"2016-03-02T19:14:32+00:00\",\"dateModified\":\"2016-03-02T19:14:32+00:00\",\"mainEntityOfPage\":{\"@id\":\"https:\/\/jornaltimoneiro.com.br\/index.php\/2016\/03\/02\/escolas-municipais-elegem-gremios-estudantis-no-dia-21\/\"},\"wordCount\":569,\"commentCount\":0,\"publisher\":{\"@id\":\"https:\/\/jornaltimoneiro.com.br\/#organization\"},\"articleSection\":[\"Destaques\",\"Ensino\",\"Not\u00edcias\"],\"inLanguage\":\"pt-BR\",\"potentialAction\":[{\"@type\":\"CommentAction\",\"name\":\"Comment\",\"target\":[\"https:\/\/jornaltimoneiro.com.br\/index.php\/2016\/03\/02\/escolas-municipais-elegem-gremios-estudantis-no-dia-21\/#respond\"]}]},{\"@type\":\"WebPage\",\"@id\":\"https:\/\/jornaltimoneiro.com.br\/index.php\/2016\/03\/02\/escolas-municipais-elegem-gremios-estudantis-no-dia-21\/\",\"url\":\"https:\/\/jornaltimoneiro.com.br\/index.php\/2016\/03\/02\/escolas-municipais-elegem-gremios-estudantis-no-dia-21\/\",\"name\":\"Escolas municipais elegem gr\u00eamios estudantis no dia 21 - O Timoneiro Jornal Canoas RS\",\"isPartOf\":{\"@id\":\"https:\/\/jornaltimoneiro.com.br\/#website\"},\"datePublished\":\"2016-03-02T19:14:32+00:00\",\"dateModified\":\"2016-03-02T19:14:32+00:00\",\"breadcrumb\":{\"@id\":\"https:\/\/jornaltimoneiro.com.br\/index.php\/2016\/03\/02\/escolas-municipais-elegem-gremios-estudantis-no-dia-21\/#breadcrumb\"},\"inLanguage\":\"pt-BR\",\"potentialAction\":[{\"@type\":\"ReadAction\",\"target\":[\"https:\/\/jornaltimoneiro.com.br\/index.php\/2016\/03\/02\/escolas-municipais-elegem-gremios-estudantis-no-dia-21\/\"]}]},{\"@type\":\"BreadcrumbList\",\"@id\":\"https:\/\/jornaltimoneiro.com.br\/index.php\/2016\/03\/02\/escolas-municipais-elegem-gremios-estudantis-no-dia-21\/#breadcrumb\",\"itemListElement\":[{\"@type\":\"ListItem\",\"position\":1,\"name\":\"In\u00edcio\",\"item\":\"https:\/\/jornaltimoneiro.com.br\/\"},{\"@type\":\"ListItem\",\"position\":2,\"name\":\"Escolas municipais elegem gr\u00eamios estudantis no dia 21\"}]},{\"@type\":\"WebSite\",\"@id\":\"https:\/\/jornaltimoneiro.com.br\/#website\",\"url\":\"https:\/\/jornaltimoneiro.com.br\/\",\"name\":\"Jornal Timoneiro Canoas RS\",\"description\":\"Jornal O Timoneiro, o verdadeiro jornal de Canoas\",\"publisher\":{\"@id\":\"https:\/\/jornaltimoneiro.com.br\/#organization\"},\"potentialAction\":[{\"@type\":\"SearchAction\",\"target\":{\"@type\":\"EntryPoint\",\"urlTemplate\":\"https:\/\/jornaltimoneiro.com.br\/?s={search_term_string}\"},\"query-input\":\"required name=search_term_string\"}],\"inLanguage\":\"pt-BR\"},{\"@type\":\"Organization\",\"@id\":\"https:\/\/jornaltimoneiro.com.br\/#organization\",\"name\":\"Jornal Timoneiro Canoas RS\",\"url\":\"https:\/\/jornaltimoneiro.com.br\/\",\"logo\":{\"@type\":\"ImageObject\",\"inLanguage\":\"pt-BR\",\"@id\":\"https:\/\/jornaltimoneiro.com.br\/#\/schema\/logo\/image\/\",\"url\":\"https:\/\/jornaltimoneiro.com.br\/wp-content\/uploads\/2023\/03\/logonovo.png\",\"contentUrl\":\"https:\/\/jornaltimoneiro.com.br\/wp-content\/uploads\/2023\/03\/logonovo.png\",\"width\":\"469\",\"height\":\"171\",\"caption\":\"Jornal Timoneiro Canoas RS\"},\"image\":{\"@id\":\"https:\/\/jornaltimoneiro.com.br\/#\/schema\/logo\/image\/\"},\"sameAs\":[\"https:\/\/www.facebook.com\/jornaltimoneiro\",\"https:\/\/twitter.com\/_OTimoneiro\",\"https:\/\/www.instagram.com\/jornaltimoneirocanoas\/\",\"https:\/\/www.youtube.com\/@jornalotimoneiro7927\"]},{\"@type\":\"Person\",\"@id\":\"https:\/\/jornaltimoneiro.com.br\/#\/schema\/person\/620efd1d8244466117482be494360b08\",\"name\":\"Reda\u00e7\u00e3o\",\"image\":{\"@type\":\"ImageObject\",\"inLanguage\":\"pt-BR\",\"@id\":\"https:\/\/jornaltimoneiro.com.br\/#\/schema\/person\/image\/\",\"url\":\"https:\/\/secure.gravatar.com\/avatar\/2f04e1b304682a8d9db336c7acd77f08?s=96&d=mm&r=g\",\"contentUrl\":\"https:\/\/secure.gravatar.com\/avatar\/2f04e1b304682a8d9db336c7acd77f08?s=96&d=mm&r=g\",\"caption\":\"Reda\u00e7\u00e3o\"},\"url\":\"https:\/\/jornaltimoneiro.com.br\/index.php\/author\/timoneirocanoas\/\"}]}<\/script>\n<!-- \/ Yoast SEO plugin. -->","yoast_head_json":{"title":"Escolas municipais elegem gr\u00eamios estudantis no dia 21 - O Timoneiro Jornal Canoas RS","robots":{"index":"index","follow":"follow","max-snippet":"max-snippet:-1","max-image-preview":"max-image-preview:large","max-video-preview":"max-video-preview:-1"},"canonical":"https:\/\/jornaltimoneiro.com.br\/index.php\/2016\/03\/02\/escolas-municipais-elegem-gremios-estudantis-no-dia-21\/","og_locale":"pt_BR","og_type":"article","og_title":"Escolas municipais elegem gr\u00eamios estudantis no dia 21 - O Timoneiro Jornal Canoas RS","og_description":"Um Edital de Convoca\u00e7\u00e3o de Elei\u00e7\u00e3o ser\u00e1 lan\u00e7ado, em todas as escolas, na pr\u00f3xima sexta-feira, 4","og_url":"https:\/\/jornaltimoneiro.com.br\/index.php\/2016\/03\/02\/escolas-municipais-elegem-gremios-estudantis-no-dia-21\/","og_site_name":"O Timoneiro Jornal Canoas RS","article_publisher":"https:\/\/www.facebook.com\/jornaltimoneiro","article_published_time":"2016-03-02T19:14:32+00:00","author":"Reda\u00e7\u00e3o","twitter_card":"summary_large_image","twitter_creator":"@_OTimoneiro","twitter_site":"@_OTimoneiro","twitter_misc":{"Escrito por":"Reda\u00e7\u00e3o","Est. tempo de leitura":"3 minutos"},"schema":{"@context":"https:\/\/schema.org","@graph":[{"@type":"Article","@id":"https:\/\/jornaltimoneiro.com.br\/index.php\/2016\/03\/02\/escolas-municipais-elegem-gremios-estudantis-no-dia-21\/#article","isPartOf":{"@id":"https:\/\/jornaltimoneiro.com.br\/index.php\/2016\/03\/02\/escolas-municipais-elegem-gremios-estudantis-no-dia-21\/"},"author":{"name":"Reda\u00e7\u00e3o","@id":"https:\/\/jornaltimoneiro.com.br\/#\/schema\/person\/620efd1d8244466117482be494360b08"},"headline":"Escolas municipais elegem gr\u00eamios estudantis no dia 21","datePublished":"2016-03-02T19:14:32+00:00","dateModified":"2016-03-02T19:14:32+00:00","mainEntityOfPage":{"@id":"https:\/\/jornaltimoneiro.com.br\/index.php\/2016\/03\/02\/escolas-municipais-elegem-gremios-estudantis-no-dia-21\/"},"wordCount":569,"commentCount":0,"publisher":{"@id":"https:\/\/jornaltimoneiro.com.br\/#organization"},"articleSection":["Destaques","Ensino","Not\u00edcias"],"inLanguage":"pt-BR","potentialAction":[{"@type":"CommentAction","name":"Comment","target":["https:\/\/jornaltimoneiro.com.br\/index.php\/2016\/03\/02\/escolas-municipais-elegem-gremios-estudantis-no-dia-21\/#respond"]}]},{"@type":"WebPage","@id":"https:\/\/jornaltimoneiro.com.br\/index.php\/2016\/03\/02\/escolas-municipais-elegem-gremios-estudantis-no-dia-21\/","url":"https:\/\/jornaltimoneiro.com.br\/index.php\/2016\/03\/02\/escolas-municipais-elegem-gremios-estudantis-no-dia-21\/","name":"Escolas municipais elegem gr\u00eamios estudantis no dia 21 - O Timoneiro Jornal Canoas RS","isPartOf":{"@id":"https:\/\/jornaltimoneiro.com.br\/#website"},"datePublished":"2016-03-02T19:14:32+00:00","dateModified":"2016-03-02T19:14:32+00:00","breadcrumb":{"@id":"https:\/\/jornaltimoneiro.com.br\/index.php\/2016\/03\/02\/escolas-municipais-elegem-gremios-estudantis-no-dia-21\/#breadcrumb"},"inLanguage":"pt-BR","potentialAction":[{"@type":"ReadAction","target":["https:\/\/jornaltimoneiro.com.br\/index.php\/2016\/03\/02\/escolas-municipais-elegem-gremios-estudantis-no-dia-21\/"]}]},{"@type":"BreadcrumbList","@id":"https:\/\/jornaltimoneiro.com.br\/index.php\/2016\/03\/02\/escolas-municipais-elegem-gremios-estudantis-no-dia-21\/#breadcrumb","itemListElement":[{"@type":"ListItem","position":1,"name":"In\u00edcio","item":"https:\/\/jornaltimoneiro.com.br\/"},{"@type":"ListItem","position":2,"name":"Escolas municipais elegem gr\u00eamios estudantis no dia 21"}]},{"@type":"WebSite","@id":"https:\/\/jornaltimoneiro.com.br\/#website","url":"https:\/\/jornaltimoneiro.com.br\/","name":"Jornal Timoneiro Canoas RS","description":"Jornal O Timoneiro, o verdadeiro jornal de Canoas","publisher":{"@id":"https:\/\/jornaltimoneiro.com.br\/#organization"},"potentialAction":[{"@type":"SearchAction","target":{"@type":"EntryPoint","urlTemplate":"https:\/\/jornaltimoneiro.com.br\/?s={search_term_string}"},"query-input":"required name=search_term_string"}],"inLanguage":"pt-BR"},{"@type":"Organization","@id":"https:\/\/jornaltimoneiro.com.br\/#organization","name":"Jornal Timoneiro Canoas RS","url":"https:\/\/jornaltimoneiro.com.br\/","logo":{"@type":"ImageObject","inLanguage":"pt-BR","@id":"https:\/\/jornaltimoneiro.com.br\/#\/schema\/logo\/image\/","url":"https:\/\/jornaltimoneiro.com.br\/wp-content\/uploads\/2023\/03\/logonovo.png","contentUrl":"https:\/\/jornaltimoneiro.com.br\/wp-content\/uploads\/2023\/03\/logonovo.png","width":"469","height":"171","caption":"Jornal Timoneiro Canoas RS"},"image":{"@id":"https:\/\/jornaltimoneiro.com.br\/#\/schema\/logo\/image\/"},"sameAs":["https:\/\/www.facebook.com\/jornaltimoneiro","https:\/\/twitter.com\/_OTimoneiro","https:\/\/www.instagram.com\/jornaltimoneirocanoas\/","https:\/\/www.youtube.com\/@jornalotimoneiro7927"]},{"@type":"Person","@id":"https:\/\/jornaltimoneiro.com.br\/#\/schema\/person\/620efd1d8244466117482be494360b08","name":"Reda\u00e7\u00e3o","image":{"@type":"ImageObject","inLanguage":"pt-BR","@id":"https:\/\/jornaltimoneiro.com.br\/#\/schema\/person\/image\/","url":"https:\/\/secure.gravatar.com\/avatar\/2f04e1b304682a8d9db336c7acd77f08?s=96&d=mm&r=g","contentUrl":"https:\/\/secure.gravatar.com\/avatar\/2f04e1b304682a8d9db336c7acd77f08?s=96&d=mm&r=g","caption":"Reda\u00e7\u00e3o"},"url":"https:\/\/jornaltimoneiro.com.br\/index.php\/author\/timoneirocanoas\/"}]}},"_links":{"self":[{"href":"https:\/\/jornaltimoneiro.com.br\/index.php\/wp-json\/wp\/v2\/posts\/3042"}],"collection":[{"href":"https:\/\/jornaltimoneiro.com.br\/index.php\/wp-json\/wp\/v2\/posts"}],"about":[{"href":"https:\/\/jornaltimoneiro.com.br\/index.php\/wp-json\/wp\/v2\/types\/post"}],"author":[{"embeddable":true,"href":"https:\/\/jornaltimoneiro.com.br\/index.php\/wp-json\/wp\/v2\/users\/1"}],"replies":[{"embeddable":true,"href":"https:\/\/jornaltimoneiro.com.br\/index.php\/wp-json\/wp\/v2\/comments?post=3042"}],"version-history":[{"count":0,"href":"https:\/\/jornaltimoneiro.com.br\/index.php\/wp-json\/wp\/v2\/posts\/3042\/revisions"}],"wp:featuredmedia":[{"embeddable":true,"href":"https:\/\/jornaltimoneiro.com.br\/index.php\/wp-json\/"}],"wp:attachment":[{"href":"https:\/\/jornaltimoneiro.com.br\/index.php\/wp-json\/wp\/v2\/media?parent=3042"}],"wp:term":[{"taxonomy":"category","embeddable":true,"href":"https:\/\/jornaltimoneiro.com.br\/index.php\/wp-json\/wp\/v2\/categories?post=3042"},{"taxonomy":"post_tag","embeddable":true,"href":"https:\/\/jornaltimoneiro.com.br\/index.php\/wp-json\/wp\/v2\/tags?post=3042"}],"curies":[{"name":"wp","href":"https:\/\/api.w.org\/{rel}","templated":true}]}}