{"id":3035,"date":"2016-03-02T13:45:55","date_gmt":"2016-03-02T16:45:55","guid":{"rendered":"http:\/\/otimoneiro.com.br\/?p=3035"},"modified":"2016-03-02T13:45:55","modified_gmt":"2016-03-02T16:45:55","slug":"turma-de-formacao-de-atores-do-galpao-de-artes-apresenta-o-espetaculo-plataforma-k","status":"publish","type":"post","link":"https:\/\/jornaltimoneiro.com.br\/index.php\/2016\/03\/02\/turma-de-formacao-de-atores-do-galpao-de-artes-apresenta-o-espetaculo-plataforma-k\/","title":{"rendered":"Turma de Forma\u00e7\u00e3o de Atores do Galp\u00e3o de Artes apresenta o espet\u00e1culo Plataforma K"},"content":{"rendered":"<div id=\"attachment_3040\" style=\"width: 714px\" class=\"wp-caption aligncenter\"><a href=\"http:\/\/otimoneiro.com.br\/wp-content\/uploads\/2016\/03\/galp\u00e3o-de-artes-cortada.jpg\"><img decoding=\"async\" aria-describedby=\"caption-attachment-3040\" class=\" wp-image-3040\" src=\"http:\/\/otimoneiro.com.br\/wp-content\/uploads\/2016\/03\/galp\u00e3o-de-artes-cortada-1024x794.jpg\" alt=\"Galp\u00e3o de Artes ter\u00e1 espet\u00e1culos em abril. Foto: Galp\u00e3o de Artes\" width=\"704\" height=\"546\" \/><\/a><p id=\"caption-attachment-3040\" class=\"wp-caption-text\">Galp\u00e3o de Artes ter\u00e1 espet\u00e1culos em abril. Foto: Galp\u00e3o de Artes<\/p><\/div>\n<p>O espet\u00e1culo \u201cPlataforma K \u2013 Pequenas hist\u00f3rias de Vera Karam\u201d do Grupo Skat\u00e1\/Galp\u00e3o de Artes, \u00e9 o resultado do segundo semestre da Turma de Forma\u00e7\u00e3o de Atores do Galp\u00e3o. A proposta deste semestre foi trabalhar a partir de um texto da dramaturgia brasileira e a escolha recaiu sobre Vera Karam, autora ga\u00facha j\u00e1 falecida que deixou uma vasta obra recheada de pe\u00e7as, contos e cr\u00f4nicas.<\/p>\n<p>Trata-se de uma homenagem \u00e0 Karam. O espet\u00e1culo \u00e9 apenas um recorte de sua obra e traz a cena tr\u00eas hist\u00f3rias curtas que s\u00e3o entrecortadas por sonhos e devaneios dos pr\u00f3prios atores e do pr\u00f3prio fazer teatral. Uma homenagem ao teatro. Fazem parte do espet\u00e1culo tr\u00eas Cenas: \u201cD\u00e1 licen\u00e7a, por favor!\u201d, \u201cNoite Feliz\u201d e \u201cSer\u00e1 o contr\u00e1rio a vida de atriz?\u201d.<\/p>\n<p>Em \u201cSer\u00e1 o contr\u00e1rio a vida de atriz?\u201d duas atrizes divagam sobre as met\u00e1foras da vida e sobre o fazer teatral dentro de um camarim. Em \u201cNoite Feliz\u201d temos a noite de Natal de uma fam\u00edlia emergente, que finalmente pode contratar um Papai Noel para presentear os filhos e familiares agregados. Mas ele acaba se surpreendendo com esse \u201cbico\u201d noturno, pois a anfitri\u00e3 o tranca no apartamento logo ap\u00f3s ter cumprido o combinado, que era apenas o de entregar os presentes a todos os convidados. Em \u201cD\u00e1 licen\u00e7a, por favor!\u201d, duas mulheres disputam um lugar na plat\u00e9ia de um teatro e a partir disso debatem temas da sociedade, toler\u00e2ncia e respeito com muito humor caracter\u00edstico da autora.<\/p>\n<p>A dire\u00e7\u00e3o e a trilha sonora \u00e9 de Diego Ferreira, 34 anos, professor de teatro e funcion\u00e1rio p\u00fablico, com elenco composto por Bianca Gudaites, Nicole Leifheit, Joana Caspar, Vict\u00f3ria Mugnol, Gabriela Costa, Gabrielle Santos e Gabriel Gon\u00e7alves.<\/p>\n<p>\u201cEsse espet\u00e1culo \u00e9 resultado da forma\u00e7\u00e3o de atores. O curso tem dura\u00e7\u00e3o de tr\u00eas anos e a cada m\u00f3dulo os alunos ficam respons\u00e1veis por montar um trabalho que \u00e9 levado ao p\u00fablico. Este espet\u00e1culo \u00e9 a finaliza\u00e7\u00e3o do primeiro m\u00f3dulo de um ano, onde resolvemos estudar a dramaturgia brasileira. As hist\u00f3rias de Vera s\u00e3o coloquiais, bem restritas a cidade, tem a cidade como cen\u00e1rio, como ela era de Porto Alegre. Ent\u00e3o juntamos a cidade com o depoimento de alguns alunos. A gente traz como uma alus\u00e3o a plataforma de Canoas, o trem que corta a cidade\u201d, explica o diretor.<\/p>\n<p>A temporada come\u00e7a em abril, com sess\u00f5es todos os s\u00e1bados, das 18 horas e \u00e0s 20 horas, no dias 9, 16, 23 e 30 de abril no Galp\u00e3o de Artes, localizado na avenida A\u00e7ucena, 1401 a partir de R$ 10,00. Maiores informa\u00e7\u00f5es podem ser obtidas atrav\u00e9s do n\u00famero 8177-4446 ou pelo e-mail j.h.casper@gmail.com.<\/p>\n","protected":false},"excerpt":{"rendered":"<p>Grupo contar\u00e1 pequenas hist\u00f3rias da autora Vera Karam, mescladas com as pr\u00f3prias percep\u00e7\u00f5es da cidade<\/p>\n","protected":false},"author":1,"featured_media":3040,"comment_status":"open","ping_status":"open","sticky":false,"template":"","format":"standard","meta":{"amp_status":"","footnotes":""},"categories":[25,19,35,22],"tags":[114,115,31,116,117,118,119,120,121,122],"class_list":["post-3035","post","type-post","status-publish","format-standard","has-post-thumbnail","hentry","category-comunidade","category-destaques","category-estacao-cultural","category-noticias","tag-ator","tag-atriz","tag-canoas","tag-cultura","tag-diego-ferreira","tag-espetaculo","tag-espetaculo-canoas","tag-galpao-de-artes","tag-porto-alegre","tag-vera-karam"],"yoast_head":"<!-- This site is optimized with the Yoast SEO plugin v20.5 - https:\/\/yoast.com\/wordpress\/plugins\/seo\/ -->\n<title>Turma de Forma\u00e7\u00e3o de Atores do Galp\u00e3o de Artes apresenta o espet\u00e1culo Plataforma K - O Timoneiro Jornal Canoas RS<\/title>\n<meta name=\"robots\" content=\"index, follow, max-snippet:-1, max-image-preview:large, max-video-preview:-1\" \/>\n<link rel=\"canonical\" href=\"https:\/\/jornaltimoneiro.com.br\/index.php\/2016\/03\/02\/turma-de-formacao-de-atores-do-galpao-de-artes-apresenta-o-espetaculo-plataforma-k\/\" \/>\n<meta property=\"og:locale\" content=\"pt_BR\" \/>\n<meta property=\"og:type\" content=\"article\" \/>\n<meta property=\"og:title\" content=\"Turma de Forma\u00e7\u00e3o de Atores do Galp\u00e3o de Artes apresenta o espet\u00e1culo Plataforma K - O Timoneiro Jornal Canoas RS\" \/>\n<meta property=\"og:description\" content=\"Grupo contar\u00e1 pequenas hist\u00f3rias da autora Vera Karam, mescladas com as pr\u00f3prias percep\u00e7\u00f5es da cidade\" \/>\n<meta property=\"og:url\" content=\"https:\/\/jornaltimoneiro.com.br\/index.php\/2016\/03\/02\/turma-de-formacao-de-atores-do-galpao-de-artes-apresenta-o-espetaculo-plataforma-k\/\" \/>\n<meta property=\"og:site_name\" content=\"O Timoneiro Jornal Canoas RS\" \/>\n<meta property=\"article:publisher\" content=\"https:\/\/www.facebook.com\/jornaltimoneiro\" \/>\n<meta property=\"article:published_time\" content=\"2016-03-02T16:45:55+00:00\" \/>\n<meta name=\"author\" content=\"Reda\u00e7\u00e3o\" \/>\n<meta name=\"twitter:card\" content=\"summary_large_image\" \/>\n<meta name=\"twitter:creator\" content=\"@_OTimoneiro\" \/>\n<meta name=\"twitter:site\" content=\"@_OTimoneiro\" \/>\n<meta name=\"twitter:label1\" content=\"Escrito por\" \/>\n\t<meta name=\"twitter:data1\" content=\"Reda\u00e7\u00e3o\" \/>\n\t<meta name=\"twitter:label2\" content=\"Est. tempo de leitura\" \/>\n\t<meta name=\"twitter:data2\" content=\"2 minutos\" \/>\n<script type=\"application\/ld+json\" class=\"yoast-schema-graph\">{\"@context\":\"https:\/\/schema.org\",\"@graph\":[{\"@type\":\"Article\",\"@id\":\"https:\/\/jornaltimoneiro.com.br\/index.php\/2016\/03\/02\/turma-de-formacao-de-atores-do-galpao-de-artes-apresenta-o-espetaculo-plataforma-k\/#article\",\"isPartOf\":{\"@id\":\"https:\/\/jornaltimoneiro.com.br\/index.php\/2016\/03\/02\/turma-de-formacao-de-atores-do-galpao-de-artes-apresenta-o-espetaculo-plataforma-k\/\"},\"author\":{\"name\":\"Reda\u00e7\u00e3o\",\"@id\":\"https:\/\/jornaltimoneiro.com.br\/#\/schema\/person\/620efd1d8244466117482be494360b08\"},\"headline\":\"Turma de Forma\u00e7\u00e3o de Atores do Galp\u00e3o de Artes apresenta o espet\u00e1culo Plataforma K\",\"datePublished\":\"2016-03-02T16:45:55+00:00\",\"dateModified\":\"2016-03-02T16:45:55+00:00\",\"mainEntityOfPage\":{\"@id\":\"https:\/\/jornaltimoneiro.com.br\/index.php\/2016\/03\/02\/turma-de-formacao-de-atores-do-galpao-de-artes-apresenta-o-espetaculo-plataforma-k\/\"},\"wordCount\":512,\"commentCount\":0,\"publisher\":{\"@id\":\"https:\/\/jornaltimoneiro.com.br\/#organization\"},\"keywords\":[\"ator\",\"atriz\",\"canoas\",\"cultura\",\"Diego Ferreira\",\"espet\u00e1culo\",\"espet\u00e1culo canoas\",\"Galp\u00e3o de Artes\",\"Porto Alegre\",\"Vera Karam\"],\"articleSection\":[\"Comunidade\",\"Destaques\",\"Esta\u00e7\u00e3o Cultural\",\"Not\u00edcias\"],\"inLanguage\":\"pt-BR\",\"potentialAction\":[{\"@type\":\"CommentAction\",\"name\":\"Comment\",\"target\":[\"https:\/\/jornaltimoneiro.com.br\/index.php\/2016\/03\/02\/turma-de-formacao-de-atores-do-galpao-de-artes-apresenta-o-espetaculo-plataforma-k\/#respond\"]}]},{\"@type\":\"WebPage\",\"@id\":\"https:\/\/jornaltimoneiro.com.br\/index.php\/2016\/03\/02\/turma-de-formacao-de-atores-do-galpao-de-artes-apresenta-o-espetaculo-plataforma-k\/\",\"url\":\"https:\/\/jornaltimoneiro.com.br\/index.php\/2016\/03\/02\/turma-de-formacao-de-atores-do-galpao-de-artes-apresenta-o-espetaculo-plataforma-k\/\",\"name\":\"Turma de Forma\u00e7\u00e3o de Atores do Galp\u00e3o de Artes apresenta o espet\u00e1culo Plataforma K - O Timoneiro Jornal Canoas RS\",\"isPartOf\":{\"@id\":\"https:\/\/jornaltimoneiro.com.br\/#website\"},\"datePublished\":\"2016-03-02T16:45:55+00:00\",\"dateModified\":\"2016-03-02T16:45:55+00:00\",\"breadcrumb\":{\"@id\":\"https:\/\/jornaltimoneiro.com.br\/index.php\/2016\/03\/02\/turma-de-formacao-de-atores-do-galpao-de-artes-apresenta-o-espetaculo-plataforma-k\/#breadcrumb\"},\"inLanguage\":\"pt-BR\",\"potentialAction\":[{\"@type\":\"ReadAction\",\"target\":[\"https:\/\/jornaltimoneiro.com.br\/index.php\/2016\/03\/02\/turma-de-formacao-de-atores-do-galpao-de-artes-apresenta-o-espetaculo-plataforma-k\/\"]}]},{\"@type\":\"BreadcrumbList\",\"@id\":\"https:\/\/jornaltimoneiro.com.br\/index.php\/2016\/03\/02\/turma-de-formacao-de-atores-do-galpao-de-artes-apresenta-o-espetaculo-plataforma-k\/#breadcrumb\",\"itemListElement\":[{\"@type\":\"ListItem\",\"position\":1,\"name\":\"In\u00edcio\",\"item\":\"https:\/\/jornaltimoneiro.com.br\/\"},{\"@type\":\"ListItem\",\"position\":2,\"name\":\"Turma de Forma\u00e7\u00e3o de Atores do Galp\u00e3o de Artes apresenta o espet\u00e1culo Plataforma K\"}]},{\"@type\":\"WebSite\",\"@id\":\"https:\/\/jornaltimoneiro.com.br\/#website\",\"url\":\"https:\/\/jornaltimoneiro.com.br\/\",\"name\":\"Jornal Timoneiro Canoas RS\",\"description\":\"Jornal O Timoneiro, o verdadeiro jornal de Canoas\",\"publisher\":{\"@id\":\"https:\/\/jornaltimoneiro.com.br\/#organization\"},\"potentialAction\":[{\"@type\":\"SearchAction\",\"target\":{\"@type\":\"EntryPoint\",\"urlTemplate\":\"https:\/\/jornaltimoneiro.com.br\/?s={search_term_string}\"},\"query-input\":\"required name=search_term_string\"}],\"inLanguage\":\"pt-BR\"},{\"@type\":\"Organization\",\"@id\":\"https:\/\/jornaltimoneiro.com.br\/#organization\",\"name\":\"Jornal Timoneiro Canoas RS\",\"url\":\"https:\/\/jornaltimoneiro.com.br\/\",\"logo\":{\"@type\":\"ImageObject\",\"inLanguage\":\"pt-BR\",\"@id\":\"https:\/\/jornaltimoneiro.com.br\/#\/schema\/logo\/image\/\",\"url\":\"https:\/\/jornaltimoneiro.com.br\/wp-content\/uploads\/2023\/03\/logonovo.png\",\"contentUrl\":\"https:\/\/jornaltimoneiro.com.br\/wp-content\/uploads\/2023\/03\/logonovo.png\",\"width\":\"469\",\"height\":\"171\",\"caption\":\"Jornal Timoneiro Canoas RS\"},\"image\":{\"@id\":\"https:\/\/jornaltimoneiro.com.br\/#\/schema\/logo\/image\/\"},\"sameAs\":[\"https:\/\/www.facebook.com\/jornaltimoneiro\",\"https:\/\/twitter.com\/_OTimoneiro\",\"https:\/\/www.instagram.com\/jornaltimoneirocanoas\/\",\"https:\/\/www.youtube.com\/@jornalotimoneiro7927\"]},{\"@type\":\"Person\",\"@id\":\"https:\/\/jornaltimoneiro.com.br\/#\/schema\/person\/620efd1d8244466117482be494360b08\",\"name\":\"Reda\u00e7\u00e3o\",\"image\":{\"@type\":\"ImageObject\",\"inLanguage\":\"pt-BR\",\"@id\":\"https:\/\/jornaltimoneiro.com.br\/#\/schema\/person\/image\/\",\"url\":\"https:\/\/secure.gravatar.com\/avatar\/2f04e1b304682a8d9db336c7acd77f08?s=96&d=mm&r=g\",\"contentUrl\":\"https:\/\/secure.gravatar.com\/avatar\/2f04e1b304682a8d9db336c7acd77f08?s=96&d=mm&r=g\",\"caption\":\"Reda\u00e7\u00e3o\"},\"url\":\"https:\/\/jornaltimoneiro.com.br\/index.php\/author\/timoneirocanoas\/\"}]}<\/script>\n<!-- \/ Yoast SEO plugin. -->","yoast_head_json":{"title":"Turma de Forma\u00e7\u00e3o de Atores do Galp\u00e3o de Artes apresenta o espet\u00e1culo Plataforma K - O Timoneiro Jornal Canoas RS","robots":{"index":"index","follow":"follow","max-snippet":"max-snippet:-1","max-image-preview":"max-image-preview:large","max-video-preview":"max-video-preview:-1"},"canonical":"https:\/\/jornaltimoneiro.com.br\/index.php\/2016\/03\/02\/turma-de-formacao-de-atores-do-galpao-de-artes-apresenta-o-espetaculo-plataforma-k\/","og_locale":"pt_BR","og_type":"article","og_title":"Turma de Forma\u00e7\u00e3o de Atores do Galp\u00e3o de Artes apresenta o espet\u00e1culo Plataforma K - O Timoneiro Jornal Canoas RS","og_description":"Grupo contar\u00e1 pequenas hist\u00f3rias da autora Vera Karam, mescladas com as pr\u00f3prias percep\u00e7\u00f5es da cidade","og_url":"https:\/\/jornaltimoneiro.com.br\/index.php\/2016\/03\/02\/turma-de-formacao-de-atores-do-galpao-de-artes-apresenta-o-espetaculo-plataforma-k\/","og_site_name":"O Timoneiro Jornal Canoas RS","article_publisher":"https:\/\/www.facebook.com\/jornaltimoneiro","article_published_time":"2016-03-02T16:45:55+00:00","author":"Reda\u00e7\u00e3o","twitter_card":"summary_large_image","twitter_creator":"@_OTimoneiro","twitter_site":"@_OTimoneiro","twitter_misc":{"Escrito por":"Reda\u00e7\u00e3o","Est. tempo de leitura":"2 minutos"},"schema":{"@context":"https:\/\/schema.org","@graph":[{"@type":"Article","@id":"https:\/\/jornaltimoneiro.com.br\/index.php\/2016\/03\/02\/turma-de-formacao-de-atores-do-galpao-de-artes-apresenta-o-espetaculo-plataforma-k\/#article","isPartOf":{"@id":"https:\/\/jornaltimoneiro.com.br\/index.php\/2016\/03\/02\/turma-de-formacao-de-atores-do-galpao-de-artes-apresenta-o-espetaculo-plataforma-k\/"},"author":{"name":"Reda\u00e7\u00e3o","@id":"https:\/\/jornaltimoneiro.com.br\/#\/schema\/person\/620efd1d8244466117482be494360b08"},"headline":"Turma de Forma\u00e7\u00e3o de Atores do Galp\u00e3o de Artes apresenta o espet\u00e1culo Plataforma K","datePublished":"2016-03-02T16:45:55+00:00","dateModified":"2016-03-02T16:45:55+00:00","mainEntityOfPage":{"@id":"https:\/\/jornaltimoneiro.com.br\/index.php\/2016\/03\/02\/turma-de-formacao-de-atores-do-galpao-de-artes-apresenta-o-espetaculo-plataforma-k\/"},"wordCount":512,"commentCount":0,"publisher":{"@id":"https:\/\/jornaltimoneiro.com.br\/#organization"},"keywords":["ator","atriz","canoas","cultura","Diego Ferreira","espet\u00e1culo","espet\u00e1culo canoas","Galp\u00e3o de Artes","Porto Alegre","Vera Karam"],"articleSection":["Comunidade","Destaques","Esta\u00e7\u00e3o Cultural","Not\u00edcias"],"inLanguage":"pt-BR","potentialAction":[{"@type":"CommentAction","name":"Comment","target":["https:\/\/jornaltimoneiro.com.br\/index.php\/2016\/03\/02\/turma-de-formacao-de-atores-do-galpao-de-artes-apresenta-o-espetaculo-plataforma-k\/#respond"]}]},{"@type":"WebPage","@id":"https:\/\/jornaltimoneiro.com.br\/index.php\/2016\/03\/02\/turma-de-formacao-de-atores-do-galpao-de-artes-apresenta-o-espetaculo-plataforma-k\/","url":"https:\/\/jornaltimoneiro.com.br\/index.php\/2016\/03\/02\/turma-de-formacao-de-atores-do-galpao-de-artes-apresenta-o-espetaculo-plataforma-k\/","name":"Turma de Forma\u00e7\u00e3o de Atores do Galp\u00e3o de Artes apresenta o espet\u00e1culo Plataforma K - O Timoneiro Jornal Canoas RS","isPartOf":{"@id":"https:\/\/jornaltimoneiro.com.br\/#website"},"datePublished":"2016-03-02T16:45:55+00:00","dateModified":"2016-03-02T16:45:55+00:00","breadcrumb":{"@id":"https:\/\/jornaltimoneiro.com.br\/index.php\/2016\/03\/02\/turma-de-formacao-de-atores-do-galpao-de-artes-apresenta-o-espetaculo-plataforma-k\/#breadcrumb"},"inLanguage":"pt-BR","potentialAction":[{"@type":"ReadAction","target":["https:\/\/jornaltimoneiro.com.br\/index.php\/2016\/03\/02\/turma-de-formacao-de-atores-do-galpao-de-artes-apresenta-o-espetaculo-plataforma-k\/"]}]},{"@type":"BreadcrumbList","@id":"https:\/\/jornaltimoneiro.com.br\/index.php\/2016\/03\/02\/turma-de-formacao-de-atores-do-galpao-de-artes-apresenta-o-espetaculo-plataforma-k\/#breadcrumb","itemListElement":[{"@type":"ListItem","position":1,"name":"In\u00edcio","item":"https:\/\/jornaltimoneiro.com.br\/"},{"@type":"ListItem","position":2,"name":"Turma de Forma\u00e7\u00e3o de Atores do Galp\u00e3o de Artes apresenta o espet\u00e1culo Plataforma K"}]},{"@type":"WebSite","@id":"https:\/\/jornaltimoneiro.com.br\/#website","url":"https:\/\/jornaltimoneiro.com.br\/","name":"Jornal Timoneiro Canoas RS","description":"Jornal O Timoneiro, o verdadeiro jornal de Canoas","publisher":{"@id":"https:\/\/jornaltimoneiro.com.br\/#organization"},"potentialAction":[{"@type":"SearchAction","target":{"@type":"EntryPoint","urlTemplate":"https:\/\/jornaltimoneiro.com.br\/?s={search_term_string}"},"query-input":"required name=search_term_string"}],"inLanguage":"pt-BR"},{"@type":"Organization","@id":"https:\/\/jornaltimoneiro.com.br\/#organization","name":"Jornal Timoneiro Canoas RS","url":"https:\/\/jornaltimoneiro.com.br\/","logo":{"@type":"ImageObject","inLanguage":"pt-BR","@id":"https:\/\/jornaltimoneiro.com.br\/#\/schema\/logo\/image\/","url":"https:\/\/jornaltimoneiro.com.br\/wp-content\/uploads\/2023\/03\/logonovo.png","contentUrl":"https:\/\/jornaltimoneiro.com.br\/wp-content\/uploads\/2023\/03\/logonovo.png","width":"469","height":"171","caption":"Jornal Timoneiro Canoas RS"},"image":{"@id":"https:\/\/jornaltimoneiro.com.br\/#\/schema\/logo\/image\/"},"sameAs":["https:\/\/www.facebook.com\/jornaltimoneiro","https:\/\/twitter.com\/_OTimoneiro","https:\/\/www.instagram.com\/jornaltimoneirocanoas\/","https:\/\/www.youtube.com\/@jornalotimoneiro7927"]},{"@type":"Person","@id":"https:\/\/jornaltimoneiro.com.br\/#\/schema\/person\/620efd1d8244466117482be494360b08","name":"Reda\u00e7\u00e3o","image":{"@type":"ImageObject","inLanguage":"pt-BR","@id":"https:\/\/jornaltimoneiro.com.br\/#\/schema\/person\/image\/","url":"https:\/\/secure.gravatar.com\/avatar\/2f04e1b304682a8d9db336c7acd77f08?s=96&d=mm&r=g","contentUrl":"https:\/\/secure.gravatar.com\/avatar\/2f04e1b304682a8d9db336c7acd77f08?s=96&d=mm&r=g","caption":"Reda\u00e7\u00e3o"},"url":"https:\/\/jornaltimoneiro.com.br\/index.php\/author\/timoneirocanoas\/"}]}},"_links":{"self":[{"href":"https:\/\/jornaltimoneiro.com.br\/index.php\/wp-json\/wp\/v2\/posts\/3035"}],"collection":[{"href":"https:\/\/jornaltimoneiro.com.br\/index.php\/wp-json\/wp\/v2\/posts"}],"about":[{"href":"https:\/\/jornaltimoneiro.com.br\/index.php\/wp-json\/wp\/v2\/types\/post"}],"author":[{"embeddable":true,"href":"https:\/\/jornaltimoneiro.com.br\/index.php\/wp-json\/wp\/v2\/users\/1"}],"replies":[{"embeddable":true,"href":"https:\/\/jornaltimoneiro.com.br\/index.php\/wp-json\/wp\/v2\/comments?post=3035"}],"version-history":[{"count":0,"href":"https:\/\/jornaltimoneiro.com.br\/index.php\/wp-json\/wp\/v2\/posts\/3035\/revisions"}],"wp:featuredmedia":[{"embeddable":true,"href":"https:\/\/jornaltimoneiro.com.br\/index.php\/wp-json\/"}],"wp:attachment":[{"href":"https:\/\/jornaltimoneiro.com.br\/index.php\/wp-json\/wp\/v2\/media?parent=3035"}],"wp:term":[{"taxonomy":"category","embeddable":true,"href":"https:\/\/jornaltimoneiro.com.br\/index.php\/wp-json\/wp\/v2\/categories?post=3035"},{"taxonomy":"post_tag","embeddable":true,"href":"https:\/\/jornaltimoneiro.com.br\/index.php\/wp-json\/wp\/v2\/tags?post=3035"}],"curies":[{"name":"wp","href":"https:\/\/api.w.org\/{rel}","templated":true}]}}