{"id":30311,"date":"2024-06-18T15:09:56","date_gmt":"2024-06-18T18:09:56","guid":{"rendered":"https:\/\/jornaltimoneiro.com.br\/?p=30311"},"modified":"2024-06-18T16:40:13","modified_gmt":"2024-06-18T19:40:13","slug":"ossada-encontrada-em-sao-leopoldo-e-de-advogada-desaparecida-ha-dois-anos","status":"publish","type":"post","link":"https:\/\/jornaltimoneiro.com.br\/index.php\/2024\/06\/18\/ossada-encontrada-em-sao-leopoldo-e-de-advogada-desaparecida-ha-dois-anos\/","title":{"rendered":"Ossada encontrada em S\u00e3o Leopoldo \u00e9 de advogada desaparecida h\u00e1 dois anos"},"content":{"rendered":"<p>A Pol\u00edcia Civil, por meio do Departamento Estadual de Homic\u00eddios e Prote\u00e7\u00e3o \u00e0 Pessoa (DHPP), realizou uma coletiva de imprensa nesta ter\u00e7a-feira, 18, para informar novos fatos sobre o caso da advogada desaparecida em Sapucaia do Sul, no limite com S\u00e3o Leopoldo, em 16 de julho de 2022.<\/p>\n<p>De acordo com a Pol\u00edcia, no dia 7\/06, foi encontrada uma ossada humana no munic\u00edpio S\u00e3o Leopoldo, no Vale dos Sinos, que foi periciada pelo Instituto Geral de Per\u00edcias (IGP), tendo sido constatado que os restos mortais s\u00e3o da v\u00edtima desaparecida, conforme laudo do IGP.<\/p>\n<h4><strong>A v\u00edtima<\/strong><\/h4>\n<div id=\"attachment_30321\" style=\"width: 800px\" class=\"wp-caption alignnone\"><img decoding=\"async\" aria-describedby=\"caption-attachment-30321\" class=\"wp-image-30321 size-full\" src=\"https:\/\/jornaltimoneiro.com.br\/wp-content\/uploads\/2024\/06\/Advogada-Sao-Leopoldo.jpeg\" alt=\"Advogada desaparecida S\u00e3o Leopoldo- Reprodu\u00e7\u00e3o redes sociais\" width=\"790\" height=\"455\" srcset=\"https:\/\/jornaltimoneiro.com.br\/wp-content\/uploads\/2024\/06\/Advogada-Sao-Leopoldo.jpeg 790w, https:\/\/jornaltimoneiro.com.br\/wp-content\/uploads\/2024\/06\/Advogada-Sao-Leopoldo-300x173.jpeg 300w, https:\/\/jornaltimoneiro.com.br\/wp-content\/uploads\/2024\/06\/Advogada-Sao-Leopoldo-768x442.jpeg 768w\" sizes=\"(max-width: 790px) 100vw, 790px\" \/><p id=\"caption-attachment-30321\" class=\"wp-caption-text\">Reprodu\u00e7\u00e3o Redes Sociais<\/p><\/div>\n<p>A v\u00edtima, que possu\u00eda 26 anos na \u00e9poca, saiu de casa no bairro Cristo Rei, em S\u00e3o Leopoldo, na tarde do ano de 2022, para fazer uma caminhada, n\u00e3o retornando mais para sua resid\u00eancia.<\/p>\n<p>O subchefe da Pol\u00edcia Civil, delegado Heraldo Guerreiro, destacou que a import\u00e2ncia do trabalho da Pol\u00edcia Civil na elucida\u00e7\u00e3o do caso.<\/p>\n<p>A Delegada Mariana afirma que \u201co caso seguir\u00e1 na segunda parte da investiga\u00e7\u00e3o que \u00e9 esclarecer o contexto da morte.\u201d<\/p>\n<h4><strong>Investiga\u00e7\u00e3o sob sigilo<\/strong><\/h4>\n<p>Conforme o Diretor do Departamento Estadual de Homic\u00eddios e Prote\u00e7\u00e3o \u00e0 Pessoa &#8211; DHPP, Delegado de Pol\u00edcia Mario Souza, destacou que: \u201co caso da jovem desaparecida chega ao fim e foi poss\u00edvel a sua localiza\u00e7\u00e3o&#8221;.<\/p>\n<p>Souza afirma que \u201ca investiga\u00e7\u00e3o seguir\u00e1 sob sigilo. Nesse momento os ind\u00edcios enfraquecem a possibilidade de que tenha ocorrido crime, mas a Pol\u00edcia Civil n\u00e3o descarta nenhuma linha de investiga\u00e7\u00e3o.\u201d<\/p>\n<p>DEN\u00daNCIAS: 0800 642 0121<\/p>\n","protected":false},"excerpt":{"rendered":"<p>A Pol\u00edcia Civil, por meio do Departamento Estadual de Homic\u00eddios e Prote\u00e7\u00e3o \u00e0 Pessoa (DHPP), realizou uma coletiva de imprensa nesta ter\u00e7a-feira, 18, para informar novos fatos sobre o caso da advogada desaparecida em Sapucaia do Sul, no limite com S\u00e3o Leopoldo, em 16 de julho de 2022. De acordo com a Pol\u00edcia, no dia [&hellip;]<\/p>\n","protected":false},"author":2,"featured_media":30312,"comment_status":"open","ping_status":"open","sticky":false,"template":"","format":"standard","meta":{"amp_status":"","footnotes":""},"categories":[30],"tags":[2778,608,1148,718,213,253],"class_list":["post-30311","post","type-post","status-publish","format-standard","has-post-thumbnail","hentry","category-policial","tag-advogada","tag-crime","tag-desaparecida","tag-policia-civil","tag-rio-grande-do-sul","tag-sao-leopoldo"],"yoast_head":"<!-- This site is optimized with the Yoast SEO plugin v20.5 - https:\/\/yoast.com\/wordpress\/plugins\/seo\/ -->\n<title>Ossada encontrada em S\u00e3o Leopoldo \u00e9 de advogada desaparecida h\u00e1 dois anos - O Timoneiro Jornal Canoas RS<\/title>\n<meta name=\"description\" content=\"Ossada encontrada em S\u00e3o Leopoldo \u00e9 de advogada desaparecida h\u00e1 dois anos crime pol\u00edcia civil rio grande do sul RS\" \/>\n<meta name=\"robots\" content=\"index, follow, max-snippet:-1, max-image-preview:large, max-video-preview:-1\" \/>\n<link rel=\"canonical\" href=\"https:\/\/jornaltimoneiro.com.br\/index.php\/2024\/06\/18\/ossada-encontrada-em-sao-leopoldo-e-de-advogada-desaparecida-ha-dois-anos\/\" \/>\n<meta property=\"og:locale\" content=\"pt_BR\" \/>\n<meta property=\"og:type\" content=\"article\" \/>\n<meta property=\"og:title\" content=\"Ossada encontrada em S\u00e3o Leopoldo \u00e9 de advogada desaparecida h\u00e1 dois anos - O Timoneiro Jornal Canoas RS\" \/>\n<meta property=\"og:description\" content=\"Ossada encontrada em S\u00e3o Leopoldo \u00e9 de advogada desaparecida h\u00e1 dois anos crime pol\u00edcia civil rio grande do sul RS\" \/>\n<meta property=\"og:url\" content=\"https:\/\/jornaltimoneiro.com.br\/index.php\/2024\/06\/18\/ossada-encontrada-em-sao-leopoldo-e-de-advogada-desaparecida-ha-dois-anos\/\" \/>\n<meta property=\"og:site_name\" content=\"O Timoneiro Jornal Canoas RS\" \/>\n<meta property=\"article:publisher\" content=\"https:\/\/www.facebook.com\/jornaltimoneiro\" \/>\n<meta property=\"article:published_time\" content=\"2024-06-18T18:09:56+00:00\" \/>\n<meta property=\"article:modified_time\" content=\"2024-06-18T19:40:13+00:00\" \/>\n<meta property=\"og:image\" content=\"https:\/\/jornaltimoneiro.com.br\/wp-content\/uploads\/2024\/06\/Ossada-encontrada-em-Sao-Leopoldo-e-de-advogada-desaparecida-ha-dois-anos.jpeg\" \/>\n\t<meta property=\"og:image:width\" content=\"602\" \/>\n\t<meta property=\"og:image:height\" content=\"350\" \/>\n\t<meta property=\"og:image:type\" content=\"image\/jpeg\" \/>\n<meta name=\"author\" content=\"Reda\u00e7\u00e3o\" \/>\n<meta name=\"twitter:card\" content=\"summary_large_image\" \/>\n<meta name=\"twitter:creator\" content=\"@_OTimoneiro\" \/>\n<meta name=\"twitter:site\" content=\"@_OTimoneiro\" \/>\n<meta name=\"twitter:label1\" content=\"Escrito por\" \/>\n\t<meta name=\"twitter:data1\" content=\"Reda\u00e7\u00e3o\" \/>\n\t<meta name=\"twitter:label2\" content=\"Est. tempo de leitura\" \/>\n\t<meta name=\"twitter:data2\" content=\"2 minutos\" \/>\n<script type=\"application\/ld+json\" class=\"yoast-schema-graph\">{\"@context\":\"https:\/\/schema.org\",\"@graph\":[{\"@type\":\"Article\",\"@id\":\"https:\/\/jornaltimoneiro.com.br\/index.php\/2024\/06\/18\/ossada-encontrada-em-sao-leopoldo-e-de-advogada-desaparecida-ha-dois-anos\/#article\",\"isPartOf\":{\"@id\":\"https:\/\/jornaltimoneiro.com.br\/index.php\/2024\/06\/18\/ossada-encontrada-em-sao-leopoldo-e-de-advogada-desaparecida-ha-dois-anos\/\"},\"author\":{\"name\":\"Reda\u00e7\u00e3o\",\"@id\":\"https:\/\/jornaltimoneiro.com.br\/#\/schema\/person\/f63482f1a02b1a9592707865e509ab40\"},\"headline\":\"Ossada encontrada em S\u00e3o Leopoldo \u00e9 de advogada desaparecida h\u00e1 dois anos\",\"datePublished\":\"2024-06-18T18:09:56+00:00\",\"dateModified\":\"2024-06-18T19:40:13+00:00\",\"mainEntityOfPage\":{\"@id\":\"https:\/\/jornaltimoneiro.com.br\/index.php\/2024\/06\/18\/ossada-encontrada-em-sao-leopoldo-e-de-advogada-desaparecida-ha-dois-anos\/\"},\"wordCount\":287,\"commentCount\":0,\"publisher\":{\"@id\":\"https:\/\/jornaltimoneiro.com.br\/#organization\"},\"keywords\":[\"advogada\",\"crime\",\"desaparecida\",\"pol\u00edcia civil\",\"rio grande do sul\",\"S\u00e3o Leopoldo\"],\"articleSection\":[\"Policial\"],\"inLanguage\":\"pt-BR\",\"potentialAction\":[{\"@type\":\"CommentAction\",\"name\":\"Comment\",\"target\":[\"https:\/\/jornaltimoneiro.com.br\/index.php\/2024\/06\/18\/ossada-encontrada-em-sao-leopoldo-e-de-advogada-desaparecida-ha-dois-anos\/#respond\"]}]},{\"@type\":\"WebPage\",\"@id\":\"https:\/\/jornaltimoneiro.com.br\/index.php\/2024\/06\/18\/ossada-encontrada-em-sao-leopoldo-e-de-advogada-desaparecida-ha-dois-anos\/\",\"url\":\"https:\/\/jornaltimoneiro.com.br\/index.php\/2024\/06\/18\/ossada-encontrada-em-sao-leopoldo-e-de-advogada-desaparecida-ha-dois-anos\/\",\"name\":\"Ossada encontrada em S\u00e3o Leopoldo \u00e9 de advogada desaparecida h\u00e1 dois anos - O Timoneiro Jornal Canoas RS\",\"isPartOf\":{\"@id\":\"https:\/\/jornaltimoneiro.com.br\/#website\"},\"datePublished\":\"2024-06-18T18:09:56+00:00\",\"dateModified\":\"2024-06-18T19:40:13+00:00\",\"description\":\"Ossada encontrada em S\u00e3o Leopoldo \u00e9 de advogada desaparecida h\u00e1 dois anos crime pol\u00edcia civil rio grande do sul RS\",\"breadcrumb\":{\"@id\":\"https:\/\/jornaltimoneiro.com.br\/index.php\/2024\/06\/18\/ossada-encontrada-em-sao-leopoldo-e-de-advogada-desaparecida-ha-dois-anos\/#breadcrumb\"},\"inLanguage\":\"pt-BR\",\"potentialAction\":[{\"@type\":\"ReadAction\",\"target\":[\"https:\/\/jornaltimoneiro.com.br\/index.php\/2024\/06\/18\/ossada-encontrada-em-sao-leopoldo-e-de-advogada-desaparecida-ha-dois-anos\/\"]}]},{\"@type\":\"BreadcrumbList\",\"@id\":\"https:\/\/jornaltimoneiro.com.br\/index.php\/2024\/06\/18\/ossada-encontrada-em-sao-leopoldo-e-de-advogada-desaparecida-ha-dois-anos\/#breadcrumb\",\"itemListElement\":[{\"@type\":\"ListItem\",\"position\":1,\"name\":\"In\u00edcio\",\"item\":\"https:\/\/jornaltimoneiro.com.br\/\"},{\"@type\":\"ListItem\",\"position\":2,\"name\":\"Ossada encontrada em S\u00e3o Leopoldo \u00e9 de advogada desaparecida h\u00e1 dois anos\"}]},{\"@type\":\"WebSite\",\"@id\":\"https:\/\/jornaltimoneiro.com.br\/#website\",\"url\":\"https:\/\/jornaltimoneiro.com.br\/\",\"name\":\"Jornal Timoneiro Canoas RS\",\"description\":\"Jornal O Timoneiro, o verdadeiro jornal de Canoas\",\"publisher\":{\"@id\":\"https:\/\/jornaltimoneiro.com.br\/#organization\"},\"potentialAction\":[{\"@type\":\"SearchAction\",\"target\":{\"@type\":\"EntryPoint\",\"urlTemplate\":\"https:\/\/jornaltimoneiro.com.br\/?s={search_term_string}\"},\"query-input\":\"required name=search_term_string\"}],\"inLanguage\":\"pt-BR\"},{\"@type\":\"Organization\",\"@id\":\"https:\/\/jornaltimoneiro.com.br\/#organization\",\"name\":\"Jornal Timoneiro Canoas RS\",\"url\":\"https:\/\/jornaltimoneiro.com.br\/\",\"logo\":{\"@type\":\"ImageObject\",\"inLanguage\":\"pt-BR\",\"@id\":\"https:\/\/jornaltimoneiro.com.br\/#\/schema\/logo\/image\/\",\"url\":\"https:\/\/jornaltimoneiro.com.br\/wp-content\/uploads\/2023\/03\/logonovo.png\",\"contentUrl\":\"https:\/\/jornaltimoneiro.com.br\/wp-content\/uploads\/2023\/03\/logonovo.png\",\"width\":\"469\",\"height\":\"171\",\"caption\":\"Jornal Timoneiro Canoas RS\"},\"image\":{\"@id\":\"https:\/\/jornaltimoneiro.com.br\/#\/schema\/logo\/image\/\"},\"sameAs\":[\"https:\/\/www.facebook.com\/jornaltimoneiro\",\"https:\/\/twitter.com\/_OTimoneiro\",\"https:\/\/www.instagram.com\/jornaltimoneirocanoas\/\",\"https:\/\/www.youtube.com\/@jornalotimoneiro7927\"]},{\"@type\":\"Person\",\"@id\":\"https:\/\/jornaltimoneiro.com.br\/#\/schema\/person\/f63482f1a02b1a9592707865e509ab40\",\"name\":\"Reda\u00e7\u00e3o\",\"image\":{\"@type\":\"ImageObject\",\"inLanguage\":\"pt-BR\",\"@id\":\"https:\/\/jornaltimoneiro.com.br\/#\/schema\/person\/image\/\",\"url\":\"https:\/\/jornaltimoneiro.com.br\/wp-content\/uploads\/2023\/03\/download.jpeg\",\"contentUrl\":\"https:\/\/jornaltimoneiro.com.br\/wp-content\/uploads\/2023\/03\/download.jpeg\",\"caption\":\"Reda\u00e7\u00e3o\"},\"url\":\"https:\/\/jornaltimoneiro.com.br\/index.php\/author\/simone-dutra\/\"}]}<\/script>\n<!-- \/ Yoast SEO plugin. -->","yoast_head_json":{"title":"Ossada encontrada em S\u00e3o Leopoldo \u00e9 de advogada desaparecida h\u00e1 dois anos - O Timoneiro Jornal Canoas RS","description":"Ossada encontrada em S\u00e3o Leopoldo \u00e9 de advogada desaparecida h\u00e1 dois anos crime pol\u00edcia civil rio grande do sul RS","robots":{"index":"index","follow":"follow","max-snippet":"max-snippet:-1","max-image-preview":"max-image-preview:large","max-video-preview":"max-video-preview:-1"},"canonical":"https:\/\/jornaltimoneiro.com.br\/index.php\/2024\/06\/18\/ossada-encontrada-em-sao-leopoldo-e-de-advogada-desaparecida-ha-dois-anos\/","og_locale":"pt_BR","og_type":"article","og_title":"Ossada encontrada em S\u00e3o Leopoldo \u00e9 de advogada desaparecida h\u00e1 dois anos - O Timoneiro Jornal Canoas RS","og_description":"Ossada encontrada em S\u00e3o Leopoldo \u00e9 de advogada desaparecida h\u00e1 dois anos crime pol\u00edcia civil rio grande do sul RS","og_url":"https:\/\/jornaltimoneiro.com.br\/index.php\/2024\/06\/18\/ossada-encontrada-em-sao-leopoldo-e-de-advogada-desaparecida-ha-dois-anos\/","og_site_name":"O Timoneiro Jornal Canoas RS","article_publisher":"https:\/\/www.facebook.com\/jornaltimoneiro","article_published_time":"2024-06-18T18:09:56+00:00","article_modified_time":"2024-06-18T19:40:13+00:00","og_image":[{"width":602,"height":350,"url":"https:\/\/jornaltimoneiro.com.br\/wp-content\/uploads\/2024\/06\/Ossada-encontrada-em-Sao-Leopoldo-e-de-advogada-desaparecida-ha-dois-anos.jpeg","type":"image\/jpeg"}],"author":"Reda\u00e7\u00e3o","twitter_card":"summary_large_image","twitter_creator":"@_OTimoneiro","twitter_site":"@_OTimoneiro","twitter_misc":{"Escrito por":"Reda\u00e7\u00e3o","Est. tempo de leitura":"2 minutos"},"schema":{"@context":"https:\/\/schema.org","@graph":[{"@type":"Article","@id":"https:\/\/jornaltimoneiro.com.br\/index.php\/2024\/06\/18\/ossada-encontrada-em-sao-leopoldo-e-de-advogada-desaparecida-ha-dois-anos\/#article","isPartOf":{"@id":"https:\/\/jornaltimoneiro.com.br\/index.php\/2024\/06\/18\/ossada-encontrada-em-sao-leopoldo-e-de-advogada-desaparecida-ha-dois-anos\/"},"author":{"name":"Reda\u00e7\u00e3o","@id":"https:\/\/jornaltimoneiro.com.br\/#\/schema\/person\/f63482f1a02b1a9592707865e509ab40"},"headline":"Ossada encontrada em S\u00e3o Leopoldo \u00e9 de advogada desaparecida h\u00e1 dois anos","datePublished":"2024-06-18T18:09:56+00:00","dateModified":"2024-06-18T19:40:13+00:00","mainEntityOfPage":{"@id":"https:\/\/jornaltimoneiro.com.br\/index.php\/2024\/06\/18\/ossada-encontrada-em-sao-leopoldo-e-de-advogada-desaparecida-ha-dois-anos\/"},"wordCount":287,"commentCount":0,"publisher":{"@id":"https:\/\/jornaltimoneiro.com.br\/#organization"},"keywords":["advogada","crime","desaparecida","pol\u00edcia civil","rio grande do sul","S\u00e3o Leopoldo"],"articleSection":["Policial"],"inLanguage":"pt-BR","potentialAction":[{"@type":"CommentAction","name":"Comment","target":["https:\/\/jornaltimoneiro.com.br\/index.php\/2024\/06\/18\/ossada-encontrada-em-sao-leopoldo-e-de-advogada-desaparecida-ha-dois-anos\/#respond"]}]},{"@type":"WebPage","@id":"https:\/\/jornaltimoneiro.com.br\/index.php\/2024\/06\/18\/ossada-encontrada-em-sao-leopoldo-e-de-advogada-desaparecida-ha-dois-anos\/","url":"https:\/\/jornaltimoneiro.com.br\/index.php\/2024\/06\/18\/ossada-encontrada-em-sao-leopoldo-e-de-advogada-desaparecida-ha-dois-anos\/","name":"Ossada encontrada em S\u00e3o Leopoldo \u00e9 de advogada desaparecida h\u00e1 dois anos - O Timoneiro Jornal Canoas RS","isPartOf":{"@id":"https:\/\/jornaltimoneiro.com.br\/#website"},"datePublished":"2024-06-18T18:09:56+00:00","dateModified":"2024-06-18T19:40:13+00:00","description":"Ossada encontrada em S\u00e3o Leopoldo \u00e9 de advogada desaparecida h\u00e1 dois anos crime pol\u00edcia civil rio grande do sul RS","breadcrumb":{"@id":"https:\/\/jornaltimoneiro.com.br\/index.php\/2024\/06\/18\/ossada-encontrada-em-sao-leopoldo-e-de-advogada-desaparecida-ha-dois-anos\/#breadcrumb"},"inLanguage":"pt-BR","potentialAction":[{"@type":"ReadAction","target":["https:\/\/jornaltimoneiro.com.br\/index.php\/2024\/06\/18\/ossada-encontrada-em-sao-leopoldo-e-de-advogada-desaparecida-ha-dois-anos\/"]}]},{"@type":"BreadcrumbList","@id":"https:\/\/jornaltimoneiro.com.br\/index.php\/2024\/06\/18\/ossada-encontrada-em-sao-leopoldo-e-de-advogada-desaparecida-ha-dois-anos\/#breadcrumb","itemListElement":[{"@type":"ListItem","position":1,"name":"In\u00edcio","item":"https:\/\/jornaltimoneiro.com.br\/"},{"@type":"ListItem","position":2,"name":"Ossada encontrada em S\u00e3o Leopoldo \u00e9 de advogada desaparecida h\u00e1 dois anos"}]},{"@type":"WebSite","@id":"https:\/\/jornaltimoneiro.com.br\/#website","url":"https:\/\/jornaltimoneiro.com.br\/","name":"Jornal Timoneiro Canoas RS","description":"Jornal O Timoneiro, o verdadeiro jornal de Canoas","publisher":{"@id":"https:\/\/jornaltimoneiro.com.br\/#organization"},"potentialAction":[{"@type":"SearchAction","target":{"@type":"EntryPoint","urlTemplate":"https:\/\/jornaltimoneiro.com.br\/?s={search_term_string}"},"query-input":"required name=search_term_string"}],"inLanguage":"pt-BR"},{"@type":"Organization","@id":"https:\/\/jornaltimoneiro.com.br\/#organization","name":"Jornal Timoneiro Canoas RS","url":"https:\/\/jornaltimoneiro.com.br\/","logo":{"@type":"ImageObject","inLanguage":"pt-BR","@id":"https:\/\/jornaltimoneiro.com.br\/#\/schema\/logo\/image\/","url":"https:\/\/jornaltimoneiro.com.br\/wp-content\/uploads\/2023\/03\/logonovo.png","contentUrl":"https:\/\/jornaltimoneiro.com.br\/wp-content\/uploads\/2023\/03\/logonovo.png","width":"469","height":"171","caption":"Jornal Timoneiro Canoas RS"},"image":{"@id":"https:\/\/jornaltimoneiro.com.br\/#\/schema\/logo\/image\/"},"sameAs":["https:\/\/www.facebook.com\/jornaltimoneiro","https:\/\/twitter.com\/_OTimoneiro","https:\/\/www.instagram.com\/jornaltimoneirocanoas\/","https:\/\/www.youtube.com\/@jornalotimoneiro7927"]},{"@type":"Person","@id":"https:\/\/jornaltimoneiro.com.br\/#\/schema\/person\/f63482f1a02b1a9592707865e509ab40","name":"Reda\u00e7\u00e3o","image":{"@type":"ImageObject","inLanguage":"pt-BR","@id":"https:\/\/jornaltimoneiro.com.br\/#\/schema\/person\/image\/","url":"https:\/\/jornaltimoneiro.com.br\/wp-content\/uploads\/2023\/03\/download.jpeg","contentUrl":"https:\/\/jornaltimoneiro.com.br\/wp-content\/uploads\/2023\/03\/download.jpeg","caption":"Reda\u00e7\u00e3o"},"url":"https:\/\/jornaltimoneiro.com.br\/index.php\/author\/simone-dutra\/"}]}},"_links":{"self":[{"href":"https:\/\/jornaltimoneiro.com.br\/index.php\/wp-json\/wp\/v2\/posts\/30311"}],"collection":[{"href":"https:\/\/jornaltimoneiro.com.br\/index.php\/wp-json\/wp\/v2\/posts"}],"about":[{"href":"https:\/\/jornaltimoneiro.com.br\/index.php\/wp-json\/wp\/v2\/types\/post"}],"author":[{"embeddable":true,"href":"https:\/\/jornaltimoneiro.com.br\/index.php\/wp-json\/wp\/v2\/users\/2"}],"replies":[{"embeddable":true,"href":"https:\/\/jornaltimoneiro.com.br\/index.php\/wp-json\/wp\/v2\/comments?post=30311"}],"version-history":[{"count":4,"href":"https:\/\/jornaltimoneiro.com.br\/index.php\/wp-json\/wp\/v2\/posts\/30311\/revisions"}],"predecessor-version":[{"id":30323,"href":"https:\/\/jornaltimoneiro.com.br\/index.php\/wp-json\/wp\/v2\/posts\/30311\/revisions\/30323"}],"wp:featuredmedia":[{"embeddable":true,"href":"https:\/\/jornaltimoneiro.com.br\/index.php\/wp-json\/wp\/v2\/media\/30312"}],"wp:attachment":[{"href":"https:\/\/jornaltimoneiro.com.br\/index.php\/wp-json\/wp\/v2\/media?parent=30311"}],"wp:term":[{"taxonomy":"category","embeddable":true,"href":"https:\/\/jornaltimoneiro.com.br\/index.php\/wp-json\/wp\/v2\/categories?post=30311"},{"taxonomy":"post_tag","embeddable":true,"href":"https:\/\/jornaltimoneiro.com.br\/index.php\/wp-json\/wp\/v2\/tags?post=30311"}],"curies":[{"name":"wp","href":"https:\/\/api.w.org\/{rel}","templated":true}]}}