{"id":30121,"date":"2024-06-11T14:36:32","date_gmt":"2024-06-11T17:36:32","guid":{"rendered":"https:\/\/jornaltimoneiro.com.br\/?p=30121"},"modified":"2024-06-11T14:36:32","modified_gmt":"2024-06-11T17:36:32","slug":"mercado-aumenta-projecao-do-pib-para-2024","status":"publish","type":"post","link":"https:\/\/jornaltimoneiro.com.br\/index.php\/2024\/06\/11\/mercado-aumenta-projecao-do-pib-para-2024\/","title":{"rendered":"Mercado aumenta proje\u00e7\u00e3o do PIB para 2024"},"content":{"rendered":"<p>O mercado financeiro elevou a previs\u00e3o para o crescimento da economia este ano. Segundo o boletim Focus, divulgado na segunda-feira, 10, pelo Banco Central (BC), o crescimento do Produto Interno Bruto (PIB) fechar\u00e1 2024 em 2,09%.<\/p>\n<p>O \u00edndice se mant\u00e9m o mesmo de quatro semanas atr\u00e1s.\u00a0Na semana passada, a estimativa foi de que o crescimento ficasse em 2,05%.<\/p>\n<p>Para 2025 e 2026, a previs\u00e3o \u00e9 de um crescimento de 2%.<\/p>\n<p>O mercado financeiro tamb\u00e9m elevou a proje\u00e7\u00e3o de infla\u00e7\u00e3o para este ano de 3,88%, na semana passada, para 3,9%.<\/p>\n<p>H\u00e1 quatro semanas, a proje\u00e7\u00e3o do \u00cdndice de Pre\u00e7os ao Consumidor Amplo (IPCA) foi de 3,76%<\/p>\n<p>A estimativa para 2024 est\u00e1 dentro do intervalo da\u00a0meta de infla\u00e7\u00e3o que deve ser perseguida pelo BC.<\/p>\n<p>Definida pelo Conselho Monet\u00e1rio Nacional (CMN), a meta \u00e9 de 3%, com intervalo de toler\u00e2ncia de 1,5 ponto percentual para cima ou para baixo. Ou seja, o limite inferior \u00e9 1,5% e o superior, 4,5%.<\/p>\n<p>O Focus traz as previs\u00f5es de economistas e analistas de mercado financeiro consultados pelo BC. Para 2025, os analistas tamb\u00e9m elevaram a proje\u00e7\u00e3o de infla\u00e7\u00e3o que passou de 3,77% para 3,78%.<\/p>\n<p>Para 2026, a previs\u00e3o \u00e9 de que a infla\u00e7\u00e3o fique em 3,6% e, em 2027, em 3,5%.<\/p>\n<p>O boletim manteve a previs\u00e3o da taxa b\u00e1sica de juros, a Selic, para este ano. Segundo o Focus, a Selic deve fechar 2024 em 10,25%. Atualmente a\u00a0taxa est\u00e1 em 10,5%.<\/p>\n<p>H\u00e1 quatro semanas a previs\u00e3o do mercado era que o \u00edndice ficasse em 9,75%.<\/p>\n<p>Os analistas mantiveram a previs\u00e3o do c\u00e2mbio para 2024\u00a0em R$ 5,05. H\u00e1\u00a0quatro semanas a previs\u00e3o era de que a moeda norte-americana ficasse em R$ 5,00.<\/p>\n<p>Para 2025, a proje\u00e7\u00e3o \u00e9 de que o d\u00f3lar permane\u00e7a em R$ 5,05. Para 2026, a estimativa\u00a0\u00e9 de que o c\u00e2mbio feche em R$ 5,10 e para 2027, em R$ 5,11.<\/p>\n","protected":false},"excerpt":{"rendered":"<p>O mercado financeiro elevou a previs\u00e3o para o crescimento da economia este ano. Segundo o boletim Focus, divulgado na segunda-feira, 10, pelo Banco Central (BC), o crescimento do Produto Interno Bruto (PIB) fechar\u00e1 2024 em 2,09%. O \u00edndice se mant\u00e9m o mesmo de quatro semanas atr\u00e1s.\u00a0Na semana passada, a estimativa foi de que o crescimento [&hellip;]<\/p>\n","protected":false},"author":2,"featured_media":30122,"comment_status":"open","ping_status":"open","sticky":false,"template":"","format":"standard","meta":{"amp_status":"","footnotes":""},"categories":[1854,73],"tags":[225,87,2720,2719,2718],"class_list":["post-30121","post","type-post","status-publish","format-standard","has-post-thumbnail","hentry","category-economia","category-pais","tag-brasil","tag-economia","tag-mercado","tag-pib","tag-projecao"],"yoast_head":"<!-- This site is optimized with the Yoast SEO plugin v20.5 - https:\/\/yoast.com\/wordpress\/plugins\/seo\/ -->\n<title>Mercado aumenta proje\u00e7\u00e3o do PIB para 2024 - O Timoneiro Jornal Canoas RS<\/title>\n<meta name=\"robots\" content=\"index, follow, max-snippet:-1, max-image-preview:large, max-video-preview:-1\" \/>\n<link rel=\"canonical\" href=\"https:\/\/jornaltimoneiro.com.br\/index.php\/2024\/06\/11\/mercado-aumenta-projecao-do-pib-para-2024\/\" \/>\n<meta property=\"og:locale\" content=\"pt_BR\" \/>\n<meta property=\"og:type\" content=\"article\" \/>\n<meta property=\"og:title\" content=\"Mercado aumenta proje\u00e7\u00e3o do PIB para 2024 - O Timoneiro Jornal Canoas RS\" \/>\n<meta property=\"og:description\" content=\"O mercado financeiro elevou a previs\u00e3o para o crescimento da economia este ano. Segundo o boletim Focus, divulgado na segunda-feira, 10, pelo Banco Central (BC), o crescimento do Produto Interno Bruto (PIB) fechar\u00e1 2024 em 2,09%. O \u00edndice se mant\u00e9m o mesmo de quatro semanas atr\u00e1s.\u00a0Na semana passada, a estimativa foi de que o crescimento [&hellip;]\" \/>\n<meta property=\"og:url\" content=\"https:\/\/jornaltimoneiro.com.br\/index.php\/2024\/06\/11\/mercado-aumenta-projecao-do-pib-para-2024\/\" \/>\n<meta property=\"og:site_name\" content=\"O Timoneiro Jornal Canoas RS\" \/>\n<meta property=\"article:publisher\" content=\"https:\/\/www.facebook.com\/jornaltimoneiro\" \/>\n<meta property=\"article:published_time\" content=\"2024-06-11T17:36:32+00:00\" \/>\n<meta property=\"og:image\" content=\"https:\/\/jornaltimoneiro.com.br\/wp-content\/uploads\/2024\/06\/Money_Brasil-Economia-PIB-768x512-1.jpg\" \/>\n\t<meta property=\"og:image:width\" content=\"768\" \/>\n\t<meta property=\"og:image:height\" content=\"512\" \/>\n\t<meta property=\"og:image:type\" content=\"image\/jpeg\" \/>\n<meta name=\"author\" content=\"Reda\u00e7\u00e3o\" \/>\n<meta name=\"twitter:card\" content=\"summary_large_image\" \/>\n<meta name=\"twitter:creator\" content=\"@_OTimoneiro\" \/>\n<meta name=\"twitter:site\" content=\"@_OTimoneiro\" \/>\n<meta name=\"twitter:label1\" content=\"Escrito por\" \/>\n\t<meta name=\"twitter:data1\" content=\"Reda\u00e7\u00e3o\" \/>\n\t<meta name=\"twitter:label2\" content=\"Est. tempo de leitura\" \/>\n\t<meta name=\"twitter:data2\" content=\"2 minutos\" \/>\n<script type=\"application\/ld+json\" class=\"yoast-schema-graph\">{\"@context\":\"https:\/\/schema.org\",\"@graph\":[{\"@type\":\"Article\",\"@id\":\"https:\/\/jornaltimoneiro.com.br\/index.php\/2024\/06\/11\/mercado-aumenta-projecao-do-pib-para-2024\/#article\",\"isPartOf\":{\"@id\":\"https:\/\/jornaltimoneiro.com.br\/index.php\/2024\/06\/11\/mercado-aumenta-projecao-do-pib-para-2024\/\"},\"author\":{\"name\":\"Reda\u00e7\u00e3o\",\"@id\":\"https:\/\/jornaltimoneiro.com.br\/#\/schema\/person\/f63482f1a02b1a9592707865e509ab40\"},\"headline\":\"Mercado aumenta proje\u00e7\u00e3o do PIB para 2024\",\"datePublished\":\"2024-06-11T17:36:32+00:00\",\"dateModified\":\"2024-06-11T17:36:32+00:00\",\"mainEntityOfPage\":{\"@id\":\"https:\/\/jornaltimoneiro.com.br\/index.php\/2024\/06\/11\/mercado-aumenta-projecao-do-pib-para-2024\/\"},\"wordCount\":305,\"commentCount\":0,\"publisher\":{\"@id\":\"https:\/\/jornaltimoneiro.com.br\/#organization\"},\"keywords\":[\"Brasil\",\"economia\",\"mercado\",\"PIB\",\"proje\u00e7\u00e3o\"],\"articleSection\":[\"Economia\",\"Pa\u00eds\"],\"inLanguage\":\"pt-BR\",\"potentialAction\":[{\"@type\":\"CommentAction\",\"name\":\"Comment\",\"target\":[\"https:\/\/jornaltimoneiro.com.br\/index.php\/2024\/06\/11\/mercado-aumenta-projecao-do-pib-para-2024\/#respond\"]}]},{\"@type\":\"WebPage\",\"@id\":\"https:\/\/jornaltimoneiro.com.br\/index.php\/2024\/06\/11\/mercado-aumenta-projecao-do-pib-para-2024\/\",\"url\":\"https:\/\/jornaltimoneiro.com.br\/index.php\/2024\/06\/11\/mercado-aumenta-projecao-do-pib-para-2024\/\",\"name\":\"Mercado aumenta proje\u00e7\u00e3o do PIB para 2024 - O Timoneiro Jornal Canoas RS\",\"isPartOf\":{\"@id\":\"https:\/\/jornaltimoneiro.com.br\/#website\"},\"datePublished\":\"2024-06-11T17:36:32+00:00\",\"dateModified\":\"2024-06-11T17:36:32+00:00\",\"breadcrumb\":{\"@id\":\"https:\/\/jornaltimoneiro.com.br\/index.php\/2024\/06\/11\/mercado-aumenta-projecao-do-pib-para-2024\/#breadcrumb\"},\"inLanguage\":\"pt-BR\",\"potentialAction\":[{\"@type\":\"ReadAction\",\"target\":[\"https:\/\/jornaltimoneiro.com.br\/index.php\/2024\/06\/11\/mercado-aumenta-projecao-do-pib-para-2024\/\"]}]},{\"@type\":\"BreadcrumbList\",\"@id\":\"https:\/\/jornaltimoneiro.com.br\/index.php\/2024\/06\/11\/mercado-aumenta-projecao-do-pib-para-2024\/#breadcrumb\",\"itemListElement\":[{\"@type\":\"ListItem\",\"position\":1,\"name\":\"In\u00edcio\",\"item\":\"https:\/\/jornaltimoneiro.com.br\/\"},{\"@type\":\"ListItem\",\"position\":2,\"name\":\"Mercado aumenta proje\u00e7\u00e3o do PIB para 2024\"}]},{\"@type\":\"WebSite\",\"@id\":\"https:\/\/jornaltimoneiro.com.br\/#website\",\"url\":\"https:\/\/jornaltimoneiro.com.br\/\",\"name\":\"Jornal Timoneiro Canoas RS\",\"description\":\"Jornal O Timoneiro, o verdadeiro jornal de Canoas\",\"publisher\":{\"@id\":\"https:\/\/jornaltimoneiro.com.br\/#organization\"},\"potentialAction\":[{\"@type\":\"SearchAction\",\"target\":{\"@type\":\"EntryPoint\",\"urlTemplate\":\"https:\/\/jornaltimoneiro.com.br\/?s={search_term_string}\"},\"query-input\":\"required name=search_term_string\"}],\"inLanguage\":\"pt-BR\"},{\"@type\":\"Organization\",\"@id\":\"https:\/\/jornaltimoneiro.com.br\/#organization\",\"name\":\"Jornal Timoneiro Canoas RS\",\"url\":\"https:\/\/jornaltimoneiro.com.br\/\",\"logo\":{\"@type\":\"ImageObject\",\"inLanguage\":\"pt-BR\",\"@id\":\"https:\/\/jornaltimoneiro.com.br\/#\/schema\/logo\/image\/\",\"url\":\"https:\/\/jornaltimoneiro.com.br\/wp-content\/uploads\/2023\/03\/logonovo.png\",\"contentUrl\":\"https:\/\/jornaltimoneiro.com.br\/wp-content\/uploads\/2023\/03\/logonovo.png\",\"width\":\"469\",\"height\":\"171\",\"caption\":\"Jornal Timoneiro Canoas RS\"},\"image\":{\"@id\":\"https:\/\/jornaltimoneiro.com.br\/#\/schema\/logo\/image\/\"},\"sameAs\":[\"https:\/\/www.facebook.com\/jornaltimoneiro\",\"https:\/\/twitter.com\/_OTimoneiro\",\"https:\/\/www.instagram.com\/jornaltimoneirocanoas\/\",\"https:\/\/www.youtube.com\/@jornalotimoneiro7927\"]},{\"@type\":\"Person\",\"@id\":\"https:\/\/jornaltimoneiro.com.br\/#\/schema\/person\/f63482f1a02b1a9592707865e509ab40\",\"name\":\"Reda\u00e7\u00e3o\",\"image\":{\"@type\":\"ImageObject\",\"inLanguage\":\"pt-BR\",\"@id\":\"https:\/\/jornaltimoneiro.com.br\/#\/schema\/person\/image\/\",\"url\":\"https:\/\/jornaltimoneiro.com.br\/wp-content\/uploads\/2023\/03\/download.jpeg\",\"contentUrl\":\"https:\/\/jornaltimoneiro.com.br\/wp-content\/uploads\/2023\/03\/download.jpeg\",\"caption\":\"Reda\u00e7\u00e3o\"},\"url\":\"https:\/\/jornaltimoneiro.com.br\/index.php\/author\/simone-dutra\/\"}]}<\/script>\n<!-- \/ Yoast SEO plugin. -->","yoast_head_json":{"title":"Mercado aumenta proje\u00e7\u00e3o do PIB para 2024 - O Timoneiro Jornal Canoas RS","robots":{"index":"index","follow":"follow","max-snippet":"max-snippet:-1","max-image-preview":"max-image-preview:large","max-video-preview":"max-video-preview:-1"},"canonical":"https:\/\/jornaltimoneiro.com.br\/index.php\/2024\/06\/11\/mercado-aumenta-projecao-do-pib-para-2024\/","og_locale":"pt_BR","og_type":"article","og_title":"Mercado aumenta proje\u00e7\u00e3o do PIB para 2024 - O Timoneiro Jornal Canoas RS","og_description":"O mercado financeiro elevou a previs\u00e3o para o crescimento da economia este ano. Segundo o boletim Focus, divulgado na segunda-feira, 10, pelo Banco Central (BC), o crescimento do Produto Interno Bruto (PIB) fechar\u00e1 2024 em 2,09%. O \u00edndice se mant\u00e9m o mesmo de quatro semanas atr\u00e1s.\u00a0Na semana passada, a estimativa foi de que o crescimento [&hellip;]","og_url":"https:\/\/jornaltimoneiro.com.br\/index.php\/2024\/06\/11\/mercado-aumenta-projecao-do-pib-para-2024\/","og_site_name":"O Timoneiro Jornal Canoas RS","article_publisher":"https:\/\/www.facebook.com\/jornaltimoneiro","article_published_time":"2024-06-11T17:36:32+00:00","og_image":[{"width":768,"height":512,"url":"https:\/\/jornaltimoneiro.com.br\/wp-content\/uploads\/2024\/06\/Money_Brasil-Economia-PIB-768x512-1.jpg","type":"image\/jpeg"}],"author":"Reda\u00e7\u00e3o","twitter_card":"summary_large_image","twitter_creator":"@_OTimoneiro","twitter_site":"@_OTimoneiro","twitter_misc":{"Escrito por":"Reda\u00e7\u00e3o","Est. tempo de leitura":"2 minutos"},"schema":{"@context":"https:\/\/schema.org","@graph":[{"@type":"Article","@id":"https:\/\/jornaltimoneiro.com.br\/index.php\/2024\/06\/11\/mercado-aumenta-projecao-do-pib-para-2024\/#article","isPartOf":{"@id":"https:\/\/jornaltimoneiro.com.br\/index.php\/2024\/06\/11\/mercado-aumenta-projecao-do-pib-para-2024\/"},"author":{"name":"Reda\u00e7\u00e3o","@id":"https:\/\/jornaltimoneiro.com.br\/#\/schema\/person\/f63482f1a02b1a9592707865e509ab40"},"headline":"Mercado aumenta proje\u00e7\u00e3o do PIB para 2024","datePublished":"2024-06-11T17:36:32+00:00","dateModified":"2024-06-11T17:36:32+00:00","mainEntityOfPage":{"@id":"https:\/\/jornaltimoneiro.com.br\/index.php\/2024\/06\/11\/mercado-aumenta-projecao-do-pib-para-2024\/"},"wordCount":305,"commentCount":0,"publisher":{"@id":"https:\/\/jornaltimoneiro.com.br\/#organization"},"keywords":["Brasil","economia","mercado","PIB","proje\u00e7\u00e3o"],"articleSection":["Economia","Pa\u00eds"],"inLanguage":"pt-BR","potentialAction":[{"@type":"CommentAction","name":"Comment","target":["https:\/\/jornaltimoneiro.com.br\/index.php\/2024\/06\/11\/mercado-aumenta-projecao-do-pib-para-2024\/#respond"]}]},{"@type":"WebPage","@id":"https:\/\/jornaltimoneiro.com.br\/index.php\/2024\/06\/11\/mercado-aumenta-projecao-do-pib-para-2024\/","url":"https:\/\/jornaltimoneiro.com.br\/index.php\/2024\/06\/11\/mercado-aumenta-projecao-do-pib-para-2024\/","name":"Mercado aumenta proje\u00e7\u00e3o do PIB para 2024 - O Timoneiro Jornal Canoas RS","isPartOf":{"@id":"https:\/\/jornaltimoneiro.com.br\/#website"},"datePublished":"2024-06-11T17:36:32+00:00","dateModified":"2024-06-11T17:36:32+00:00","breadcrumb":{"@id":"https:\/\/jornaltimoneiro.com.br\/index.php\/2024\/06\/11\/mercado-aumenta-projecao-do-pib-para-2024\/#breadcrumb"},"inLanguage":"pt-BR","potentialAction":[{"@type":"ReadAction","target":["https:\/\/jornaltimoneiro.com.br\/index.php\/2024\/06\/11\/mercado-aumenta-projecao-do-pib-para-2024\/"]}]},{"@type":"BreadcrumbList","@id":"https:\/\/jornaltimoneiro.com.br\/index.php\/2024\/06\/11\/mercado-aumenta-projecao-do-pib-para-2024\/#breadcrumb","itemListElement":[{"@type":"ListItem","position":1,"name":"In\u00edcio","item":"https:\/\/jornaltimoneiro.com.br\/"},{"@type":"ListItem","position":2,"name":"Mercado aumenta proje\u00e7\u00e3o do PIB para 2024"}]},{"@type":"WebSite","@id":"https:\/\/jornaltimoneiro.com.br\/#website","url":"https:\/\/jornaltimoneiro.com.br\/","name":"Jornal Timoneiro Canoas RS","description":"Jornal O Timoneiro, o verdadeiro jornal de Canoas","publisher":{"@id":"https:\/\/jornaltimoneiro.com.br\/#organization"},"potentialAction":[{"@type":"SearchAction","target":{"@type":"EntryPoint","urlTemplate":"https:\/\/jornaltimoneiro.com.br\/?s={search_term_string}"},"query-input":"required name=search_term_string"}],"inLanguage":"pt-BR"},{"@type":"Organization","@id":"https:\/\/jornaltimoneiro.com.br\/#organization","name":"Jornal Timoneiro Canoas RS","url":"https:\/\/jornaltimoneiro.com.br\/","logo":{"@type":"ImageObject","inLanguage":"pt-BR","@id":"https:\/\/jornaltimoneiro.com.br\/#\/schema\/logo\/image\/","url":"https:\/\/jornaltimoneiro.com.br\/wp-content\/uploads\/2023\/03\/logonovo.png","contentUrl":"https:\/\/jornaltimoneiro.com.br\/wp-content\/uploads\/2023\/03\/logonovo.png","width":"469","height":"171","caption":"Jornal Timoneiro Canoas RS"},"image":{"@id":"https:\/\/jornaltimoneiro.com.br\/#\/schema\/logo\/image\/"},"sameAs":["https:\/\/www.facebook.com\/jornaltimoneiro","https:\/\/twitter.com\/_OTimoneiro","https:\/\/www.instagram.com\/jornaltimoneirocanoas\/","https:\/\/www.youtube.com\/@jornalotimoneiro7927"]},{"@type":"Person","@id":"https:\/\/jornaltimoneiro.com.br\/#\/schema\/person\/f63482f1a02b1a9592707865e509ab40","name":"Reda\u00e7\u00e3o","image":{"@type":"ImageObject","inLanguage":"pt-BR","@id":"https:\/\/jornaltimoneiro.com.br\/#\/schema\/person\/image\/","url":"https:\/\/jornaltimoneiro.com.br\/wp-content\/uploads\/2023\/03\/download.jpeg","contentUrl":"https:\/\/jornaltimoneiro.com.br\/wp-content\/uploads\/2023\/03\/download.jpeg","caption":"Reda\u00e7\u00e3o"},"url":"https:\/\/jornaltimoneiro.com.br\/index.php\/author\/simone-dutra\/"}]}},"_links":{"self":[{"href":"https:\/\/jornaltimoneiro.com.br\/index.php\/wp-json\/wp\/v2\/posts\/30121"}],"collection":[{"href":"https:\/\/jornaltimoneiro.com.br\/index.php\/wp-json\/wp\/v2\/posts"}],"about":[{"href":"https:\/\/jornaltimoneiro.com.br\/index.php\/wp-json\/wp\/v2\/types\/post"}],"author":[{"embeddable":true,"href":"https:\/\/jornaltimoneiro.com.br\/index.php\/wp-json\/wp\/v2\/users\/2"}],"replies":[{"embeddable":true,"href":"https:\/\/jornaltimoneiro.com.br\/index.php\/wp-json\/wp\/v2\/comments?post=30121"}],"version-history":[{"count":1,"href":"https:\/\/jornaltimoneiro.com.br\/index.php\/wp-json\/wp\/v2\/posts\/30121\/revisions"}],"predecessor-version":[{"id":30124,"href":"https:\/\/jornaltimoneiro.com.br\/index.php\/wp-json\/wp\/v2\/posts\/30121\/revisions\/30124"}],"wp:featuredmedia":[{"embeddable":true,"href":"https:\/\/jornaltimoneiro.com.br\/index.php\/wp-json\/wp\/v2\/media\/30122"}],"wp:attachment":[{"href":"https:\/\/jornaltimoneiro.com.br\/index.php\/wp-json\/wp\/v2\/media?parent=30121"}],"wp:term":[{"taxonomy":"category","embeddable":true,"href":"https:\/\/jornaltimoneiro.com.br\/index.php\/wp-json\/wp\/v2\/categories?post=30121"},{"taxonomy":"post_tag","embeddable":true,"href":"https:\/\/jornaltimoneiro.com.br\/index.php\/wp-json\/wp\/v2\/tags?post=30121"}],"curies":[{"name":"wp","href":"https:\/\/api.w.org\/{rel}","templated":true}]}}