{"id":301,"date":"2015-06-05T11:02:49","date_gmt":"2015-06-05T14:02:49","guid":{"rendered":"http:\/\/otimoneiro.com.br\/?p=301"},"modified":"2015-06-05T11:02:49","modified_gmt":"2015-06-05T14:02:49","slug":"assinada-ordem-de-inicio-para-implantacao-do-aeromovel","status":"publish","type":"post","link":"https:\/\/jornaltimoneiro.com.br\/index.php\/2015\/06\/05\/assinada-ordem-de-inicio-para-implantacao-do-aeromovel\/","title":{"rendered":"Assinada ordem de in\u00edcio para implanta\u00e7\u00e3o do aerom\u00f3vel"},"content":{"rendered":"<p style=\"text-align: center;\"><strong>Bruno Lara<\/strong><\/p>\n<p style=\"text-align: justify;\">Na ter\u00e7a-feira, 2 de junho, foi assinada a ordem de in\u00edcio da implanta\u00e7\u00e3o do aerom\u00f3vel da cidade. Esta ordem compreende os projetos executivos e a fiscaliza\u00e7\u00e3o das obras civis da primeira linha no munic\u00edpio, que compreender\u00e1 o trecho entre a esta\u00e7\u00e3o Mathias Velho e o bairro Guajuviras. Participaram do ato Marcos B\u00f3sio, secret\u00e1rio da Fazenda, Marcus Coester, diretor da Aeromovel Brasil S\/A e o prefeito Jairo Jorge (PT). A expectativa \u00e9 que at\u00e9 o final de 2015 uma licita\u00e7\u00e3o para as obras da linha 1 \u2013 Guajuviras seja aberto.<\/p>\n<p style=\"text-align: justify;\">Em discurso pol\u00edtico, Jairo Jorge afirmou que a obra se trata de \u201cum investimento que estamos fazendo na cidade para as pessoas. Existem os cr\u00edticos e sabemos o por que. Existem interesses em jogo, uma tecnologia, genuinamente ga\u00facha, \u00e9 uma amea\u00e7a ao mercado, mas o caminho \u00e9 superar e vencer&#8221;. Marcus Coester relembrou o pai, Oskar Coester, idealizador do projeto nos anos 60 e falou sobre aos prazos para a obra.&#8221;A gente estima que em torno de 90 dias deve estar pronto o projeto executivo, que ser\u00e1 parte integrante do edital para a contrata\u00e7\u00e3o das obras civis&#8221;.<\/p>\n<div id=\"attachment_302\" style=\"width: 714px\" class=\"wp-caption aligncenter\"><a href=\"http:\/\/otimoneiro.com.br\/wp-content\/uploads\/2015\/06\/09003aeroc_esta\u00e7\u00e3o_tipo_r01_im_01.jpg\"><img decoding=\"async\" aria-describedby=\"caption-attachment-302\" class=\" wp-image-302\" src=\"http:\/\/otimoneiro.com.br\/wp-content\/uploads\/2015\/06\/09003aeroc_esta\u00e7\u00e3o_tipo_r01_im_01-300x169.jpg\" alt=\"Trajeto de 5,9 quil\u00f4metros da Linha 1 deve percorrer as avenidas Boqueir\u00e3o e 17 de abril. Foto:Imagem ilustrativa Prefeitura Municipal de Canoas \" width=\"704\" height=\"399\" \/><\/a><p id=\"caption-attachment-302\" class=\"wp-caption-text\">Trajeto de 5,9 quil\u00f4metros da Linha 1 deve percorrer as avenidas Boqueir\u00e3o e 17 de abril. Foto:Imagem ilustrativa Prefeitura Municipal de Canoas<\/p><\/div>\n<p style=\"text-align: justify;\"><strong>Aeromovel Brasil vir\u00e1\u00a0para o munic\u00edpio<\/strong><br \/>\nA empresa que receber\u00e1 R$ 149,26 milh\u00f5es ter\u00e1 sua sede pr\u00f3pria na cidade. A novidade foi anunciada na ter\u00e7a-feira por Coester. A Aeromovel Brasil S\/A vai se mudar de S\u00e3o Leopoldo para Canoas. &#8220;A gente vai se mudar para onde o sistema vai funcionar, para poder acompanhar tudo bem de perto&#8221;, salientou.<br \/>\nO trabalho de dois anos abrange projetos executivos da tecnologia; projetos executivos das obras civis; fornecimento de equipamentos e subsistemas; instala\u00e7\u00e3o dos equipamentos e subsistemas; coloca\u00e7\u00e3o do sistema aeromovel em opera\u00e7\u00e3o; e gerenciamento do projeto e fiscaliza\u00e7\u00e3o da execu\u00e7\u00e3o das obras civis.<\/p>\n<p style=\"text-align: justify;\"><strong>Recursos municipais\u00a0e federais<\/strong><br \/>\nMesmo com os recortes de R$ 69,9 bilh\u00f5es no Or\u00e7amento da Uni\u00e3o, os recursos do minist\u00e9rio mais atingido, que contar\u00e1 com menos da metade da verba prevista para todo o ano, o Minist\u00e9rio das Cidades, investir\u00e1 na obra, afirma o governo municipal. O governo federal reduziu de 19,9 bilh\u00f5es para R$ 13 bilh\u00f5es o or\u00e7amento do minist\u00e9rio. Por\u00e9m, mesmo com os cortes, segundo a Prefeitura de Canoas, os recursos para o projeto est\u00e3o garantidos. Ser\u00e3o R$ 272 milh\u00f5es para as obras e os projetos do primeiro trecho. Dos cofres do Munic\u00edpio sair\u00e3o R$ 15 milh\u00f5es, totalizando R$ 287 milh\u00f5es.<br \/>\nNa data dos cortes, ministro do Planejamento, Nelson Barbosa, havia afirmado que o valor do corte era compat\u00edvel ao esfor\u00e7o do governo de conten\u00e7\u00e3o de gastos e que garantia o t\u00e9rmino das obras que est\u00e3o ao menos 70% conclu\u00eddas. Sobre as demais obras afirmou que necessitar\u00e3o de uma adequa\u00e7\u00e3o no cronograma.<\/p>\n<p style=\"text-align: justify;\"><strong>Cortes no Governo Federal<\/strong><br \/>\nO mais afetado pelo corte ser\u00e1 o pr\u00f3prio Minist\u00e9rio das Cidades, que perder\u00e1 R$ 17,2 bilh\u00f5es do previsto para o exerc\u00edcio de 2015. A sa\u00fade segue com a segunda maior baixa R$ 11,8 bilh\u00f5es, depois v\u00eam o Minist\u00e9rio da Educa\u00e7\u00e3o, menos R$ 9,4 bilh\u00f5es, Transporte R$ 5,7 bilh\u00f5es, Defesa R$ 5,6 bilh\u00f5es, Integra\u00e7\u00e3o Nacional R$ 2,2 bilh\u00f5es, Ci\u00eancia Tecnologia e Inova\u00e7\u00e3o R$ 1,8 bilh\u00e3o, Desenvolvimento Agr\u00e1rio R$ 1,8 bilh\u00e3o, Avia\u00e7\u00e3o Civil R$ 1,4 bilh\u00e3o, Justi\u00e7a R$1,4 Bilh\u00e3o e R$ 13,3 bilh\u00f5es para os demais.<\/p>\n<p style=\"text-align: justify;\"><strong>Nova alternativa\u00a0no transporte<\/strong><br \/>\nCom a conclus\u00e3o do projeto executivo das obras civis, ser\u00e1 poss\u00edvel lan\u00e7ar o edital de licita\u00e7\u00e3o das obras da primeira parte do aerom\u00f3vel que tem previs\u00e3o para o in\u00edcio do funcionamento no final de 2016. O trecho deve ligar a Esta\u00e7\u00e3o Mathias Velho da Trensurb ao fim da avenida 17 de Abril, no bairro Guajuviras. A primeira etapa ter\u00e1 5,9 quil\u00f4metros.<\/p>\n<p style=\"text-align: justify;\">O trajeto deve ter uma dura\u00e7\u00e3o de 12 minutos do in\u00edcio ao fim. O ve\u00edculo tem capacidade para 300 pessoas e pode transportes 3,4 mil pessoas por hora. O valor da tarifa ainda n\u00e3o foi definido. O projeto prev\u00ea acesso \u00e0s escadas, elevadores e biciclet\u00e1rios em uma \u00e1rea de 310 metros com entrada e sa\u00edda em pontas opostas.<\/p>\n<p style=\"text-align: justify;\">Ser\u00e3o 9 esta\u00e7\u00f5es. A primeira deve sair da esta\u00e7\u00e3o Mathias Velho do Trensurb. De forma elevada, a estrutura percorrera a av. Boqueir\u00e3o, com esta\u00e7\u00f5es pr\u00f3ximas as ruas Liberdade, Farroupilha, A\u00e7ucena, chegando a \u00faltima esta\u00e7\u00e3o na rua dois, em frente a UPA Guajuviras, encerrando o trajeto na Av. boqueir\u00e3o. O trajeto segue na av. 17 de abril, principal do Guajuviras, com mais quatro esta\u00e7\u00f5es, situadas pr\u00f3ximo a r\u00f3tula, em frente a Pra\u00e7a da Brigada, pr\u00f3ximo a escola Carlos Drummond e chegando ao fim da linha na esta\u00e7\u00e3o Lee Rogers, 5,7 quil\u00f4metros de dist\u00e2ncia da esta\u00e7\u00e3o Mathias.<\/p>\n","protected":false},"excerpt":{"rendered":"<p>A obra ter\u00e1 o investimento de R$ 287 milh\u00f5es entre recursos municipais e federais <\/p>\n","protected":false},"author":1,"featured_media":302,"comment_status":"open","ping_status":"open","sticky":false,"template":"","format":"standard","meta":{"amp_status":"","footnotes":""},"categories":[25,19,22],"tags":[],"class_list":["post-301","post","type-post","status-publish","format-standard","has-post-thumbnail","hentry","category-comunidade","category-destaques","category-noticias"],"yoast_head":"<!-- This site is optimized with the Yoast SEO plugin v20.5 - https:\/\/yoast.com\/wordpress\/plugins\/seo\/ -->\n<title>Assinada ordem de in\u00edcio para implanta\u00e7\u00e3o do aerom\u00f3vel - O Timoneiro Jornal Canoas RS<\/title>\n<meta name=\"robots\" content=\"index, follow, max-snippet:-1, max-image-preview:large, max-video-preview:-1\" \/>\n<link rel=\"canonical\" href=\"https:\/\/jornaltimoneiro.com.br\/index.php\/2015\/06\/05\/assinada-ordem-de-inicio-para-implantacao-do-aeromovel\/\" \/>\n<meta property=\"og:locale\" content=\"pt_BR\" \/>\n<meta property=\"og:type\" content=\"article\" \/>\n<meta property=\"og:title\" content=\"Assinada ordem de in\u00edcio para implanta\u00e7\u00e3o do aerom\u00f3vel - O Timoneiro Jornal Canoas RS\" \/>\n<meta property=\"og:description\" content=\"A obra ter\u00e1 o investimento de R$ 287 milh\u00f5es entre recursos municipais e federais\" \/>\n<meta property=\"og:url\" content=\"https:\/\/jornaltimoneiro.com.br\/index.php\/2015\/06\/05\/assinada-ordem-de-inicio-para-implantacao-do-aeromovel\/\" \/>\n<meta property=\"og:site_name\" content=\"O Timoneiro Jornal Canoas RS\" \/>\n<meta property=\"article:publisher\" content=\"https:\/\/www.facebook.com\/jornaltimoneiro\" \/>\n<meta property=\"article:published_time\" content=\"2015-06-05T14:02:49+00:00\" \/>\n<meta name=\"author\" content=\"Reda\u00e7\u00e3o\" \/>\n<meta name=\"twitter:card\" content=\"summary_large_image\" \/>\n<meta name=\"twitter:creator\" content=\"@_OTimoneiro\" \/>\n<meta name=\"twitter:site\" content=\"@_OTimoneiro\" \/>\n<meta name=\"twitter:label1\" content=\"Escrito por\" \/>\n\t<meta name=\"twitter:data1\" content=\"Reda\u00e7\u00e3o\" \/>\n\t<meta name=\"twitter:label2\" content=\"Est. tempo de leitura\" \/>\n\t<meta name=\"twitter:data2\" content=\"4 minutos\" \/>\n<script type=\"application\/ld+json\" class=\"yoast-schema-graph\">{\"@context\":\"https:\/\/schema.org\",\"@graph\":[{\"@type\":\"Article\",\"@id\":\"https:\/\/jornaltimoneiro.com.br\/index.php\/2015\/06\/05\/assinada-ordem-de-inicio-para-implantacao-do-aeromovel\/#article\",\"isPartOf\":{\"@id\":\"https:\/\/jornaltimoneiro.com.br\/index.php\/2015\/06\/05\/assinada-ordem-de-inicio-para-implantacao-do-aeromovel\/\"},\"author\":{\"name\":\"Reda\u00e7\u00e3o\",\"@id\":\"https:\/\/jornaltimoneiro.com.br\/#\/schema\/person\/620efd1d8244466117482be494360b08\"},\"headline\":\"Assinada ordem de in\u00edcio para implanta\u00e7\u00e3o do aerom\u00f3vel\",\"datePublished\":\"2015-06-05T14:02:49+00:00\",\"dateModified\":\"2015-06-05T14:02:49+00:00\",\"mainEntityOfPage\":{\"@id\":\"https:\/\/jornaltimoneiro.com.br\/index.php\/2015\/06\/05\/assinada-ordem-de-inicio-para-implantacao-do-aeromovel\/\"},\"wordCount\":860,\"commentCount\":0,\"publisher\":{\"@id\":\"https:\/\/jornaltimoneiro.com.br\/#organization\"},\"articleSection\":[\"Comunidade\",\"Destaques\",\"Not\u00edcias\"],\"inLanguage\":\"pt-BR\",\"potentialAction\":[{\"@type\":\"CommentAction\",\"name\":\"Comment\",\"target\":[\"https:\/\/jornaltimoneiro.com.br\/index.php\/2015\/06\/05\/assinada-ordem-de-inicio-para-implantacao-do-aeromovel\/#respond\"]}]},{\"@type\":\"WebPage\",\"@id\":\"https:\/\/jornaltimoneiro.com.br\/index.php\/2015\/06\/05\/assinada-ordem-de-inicio-para-implantacao-do-aeromovel\/\",\"url\":\"https:\/\/jornaltimoneiro.com.br\/index.php\/2015\/06\/05\/assinada-ordem-de-inicio-para-implantacao-do-aeromovel\/\",\"name\":\"Assinada ordem de in\u00edcio para implanta\u00e7\u00e3o do aerom\u00f3vel - O Timoneiro Jornal Canoas RS\",\"isPartOf\":{\"@id\":\"https:\/\/jornaltimoneiro.com.br\/#website\"},\"datePublished\":\"2015-06-05T14:02:49+00:00\",\"dateModified\":\"2015-06-05T14:02:49+00:00\",\"breadcrumb\":{\"@id\":\"https:\/\/jornaltimoneiro.com.br\/index.php\/2015\/06\/05\/assinada-ordem-de-inicio-para-implantacao-do-aeromovel\/#breadcrumb\"},\"inLanguage\":\"pt-BR\",\"potentialAction\":[{\"@type\":\"ReadAction\",\"target\":[\"https:\/\/jornaltimoneiro.com.br\/index.php\/2015\/06\/05\/assinada-ordem-de-inicio-para-implantacao-do-aeromovel\/\"]}]},{\"@type\":\"BreadcrumbList\",\"@id\":\"https:\/\/jornaltimoneiro.com.br\/index.php\/2015\/06\/05\/assinada-ordem-de-inicio-para-implantacao-do-aeromovel\/#breadcrumb\",\"itemListElement\":[{\"@type\":\"ListItem\",\"position\":1,\"name\":\"In\u00edcio\",\"item\":\"https:\/\/jornaltimoneiro.com.br\/\"},{\"@type\":\"ListItem\",\"position\":2,\"name\":\"Assinada ordem de in\u00edcio para implanta\u00e7\u00e3o do aerom\u00f3vel\"}]},{\"@type\":\"WebSite\",\"@id\":\"https:\/\/jornaltimoneiro.com.br\/#website\",\"url\":\"https:\/\/jornaltimoneiro.com.br\/\",\"name\":\"Jornal Timoneiro Canoas RS\",\"description\":\"Jornal O Timoneiro, o verdadeiro jornal de Canoas\",\"publisher\":{\"@id\":\"https:\/\/jornaltimoneiro.com.br\/#organization\"},\"potentialAction\":[{\"@type\":\"SearchAction\",\"target\":{\"@type\":\"EntryPoint\",\"urlTemplate\":\"https:\/\/jornaltimoneiro.com.br\/?s={search_term_string}\"},\"query-input\":\"required name=search_term_string\"}],\"inLanguage\":\"pt-BR\"},{\"@type\":\"Organization\",\"@id\":\"https:\/\/jornaltimoneiro.com.br\/#organization\",\"name\":\"Jornal Timoneiro Canoas RS\",\"url\":\"https:\/\/jornaltimoneiro.com.br\/\",\"logo\":{\"@type\":\"ImageObject\",\"inLanguage\":\"pt-BR\",\"@id\":\"https:\/\/jornaltimoneiro.com.br\/#\/schema\/logo\/image\/\",\"url\":\"https:\/\/jornaltimoneiro.com.br\/wp-content\/uploads\/2023\/03\/logonovo.png\",\"contentUrl\":\"https:\/\/jornaltimoneiro.com.br\/wp-content\/uploads\/2023\/03\/logonovo.png\",\"width\":\"469\",\"height\":\"171\",\"caption\":\"Jornal Timoneiro Canoas RS\"},\"image\":{\"@id\":\"https:\/\/jornaltimoneiro.com.br\/#\/schema\/logo\/image\/\"},\"sameAs\":[\"https:\/\/www.facebook.com\/jornaltimoneiro\",\"https:\/\/twitter.com\/_OTimoneiro\",\"https:\/\/www.instagram.com\/jornaltimoneirocanoas\/\",\"https:\/\/www.youtube.com\/@jornalotimoneiro7927\"]},{\"@type\":\"Person\",\"@id\":\"https:\/\/jornaltimoneiro.com.br\/#\/schema\/person\/620efd1d8244466117482be494360b08\",\"name\":\"Reda\u00e7\u00e3o\",\"image\":{\"@type\":\"ImageObject\",\"inLanguage\":\"pt-BR\",\"@id\":\"https:\/\/jornaltimoneiro.com.br\/#\/schema\/person\/image\/\",\"url\":\"https:\/\/secure.gravatar.com\/avatar\/2f04e1b304682a8d9db336c7acd77f08?s=96&d=mm&r=g\",\"contentUrl\":\"https:\/\/secure.gravatar.com\/avatar\/2f04e1b304682a8d9db336c7acd77f08?s=96&d=mm&r=g\",\"caption\":\"Reda\u00e7\u00e3o\"},\"url\":\"https:\/\/jornaltimoneiro.com.br\/index.php\/author\/timoneirocanoas\/\"}]}<\/script>\n<!-- \/ Yoast SEO plugin. -->","yoast_head_json":{"title":"Assinada ordem de in\u00edcio para implanta\u00e7\u00e3o do aerom\u00f3vel - O Timoneiro Jornal Canoas RS","robots":{"index":"index","follow":"follow","max-snippet":"max-snippet:-1","max-image-preview":"max-image-preview:large","max-video-preview":"max-video-preview:-1"},"canonical":"https:\/\/jornaltimoneiro.com.br\/index.php\/2015\/06\/05\/assinada-ordem-de-inicio-para-implantacao-do-aeromovel\/","og_locale":"pt_BR","og_type":"article","og_title":"Assinada ordem de in\u00edcio para implanta\u00e7\u00e3o do aerom\u00f3vel - O Timoneiro Jornal Canoas RS","og_description":"A obra ter\u00e1 o investimento de R$ 287 milh\u00f5es entre recursos municipais e federais","og_url":"https:\/\/jornaltimoneiro.com.br\/index.php\/2015\/06\/05\/assinada-ordem-de-inicio-para-implantacao-do-aeromovel\/","og_site_name":"O Timoneiro Jornal Canoas RS","article_publisher":"https:\/\/www.facebook.com\/jornaltimoneiro","article_published_time":"2015-06-05T14:02:49+00:00","author":"Reda\u00e7\u00e3o","twitter_card":"summary_large_image","twitter_creator":"@_OTimoneiro","twitter_site":"@_OTimoneiro","twitter_misc":{"Escrito por":"Reda\u00e7\u00e3o","Est. tempo de leitura":"4 minutos"},"schema":{"@context":"https:\/\/schema.org","@graph":[{"@type":"Article","@id":"https:\/\/jornaltimoneiro.com.br\/index.php\/2015\/06\/05\/assinada-ordem-de-inicio-para-implantacao-do-aeromovel\/#article","isPartOf":{"@id":"https:\/\/jornaltimoneiro.com.br\/index.php\/2015\/06\/05\/assinada-ordem-de-inicio-para-implantacao-do-aeromovel\/"},"author":{"name":"Reda\u00e7\u00e3o","@id":"https:\/\/jornaltimoneiro.com.br\/#\/schema\/person\/620efd1d8244466117482be494360b08"},"headline":"Assinada ordem de in\u00edcio para implanta\u00e7\u00e3o do aerom\u00f3vel","datePublished":"2015-06-05T14:02:49+00:00","dateModified":"2015-06-05T14:02:49+00:00","mainEntityOfPage":{"@id":"https:\/\/jornaltimoneiro.com.br\/index.php\/2015\/06\/05\/assinada-ordem-de-inicio-para-implantacao-do-aeromovel\/"},"wordCount":860,"commentCount":0,"publisher":{"@id":"https:\/\/jornaltimoneiro.com.br\/#organization"},"articleSection":["Comunidade","Destaques","Not\u00edcias"],"inLanguage":"pt-BR","potentialAction":[{"@type":"CommentAction","name":"Comment","target":["https:\/\/jornaltimoneiro.com.br\/index.php\/2015\/06\/05\/assinada-ordem-de-inicio-para-implantacao-do-aeromovel\/#respond"]}]},{"@type":"WebPage","@id":"https:\/\/jornaltimoneiro.com.br\/index.php\/2015\/06\/05\/assinada-ordem-de-inicio-para-implantacao-do-aeromovel\/","url":"https:\/\/jornaltimoneiro.com.br\/index.php\/2015\/06\/05\/assinada-ordem-de-inicio-para-implantacao-do-aeromovel\/","name":"Assinada ordem de in\u00edcio para implanta\u00e7\u00e3o do aerom\u00f3vel - O Timoneiro Jornal Canoas RS","isPartOf":{"@id":"https:\/\/jornaltimoneiro.com.br\/#website"},"datePublished":"2015-06-05T14:02:49+00:00","dateModified":"2015-06-05T14:02:49+00:00","breadcrumb":{"@id":"https:\/\/jornaltimoneiro.com.br\/index.php\/2015\/06\/05\/assinada-ordem-de-inicio-para-implantacao-do-aeromovel\/#breadcrumb"},"inLanguage":"pt-BR","potentialAction":[{"@type":"ReadAction","target":["https:\/\/jornaltimoneiro.com.br\/index.php\/2015\/06\/05\/assinada-ordem-de-inicio-para-implantacao-do-aeromovel\/"]}]},{"@type":"BreadcrumbList","@id":"https:\/\/jornaltimoneiro.com.br\/index.php\/2015\/06\/05\/assinada-ordem-de-inicio-para-implantacao-do-aeromovel\/#breadcrumb","itemListElement":[{"@type":"ListItem","position":1,"name":"In\u00edcio","item":"https:\/\/jornaltimoneiro.com.br\/"},{"@type":"ListItem","position":2,"name":"Assinada ordem de in\u00edcio para implanta\u00e7\u00e3o do aerom\u00f3vel"}]},{"@type":"WebSite","@id":"https:\/\/jornaltimoneiro.com.br\/#website","url":"https:\/\/jornaltimoneiro.com.br\/","name":"Jornal Timoneiro Canoas RS","description":"Jornal O Timoneiro, o verdadeiro jornal de Canoas","publisher":{"@id":"https:\/\/jornaltimoneiro.com.br\/#organization"},"potentialAction":[{"@type":"SearchAction","target":{"@type":"EntryPoint","urlTemplate":"https:\/\/jornaltimoneiro.com.br\/?s={search_term_string}"},"query-input":"required name=search_term_string"}],"inLanguage":"pt-BR"},{"@type":"Organization","@id":"https:\/\/jornaltimoneiro.com.br\/#organization","name":"Jornal Timoneiro Canoas RS","url":"https:\/\/jornaltimoneiro.com.br\/","logo":{"@type":"ImageObject","inLanguage":"pt-BR","@id":"https:\/\/jornaltimoneiro.com.br\/#\/schema\/logo\/image\/","url":"https:\/\/jornaltimoneiro.com.br\/wp-content\/uploads\/2023\/03\/logonovo.png","contentUrl":"https:\/\/jornaltimoneiro.com.br\/wp-content\/uploads\/2023\/03\/logonovo.png","width":"469","height":"171","caption":"Jornal Timoneiro Canoas RS"},"image":{"@id":"https:\/\/jornaltimoneiro.com.br\/#\/schema\/logo\/image\/"},"sameAs":["https:\/\/www.facebook.com\/jornaltimoneiro","https:\/\/twitter.com\/_OTimoneiro","https:\/\/www.instagram.com\/jornaltimoneirocanoas\/","https:\/\/www.youtube.com\/@jornalotimoneiro7927"]},{"@type":"Person","@id":"https:\/\/jornaltimoneiro.com.br\/#\/schema\/person\/620efd1d8244466117482be494360b08","name":"Reda\u00e7\u00e3o","image":{"@type":"ImageObject","inLanguage":"pt-BR","@id":"https:\/\/jornaltimoneiro.com.br\/#\/schema\/person\/image\/","url":"https:\/\/secure.gravatar.com\/avatar\/2f04e1b304682a8d9db336c7acd77f08?s=96&d=mm&r=g","contentUrl":"https:\/\/secure.gravatar.com\/avatar\/2f04e1b304682a8d9db336c7acd77f08?s=96&d=mm&r=g","caption":"Reda\u00e7\u00e3o"},"url":"https:\/\/jornaltimoneiro.com.br\/index.php\/author\/timoneirocanoas\/"}]}},"_links":{"self":[{"href":"https:\/\/jornaltimoneiro.com.br\/index.php\/wp-json\/wp\/v2\/posts\/301"}],"collection":[{"href":"https:\/\/jornaltimoneiro.com.br\/index.php\/wp-json\/wp\/v2\/posts"}],"about":[{"href":"https:\/\/jornaltimoneiro.com.br\/index.php\/wp-json\/wp\/v2\/types\/post"}],"author":[{"embeddable":true,"href":"https:\/\/jornaltimoneiro.com.br\/index.php\/wp-json\/wp\/v2\/users\/1"}],"replies":[{"embeddable":true,"href":"https:\/\/jornaltimoneiro.com.br\/index.php\/wp-json\/wp\/v2\/comments?post=301"}],"version-history":[{"count":0,"href":"https:\/\/jornaltimoneiro.com.br\/index.php\/wp-json\/wp\/v2\/posts\/301\/revisions"}],"wp:featuredmedia":[{"embeddable":true,"href":"https:\/\/jornaltimoneiro.com.br\/index.php\/wp-json\/"}],"wp:attachment":[{"href":"https:\/\/jornaltimoneiro.com.br\/index.php\/wp-json\/wp\/v2\/media?parent=301"}],"wp:term":[{"taxonomy":"category","embeddable":true,"href":"https:\/\/jornaltimoneiro.com.br\/index.php\/wp-json\/wp\/v2\/categories?post=301"},{"taxonomy":"post_tag","embeddable":true,"href":"https:\/\/jornaltimoneiro.com.br\/index.php\/wp-json\/wp\/v2\/tags?post=301"}],"curies":[{"name":"wp","href":"https:\/\/api.w.org\/{rel}","templated":true}]}}