{"id":2997,"date":"2016-03-01T10:16:54","date_gmt":"2016-03-01T13:16:54","guid":{"rendered":"http:\/\/otimoneiro.com.br\/?p=2997"},"modified":"2016-03-01T10:16:54","modified_gmt":"2016-03-01T13:16:54","slug":"inscricoes-abertas-para-quem-quer-vender-produtos-no-carnaval","status":"publish","type":"post","link":"https:\/\/jornaltimoneiro.com.br\/index.php\/2016\/03\/01\/inscricoes-abertas-para-quem-quer-vender-produtos-no-carnaval\/","title":{"rendered":"Inscri\u00e7\u00f5es abertas para quem quer vender produtos no Carnaval"},"content":{"rendered":"<div id=\"attachment_2998\" style=\"width: 738px\" class=\"wp-caption aligncenter\"><a href=\"http:\/\/otimoneiro.com.br\/wp-content\/uploads\/2016\/03\/carnaval.jpg\"><img decoding=\"async\" aria-describedby=\"caption-attachment-2998\" class=\" wp-image-2998\" src=\"http:\/\/otimoneiro.com.br\/wp-content\/uploads\/2016\/03\/carnaval.jpg\" alt=\"Carnaval ocorrer\u00e1 nos dias 18 e 19 de mar\u00e7o. Foto: PMC\" width=\"728\" height=\"546\" \/><\/a><p id=\"caption-attachment-2998\" class=\"wp-caption-text\">Carnaval ocorrer\u00e1 nos dias 18 e 19 de mar\u00e7o. Foto: PMC<\/p><\/div>\n<p>&nbsp;<\/p>\n<p>Desde ontem, dia 29, est\u00e3o abertas as inscri\u00e7\u00f5es para a comercializa\u00e7\u00e3o de lanches r\u00e1pidos e bebidas na Pra\u00e7a de Alimenta\u00e7\u00e3o que ser\u00e1 montada durante o Carnaval na Paz 2016, que ocorrer\u00e1 nos dias 18 e 19 de mar\u00e7o, no Parque Esportivo Eduardo Gomes, o Parc\u00e3o. Ser\u00e3o disponibilizados 24 estandes, sendo dispostos na \u00e1rea restrita para a Pra\u00e7a.<\/p>\n<p>Conforme estabelecido pela atual administra\u00e7\u00e3o municipal, as vagas s\u00e3o dirigidas, somente, para comerciantes de Canoas com alvar\u00e1 de ambulante, situados no Terminal da Esta\u00e7\u00e3o Mathias Velho, e de Viabilidade (vendedores indicados pelas escolas de samba e para integrantes da Economia Solid\u00e1ria). A Prefeitura n\u00e3o informou o motivo por deixar os demais comerciantes fora do p\u00e1reo.<\/p>\n<p>Os interessados devem comparecer at\u00e9 a sexta-feira, 4, na Secretaria Municipal de Desenvolvimento Econ\u00f4mico (SMDE), localizada na rua Doutor Barcelos, 969, das 8h30 \u00e0s 16h30min, munidos dos de:<\/p>\n<p><em>&#8211; C\u00f3pia do documento identidade titular e dos auxiliares;<\/em><\/p>\n<p><em>&#8211; C\u00f3pia do comprovante de resid\u00eancia atualizado do titular;<\/em><\/p>\n<p><em>&#8211; C\u00f3pia do alvar\u00e1 de ambulante ou viabilidade;<\/em><\/p>\n<p><em>&#8211; C\u00f3pia do Alvar\u00e1 Sanit\u00e1rio atualizado e c\u00f3pia do curso de boas pr\u00e1ticas de \u00ad16h\/aula para os comerciantes que possuem viabilidade,<\/em><\/p>\n<p><em>&#8211; Autoriza\u00e7\u00e3o emitida pela Escola de Samba (para os comerciantes indicados pelas Escolas de Samba) informar atividade desejada. Ser\u00e3o aceitas inscri\u00e7\u00f5es somente para ambulantes cadastrados no Munic\u00edpio de Canoas.<\/em><\/p>\n<p>&nbsp;<\/p>\n<p><strong>Reuni\u00e3o obrigat\u00f3ria<\/strong><\/p>\n<p>O sorteio dos espa\u00e7os deve ocorrer no dia 10 de mar\u00e7o, quinta-feira, \u00e0s 17 horas, na Secretaria de Desenvolvimento Econ\u00f4mico. \u201cO n\u00e3o comparecimento na reuni\u00e3o acarretar\u00e1 no indeferimento e arquivamento do processo. O regulamento completo est\u00e1 dispon\u00edvel na SMDE\u201d, informa a Prefeitura em nota.<\/p>\n","protected":false},"excerpt":{"rendered":"<p>Somente comerciantes ambulantes do Terminal Mathias Velho e indicados pelas escolas podem se inscrever<\/p>\n","protected":false},"author":1,"featured_media":2998,"comment_status":"open","ping_status":"open","sticky":false,"template":"","format":"standard","meta":{"amp_status":"","footnotes":""},"categories":[25,76,19,22],"tags":[91,92,31,93,94,95],"class_list":["post-2997","post","type-post","status-publish","format-standard","has-post-thumbnail","hentry","category-comunidade","category-cultura","category-destaques","category-noticias","tag-alimentacao","tag-bebidas","tag-canoas","tag-carnaval","tag-comerciantes","tag-venda"],"yoast_head":"<!-- This site is optimized with the Yoast SEO plugin v20.5 - https:\/\/yoast.com\/wordpress\/plugins\/seo\/ -->\n<title>Inscri\u00e7\u00f5es abertas para quem quer vender produtos no Carnaval - O Timoneiro Jornal Canoas RS<\/title>\n<meta name=\"robots\" content=\"index, follow, max-snippet:-1, max-image-preview:large, max-video-preview:-1\" \/>\n<link rel=\"canonical\" href=\"https:\/\/jornaltimoneiro.com.br\/index.php\/2016\/03\/01\/inscricoes-abertas-para-quem-quer-vender-produtos-no-carnaval\/\" \/>\n<meta property=\"og:locale\" content=\"pt_BR\" \/>\n<meta property=\"og:type\" content=\"article\" \/>\n<meta property=\"og:title\" content=\"Inscri\u00e7\u00f5es abertas para quem quer vender produtos no Carnaval - O Timoneiro Jornal Canoas RS\" \/>\n<meta property=\"og:description\" content=\"Somente comerciantes ambulantes do Terminal Mathias Velho e indicados pelas escolas podem se inscrever\" \/>\n<meta property=\"og:url\" content=\"https:\/\/jornaltimoneiro.com.br\/index.php\/2016\/03\/01\/inscricoes-abertas-para-quem-quer-vender-produtos-no-carnaval\/\" \/>\n<meta property=\"og:site_name\" content=\"O Timoneiro Jornal Canoas RS\" \/>\n<meta property=\"article:publisher\" content=\"https:\/\/www.facebook.com\/jornaltimoneiro\" \/>\n<meta property=\"article:published_time\" content=\"2016-03-01T13:16:54+00:00\" \/>\n<meta name=\"author\" content=\"Reda\u00e7\u00e3o\" \/>\n<meta name=\"twitter:card\" content=\"summary_large_image\" \/>\n<meta name=\"twitter:creator\" content=\"@_OTimoneiro\" \/>\n<meta name=\"twitter:site\" content=\"@_OTimoneiro\" \/>\n<meta name=\"twitter:label1\" content=\"Escrito por\" \/>\n\t<meta name=\"twitter:data1\" content=\"Reda\u00e7\u00e3o\" \/>\n\t<meta name=\"twitter:label2\" content=\"Est. tempo de leitura\" \/>\n\t<meta name=\"twitter:data2\" content=\"2 minutos\" \/>\n<script type=\"application\/ld+json\" class=\"yoast-schema-graph\">{\"@context\":\"https:\/\/schema.org\",\"@graph\":[{\"@type\":\"Article\",\"@id\":\"https:\/\/jornaltimoneiro.com.br\/index.php\/2016\/03\/01\/inscricoes-abertas-para-quem-quer-vender-produtos-no-carnaval\/#article\",\"isPartOf\":{\"@id\":\"https:\/\/jornaltimoneiro.com.br\/index.php\/2016\/03\/01\/inscricoes-abertas-para-quem-quer-vender-produtos-no-carnaval\/\"},\"author\":{\"name\":\"Reda\u00e7\u00e3o\",\"@id\":\"https:\/\/jornaltimoneiro.com.br\/#\/schema\/person\/620efd1d8244466117482be494360b08\"},\"headline\":\"Inscri\u00e7\u00f5es abertas para quem quer vender produtos no Carnaval\",\"datePublished\":\"2016-03-01T13:16:54+00:00\",\"dateModified\":\"2016-03-01T13:16:54+00:00\",\"mainEntityOfPage\":{\"@id\":\"https:\/\/jornaltimoneiro.com.br\/index.php\/2016\/03\/01\/inscricoes-abertas-para-quem-quer-vender-produtos-no-carnaval\/\"},\"wordCount\":321,\"commentCount\":0,\"publisher\":{\"@id\":\"https:\/\/jornaltimoneiro.com.br\/#organization\"},\"keywords\":[\"alimenta\u00e7\u00e3o\",\"bebidas\",\"canoas\",\"Carnaval\",\"comerciantes\",\"venda\"],\"articleSection\":[\"Comunidade\",\"Cultura\",\"Destaques\",\"Not\u00edcias\"],\"inLanguage\":\"pt-BR\",\"potentialAction\":[{\"@type\":\"CommentAction\",\"name\":\"Comment\",\"target\":[\"https:\/\/jornaltimoneiro.com.br\/index.php\/2016\/03\/01\/inscricoes-abertas-para-quem-quer-vender-produtos-no-carnaval\/#respond\"]}]},{\"@type\":\"WebPage\",\"@id\":\"https:\/\/jornaltimoneiro.com.br\/index.php\/2016\/03\/01\/inscricoes-abertas-para-quem-quer-vender-produtos-no-carnaval\/\",\"url\":\"https:\/\/jornaltimoneiro.com.br\/index.php\/2016\/03\/01\/inscricoes-abertas-para-quem-quer-vender-produtos-no-carnaval\/\",\"name\":\"Inscri\u00e7\u00f5es abertas para quem quer vender produtos no Carnaval - O Timoneiro Jornal Canoas RS\",\"isPartOf\":{\"@id\":\"https:\/\/jornaltimoneiro.com.br\/#website\"},\"datePublished\":\"2016-03-01T13:16:54+00:00\",\"dateModified\":\"2016-03-01T13:16:54+00:00\",\"breadcrumb\":{\"@id\":\"https:\/\/jornaltimoneiro.com.br\/index.php\/2016\/03\/01\/inscricoes-abertas-para-quem-quer-vender-produtos-no-carnaval\/#breadcrumb\"},\"inLanguage\":\"pt-BR\",\"potentialAction\":[{\"@type\":\"ReadAction\",\"target\":[\"https:\/\/jornaltimoneiro.com.br\/index.php\/2016\/03\/01\/inscricoes-abertas-para-quem-quer-vender-produtos-no-carnaval\/\"]}]},{\"@type\":\"BreadcrumbList\",\"@id\":\"https:\/\/jornaltimoneiro.com.br\/index.php\/2016\/03\/01\/inscricoes-abertas-para-quem-quer-vender-produtos-no-carnaval\/#breadcrumb\",\"itemListElement\":[{\"@type\":\"ListItem\",\"position\":1,\"name\":\"In\u00edcio\",\"item\":\"https:\/\/jornaltimoneiro.com.br\/\"},{\"@type\":\"ListItem\",\"position\":2,\"name\":\"Inscri\u00e7\u00f5es abertas para quem quer vender produtos no Carnaval\"}]},{\"@type\":\"WebSite\",\"@id\":\"https:\/\/jornaltimoneiro.com.br\/#website\",\"url\":\"https:\/\/jornaltimoneiro.com.br\/\",\"name\":\"Jornal Timoneiro Canoas RS\",\"description\":\"Jornal O Timoneiro, o verdadeiro jornal de Canoas\",\"publisher\":{\"@id\":\"https:\/\/jornaltimoneiro.com.br\/#organization\"},\"potentialAction\":[{\"@type\":\"SearchAction\",\"target\":{\"@type\":\"EntryPoint\",\"urlTemplate\":\"https:\/\/jornaltimoneiro.com.br\/?s={search_term_string}\"},\"query-input\":\"required name=search_term_string\"}],\"inLanguage\":\"pt-BR\"},{\"@type\":\"Organization\",\"@id\":\"https:\/\/jornaltimoneiro.com.br\/#organization\",\"name\":\"Jornal Timoneiro Canoas RS\",\"url\":\"https:\/\/jornaltimoneiro.com.br\/\",\"logo\":{\"@type\":\"ImageObject\",\"inLanguage\":\"pt-BR\",\"@id\":\"https:\/\/jornaltimoneiro.com.br\/#\/schema\/logo\/image\/\",\"url\":\"https:\/\/jornaltimoneiro.com.br\/wp-content\/uploads\/2023\/03\/logonovo.png\",\"contentUrl\":\"https:\/\/jornaltimoneiro.com.br\/wp-content\/uploads\/2023\/03\/logonovo.png\",\"width\":\"469\",\"height\":\"171\",\"caption\":\"Jornal Timoneiro Canoas RS\"},\"image\":{\"@id\":\"https:\/\/jornaltimoneiro.com.br\/#\/schema\/logo\/image\/\"},\"sameAs\":[\"https:\/\/www.facebook.com\/jornaltimoneiro\",\"https:\/\/twitter.com\/_OTimoneiro\",\"https:\/\/www.instagram.com\/jornaltimoneirocanoas\/\",\"https:\/\/www.youtube.com\/@jornalotimoneiro7927\"]},{\"@type\":\"Person\",\"@id\":\"https:\/\/jornaltimoneiro.com.br\/#\/schema\/person\/620efd1d8244466117482be494360b08\",\"name\":\"Reda\u00e7\u00e3o\",\"image\":{\"@type\":\"ImageObject\",\"inLanguage\":\"pt-BR\",\"@id\":\"https:\/\/jornaltimoneiro.com.br\/#\/schema\/person\/image\/\",\"url\":\"https:\/\/secure.gravatar.com\/avatar\/2f04e1b304682a8d9db336c7acd77f08?s=96&d=mm&r=g\",\"contentUrl\":\"https:\/\/secure.gravatar.com\/avatar\/2f04e1b304682a8d9db336c7acd77f08?s=96&d=mm&r=g\",\"caption\":\"Reda\u00e7\u00e3o\"},\"url\":\"https:\/\/jornaltimoneiro.com.br\/index.php\/author\/timoneirocanoas\/\"}]}<\/script>\n<!-- \/ Yoast SEO plugin. -->","yoast_head_json":{"title":"Inscri\u00e7\u00f5es abertas para quem quer vender produtos no Carnaval - O Timoneiro Jornal Canoas RS","robots":{"index":"index","follow":"follow","max-snippet":"max-snippet:-1","max-image-preview":"max-image-preview:large","max-video-preview":"max-video-preview:-1"},"canonical":"https:\/\/jornaltimoneiro.com.br\/index.php\/2016\/03\/01\/inscricoes-abertas-para-quem-quer-vender-produtos-no-carnaval\/","og_locale":"pt_BR","og_type":"article","og_title":"Inscri\u00e7\u00f5es abertas para quem quer vender produtos no Carnaval - O Timoneiro Jornal Canoas RS","og_description":"Somente comerciantes ambulantes do Terminal Mathias Velho e indicados pelas escolas podem se inscrever","og_url":"https:\/\/jornaltimoneiro.com.br\/index.php\/2016\/03\/01\/inscricoes-abertas-para-quem-quer-vender-produtos-no-carnaval\/","og_site_name":"O Timoneiro Jornal Canoas RS","article_publisher":"https:\/\/www.facebook.com\/jornaltimoneiro","article_published_time":"2016-03-01T13:16:54+00:00","author":"Reda\u00e7\u00e3o","twitter_card":"summary_large_image","twitter_creator":"@_OTimoneiro","twitter_site":"@_OTimoneiro","twitter_misc":{"Escrito por":"Reda\u00e7\u00e3o","Est. tempo de leitura":"2 minutos"},"schema":{"@context":"https:\/\/schema.org","@graph":[{"@type":"Article","@id":"https:\/\/jornaltimoneiro.com.br\/index.php\/2016\/03\/01\/inscricoes-abertas-para-quem-quer-vender-produtos-no-carnaval\/#article","isPartOf":{"@id":"https:\/\/jornaltimoneiro.com.br\/index.php\/2016\/03\/01\/inscricoes-abertas-para-quem-quer-vender-produtos-no-carnaval\/"},"author":{"name":"Reda\u00e7\u00e3o","@id":"https:\/\/jornaltimoneiro.com.br\/#\/schema\/person\/620efd1d8244466117482be494360b08"},"headline":"Inscri\u00e7\u00f5es abertas para quem quer vender produtos no Carnaval","datePublished":"2016-03-01T13:16:54+00:00","dateModified":"2016-03-01T13:16:54+00:00","mainEntityOfPage":{"@id":"https:\/\/jornaltimoneiro.com.br\/index.php\/2016\/03\/01\/inscricoes-abertas-para-quem-quer-vender-produtos-no-carnaval\/"},"wordCount":321,"commentCount":0,"publisher":{"@id":"https:\/\/jornaltimoneiro.com.br\/#organization"},"keywords":["alimenta\u00e7\u00e3o","bebidas","canoas","Carnaval","comerciantes","venda"],"articleSection":["Comunidade","Cultura","Destaques","Not\u00edcias"],"inLanguage":"pt-BR","potentialAction":[{"@type":"CommentAction","name":"Comment","target":["https:\/\/jornaltimoneiro.com.br\/index.php\/2016\/03\/01\/inscricoes-abertas-para-quem-quer-vender-produtos-no-carnaval\/#respond"]}]},{"@type":"WebPage","@id":"https:\/\/jornaltimoneiro.com.br\/index.php\/2016\/03\/01\/inscricoes-abertas-para-quem-quer-vender-produtos-no-carnaval\/","url":"https:\/\/jornaltimoneiro.com.br\/index.php\/2016\/03\/01\/inscricoes-abertas-para-quem-quer-vender-produtos-no-carnaval\/","name":"Inscri\u00e7\u00f5es abertas para quem quer vender produtos no Carnaval - O Timoneiro Jornal Canoas RS","isPartOf":{"@id":"https:\/\/jornaltimoneiro.com.br\/#website"},"datePublished":"2016-03-01T13:16:54+00:00","dateModified":"2016-03-01T13:16:54+00:00","breadcrumb":{"@id":"https:\/\/jornaltimoneiro.com.br\/index.php\/2016\/03\/01\/inscricoes-abertas-para-quem-quer-vender-produtos-no-carnaval\/#breadcrumb"},"inLanguage":"pt-BR","potentialAction":[{"@type":"ReadAction","target":["https:\/\/jornaltimoneiro.com.br\/index.php\/2016\/03\/01\/inscricoes-abertas-para-quem-quer-vender-produtos-no-carnaval\/"]}]},{"@type":"BreadcrumbList","@id":"https:\/\/jornaltimoneiro.com.br\/index.php\/2016\/03\/01\/inscricoes-abertas-para-quem-quer-vender-produtos-no-carnaval\/#breadcrumb","itemListElement":[{"@type":"ListItem","position":1,"name":"In\u00edcio","item":"https:\/\/jornaltimoneiro.com.br\/"},{"@type":"ListItem","position":2,"name":"Inscri\u00e7\u00f5es abertas para quem quer vender produtos no Carnaval"}]},{"@type":"WebSite","@id":"https:\/\/jornaltimoneiro.com.br\/#website","url":"https:\/\/jornaltimoneiro.com.br\/","name":"Jornal Timoneiro Canoas RS","description":"Jornal O Timoneiro, o verdadeiro jornal de Canoas","publisher":{"@id":"https:\/\/jornaltimoneiro.com.br\/#organization"},"potentialAction":[{"@type":"SearchAction","target":{"@type":"EntryPoint","urlTemplate":"https:\/\/jornaltimoneiro.com.br\/?s={search_term_string}"},"query-input":"required name=search_term_string"}],"inLanguage":"pt-BR"},{"@type":"Organization","@id":"https:\/\/jornaltimoneiro.com.br\/#organization","name":"Jornal Timoneiro Canoas RS","url":"https:\/\/jornaltimoneiro.com.br\/","logo":{"@type":"ImageObject","inLanguage":"pt-BR","@id":"https:\/\/jornaltimoneiro.com.br\/#\/schema\/logo\/image\/","url":"https:\/\/jornaltimoneiro.com.br\/wp-content\/uploads\/2023\/03\/logonovo.png","contentUrl":"https:\/\/jornaltimoneiro.com.br\/wp-content\/uploads\/2023\/03\/logonovo.png","width":"469","height":"171","caption":"Jornal Timoneiro Canoas RS"},"image":{"@id":"https:\/\/jornaltimoneiro.com.br\/#\/schema\/logo\/image\/"},"sameAs":["https:\/\/www.facebook.com\/jornaltimoneiro","https:\/\/twitter.com\/_OTimoneiro","https:\/\/www.instagram.com\/jornaltimoneirocanoas\/","https:\/\/www.youtube.com\/@jornalotimoneiro7927"]},{"@type":"Person","@id":"https:\/\/jornaltimoneiro.com.br\/#\/schema\/person\/620efd1d8244466117482be494360b08","name":"Reda\u00e7\u00e3o","image":{"@type":"ImageObject","inLanguage":"pt-BR","@id":"https:\/\/jornaltimoneiro.com.br\/#\/schema\/person\/image\/","url":"https:\/\/secure.gravatar.com\/avatar\/2f04e1b304682a8d9db336c7acd77f08?s=96&d=mm&r=g","contentUrl":"https:\/\/secure.gravatar.com\/avatar\/2f04e1b304682a8d9db336c7acd77f08?s=96&d=mm&r=g","caption":"Reda\u00e7\u00e3o"},"url":"https:\/\/jornaltimoneiro.com.br\/index.php\/author\/timoneirocanoas\/"}]}},"_links":{"self":[{"href":"https:\/\/jornaltimoneiro.com.br\/index.php\/wp-json\/wp\/v2\/posts\/2997"}],"collection":[{"href":"https:\/\/jornaltimoneiro.com.br\/index.php\/wp-json\/wp\/v2\/posts"}],"about":[{"href":"https:\/\/jornaltimoneiro.com.br\/index.php\/wp-json\/wp\/v2\/types\/post"}],"author":[{"embeddable":true,"href":"https:\/\/jornaltimoneiro.com.br\/index.php\/wp-json\/wp\/v2\/users\/1"}],"replies":[{"embeddable":true,"href":"https:\/\/jornaltimoneiro.com.br\/index.php\/wp-json\/wp\/v2\/comments?post=2997"}],"version-history":[{"count":0,"href":"https:\/\/jornaltimoneiro.com.br\/index.php\/wp-json\/wp\/v2\/posts\/2997\/revisions"}],"wp:featuredmedia":[{"embeddable":true,"href":"https:\/\/jornaltimoneiro.com.br\/index.php\/wp-json\/"}],"wp:attachment":[{"href":"https:\/\/jornaltimoneiro.com.br\/index.php\/wp-json\/wp\/v2\/media?parent=2997"}],"wp:term":[{"taxonomy":"category","embeddable":true,"href":"https:\/\/jornaltimoneiro.com.br\/index.php\/wp-json\/wp\/v2\/categories?post=2997"},{"taxonomy":"post_tag","embeddable":true,"href":"https:\/\/jornaltimoneiro.com.br\/index.php\/wp-json\/wp\/v2\/tags?post=2997"}],"curies":[{"name":"wp","href":"https:\/\/api.w.org\/{rel}","templated":true}]}}