{"id":29941,"date":"2024-06-05T15:27:39","date_gmt":"2024-06-05T18:27:39","guid":{"rendered":"https:\/\/jornaltimoneiro.com.br\/?p=29941"},"modified":"2024-06-05T15:27:39","modified_gmt":"2024-06-05T18:27:39","slug":"em-live-prefeito-de-sao-leopoldo-informa-sobre-atualizacoes-do-auxilio-reconstrucao","status":"publish","type":"post","link":"https:\/\/jornaltimoneiro.com.br\/index.php\/2024\/06\/05\/em-live-prefeito-de-sao-leopoldo-informa-sobre-atualizacoes-do-auxilio-reconstrucao\/","title":{"rendered":"Em live, prefeito de S\u00e3o Leopoldo informa sobre atualiza\u00e7\u00f5es do Aux\u00edlio Reconstru\u00e7\u00e3o"},"content":{"rendered":"<p>Na tarde desta quarta-feira, 5, o prefeito de S\u00e3o Leopoldo, Ary Vanazzi, realizou uma live nas redes da R\u00e1dio Prefeitura, informando as atualiza\u00e7\u00f5es referente ao Aux\u00edlio Reconstru\u00e7\u00e3o do Governo Federal que dar\u00e1 R$ 5.100,00 a cada fam\u00edlia atingida pelas enchentes que assolaram a cidade no m\u00eas de maio.<\/p>\n<p>A partir desta quinta, 6, 12.500 pessoas ir\u00e3o receber seu benef\u00edcio no primeiro lote.<\/p>\n<p><strong>Informa\u00e7\u00f5es sobre o cadastro<\/strong><\/p>\n<p>Para facilitar o acesso \u00e0s informa\u00e7\u00f5es, uma equipe da Caixa Econ\u00f4mica Federal estar\u00e1 \u00e0 disposi\u00e7\u00e3o na sede da Smed, na Pra\u00e7a Tiradentes, 119, para orientar os cidad\u00e3os.<\/p>\n<p>\u201cEm torno de 20 pessoas, a partir das 10 horas de amanh\u00e3, estar\u00e3o atendendo quem realizou o cadastro no aplicativo do Governo. Por ali, a popula\u00e7\u00e3o poder\u00e1 tirar suas d\u00favidas\u201d, informa Vanazzi.<\/p>\n<p>Al\u00e9m disso, a partir do dia 10 de junho, a Prefeitura de S\u00e3o Leopoldo ir\u00e1 tratar junto \u00e0 Caixa Econ\u00f4mica Federal, a situa\u00e7\u00e3o dos pequenos e microempres\u00e1rios da cidade.<\/p>\n<blockquote><p>\u201cOs empreendedores ter\u00e3o acesso at\u00e9 R$ 170.000,00 para poder reconstruir seu com\u00e9rcio com car\u00eancia de 2 anos e juros de 4% ao ano\u201d, explica o prefeito.<\/p><\/blockquote>\n<p>Neste momento, h\u00e1 cerca de 35 mil processos de inscri\u00e7\u00e3o em an\u00e1lise pelos \u00f3rg\u00e3os do Governo federal. O cadastro pode ser feito atrav\u00e9s do link abaixo:<\/p>\n<p><a href=\"https:\/\/ajudatche.com\/cadastrar\">https:\/\/ajudatche.com\/cadastrar<\/a><\/p>\n","protected":false},"excerpt":{"rendered":"<p>Na tarde desta quarta-feira, 5, o prefeito de S\u00e3o Leopoldo, Ary Vanazzi, realizou uma live nas redes da R\u00e1dio Prefeitura, informando as atualiza\u00e7\u00f5es referente ao Aux\u00edlio Reconstru\u00e7\u00e3o do Governo Federal que dar\u00e1 R$ 5.100,00 a cada fam\u00edlia atingida pelas enchentes que assolaram a cidade no m\u00eas de maio. A partir desta quinta, 6, 12.500 pessoas [&hellip;]<\/p>\n","protected":false},"author":2,"featured_media":29942,"comment_status":"open","ping_status":"open","sticky":false,"template":"","format":"standard","meta":{"amp_status":"","footnotes":""},"categories":[2494],"tags":[2630,87,67,214,213,80,253],"class_list":["post-29941","post","type-post","status-publish","format-standard","has-post-thumbnail","hentry","category-enchente-rs","tag-auxilio-reconstrucao","tag-economia","tag-governo-federal","tag-regiao-metropolitana","tag-rio-grande-do-sul","tag-rs","tag-sao-leopoldo"],"yoast_head":"<!-- This site is optimized with the Yoast SEO plugin v20.5 - https:\/\/yoast.com\/wordpress\/plugins\/seo\/ -->\n<title>Em live, prefeito de S\u00e3o Leopoldo informa sobre atualiza\u00e7\u00f5es do Aux\u00edlio Reconstru\u00e7\u00e3o - O Timoneiro Jornal Canoas RS<\/title>\n<meta name=\"description\" content=\"Em live, prefeito de S\u00e3o Leopoldo informa sobre atualiza\u00e7\u00f5es do Aux\u00edlio Reconstru\u00e7\u00e3o enchente regi\u00e3o metropolitana rio grande do sul rs\" \/>\n<meta name=\"robots\" content=\"index, follow, max-snippet:-1, max-image-preview:large, max-video-preview:-1\" \/>\n<link rel=\"canonical\" href=\"https:\/\/jornaltimoneiro.com.br\/index.php\/2024\/06\/05\/em-live-prefeito-de-sao-leopoldo-informa-sobre-atualizacoes-do-auxilio-reconstrucao\/\" \/>\n<meta property=\"og:locale\" content=\"pt_BR\" \/>\n<meta property=\"og:type\" content=\"article\" \/>\n<meta property=\"og:title\" content=\"Em live, prefeito de S\u00e3o Leopoldo informa sobre atualiza\u00e7\u00f5es do Aux\u00edlio Reconstru\u00e7\u00e3o - O Timoneiro Jornal Canoas RS\" \/>\n<meta property=\"og:description\" content=\"Em live, prefeito de S\u00e3o Leopoldo informa sobre atualiza\u00e7\u00f5es do Aux\u00edlio Reconstru\u00e7\u00e3o enchente regi\u00e3o metropolitana rio grande do sul rs\" \/>\n<meta property=\"og:url\" content=\"https:\/\/jornaltimoneiro.com.br\/index.php\/2024\/06\/05\/em-live-prefeito-de-sao-leopoldo-informa-sobre-atualizacoes-do-auxilio-reconstrucao\/\" \/>\n<meta property=\"og:site_name\" content=\"O Timoneiro Jornal Canoas RS\" \/>\n<meta property=\"article:publisher\" content=\"https:\/\/www.facebook.com\/jornaltimoneiro\" \/>\n<meta property=\"article:published_time\" content=\"2024-06-05T18:27:39+00:00\" \/>\n<meta property=\"og:image\" content=\"https:\/\/jornaltimoneiro.com.br\/wp-content\/uploads\/2024\/06\/WhatsApp-Image-2024-06-05-at-15.21.54.jpeg\" \/>\n\t<meta property=\"og:image:width\" content=\"558\" \/>\n\t<meta property=\"og:image:height\" content=\"402\" \/>\n\t<meta property=\"og:image:type\" content=\"image\/jpeg\" \/>\n<meta name=\"author\" content=\"Reda\u00e7\u00e3o\" \/>\n<meta name=\"twitter:card\" content=\"summary_large_image\" \/>\n<meta name=\"twitter:creator\" content=\"@_OTimoneiro\" \/>\n<meta name=\"twitter:site\" content=\"@_OTimoneiro\" \/>\n<meta name=\"twitter:label1\" content=\"Escrito por\" \/>\n\t<meta name=\"twitter:data1\" content=\"Reda\u00e7\u00e3o\" \/>\n\t<meta name=\"twitter:label2\" content=\"Est. tempo de leitura\" \/>\n\t<meta name=\"twitter:data2\" content=\"2 minutos\" \/>\n<script type=\"application\/ld+json\" class=\"yoast-schema-graph\">{\"@context\":\"https:\/\/schema.org\",\"@graph\":[{\"@type\":\"Article\",\"@id\":\"https:\/\/jornaltimoneiro.com.br\/index.php\/2024\/06\/05\/em-live-prefeito-de-sao-leopoldo-informa-sobre-atualizacoes-do-auxilio-reconstrucao\/#article\",\"isPartOf\":{\"@id\":\"https:\/\/jornaltimoneiro.com.br\/index.php\/2024\/06\/05\/em-live-prefeito-de-sao-leopoldo-informa-sobre-atualizacoes-do-auxilio-reconstrucao\/\"},\"author\":{\"name\":\"Reda\u00e7\u00e3o\",\"@id\":\"https:\/\/jornaltimoneiro.com.br\/#\/schema\/person\/f63482f1a02b1a9592707865e509ab40\"},\"headline\":\"Em live, prefeito de S\u00e3o Leopoldo informa sobre atualiza\u00e7\u00f5es do Aux\u00edlio Reconstru\u00e7\u00e3o\",\"datePublished\":\"2024-06-05T18:27:39+00:00\",\"dateModified\":\"2024-06-05T18:27:39+00:00\",\"mainEntityOfPage\":{\"@id\":\"https:\/\/jornaltimoneiro.com.br\/index.php\/2024\/06\/05\/em-live-prefeito-de-sao-leopoldo-informa-sobre-atualizacoes-do-auxilio-reconstrucao\/\"},\"wordCount\":242,\"commentCount\":0,\"publisher\":{\"@id\":\"https:\/\/jornaltimoneiro.com.br\/#organization\"},\"keywords\":[\"aux\u00edlio reconstru\u00e7\u00e3o\",\"economia\",\"Governo Federal\",\"regi\u00e3o metropolitana\",\"rio grande do sul\",\"RS\",\"S\u00e3o Leopoldo\"],\"articleSection\":[\"ENCHENTE RS\"],\"inLanguage\":\"pt-BR\",\"potentialAction\":[{\"@type\":\"CommentAction\",\"name\":\"Comment\",\"target\":[\"https:\/\/jornaltimoneiro.com.br\/index.php\/2024\/06\/05\/em-live-prefeito-de-sao-leopoldo-informa-sobre-atualizacoes-do-auxilio-reconstrucao\/#respond\"]}]},{\"@type\":\"WebPage\",\"@id\":\"https:\/\/jornaltimoneiro.com.br\/index.php\/2024\/06\/05\/em-live-prefeito-de-sao-leopoldo-informa-sobre-atualizacoes-do-auxilio-reconstrucao\/\",\"url\":\"https:\/\/jornaltimoneiro.com.br\/index.php\/2024\/06\/05\/em-live-prefeito-de-sao-leopoldo-informa-sobre-atualizacoes-do-auxilio-reconstrucao\/\",\"name\":\"Em live, prefeito de S\u00e3o Leopoldo informa sobre atualiza\u00e7\u00f5es do Aux\u00edlio Reconstru\u00e7\u00e3o - O Timoneiro Jornal Canoas RS\",\"isPartOf\":{\"@id\":\"https:\/\/jornaltimoneiro.com.br\/#website\"},\"datePublished\":\"2024-06-05T18:27:39+00:00\",\"dateModified\":\"2024-06-05T18:27:39+00:00\",\"description\":\"Em live, prefeito de S\u00e3o Leopoldo informa sobre atualiza\u00e7\u00f5es do Aux\u00edlio Reconstru\u00e7\u00e3o enchente regi\u00e3o metropolitana rio grande do sul rs\",\"breadcrumb\":{\"@id\":\"https:\/\/jornaltimoneiro.com.br\/index.php\/2024\/06\/05\/em-live-prefeito-de-sao-leopoldo-informa-sobre-atualizacoes-do-auxilio-reconstrucao\/#breadcrumb\"},\"inLanguage\":\"pt-BR\",\"potentialAction\":[{\"@type\":\"ReadAction\",\"target\":[\"https:\/\/jornaltimoneiro.com.br\/index.php\/2024\/06\/05\/em-live-prefeito-de-sao-leopoldo-informa-sobre-atualizacoes-do-auxilio-reconstrucao\/\"]}]},{\"@type\":\"BreadcrumbList\",\"@id\":\"https:\/\/jornaltimoneiro.com.br\/index.php\/2024\/06\/05\/em-live-prefeito-de-sao-leopoldo-informa-sobre-atualizacoes-do-auxilio-reconstrucao\/#breadcrumb\",\"itemListElement\":[{\"@type\":\"ListItem\",\"position\":1,\"name\":\"In\u00edcio\",\"item\":\"https:\/\/jornaltimoneiro.com.br\/\"},{\"@type\":\"ListItem\",\"position\":2,\"name\":\"Em live, prefeito de S\u00e3o Leopoldo informa sobre atualiza\u00e7\u00f5es do Aux\u00edlio Reconstru\u00e7\u00e3o\"}]},{\"@type\":\"WebSite\",\"@id\":\"https:\/\/jornaltimoneiro.com.br\/#website\",\"url\":\"https:\/\/jornaltimoneiro.com.br\/\",\"name\":\"Jornal Timoneiro Canoas RS\",\"description\":\"Jornal O Timoneiro, o verdadeiro jornal de Canoas\",\"publisher\":{\"@id\":\"https:\/\/jornaltimoneiro.com.br\/#organization\"},\"potentialAction\":[{\"@type\":\"SearchAction\",\"target\":{\"@type\":\"EntryPoint\",\"urlTemplate\":\"https:\/\/jornaltimoneiro.com.br\/?s={search_term_string}\"},\"query-input\":\"required name=search_term_string\"}],\"inLanguage\":\"pt-BR\"},{\"@type\":\"Organization\",\"@id\":\"https:\/\/jornaltimoneiro.com.br\/#organization\",\"name\":\"Jornal Timoneiro Canoas RS\",\"url\":\"https:\/\/jornaltimoneiro.com.br\/\",\"logo\":{\"@type\":\"ImageObject\",\"inLanguage\":\"pt-BR\",\"@id\":\"https:\/\/jornaltimoneiro.com.br\/#\/schema\/logo\/image\/\",\"url\":\"https:\/\/jornaltimoneiro.com.br\/wp-content\/uploads\/2023\/03\/logonovo.png\",\"contentUrl\":\"https:\/\/jornaltimoneiro.com.br\/wp-content\/uploads\/2023\/03\/logonovo.png\",\"width\":\"469\",\"height\":\"171\",\"caption\":\"Jornal Timoneiro Canoas RS\"},\"image\":{\"@id\":\"https:\/\/jornaltimoneiro.com.br\/#\/schema\/logo\/image\/\"},\"sameAs\":[\"https:\/\/www.facebook.com\/jornaltimoneiro\",\"https:\/\/twitter.com\/_OTimoneiro\",\"https:\/\/www.instagram.com\/jornaltimoneirocanoas\/\",\"https:\/\/www.youtube.com\/@jornalotimoneiro7927\"]},{\"@type\":\"Person\",\"@id\":\"https:\/\/jornaltimoneiro.com.br\/#\/schema\/person\/f63482f1a02b1a9592707865e509ab40\",\"name\":\"Reda\u00e7\u00e3o\",\"image\":{\"@type\":\"ImageObject\",\"inLanguage\":\"pt-BR\",\"@id\":\"https:\/\/jornaltimoneiro.com.br\/#\/schema\/person\/image\/\",\"url\":\"https:\/\/jornaltimoneiro.com.br\/wp-content\/uploads\/2023\/03\/download.jpeg\",\"contentUrl\":\"https:\/\/jornaltimoneiro.com.br\/wp-content\/uploads\/2023\/03\/download.jpeg\",\"caption\":\"Reda\u00e7\u00e3o\"},\"url\":\"https:\/\/jornaltimoneiro.com.br\/index.php\/author\/simone-dutra\/\"}]}<\/script>\n<!-- \/ Yoast SEO plugin. -->","yoast_head_json":{"title":"Em live, prefeito de S\u00e3o Leopoldo informa sobre atualiza\u00e7\u00f5es do Aux\u00edlio Reconstru\u00e7\u00e3o - O Timoneiro Jornal Canoas RS","description":"Em live, prefeito de S\u00e3o Leopoldo informa sobre atualiza\u00e7\u00f5es do Aux\u00edlio Reconstru\u00e7\u00e3o enchente regi\u00e3o metropolitana rio grande do sul rs","robots":{"index":"index","follow":"follow","max-snippet":"max-snippet:-1","max-image-preview":"max-image-preview:large","max-video-preview":"max-video-preview:-1"},"canonical":"https:\/\/jornaltimoneiro.com.br\/index.php\/2024\/06\/05\/em-live-prefeito-de-sao-leopoldo-informa-sobre-atualizacoes-do-auxilio-reconstrucao\/","og_locale":"pt_BR","og_type":"article","og_title":"Em live, prefeito de S\u00e3o Leopoldo informa sobre atualiza\u00e7\u00f5es do Aux\u00edlio Reconstru\u00e7\u00e3o - O Timoneiro Jornal Canoas RS","og_description":"Em live, prefeito de S\u00e3o Leopoldo informa sobre atualiza\u00e7\u00f5es do Aux\u00edlio Reconstru\u00e7\u00e3o enchente regi\u00e3o metropolitana rio grande do sul rs","og_url":"https:\/\/jornaltimoneiro.com.br\/index.php\/2024\/06\/05\/em-live-prefeito-de-sao-leopoldo-informa-sobre-atualizacoes-do-auxilio-reconstrucao\/","og_site_name":"O Timoneiro Jornal Canoas RS","article_publisher":"https:\/\/www.facebook.com\/jornaltimoneiro","article_published_time":"2024-06-05T18:27:39+00:00","og_image":[{"width":"558","height":"402","url":"https:\/\/jornaltimoneiro.com.br\/wp-content\/uploads\/2024\/06\/WhatsApp-Image-2024-06-05-at-15.21.54.jpeg","type":"image\/jpeg"}],"author":"Reda\u00e7\u00e3o","twitter_card":"summary_large_image","twitter_creator":"@_OTimoneiro","twitter_site":"@_OTimoneiro","twitter_misc":{"Escrito por":"Reda\u00e7\u00e3o","Est. tempo de leitura":"2 minutos"},"schema":{"@context":"https:\/\/schema.org","@graph":[{"@type":"Article","@id":"https:\/\/jornaltimoneiro.com.br\/index.php\/2024\/06\/05\/em-live-prefeito-de-sao-leopoldo-informa-sobre-atualizacoes-do-auxilio-reconstrucao\/#article","isPartOf":{"@id":"https:\/\/jornaltimoneiro.com.br\/index.php\/2024\/06\/05\/em-live-prefeito-de-sao-leopoldo-informa-sobre-atualizacoes-do-auxilio-reconstrucao\/"},"author":{"name":"Reda\u00e7\u00e3o","@id":"https:\/\/jornaltimoneiro.com.br\/#\/schema\/person\/f63482f1a02b1a9592707865e509ab40"},"headline":"Em live, prefeito de S\u00e3o Leopoldo informa sobre atualiza\u00e7\u00f5es do Aux\u00edlio Reconstru\u00e7\u00e3o","datePublished":"2024-06-05T18:27:39+00:00","dateModified":"2024-06-05T18:27:39+00:00","mainEntityOfPage":{"@id":"https:\/\/jornaltimoneiro.com.br\/index.php\/2024\/06\/05\/em-live-prefeito-de-sao-leopoldo-informa-sobre-atualizacoes-do-auxilio-reconstrucao\/"},"wordCount":242,"commentCount":0,"publisher":{"@id":"https:\/\/jornaltimoneiro.com.br\/#organization"},"keywords":["aux\u00edlio reconstru\u00e7\u00e3o","economia","Governo Federal","regi\u00e3o metropolitana","rio grande do sul","RS","S\u00e3o Leopoldo"],"articleSection":["ENCHENTE RS"],"inLanguage":"pt-BR","potentialAction":[{"@type":"CommentAction","name":"Comment","target":["https:\/\/jornaltimoneiro.com.br\/index.php\/2024\/06\/05\/em-live-prefeito-de-sao-leopoldo-informa-sobre-atualizacoes-do-auxilio-reconstrucao\/#respond"]}]},{"@type":"WebPage","@id":"https:\/\/jornaltimoneiro.com.br\/index.php\/2024\/06\/05\/em-live-prefeito-de-sao-leopoldo-informa-sobre-atualizacoes-do-auxilio-reconstrucao\/","url":"https:\/\/jornaltimoneiro.com.br\/index.php\/2024\/06\/05\/em-live-prefeito-de-sao-leopoldo-informa-sobre-atualizacoes-do-auxilio-reconstrucao\/","name":"Em live, prefeito de S\u00e3o Leopoldo informa sobre atualiza\u00e7\u00f5es do Aux\u00edlio Reconstru\u00e7\u00e3o - O Timoneiro Jornal Canoas RS","isPartOf":{"@id":"https:\/\/jornaltimoneiro.com.br\/#website"},"datePublished":"2024-06-05T18:27:39+00:00","dateModified":"2024-06-05T18:27:39+00:00","description":"Em live, prefeito de S\u00e3o Leopoldo informa sobre atualiza\u00e7\u00f5es do Aux\u00edlio Reconstru\u00e7\u00e3o enchente regi\u00e3o metropolitana rio grande do sul rs","breadcrumb":{"@id":"https:\/\/jornaltimoneiro.com.br\/index.php\/2024\/06\/05\/em-live-prefeito-de-sao-leopoldo-informa-sobre-atualizacoes-do-auxilio-reconstrucao\/#breadcrumb"},"inLanguage":"pt-BR","potentialAction":[{"@type":"ReadAction","target":["https:\/\/jornaltimoneiro.com.br\/index.php\/2024\/06\/05\/em-live-prefeito-de-sao-leopoldo-informa-sobre-atualizacoes-do-auxilio-reconstrucao\/"]}]},{"@type":"BreadcrumbList","@id":"https:\/\/jornaltimoneiro.com.br\/index.php\/2024\/06\/05\/em-live-prefeito-de-sao-leopoldo-informa-sobre-atualizacoes-do-auxilio-reconstrucao\/#breadcrumb","itemListElement":[{"@type":"ListItem","position":1,"name":"In\u00edcio","item":"https:\/\/jornaltimoneiro.com.br\/"},{"@type":"ListItem","position":2,"name":"Em live, prefeito de S\u00e3o Leopoldo informa sobre atualiza\u00e7\u00f5es do Aux\u00edlio Reconstru\u00e7\u00e3o"}]},{"@type":"WebSite","@id":"https:\/\/jornaltimoneiro.com.br\/#website","url":"https:\/\/jornaltimoneiro.com.br\/","name":"Jornal Timoneiro Canoas RS","description":"Jornal O Timoneiro, o verdadeiro jornal de Canoas","publisher":{"@id":"https:\/\/jornaltimoneiro.com.br\/#organization"},"potentialAction":[{"@type":"SearchAction","target":{"@type":"EntryPoint","urlTemplate":"https:\/\/jornaltimoneiro.com.br\/?s={search_term_string}"},"query-input":"required name=search_term_string"}],"inLanguage":"pt-BR"},{"@type":"Organization","@id":"https:\/\/jornaltimoneiro.com.br\/#organization","name":"Jornal Timoneiro Canoas RS","url":"https:\/\/jornaltimoneiro.com.br\/","logo":{"@type":"ImageObject","inLanguage":"pt-BR","@id":"https:\/\/jornaltimoneiro.com.br\/#\/schema\/logo\/image\/","url":"https:\/\/jornaltimoneiro.com.br\/wp-content\/uploads\/2023\/03\/logonovo.png","contentUrl":"https:\/\/jornaltimoneiro.com.br\/wp-content\/uploads\/2023\/03\/logonovo.png","width":"469","height":"171","caption":"Jornal Timoneiro Canoas RS"},"image":{"@id":"https:\/\/jornaltimoneiro.com.br\/#\/schema\/logo\/image\/"},"sameAs":["https:\/\/www.facebook.com\/jornaltimoneiro","https:\/\/twitter.com\/_OTimoneiro","https:\/\/www.instagram.com\/jornaltimoneirocanoas\/","https:\/\/www.youtube.com\/@jornalotimoneiro7927"]},{"@type":"Person","@id":"https:\/\/jornaltimoneiro.com.br\/#\/schema\/person\/f63482f1a02b1a9592707865e509ab40","name":"Reda\u00e7\u00e3o","image":{"@type":"ImageObject","inLanguage":"pt-BR","@id":"https:\/\/jornaltimoneiro.com.br\/#\/schema\/person\/image\/","url":"https:\/\/jornaltimoneiro.com.br\/wp-content\/uploads\/2023\/03\/download.jpeg","contentUrl":"https:\/\/jornaltimoneiro.com.br\/wp-content\/uploads\/2023\/03\/download.jpeg","caption":"Reda\u00e7\u00e3o"},"url":"https:\/\/jornaltimoneiro.com.br\/index.php\/author\/simone-dutra\/"}]}},"_links":{"self":[{"href":"https:\/\/jornaltimoneiro.com.br\/index.php\/wp-json\/wp\/v2\/posts\/29941"}],"collection":[{"href":"https:\/\/jornaltimoneiro.com.br\/index.php\/wp-json\/wp\/v2\/posts"}],"about":[{"href":"https:\/\/jornaltimoneiro.com.br\/index.php\/wp-json\/wp\/v2\/types\/post"}],"author":[{"embeddable":true,"href":"https:\/\/jornaltimoneiro.com.br\/index.php\/wp-json\/wp\/v2\/users\/2"}],"replies":[{"embeddable":true,"href":"https:\/\/jornaltimoneiro.com.br\/index.php\/wp-json\/wp\/v2\/comments?post=29941"}],"version-history":[{"count":1,"href":"https:\/\/jornaltimoneiro.com.br\/index.php\/wp-json\/wp\/v2\/posts\/29941\/revisions"}],"predecessor-version":[{"id":29943,"href":"https:\/\/jornaltimoneiro.com.br\/index.php\/wp-json\/wp\/v2\/posts\/29941\/revisions\/29943"}],"wp:featuredmedia":[{"embeddable":true,"href":"https:\/\/jornaltimoneiro.com.br\/index.php\/wp-json\/wp\/v2\/media\/29942"}],"wp:attachment":[{"href":"https:\/\/jornaltimoneiro.com.br\/index.php\/wp-json\/wp\/v2\/media?parent=29941"}],"wp:term":[{"taxonomy":"category","embeddable":true,"href":"https:\/\/jornaltimoneiro.com.br\/index.php\/wp-json\/wp\/v2\/categories?post=29941"},{"taxonomy":"post_tag","embeddable":true,"href":"https:\/\/jornaltimoneiro.com.br\/index.php\/wp-json\/wp\/v2\/tags?post=29941"}],"curies":[{"name":"wp","href":"https:\/\/api.w.org\/{rel}","templated":true}]}}