{"id":29901,"date":"2024-06-04T16:54:04","date_gmt":"2024-06-04T19:54:04","guid":{"rendered":"https:\/\/jornaltimoneiro.com.br\/?p=29901"},"modified":"2024-06-04T16:54:04","modified_gmt":"2024-06-04T19:54:04","slug":"concurso-unificado-da-justica-eleitoral-oferece-389-vagas","status":"publish","type":"post","link":"https:\/\/jornaltimoneiro.com.br\/index.php\/2024\/06\/04\/concurso-unificado-da-justica-eleitoral-oferece-389-vagas\/","title":{"rendered":"Concurso unificado da Justi\u00e7a Eleitoral oferece 389 vagas"},"content":{"rendered":"<p>As inscri\u00e7\u00f5es para o concurso unificado da Justi\u00e7a Eleitoral come\u00e7am nesta ter\u00e7a-feira, 4, \u00e0s 17 horas, e podem ser feitas at\u00e9 18 de julho, \u00e0s 18 horas, no hor\u00e1rio de Bras\u00edlia.<\/p>\n<p>Ao todo, o Tribunal Superior Eleitoral (TSE) e 26 tribunais regionais eleitorais (TREs) oferecem 389 vagas, sendo 116 para cargos de analista judici\u00e1rio e 273 para cargos de t\u00e9cnico judici\u00e1rio.<\/p>\n<p>Dentre as vagas, h\u00e1 4 oportunidades para come\u00e7o imediato no RS, al\u00e9m da forma\u00e7\u00e3o de cadastros reserva.<\/p>\n<p>A remunera\u00e7\u00e3o mensal varia de R$ 8.529,65 a R$ 13.994,78, conforme o cargo de admiss\u00e3o. A jornada de trabalho \u00e9 de 40 horas semanais.<\/p>\n<p>A previs\u00e3o do TSE \u00e9 de que as provas objetivas e discursiva sejam aplicadas de forma simult\u00e2nea em 22 de setembro, nas cidades sedes dos tribunais eleitorais.<\/p>\n<h4>Inscri\u00e7\u00e3o<\/h4>\n<p>A inscri\u00e7\u00e3o deve ser feita pelo<strong> <a href=\"https:\/\/www.cebraspe.org.br\/concursos\/cpnuje_24\" target=\"_blank\" rel=\"noopener\">site<\/a><\/strong> do Centro Brasileiro de Pesquisa em Avalia\u00e7\u00e3o e Sele\u00e7\u00e3o e de Promo\u00e7\u00e3o de Eventos (Cebraspe), empresa que organiza o concurso.<\/p>\n<p>A solicita\u00e7\u00e3o de inscri\u00e7\u00e3o com isen\u00e7\u00e3o de taxa tamb\u00e9m pode ser feita no mesmo endere\u00e7o eletr\u00f4nico. O candidato deve ser membro de fam\u00edlia de baixa renda, inscrita no Cadastro \u00danico para Programas Sociais do governo federal (Cad\u00danico), ou ser doador de medula \u00f3ssea em entidades reconhecidas pelo Minist\u00e9rio da Sa\u00fade, conforme a Lei n\u00ba 13.656\/2018.<\/p>\n<p>Para concorrer a uma das vagas reservadas a pessoas com defici\u00eancia (PcD), o candidato precisa enviar, a imagem leg\u00edvel do laudo assinado por m\u00e9dico da \u00e1rea da defici\u00eancia, com data de, no m\u00e1ximo, 36 meses anteriores ao \u00faltimo dia de inscri\u00e7\u00e3o neste concurso p\u00fablico.<\/p>\n<p>A taxa de inscri\u00e7\u00e3o custa R$ 130, para quem quer concorrer aos cargos de analista judici\u00e1rio, e R$ 85, para os cargos de t\u00e9cnico judici\u00e1rio.<\/p>\n<p>Para pagar, o candidato deve usar a Guia de Recolhimento da Uni\u00e3o (GRU Cobran\u00e7a), gerada na conclus\u00e3o do preenchimento da ficha de inscri\u00e7\u00e3o online. O documento pode ser pago em qualquer banco, em casas lot\u00e9ricas e ag\u00eancias banc\u00e1rias.<\/p>\n<p>Se o candidato optar pelo pagamento via Pix, deve usar o QR code apresentado na GRU Cobran\u00e7a.<\/p>\n<h3>Distribui\u00e7\u00e3o dos cargos<\/h3>\n<p>O\u00a0<strong><a href=\"http:\/\/%20https\/\/www.in.gov.br\/web\/dou\/-\/edital-n-1-cpnuje-de-27-de-maio-de-2024-562654616\" target=\"_blank\" rel=\"noopener\">edital do certame<\/a><\/strong>\u00a0foi publicado no\u00a0Di\u00e1rio Oficial da Uni\u00e3o na quarta-feira, 29.<\/p>\n<p>De acordo com o documento, os cargos ser\u00e3o distribu\u00eddos entre os tribunais regionais eleitorais (TRE) participantes de 26 unidades da federa\u00e7\u00e3o. Apenas a corte eleitoral de Tocantins n\u00e3o participar\u00e1 do concurso unificado, porque ainda h\u00e1 concurso v\u00e1lido na unidade.<\/p>\n<p>As vagas para o cargo de analista judici\u00e1rio s\u00e3o para especialidades como administrativa, contabilidade, arquitetura, arquivologia, biblioteconomia, enfermagem, engenharia civil, engenharia el\u00e9trica, engenharia mec\u00e2nica, estat\u00edstica, medicina (cl\u00ednica m\u00e9dica), medicina (psiquiatria), medicina do trabalho, odontologia, psicologia, servi\u00e7o social, tecnologia da informa\u00e7\u00e3o. H\u00e1 ainda vagas para \u00e1rea judici\u00e1ria.<\/p>\n<p>J\u00e1 para os cargos de t\u00e9cnico judici\u00e1rio, s\u00e3o tr\u00eas especialidades: administrativa, agente da pol\u00edcia judicial e programa\u00e7\u00e3o de sistemas.<\/p>\n<p>As vagas a serem preenchidas com a sele\u00e7\u00e3o de 2024 ser\u00e3o distribu\u00eddas aos seguintes tribunais:<\/p>\n<ul>\n<li>Tribunal Superior Eleitoral;<\/li>\n<li>Tribunal Regional Eleitoral do Acre;<\/li>\n<li>Tribunal Regional Eleitoral de Alagoas;<\/li>\n<li>Tribunal Regional Eleitoral do Amazonas;<\/li>\n<li>Tribunal Regional Eleitoral do Amap\u00e1;<\/li>\n<li>Tribunal Regional Eleitoral da Bahia;<\/li>\n<li>Tribunal Regional Eleitoral do Cear\u00e1;<\/li>\n<li>Tribunal Regional Eleitoral do Distrito Federal;<\/li>\n<li>Tribunal Regional Eleitoral do Esp\u00edrito Santo;<\/li>\n<li>Tribunal Regional Eleitoral de Goi\u00e1s;<\/li>\n<li>Tribunal Regional Eleitoral do Maranh\u00e3o;<\/li>\n<li>Tribunal Regional Eleitoral de Minas Gerais;<\/li>\n<li>Tribunal Regional Eleitoral de Mato Grosso;<\/li>\n<li>Tribunal Regional Eleitoral de Mato Grosso do Sul;<\/li>\n<li>Tribunal Regional Eleitoral do Par\u00e1;<\/li>\n<li>Tribunal Regional Eleitoral da Para\u00edba;<\/li>\n<li>Tribunal Regional Eleitoral do Paran\u00e1;<\/li>\n<li>Tribunal Regional Eleitoral de Pernambuco;<\/li>\n<li>Tribunal Regional Eleitoral do Piau\u00ed;<\/li>\n<li>Tribunal Regional Eleitoral do Rio de Janeiro;<\/li>\n<li>Tribunal Regional Eleitoral do Rio Grande do Norte;<\/li>\n<li>Tribunal Regional Eleitoral do Rio Grande do Sul;<\/li>\n<li>Tribunal Regional Eleitoral de Rond\u00f4nia;<\/li>\n<li>Tribunal Regional Eleitoral de Roraima;<\/li>\n<li>Tribunal Regional Eleitoral de Santa Catarina;<\/li>\n<li>Tribunal Regional Eleitoral de Sergipe;<\/li>\n<li>Tribunal Regional Eleitoral de S\u00e3o Paulo.<\/li>\n<\/ul>\n","protected":false},"excerpt":{"rendered":"<p>As inscri\u00e7\u00f5es para o concurso unificado da Justi\u00e7a Eleitoral come\u00e7am nesta ter\u00e7a-feira, 4, \u00e0s 17 horas, e podem ser feitas at\u00e9 18 de julho, \u00e0s 18 horas, no hor\u00e1rio de Bras\u00edlia. Ao todo, o Tribunal Superior Eleitoral (TSE) e 26 tribunais regionais eleitorais (TREs) oferecem 389 vagas, sendo 116 para cargos de analista judici\u00e1rio e [&hellip;]<\/p>\n","protected":false},"author":2,"featured_media":29902,"comment_status":"open","ping_status":"open","sticky":false,"template":"","format":"standard","meta":{"amp_status":"","footnotes":""},"categories":[2092],"tags":[2219,2659,404],"class_list":["post-29901","post","type-post","status-publish","format-standard","has-post-thumbnail","hentry","category-emprego","tag-concurso","tag-justica-eleitoral","tag-vagas"],"yoast_head":"<!-- This site is optimized with the Yoast SEO plugin v20.5 - https:\/\/yoast.com\/wordpress\/plugins\/seo\/ -->\n<title>Concurso unificado da Justi\u00e7a Eleitoral oferece 389 vagas - O Timoneiro Jornal Canoas RS<\/title>\n<meta name=\"robots\" content=\"index, follow, max-snippet:-1, max-image-preview:large, max-video-preview:-1\" \/>\n<link rel=\"canonical\" href=\"https:\/\/jornaltimoneiro.com.br\/index.php\/2024\/06\/04\/concurso-unificado-da-justica-eleitoral-oferece-389-vagas\/\" \/>\n<meta property=\"og:locale\" content=\"pt_BR\" \/>\n<meta property=\"og:type\" content=\"article\" \/>\n<meta property=\"og:title\" content=\"Concurso unificado da Justi\u00e7a Eleitoral oferece 389 vagas - O Timoneiro Jornal Canoas RS\" \/>\n<meta property=\"og:description\" content=\"As inscri\u00e7\u00f5es para o concurso unificado da Justi\u00e7a Eleitoral come\u00e7am nesta ter\u00e7a-feira, 4, \u00e0s 17 horas, e podem ser feitas at\u00e9 18 de julho, \u00e0s 18 horas, no hor\u00e1rio de Bras\u00edlia. Ao todo, o Tribunal Superior Eleitoral (TSE) e 26 tribunais regionais eleitorais (TREs) oferecem 389 vagas, sendo 116 para cargos de analista judici\u00e1rio e [&hellip;]\" \/>\n<meta property=\"og:url\" content=\"https:\/\/jornaltimoneiro.com.br\/index.php\/2024\/06\/04\/concurso-unificado-da-justica-eleitoral-oferece-389-vagas\/\" \/>\n<meta property=\"og:site_name\" content=\"O Timoneiro Jornal Canoas RS\" \/>\n<meta property=\"article:publisher\" content=\"https:\/\/www.facebook.com\/jornaltimoneiro\" \/>\n<meta property=\"article:published_time\" content=\"2024-06-04T19:54:04+00:00\" \/>\n<meta property=\"og:image\" content=\"https:\/\/jornaltimoneiro.com.br\/wp-content\/uploads\/2024\/06\/predio-tse_mcamgo_abr_22062023-5.webp\" \/>\n\t<meta property=\"og:image:width\" content=\"1170\" \/>\n\t<meta property=\"og:image:height\" content=\"700\" \/>\n\t<meta property=\"og:image:type\" content=\"image\/webp\" \/>\n<meta name=\"author\" content=\"Reda\u00e7\u00e3o\" \/>\n<meta name=\"twitter:card\" content=\"summary_large_image\" \/>\n<meta name=\"twitter:creator\" content=\"@_OTimoneiro\" \/>\n<meta name=\"twitter:site\" content=\"@_OTimoneiro\" \/>\n<meta name=\"twitter:label1\" content=\"Escrito por\" \/>\n\t<meta name=\"twitter:data1\" content=\"Reda\u00e7\u00e3o\" \/>\n\t<meta name=\"twitter:label2\" content=\"Est. tempo de leitura\" \/>\n\t<meta name=\"twitter:data2\" content=\"4 minutos\" \/>\n<script type=\"application\/ld+json\" class=\"yoast-schema-graph\">{\"@context\":\"https:\/\/schema.org\",\"@graph\":[{\"@type\":\"Article\",\"@id\":\"https:\/\/jornaltimoneiro.com.br\/index.php\/2024\/06\/04\/concurso-unificado-da-justica-eleitoral-oferece-389-vagas\/#article\",\"isPartOf\":{\"@id\":\"https:\/\/jornaltimoneiro.com.br\/index.php\/2024\/06\/04\/concurso-unificado-da-justica-eleitoral-oferece-389-vagas\/\"},\"author\":{\"name\":\"Reda\u00e7\u00e3o\",\"@id\":\"https:\/\/jornaltimoneiro.com.br\/#\/schema\/person\/f63482f1a02b1a9592707865e509ab40\"},\"headline\":\"Concurso unificado da Justi\u00e7a Eleitoral oferece 389 vagas\",\"datePublished\":\"2024-06-04T19:54:04+00:00\",\"dateModified\":\"2024-06-04T19:54:04+00:00\",\"mainEntityOfPage\":{\"@id\":\"https:\/\/jornaltimoneiro.com.br\/index.php\/2024\/06\/04\/concurso-unificado-da-justica-eleitoral-oferece-389-vagas\/\"},\"wordCount\":691,\"commentCount\":0,\"publisher\":{\"@id\":\"https:\/\/jornaltimoneiro.com.br\/#organization\"},\"keywords\":[\"concurso\",\"Justi\u00e7a Eleitoral\",\"vagas\"],\"articleSection\":[\"Emprego\"],\"inLanguage\":\"pt-BR\",\"potentialAction\":[{\"@type\":\"CommentAction\",\"name\":\"Comment\",\"target\":[\"https:\/\/jornaltimoneiro.com.br\/index.php\/2024\/06\/04\/concurso-unificado-da-justica-eleitoral-oferece-389-vagas\/#respond\"]}]},{\"@type\":\"WebPage\",\"@id\":\"https:\/\/jornaltimoneiro.com.br\/index.php\/2024\/06\/04\/concurso-unificado-da-justica-eleitoral-oferece-389-vagas\/\",\"url\":\"https:\/\/jornaltimoneiro.com.br\/index.php\/2024\/06\/04\/concurso-unificado-da-justica-eleitoral-oferece-389-vagas\/\",\"name\":\"Concurso unificado da Justi\u00e7a Eleitoral oferece 389 vagas - O Timoneiro Jornal Canoas RS\",\"isPartOf\":{\"@id\":\"https:\/\/jornaltimoneiro.com.br\/#website\"},\"datePublished\":\"2024-06-04T19:54:04+00:00\",\"dateModified\":\"2024-06-04T19:54:04+00:00\",\"breadcrumb\":{\"@id\":\"https:\/\/jornaltimoneiro.com.br\/index.php\/2024\/06\/04\/concurso-unificado-da-justica-eleitoral-oferece-389-vagas\/#breadcrumb\"},\"inLanguage\":\"pt-BR\",\"potentialAction\":[{\"@type\":\"ReadAction\",\"target\":[\"https:\/\/jornaltimoneiro.com.br\/index.php\/2024\/06\/04\/concurso-unificado-da-justica-eleitoral-oferece-389-vagas\/\"]}]},{\"@type\":\"BreadcrumbList\",\"@id\":\"https:\/\/jornaltimoneiro.com.br\/index.php\/2024\/06\/04\/concurso-unificado-da-justica-eleitoral-oferece-389-vagas\/#breadcrumb\",\"itemListElement\":[{\"@type\":\"ListItem\",\"position\":1,\"name\":\"In\u00edcio\",\"item\":\"https:\/\/jornaltimoneiro.com.br\/\"},{\"@type\":\"ListItem\",\"position\":2,\"name\":\"Concurso unificado da Justi\u00e7a Eleitoral oferece 389 vagas\"}]},{\"@type\":\"WebSite\",\"@id\":\"https:\/\/jornaltimoneiro.com.br\/#website\",\"url\":\"https:\/\/jornaltimoneiro.com.br\/\",\"name\":\"Jornal Timoneiro Canoas RS\",\"description\":\"Jornal O Timoneiro, o verdadeiro jornal de Canoas\",\"publisher\":{\"@id\":\"https:\/\/jornaltimoneiro.com.br\/#organization\"},\"potentialAction\":[{\"@type\":\"SearchAction\",\"target\":{\"@type\":\"EntryPoint\",\"urlTemplate\":\"https:\/\/jornaltimoneiro.com.br\/?s={search_term_string}\"},\"query-input\":\"required name=search_term_string\"}],\"inLanguage\":\"pt-BR\"},{\"@type\":\"Organization\",\"@id\":\"https:\/\/jornaltimoneiro.com.br\/#organization\",\"name\":\"Jornal Timoneiro Canoas RS\",\"url\":\"https:\/\/jornaltimoneiro.com.br\/\",\"logo\":{\"@type\":\"ImageObject\",\"inLanguage\":\"pt-BR\",\"@id\":\"https:\/\/jornaltimoneiro.com.br\/#\/schema\/logo\/image\/\",\"url\":\"https:\/\/jornaltimoneiro.com.br\/wp-content\/uploads\/2023\/03\/logonovo.png\",\"contentUrl\":\"https:\/\/jornaltimoneiro.com.br\/wp-content\/uploads\/2023\/03\/logonovo.png\",\"width\":\"469\",\"height\":\"171\",\"caption\":\"Jornal Timoneiro Canoas RS\"},\"image\":{\"@id\":\"https:\/\/jornaltimoneiro.com.br\/#\/schema\/logo\/image\/\"},\"sameAs\":[\"https:\/\/www.facebook.com\/jornaltimoneiro\",\"https:\/\/twitter.com\/_OTimoneiro\",\"https:\/\/www.instagram.com\/jornaltimoneirocanoas\/\",\"https:\/\/www.youtube.com\/@jornalotimoneiro7927\"]},{\"@type\":\"Person\",\"@id\":\"https:\/\/jornaltimoneiro.com.br\/#\/schema\/person\/f63482f1a02b1a9592707865e509ab40\",\"name\":\"Reda\u00e7\u00e3o\",\"image\":{\"@type\":\"ImageObject\",\"inLanguage\":\"pt-BR\",\"@id\":\"https:\/\/jornaltimoneiro.com.br\/#\/schema\/person\/image\/\",\"url\":\"https:\/\/jornaltimoneiro.com.br\/wp-content\/uploads\/2023\/03\/download.jpeg\",\"contentUrl\":\"https:\/\/jornaltimoneiro.com.br\/wp-content\/uploads\/2023\/03\/download.jpeg\",\"caption\":\"Reda\u00e7\u00e3o\"},\"url\":\"https:\/\/jornaltimoneiro.com.br\/index.php\/author\/simone-dutra\/\"}]}<\/script>\n<!-- \/ Yoast SEO plugin. -->","yoast_head_json":{"title":"Concurso unificado da Justi\u00e7a Eleitoral oferece 389 vagas - O Timoneiro Jornal Canoas RS","robots":{"index":"index","follow":"follow","max-snippet":"max-snippet:-1","max-image-preview":"max-image-preview:large","max-video-preview":"max-video-preview:-1"},"canonical":"https:\/\/jornaltimoneiro.com.br\/index.php\/2024\/06\/04\/concurso-unificado-da-justica-eleitoral-oferece-389-vagas\/","og_locale":"pt_BR","og_type":"article","og_title":"Concurso unificado da Justi\u00e7a Eleitoral oferece 389 vagas - O Timoneiro Jornal Canoas RS","og_description":"As inscri\u00e7\u00f5es para o concurso unificado da Justi\u00e7a Eleitoral come\u00e7am nesta ter\u00e7a-feira, 4, \u00e0s 17 horas, e podem ser feitas at\u00e9 18 de julho, \u00e0s 18 horas, no hor\u00e1rio de Bras\u00edlia. Ao todo, o Tribunal Superior Eleitoral (TSE) e 26 tribunais regionais eleitorais (TREs) oferecem 389 vagas, sendo 116 para cargos de analista judici\u00e1rio e [&hellip;]","og_url":"https:\/\/jornaltimoneiro.com.br\/index.php\/2024\/06\/04\/concurso-unificado-da-justica-eleitoral-oferece-389-vagas\/","og_site_name":"O Timoneiro Jornal Canoas RS","article_publisher":"https:\/\/www.facebook.com\/jornaltimoneiro","article_published_time":"2024-06-04T19:54:04+00:00","og_image":[{"width":1170,"height":700,"url":"https:\/\/jornaltimoneiro.com.br\/wp-content\/uploads\/2024\/06\/predio-tse_mcamgo_abr_22062023-5.webp","type":"image\/webp"}],"author":"Reda\u00e7\u00e3o","twitter_card":"summary_large_image","twitter_creator":"@_OTimoneiro","twitter_site":"@_OTimoneiro","twitter_misc":{"Escrito por":"Reda\u00e7\u00e3o","Est. tempo de leitura":"4 minutos"},"schema":{"@context":"https:\/\/schema.org","@graph":[{"@type":"Article","@id":"https:\/\/jornaltimoneiro.com.br\/index.php\/2024\/06\/04\/concurso-unificado-da-justica-eleitoral-oferece-389-vagas\/#article","isPartOf":{"@id":"https:\/\/jornaltimoneiro.com.br\/index.php\/2024\/06\/04\/concurso-unificado-da-justica-eleitoral-oferece-389-vagas\/"},"author":{"name":"Reda\u00e7\u00e3o","@id":"https:\/\/jornaltimoneiro.com.br\/#\/schema\/person\/f63482f1a02b1a9592707865e509ab40"},"headline":"Concurso unificado da Justi\u00e7a Eleitoral oferece 389 vagas","datePublished":"2024-06-04T19:54:04+00:00","dateModified":"2024-06-04T19:54:04+00:00","mainEntityOfPage":{"@id":"https:\/\/jornaltimoneiro.com.br\/index.php\/2024\/06\/04\/concurso-unificado-da-justica-eleitoral-oferece-389-vagas\/"},"wordCount":691,"commentCount":0,"publisher":{"@id":"https:\/\/jornaltimoneiro.com.br\/#organization"},"keywords":["concurso","Justi\u00e7a Eleitoral","vagas"],"articleSection":["Emprego"],"inLanguage":"pt-BR","potentialAction":[{"@type":"CommentAction","name":"Comment","target":["https:\/\/jornaltimoneiro.com.br\/index.php\/2024\/06\/04\/concurso-unificado-da-justica-eleitoral-oferece-389-vagas\/#respond"]}]},{"@type":"WebPage","@id":"https:\/\/jornaltimoneiro.com.br\/index.php\/2024\/06\/04\/concurso-unificado-da-justica-eleitoral-oferece-389-vagas\/","url":"https:\/\/jornaltimoneiro.com.br\/index.php\/2024\/06\/04\/concurso-unificado-da-justica-eleitoral-oferece-389-vagas\/","name":"Concurso unificado da Justi\u00e7a Eleitoral oferece 389 vagas - O Timoneiro Jornal Canoas RS","isPartOf":{"@id":"https:\/\/jornaltimoneiro.com.br\/#website"},"datePublished":"2024-06-04T19:54:04+00:00","dateModified":"2024-06-04T19:54:04+00:00","breadcrumb":{"@id":"https:\/\/jornaltimoneiro.com.br\/index.php\/2024\/06\/04\/concurso-unificado-da-justica-eleitoral-oferece-389-vagas\/#breadcrumb"},"inLanguage":"pt-BR","potentialAction":[{"@type":"ReadAction","target":["https:\/\/jornaltimoneiro.com.br\/index.php\/2024\/06\/04\/concurso-unificado-da-justica-eleitoral-oferece-389-vagas\/"]}]},{"@type":"BreadcrumbList","@id":"https:\/\/jornaltimoneiro.com.br\/index.php\/2024\/06\/04\/concurso-unificado-da-justica-eleitoral-oferece-389-vagas\/#breadcrumb","itemListElement":[{"@type":"ListItem","position":1,"name":"In\u00edcio","item":"https:\/\/jornaltimoneiro.com.br\/"},{"@type":"ListItem","position":2,"name":"Concurso unificado da Justi\u00e7a Eleitoral oferece 389 vagas"}]},{"@type":"WebSite","@id":"https:\/\/jornaltimoneiro.com.br\/#website","url":"https:\/\/jornaltimoneiro.com.br\/","name":"Jornal Timoneiro Canoas RS","description":"Jornal O Timoneiro, o verdadeiro jornal de Canoas","publisher":{"@id":"https:\/\/jornaltimoneiro.com.br\/#organization"},"potentialAction":[{"@type":"SearchAction","target":{"@type":"EntryPoint","urlTemplate":"https:\/\/jornaltimoneiro.com.br\/?s={search_term_string}"},"query-input":"required name=search_term_string"}],"inLanguage":"pt-BR"},{"@type":"Organization","@id":"https:\/\/jornaltimoneiro.com.br\/#organization","name":"Jornal Timoneiro Canoas RS","url":"https:\/\/jornaltimoneiro.com.br\/","logo":{"@type":"ImageObject","inLanguage":"pt-BR","@id":"https:\/\/jornaltimoneiro.com.br\/#\/schema\/logo\/image\/","url":"https:\/\/jornaltimoneiro.com.br\/wp-content\/uploads\/2023\/03\/logonovo.png","contentUrl":"https:\/\/jornaltimoneiro.com.br\/wp-content\/uploads\/2023\/03\/logonovo.png","width":"469","height":"171","caption":"Jornal Timoneiro Canoas RS"},"image":{"@id":"https:\/\/jornaltimoneiro.com.br\/#\/schema\/logo\/image\/"},"sameAs":["https:\/\/www.facebook.com\/jornaltimoneiro","https:\/\/twitter.com\/_OTimoneiro","https:\/\/www.instagram.com\/jornaltimoneirocanoas\/","https:\/\/www.youtube.com\/@jornalotimoneiro7927"]},{"@type":"Person","@id":"https:\/\/jornaltimoneiro.com.br\/#\/schema\/person\/f63482f1a02b1a9592707865e509ab40","name":"Reda\u00e7\u00e3o","image":{"@type":"ImageObject","inLanguage":"pt-BR","@id":"https:\/\/jornaltimoneiro.com.br\/#\/schema\/person\/image\/","url":"https:\/\/jornaltimoneiro.com.br\/wp-content\/uploads\/2023\/03\/download.jpeg","contentUrl":"https:\/\/jornaltimoneiro.com.br\/wp-content\/uploads\/2023\/03\/download.jpeg","caption":"Reda\u00e7\u00e3o"},"url":"https:\/\/jornaltimoneiro.com.br\/index.php\/author\/simone-dutra\/"}]}},"_links":{"self":[{"href":"https:\/\/jornaltimoneiro.com.br\/index.php\/wp-json\/wp\/v2\/posts\/29901"}],"collection":[{"href":"https:\/\/jornaltimoneiro.com.br\/index.php\/wp-json\/wp\/v2\/posts"}],"about":[{"href":"https:\/\/jornaltimoneiro.com.br\/index.php\/wp-json\/wp\/v2\/types\/post"}],"author":[{"embeddable":true,"href":"https:\/\/jornaltimoneiro.com.br\/index.php\/wp-json\/wp\/v2\/users\/2"}],"replies":[{"embeddable":true,"href":"https:\/\/jornaltimoneiro.com.br\/index.php\/wp-json\/wp\/v2\/comments?post=29901"}],"version-history":[{"count":1,"href":"https:\/\/jornaltimoneiro.com.br\/index.php\/wp-json\/wp\/v2\/posts\/29901\/revisions"}],"predecessor-version":[{"id":29903,"href":"https:\/\/jornaltimoneiro.com.br\/index.php\/wp-json\/wp\/v2\/posts\/29901\/revisions\/29903"}],"wp:featuredmedia":[{"embeddable":true,"href":"https:\/\/jornaltimoneiro.com.br\/index.php\/wp-json\/wp\/v2\/media\/29902"}],"wp:attachment":[{"href":"https:\/\/jornaltimoneiro.com.br\/index.php\/wp-json\/wp\/v2\/media?parent=29901"}],"wp:term":[{"taxonomy":"category","embeddable":true,"href":"https:\/\/jornaltimoneiro.com.br\/index.php\/wp-json\/wp\/v2\/categories?post=29901"},{"taxonomy":"post_tag","embeddable":true,"href":"https:\/\/jornaltimoneiro.com.br\/index.php\/wp-json\/wp\/v2\/tags?post=29901"}],"curies":[{"name":"wp","href":"https:\/\/api.w.org\/{rel}","templated":true}]}}