{"id":29891,"date":"2024-06-04T16:24:17","date_gmt":"2024-06-04T19:24:17","guid":{"rendered":"https:\/\/jornaltimoneiro.com.br\/?p=29891"},"modified":"2024-06-04T16:24:38","modified_gmt":"2024-06-04T19:24:38","slug":"metade-do-13o-salario-de-servidores-publicos-estaduais-sera-pago-na-sexta-feira-7","status":"publish","type":"post","link":"https:\/\/jornaltimoneiro.com.br\/index.php\/2024\/06\/04\/metade-do-13o-salario-de-servidores-publicos-estaduais-sera-pago-na-sexta-feira-7\/","title":{"rendered":"Metade do 13\u00ba sal\u00e1rio de servidores p\u00fablicos estaduais ser\u00e1 pago na sexta-feira. 7"},"content":{"rendered":"<p>O governo ga\u00facho afirmou que depositar\u00e1, na sexta-feira, 7, metade do 13\u00ba sal\u00e1rio para servidores p\u00fablicos estaduais. A medida \u00e9 uma resposta \u00e0 crise vivida pela popula\u00e7\u00e3o em decorr\u00eancia das chuvas do m\u00eas de maio.<\/p>\n<p>O governador Eduardo Leite havia anunciado que a antecipa\u00e7\u00e3o de 50% da gratifica\u00e7\u00e3o ocorreria at\u00e9 15 de junho, mas o repasse foi viabilizado uma semana antes. O pagamento representa cerca de R$ 900 milh\u00f5es liberados pelo Estado para mais de 350 mil v\u00ednculos de servidores ativos, inativos e pensionistas do Poder Executivo.<\/p>\n<blockquote><p>\u201cMuitos servidores tamb\u00e9m foram atingidos, assim como boa parte da popula\u00e7\u00e3o ga\u00facha. Essa antecipa\u00e7\u00e3o \u00e9 uma forma de dar condi\u00e7\u00e3o \u00e0queles que foram mais afetados, seja por terem suas pr\u00f3prias resid\u00eancias alcan\u00e7adas ou por ajudarem familiares e amigos, acolhendo e se mobilizando em favor dessas pessoas\u201d, disse o governador.<\/p><\/blockquote>\n<p>Leite afirmou que o pagamento tamb\u00e9m busca ajudar economicamente comunidades atingidas.<\/p>\n<p>\u201cEstamos falando em quase R$ 1 bilh\u00e3o em valores que ser\u00e3o injetados na economia do Rio Grande do Sul com essa antecipa\u00e7\u00e3o\u201d, contabilizou.<\/p>\n<p>O an\u00fancio ocorreu durante uma coletiva de imprensa sobre novos aportes, superiores a R$ 46 milh\u00f5es, para as \u00e1reas da sa\u00fade e da educa\u00e7\u00e3o. Junto a outras a\u00e7\u00f5es, os investimentos chegam a R$ 751 milh\u00f5es em recursos do Tesouro do Estado.<\/p>\n<p>A disponibiliza\u00e7\u00e3o dos recursos foi poss\u00edvel pelos esfor\u00e7os de ajuste das contas que j\u00e1 vinham sendo empreendidos antes da crise meteorol\u00f3gica. Desde 2020, o Estado paga sal\u00e1rios e fornecedores em dia, ap\u00f3s quase cinco anos de atrasos sucessivos na folha de pagamento.<\/p>\n<blockquote><p>\u201cO Rio Grande do Sul realizou reformas administrativa e previdenci\u00e1ria, promoveu privatiza\u00e7\u00f5es e aderiu ao Regime de Recupera\u00e7\u00e3o Fiscal com a Uni\u00e3o. Todas essas medidas encontram, agora, um Estado mais ajustado quanto \u00e0s despesas de curto prazo, o que viabiliza essa antecipa\u00e7\u00e3o\u201d, explicou a secret\u00e1ria da Fazenda, Pricilla Maria Santana.<\/p><\/blockquote>\n<p>Na quarta-feira, 5, o governo pagar\u00e1 uma folha suplementar para ajustes em alguns contracheques que tiveram pend\u00eancias em gratifica\u00e7\u00f5es em fun\u00e7\u00e3o dos dias em que os sistemas estiveram indispon\u00edveis.<\/p>\n","protected":false},"excerpt":{"rendered":"<p>O governo ga\u00facho afirmou que depositar\u00e1, na sexta-feira, 7, metade do 13\u00ba sal\u00e1rio para servidores p\u00fablicos estaduais. A medida \u00e9 uma resposta \u00e0 crise vivida pela popula\u00e7\u00e3o em decorr\u00eancia das chuvas do m\u00eas de maio. O governador Eduardo Leite havia anunciado que a antecipa\u00e7\u00e3o de 50% da gratifica\u00e7\u00e3o ocorreria at\u00e9 15 de junho, mas o [&hellip;]<\/p>\n","protected":false},"author":2,"featured_media":29899,"comment_status":"open","ping_status":"open","sticky":false,"template":"","format":"standard","meta":{"amp_status":"","footnotes":""},"categories":[1854,2494],"tags":[2656,87,791,190,2657,1354,80,2658],"class_list":["post-29891","post","type-post","status-publish","format-standard","has-post-thumbnail","hentry","category-economia","category-enchente-rs","tag-13o-salario","tag-economia","tag-enchente","tag-featured","tag-governo-rs","tag-rio-grande-dos-sul","tag-rs","tag-servidores-publicos-estaduais"],"yoast_head":"<!-- This site is optimized with the Yoast SEO plugin v20.5 - https:\/\/yoast.com\/wordpress\/plugins\/seo\/ -->\n<title>Metade do 13\u00ba sal\u00e1rio de servidores p\u00fablicos estaduais ser\u00e1 pago na sexta-feira. 7 - O Timoneiro Jornal Canoas RS<\/title>\n<meta name=\"description\" content=\"Metade do 13\u00ba sal\u00e1rio de servidores p\u00fablicos estaduais ser\u00e1 pago na sexta-feira. 7 enchentes rio grande do sul RS\" \/>\n<meta name=\"robots\" content=\"index, follow, max-snippet:-1, max-image-preview:large, max-video-preview:-1\" \/>\n<link rel=\"canonical\" href=\"https:\/\/jornaltimoneiro.com.br\/index.php\/2024\/06\/04\/metade-do-13o-salario-de-servidores-publicos-estaduais-sera-pago-na-sexta-feira-7\/\" \/>\n<meta property=\"og:locale\" content=\"pt_BR\" \/>\n<meta property=\"og:type\" content=\"article\" \/>\n<meta property=\"og:title\" content=\"Metade do 13\u00ba sal\u00e1rio de servidores p\u00fablicos estaduais ser\u00e1 pago na sexta-feira. 7 - O Timoneiro Jornal Canoas RS\" \/>\n<meta property=\"og:description\" content=\"Metade do 13\u00ba sal\u00e1rio de servidores p\u00fablicos estaduais ser\u00e1 pago na sexta-feira. 7 enchentes rio grande do sul RS\" \/>\n<meta property=\"og:url\" content=\"https:\/\/jornaltimoneiro.com.br\/index.php\/2024\/06\/04\/metade-do-13o-salario-de-servidores-publicos-estaduais-sera-pago-na-sexta-feira-7\/\" \/>\n<meta property=\"og:site_name\" content=\"O Timoneiro Jornal Canoas RS\" \/>\n<meta property=\"article:publisher\" content=\"https:\/\/www.facebook.com\/jornaltimoneiro\" \/>\n<meta property=\"article:published_time\" content=\"2024-06-04T19:24:17+00:00\" \/>\n<meta property=\"article:modified_time\" content=\"2024-06-04T19:24:38+00:00\" \/>\n<meta property=\"og:image\" content=\"https:\/\/jornaltimoneiro.com.br\/wp-content\/uploads\/2024\/06\/WhatsApp-Image-2024-06-04-at-16.23.28.jpeg\" \/>\n\t<meta property=\"og:image:width\" content=\"860\" \/>\n\t<meta property=\"og:image:height\" content=\"570\" \/>\n\t<meta property=\"og:image:type\" content=\"image\/jpeg\" \/>\n<meta name=\"author\" content=\"Reda\u00e7\u00e3o\" \/>\n<meta name=\"twitter:card\" content=\"summary_large_image\" \/>\n<meta name=\"twitter:creator\" content=\"@_OTimoneiro\" \/>\n<meta name=\"twitter:site\" content=\"@_OTimoneiro\" \/>\n<meta name=\"twitter:label1\" content=\"Escrito por\" \/>\n\t<meta name=\"twitter:data1\" content=\"Reda\u00e7\u00e3o\" \/>\n\t<meta name=\"twitter:label2\" content=\"Est. tempo de leitura\" \/>\n\t<meta name=\"twitter:data2\" content=\"2 minutos\" \/>\n<script type=\"application\/ld+json\" class=\"yoast-schema-graph\">{\"@context\":\"https:\/\/schema.org\",\"@graph\":[{\"@type\":\"Article\",\"@id\":\"https:\/\/jornaltimoneiro.com.br\/index.php\/2024\/06\/04\/metade-do-13o-salario-de-servidores-publicos-estaduais-sera-pago-na-sexta-feira-7\/#article\",\"isPartOf\":{\"@id\":\"https:\/\/jornaltimoneiro.com.br\/index.php\/2024\/06\/04\/metade-do-13o-salario-de-servidores-publicos-estaduais-sera-pago-na-sexta-feira-7\/\"},\"author\":{\"name\":\"Reda\u00e7\u00e3o\",\"@id\":\"https:\/\/jornaltimoneiro.com.br\/#\/schema\/person\/f63482f1a02b1a9592707865e509ab40\"},\"headline\":\"Metade do 13\u00ba sal\u00e1rio de servidores p\u00fablicos estaduais ser\u00e1 pago na sexta-feira. 7\",\"datePublished\":\"2024-06-04T19:24:17+00:00\",\"dateModified\":\"2024-06-04T19:24:38+00:00\",\"mainEntityOfPage\":{\"@id\":\"https:\/\/jornaltimoneiro.com.br\/index.php\/2024\/06\/04\/metade-do-13o-salario-de-servidores-publicos-estaduais-sera-pago-na-sexta-feira-7\/\"},\"wordCount\":375,\"commentCount\":0,\"publisher\":{\"@id\":\"https:\/\/jornaltimoneiro.com.br\/#organization\"},\"keywords\":[\"13\u00ba sal\u00e1rio\",\"economia\",\"enchente\",\"featured\",\"governo rs\",\"rio grande dos sul\",\"RS\",\"servidores p\u00fablicos estaduais\"],\"articleSection\":[\"Economia\",\"ENCHENTE RS\"],\"inLanguage\":\"pt-BR\",\"potentialAction\":[{\"@type\":\"CommentAction\",\"name\":\"Comment\",\"target\":[\"https:\/\/jornaltimoneiro.com.br\/index.php\/2024\/06\/04\/metade-do-13o-salario-de-servidores-publicos-estaduais-sera-pago-na-sexta-feira-7\/#respond\"]}]},{\"@type\":\"WebPage\",\"@id\":\"https:\/\/jornaltimoneiro.com.br\/index.php\/2024\/06\/04\/metade-do-13o-salario-de-servidores-publicos-estaduais-sera-pago-na-sexta-feira-7\/\",\"url\":\"https:\/\/jornaltimoneiro.com.br\/index.php\/2024\/06\/04\/metade-do-13o-salario-de-servidores-publicos-estaduais-sera-pago-na-sexta-feira-7\/\",\"name\":\"Metade do 13\u00ba sal\u00e1rio de servidores p\u00fablicos estaduais ser\u00e1 pago na sexta-feira. 7 - O Timoneiro Jornal Canoas RS\",\"isPartOf\":{\"@id\":\"https:\/\/jornaltimoneiro.com.br\/#website\"},\"datePublished\":\"2024-06-04T19:24:17+00:00\",\"dateModified\":\"2024-06-04T19:24:38+00:00\",\"description\":\"Metade do 13\u00ba sal\u00e1rio de servidores p\u00fablicos estaduais ser\u00e1 pago na sexta-feira. 7 enchentes rio grande do sul RS\",\"breadcrumb\":{\"@id\":\"https:\/\/jornaltimoneiro.com.br\/index.php\/2024\/06\/04\/metade-do-13o-salario-de-servidores-publicos-estaduais-sera-pago-na-sexta-feira-7\/#breadcrumb\"},\"inLanguage\":\"pt-BR\",\"potentialAction\":[{\"@type\":\"ReadAction\",\"target\":[\"https:\/\/jornaltimoneiro.com.br\/index.php\/2024\/06\/04\/metade-do-13o-salario-de-servidores-publicos-estaduais-sera-pago-na-sexta-feira-7\/\"]}]},{\"@type\":\"BreadcrumbList\",\"@id\":\"https:\/\/jornaltimoneiro.com.br\/index.php\/2024\/06\/04\/metade-do-13o-salario-de-servidores-publicos-estaduais-sera-pago-na-sexta-feira-7\/#breadcrumb\",\"itemListElement\":[{\"@type\":\"ListItem\",\"position\":1,\"name\":\"In\u00edcio\",\"item\":\"https:\/\/jornaltimoneiro.com.br\/\"},{\"@type\":\"ListItem\",\"position\":2,\"name\":\"Metade do 13\u00ba sal\u00e1rio de servidores p\u00fablicos estaduais ser\u00e1 pago na sexta-feira. 7\"}]},{\"@type\":\"WebSite\",\"@id\":\"https:\/\/jornaltimoneiro.com.br\/#website\",\"url\":\"https:\/\/jornaltimoneiro.com.br\/\",\"name\":\"Jornal Timoneiro Canoas RS\",\"description\":\"Jornal O Timoneiro, o verdadeiro jornal de Canoas\",\"publisher\":{\"@id\":\"https:\/\/jornaltimoneiro.com.br\/#organization\"},\"potentialAction\":[{\"@type\":\"SearchAction\",\"target\":{\"@type\":\"EntryPoint\",\"urlTemplate\":\"https:\/\/jornaltimoneiro.com.br\/?s={search_term_string}\"},\"query-input\":\"required name=search_term_string\"}],\"inLanguage\":\"pt-BR\"},{\"@type\":\"Organization\",\"@id\":\"https:\/\/jornaltimoneiro.com.br\/#organization\",\"name\":\"Jornal Timoneiro Canoas RS\",\"url\":\"https:\/\/jornaltimoneiro.com.br\/\",\"logo\":{\"@type\":\"ImageObject\",\"inLanguage\":\"pt-BR\",\"@id\":\"https:\/\/jornaltimoneiro.com.br\/#\/schema\/logo\/image\/\",\"url\":\"https:\/\/jornaltimoneiro.com.br\/wp-content\/uploads\/2023\/03\/logonovo.png\",\"contentUrl\":\"https:\/\/jornaltimoneiro.com.br\/wp-content\/uploads\/2023\/03\/logonovo.png\",\"width\":\"469\",\"height\":\"171\",\"caption\":\"Jornal Timoneiro Canoas RS\"},\"image\":{\"@id\":\"https:\/\/jornaltimoneiro.com.br\/#\/schema\/logo\/image\/\"},\"sameAs\":[\"https:\/\/www.facebook.com\/jornaltimoneiro\",\"https:\/\/twitter.com\/_OTimoneiro\",\"https:\/\/www.instagram.com\/jornaltimoneirocanoas\/\",\"https:\/\/www.youtube.com\/@jornalotimoneiro7927\"]},{\"@type\":\"Person\",\"@id\":\"https:\/\/jornaltimoneiro.com.br\/#\/schema\/person\/f63482f1a02b1a9592707865e509ab40\",\"name\":\"Reda\u00e7\u00e3o\",\"image\":{\"@type\":\"ImageObject\",\"inLanguage\":\"pt-BR\",\"@id\":\"https:\/\/jornaltimoneiro.com.br\/#\/schema\/person\/image\/\",\"url\":\"https:\/\/jornaltimoneiro.com.br\/wp-content\/uploads\/2023\/03\/download.jpeg\",\"contentUrl\":\"https:\/\/jornaltimoneiro.com.br\/wp-content\/uploads\/2023\/03\/download.jpeg\",\"caption\":\"Reda\u00e7\u00e3o\"},\"url\":\"https:\/\/jornaltimoneiro.com.br\/index.php\/author\/simone-dutra\/\"}]}<\/script>\n<!-- \/ Yoast SEO plugin. -->","yoast_head_json":{"title":"Metade do 13\u00ba sal\u00e1rio de servidores p\u00fablicos estaduais ser\u00e1 pago na sexta-feira. 7 - O Timoneiro Jornal Canoas RS","description":"Metade do 13\u00ba sal\u00e1rio de servidores p\u00fablicos estaduais ser\u00e1 pago na sexta-feira. 7 enchentes rio grande do sul RS","robots":{"index":"index","follow":"follow","max-snippet":"max-snippet:-1","max-image-preview":"max-image-preview:large","max-video-preview":"max-video-preview:-1"},"canonical":"https:\/\/jornaltimoneiro.com.br\/index.php\/2024\/06\/04\/metade-do-13o-salario-de-servidores-publicos-estaduais-sera-pago-na-sexta-feira-7\/","og_locale":"pt_BR","og_type":"article","og_title":"Metade do 13\u00ba sal\u00e1rio de servidores p\u00fablicos estaduais ser\u00e1 pago na sexta-feira. 7 - O Timoneiro Jornal Canoas RS","og_description":"Metade do 13\u00ba sal\u00e1rio de servidores p\u00fablicos estaduais ser\u00e1 pago na sexta-feira. 7 enchentes rio grande do sul RS","og_url":"https:\/\/jornaltimoneiro.com.br\/index.php\/2024\/06\/04\/metade-do-13o-salario-de-servidores-publicos-estaduais-sera-pago-na-sexta-feira-7\/","og_site_name":"O Timoneiro Jornal Canoas RS","article_publisher":"https:\/\/www.facebook.com\/jornaltimoneiro","article_published_time":"2024-06-04T19:24:17+00:00","article_modified_time":"2024-06-04T19:24:38+00:00","og_image":[{"width":860,"height":570,"url":"https:\/\/jornaltimoneiro.com.br\/wp-content\/uploads\/2024\/06\/WhatsApp-Image-2024-06-04-at-16.23.28.jpeg","type":"image\/jpeg"}],"author":"Reda\u00e7\u00e3o","twitter_card":"summary_large_image","twitter_creator":"@_OTimoneiro","twitter_site":"@_OTimoneiro","twitter_misc":{"Escrito por":"Reda\u00e7\u00e3o","Est. tempo de leitura":"2 minutos"},"schema":{"@context":"https:\/\/schema.org","@graph":[{"@type":"Article","@id":"https:\/\/jornaltimoneiro.com.br\/index.php\/2024\/06\/04\/metade-do-13o-salario-de-servidores-publicos-estaduais-sera-pago-na-sexta-feira-7\/#article","isPartOf":{"@id":"https:\/\/jornaltimoneiro.com.br\/index.php\/2024\/06\/04\/metade-do-13o-salario-de-servidores-publicos-estaduais-sera-pago-na-sexta-feira-7\/"},"author":{"name":"Reda\u00e7\u00e3o","@id":"https:\/\/jornaltimoneiro.com.br\/#\/schema\/person\/f63482f1a02b1a9592707865e509ab40"},"headline":"Metade do 13\u00ba sal\u00e1rio de servidores p\u00fablicos estaduais ser\u00e1 pago na sexta-feira. 7","datePublished":"2024-06-04T19:24:17+00:00","dateModified":"2024-06-04T19:24:38+00:00","mainEntityOfPage":{"@id":"https:\/\/jornaltimoneiro.com.br\/index.php\/2024\/06\/04\/metade-do-13o-salario-de-servidores-publicos-estaduais-sera-pago-na-sexta-feira-7\/"},"wordCount":375,"commentCount":0,"publisher":{"@id":"https:\/\/jornaltimoneiro.com.br\/#organization"},"keywords":["13\u00ba sal\u00e1rio","economia","enchente","featured","governo rs","rio grande dos sul","RS","servidores p\u00fablicos estaduais"],"articleSection":["Economia","ENCHENTE RS"],"inLanguage":"pt-BR","potentialAction":[{"@type":"CommentAction","name":"Comment","target":["https:\/\/jornaltimoneiro.com.br\/index.php\/2024\/06\/04\/metade-do-13o-salario-de-servidores-publicos-estaduais-sera-pago-na-sexta-feira-7\/#respond"]}]},{"@type":"WebPage","@id":"https:\/\/jornaltimoneiro.com.br\/index.php\/2024\/06\/04\/metade-do-13o-salario-de-servidores-publicos-estaduais-sera-pago-na-sexta-feira-7\/","url":"https:\/\/jornaltimoneiro.com.br\/index.php\/2024\/06\/04\/metade-do-13o-salario-de-servidores-publicos-estaduais-sera-pago-na-sexta-feira-7\/","name":"Metade do 13\u00ba sal\u00e1rio de servidores p\u00fablicos estaduais ser\u00e1 pago na sexta-feira. 7 - O Timoneiro Jornal Canoas RS","isPartOf":{"@id":"https:\/\/jornaltimoneiro.com.br\/#website"},"datePublished":"2024-06-04T19:24:17+00:00","dateModified":"2024-06-04T19:24:38+00:00","description":"Metade do 13\u00ba sal\u00e1rio de servidores p\u00fablicos estaduais ser\u00e1 pago na sexta-feira. 7 enchentes rio grande do sul RS","breadcrumb":{"@id":"https:\/\/jornaltimoneiro.com.br\/index.php\/2024\/06\/04\/metade-do-13o-salario-de-servidores-publicos-estaduais-sera-pago-na-sexta-feira-7\/#breadcrumb"},"inLanguage":"pt-BR","potentialAction":[{"@type":"ReadAction","target":["https:\/\/jornaltimoneiro.com.br\/index.php\/2024\/06\/04\/metade-do-13o-salario-de-servidores-publicos-estaduais-sera-pago-na-sexta-feira-7\/"]}]},{"@type":"BreadcrumbList","@id":"https:\/\/jornaltimoneiro.com.br\/index.php\/2024\/06\/04\/metade-do-13o-salario-de-servidores-publicos-estaduais-sera-pago-na-sexta-feira-7\/#breadcrumb","itemListElement":[{"@type":"ListItem","position":1,"name":"In\u00edcio","item":"https:\/\/jornaltimoneiro.com.br\/"},{"@type":"ListItem","position":2,"name":"Metade do 13\u00ba sal\u00e1rio de servidores p\u00fablicos estaduais ser\u00e1 pago na sexta-feira. 7"}]},{"@type":"WebSite","@id":"https:\/\/jornaltimoneiro.com.br\/#website","url":"https:\/\/jornaltimoneiro.com.br\/","name":"Jornal Timoneiro Canoas RS","description":"Jornal O Timoneiro, o verdadeiro jornal de Canoas","publisher":{"@id":"https:\/\/jornaltimoneiro.com.br\/#organization"},"potentialAction":[{"@type":"SearchAction","target":{"@type":"EntryPoint","urlTemplate":"https:\/\/jornaltimoneiro.com.br\/?s={search_term_string}"},"query-input":"required name=search_term_string"}],"inLanguage":"pt-BR"},{"@type":"Organization","@id":"https:\/\/jornaltimoneiro.com.br\/#organization","name":"Jornal Timoneiro Canoas RS","url":"https:\/\/jornaltimoneiro.com.br\/","logo":{"@type":"ImageObject","inLanguage":"pt-BR","@id":"https:\/\/jornaltimoneiro.com.br\/#\/schema\/logo\/image\/","url":"https:\/\/jornaltimoneiro.com.br\/wp-content\/uploads\/2023\/03\/logonovo.png","contentUrl":"https:\/\/jornaltimoneiro.com.br\/wp-content\/uploads\/2023\/03\/logonovo.png","width":"469","height":"171","caption":"Jornal Timoneiro Canoas RS"},"image":{"@id":"https:\/\/jornaltimoneiro.com.br\/#\/schema\/logo\/image\/"},"sameAs":["https:\/\/www.facebook.com\/jornaltimoneiro","https:\/\/twitter.com\/_OTimoneiro","https:\/\/www.instagram.com\/jornaltimoneirocanoas\/","https:\/\/www.youtube.com\/@jornalotimoneiro7927"]},{"@type":"Person","@id":"https:\/\/jornaltimoneiro.com.br\/#\/schema\/person\/f63482f1a02b1a9592707865e509ab40","name":"Reda\u00e7\u00e3o","image":{"@type":"ImageObject","inLanguage":"pt-BR","@id":"https:\/\/jornaltimoneiro.com.br\/#\/schema\/person\/image\/","url":"https:\/\/jornaltimoneiro.com.br\/wp-content\/uploads\/2023\/03\/download.jpeg","contentUrl":"https:\/\/jornaltimoneiro.com.br\/wp-content\/uploads\/2023\/03\/download.jpeg","caption":"Reda\u00e7\u00e3o"},"url":"https:\/\/jornaltimoneiro.com.br\/index.php\/author\/simone-dutra\/"}]}},"_links":{"self":[{"href":"https:\/\/jornaltimoneiro.com.br\/index.php\/wp-json\/wp\/v2\/posts\/29891"}],"collection":[{"href":"https:\/\/jornaltimoneiro.com.br\/index.php\/wp-json\/wp\/v2\/posts"}],"about":[{"href":"https:\/\/jornaltimoneiro.com.br\/index.php\/wp-json\/wp\/v2\/types\/post"}],"author":[{"embeddable":true,"href":"https:\/\/jornaltimoneiro.com.br\/index.php\/wp-json\/wp\/v2\/users\/2"}],"replies":[{"embeddable":true,"href":"https:\/\/jornaltimoneiro.com.br\/index.php\/wp-json\/wp\/v2\/comments?post=29891"}],"version-history":[{"count":1,"href":"https:\/\/jornaltimoneiro.com.br\/index.php\/wp-json\/wp\/v2\/posts\/29891\/revisions"}],"predecessor-version":[{"id":29900,"href":"https:\/\/jornaltimoneiro.com.br\/index.php\/wp-json\/wp\/v2\/posts\/29891\/revisions\/29900"}],"wp:featuredmedia":[{"embeddable":true,"href":"https:\/\/jornaltimoneiro.com.br\/index.php\/wp-json\/wp\/v2\/media\/29899"}],"wp:attachment":[{"href":"https:\/\/jornaltimoneiro.com.br\/index.php\/wp-json\/wp\/v2\/media?parent=29891"}],"wp:term":[{"taxonomy":"category","embeddable":true,"href":"https:\/\/jornaltimoneiro.com.br\/index.php\/wp-json\/wp\/v2\/categories?post=29891"},{"taxonomy":"post_tag","embeddable":true,"href":"https:\/\/jornaltimoneiro.com.br\/index.php\/wp-json\/wp\/v2\/tags?post=29891"}],"curies":[{"name":"wp","href":"https:\/\/api.w.org\/{rel}","templated":true}]}}