{"id":2980,"date":"2016-02-28T16:48:13","date_gmt":"2016-02-28T19:48:13","guid":{"rendered":"http:\/\/otimoneiro.com.br\/?p=2980"},"modified":"2016-02-28T16:48:13","modified_gmt":"2016-02-28T19:48:13","slug":"opiniao-coluna-momento-politico-8","status":"publish","type":"post","link":"https:\/\/jornaltimoneiro.com.br\/index.php\/2016\/02\/28\/opiniao-coluna-momento-politico-8\/","title":{"rendered":"Opini\u00e3o: Coluna Momento Pol\u00edtico"},"content":{"rendered":"<p><a href=\"http:\/\/otimoneiro.com.br\/wp-content\/uploads\/2016\/02\/wpid-wp-1456688871810.jpg\"><img decoding=\"async\" title=\"wp-1456688871810\" class=\"alignnone size-full\"  alt=\"image\" src=\"http:\/\/otimoneiro.com.br\/wp-content\/uploads\/2016\/02\/wpid-wp-1456688871810.jpg\" \/><\/a><\/p>\n<p>DESCASO COM A EDUCA\u00c7\u00c3O<\/p>\n<p>Recebi, concordo e transcrevo:<\/p>\n<p>\u201cAcredito que agora, mais do que nunca, os professores de Canoas podem solicitar adicional de periculosidade para a prefeitura, uma vez que a mesma dispensou os guardas das escolas. Ficamos assim, \u00e0 merc\u00ea da viol\u00eancia que rodeiam as comunidades escolares.<\/p>\n<p>A justificativa \u00e9 velha: conten\u00e7\u00e3o de despesas. Ser\u00e1 preciso acontecer uma viol\u00eancia grave com alunos ou professores, para que percebam que essa economia \u00e9 burra?<\/p>\n<p>A prefeitura tem esbanjado dinheiro com publicidade duvidosa, enquanto as Licen\u00e7as-Pr\u00eamio dos professores est\u00e3o sendo pagas com quase 3 anos de atraso (junho\/2013). E como se fosse pouco isso tudo, a SME n\u00e3o obedece nenhuma regra de direito adquirido na carreira dos professores, compactuando com o desmando de alguns diretores, que escolhem quem bem entendem para \u201csuas\u201d escolas; sim, porque \u00e9 assim que alguns deles<\/p>\n<p>pensam: que a escola \u00e9 sua.<\/p>\n<p>Na EJA, com o fechamento de turmas, os professores foram comunicado, somente no final do ano que seriam remanejados, caso tivesse vaga, para outras escolas ou para o dia, sem que tivessem tempo de reorganizarem suas vidas. Mas em algumas escolas, n\u00e3o foi bem isso que aconteceu. Alguns colegas do diurno das mesmas escolas que dispensaram professores, alegando fechamento, ocuparam as vagas dos professores do EJA (qual crit\u00e9rio?).<\/p>\n<p>Ap\u00f3s 20 anos de prefeitura, fica dif\u00edcil ter \u00e2nimo para retornar \u00e0s aulas com esse descaso.<\/p>\n<p>O mais triste de tudo \u00e9 que, a cada ano, a situa\u00e7\u00e3o piora.<\/p>\n<p>QUEM IR\u00c1 NOS SALVAR?<\/p>\n<p>Professora Municipal de Canoas.\u201d<\/p>\n<p>PESQUISA<\/p>\n<p>CORREM pesquisas por todos os lados. Esta semana o jornalista Polibio Braga publicou mat\u00e9ria em seu site em que relata pesquisa do PTB para prefeitura de Canoas onde o deputado Nelsinho Metal\u00fargico (PT) est\u00e1 na frente de seguido por Beth, deputado Busato e Gisele. A disputa ainda nem come\u00e7ou.\u00a0<\/p>\n<p>CARGOS EM COMISS\u00c3O<\/p>\n<p>A moeda de negocia\u00e7\u00e3o do prefeito Jairo Jorge (PT) est\u00e1 amea\u00e7ada. Hoje ele tem 472 cargos de comiss\u00e3o, daqueles que trabalha pouco, ganha muito e alguns casos o comparecimento ao servi\u00e7o n\u00e3o \u00e9 obrigat\u00f3rio, tudo para ajeitar apoio de partidos pol\u00edticos e vereadores aos seus projetos, sua administra\u00e7\u00e3o, seus candidatos \u00e0 sucess\u00e3o e o chamado \u201ccala-te-boca\u201d.<\/p>\n<p>A manifesta\u00e7\u00e3o do Minist\u00e9rio P\u00fablico em restringir 70% desses cargos, amea\u00e7a o poder do chef\u00e3o.<\/p>\n<p><!--more--><\/p>\n<p><strong>Cidade do Faz de Conta<\/strong><\/p>\n<p>ANTIGA NOVA F\u00d3RMULA<\/p>\n<p>ASSESSOR DE CONFIAN\u00c7A DO PREFEITO DA CFC: Senhor prefeito, estamos em crise. N\u00e3o est\u00e1 entrando mais dinheiro das \u201ccontribui\u00e7\u00f5es volunt\u00e1rias\u201d. Nem o recente assessor designado pela primeira dama, mesmo mo\u00e7o e ativo, n\u00e3o esta conseguindo \u201ccobrar\u201d. As pessoas dizem n\u00e3o ter dinheiro, outras afrontosamente dizem que n\u00e3o v\u00e3o pagar e alguns amea\u00e7am com fotos e grava\u00e7\u00f5es.<\/p>\n<p>PRIMEIRA DAMA DA CFC: Nos \u00faltimos meses n\u00e3o entra nada, nem dos projetos novos que trancamos. N\u00e3o estou conseguindo pagar nem a casa nova que compramos nem aqueles dep\u00f3sitos programados l\u00e1 em Dubai. A situa\u00e7\u00e3o \u00e9 dif\u00edcil, falta muito para o fim do mandato, mas noto que estamos perdendo o controle.<\/p>\n<p>SECRET\u00c1RIO DA FAZENDA DA CFC: Nem mesmo aqueles que est\u00e3o sob meu controle e davam contribui\u00e7\u00f5es mensais est\u00e3o cumprindo com o combinado. Os dirigentes partid\u00e1rios que recebem mesada j\u00e1 est\u00e3o berrando com o atraso.<\/p>\n<p>ASSESSOR DO PREFEITO ANTERIOR DA CFC: Tem uma solu\u00e7\u00e3o. N\u00e3o vamos mais pagar ningu\u00e9m.\u00a0<\/p>\n<p>ASSESSOR ESPECIAL DA CFC: Mas a\u00ed o Governo para!<\/p>\n<p>ASSESSOR DO PREFEITO ANTERIOR DA CFC: N\u00e3o, a gente suspende os pagamentos de fornecedores, empreiteiros e eles v\u00eam correndo propor um ajuste. Preciso de dinheiro no ato, e para isso, \u201cd\u00e3o\u201d contribui\u00e7\u00f5es espont\u00e2neas de 15% a 20%.<\/p>\n<p>SECRETARIO DE GOVERNO DA CFC: Mas isto n\u00f3s j\u00e1 est\u00e1vamos fazendo para alguns.<\/p>\n<p>ASSESSOR DO PREFEITO ANTERIOR DA CFC: Mas agora vamos fazer para todos, e esse rapaz novo que \u00e9 amigo da primeira dama, tem cara de pau para fazer essa tarefa.<\/p>\n<p>Um m\u00eas depois&#8230;<\/p>\n<p>PRIMEIRA DAMA DA CFC: Deu certo mesmo, est\u00e1 entrando dinheiro, at\u00e9 seria bom a gente fazer um empr\u00e9stimo para poder pagar mais contas, e contratar mais obras, porque assim ter\u00edamos mais colaboradores.<\/p>\n<p>Naquele momento chega o jornal do dia com a manchete: \u201cForam presos pela Policia Federal mais seis recebedores de propina e corruptores.\u201d<\/p>\n<p>Houve um sil\u00eancio de vel\u00f3rio na sala da PREFEITURA DA CIDADE DO FAZ DE CONTA.\u00a0<\/p>\n<p>Quaisquer semelhan\u00e7as com fatos, dados, nomes ou pessoas conhecidas, relacionados com esta est\u00f3ria, \u00e9 simplesmente mera coincid\u00eancia, ou produto da intelig\u00eancia fantasiosa ou excepcional do leitor.<\/p>\n","protected":false},"excerpt":{"rendered":"<p>DESCASO COM A EDUCA\u00c7\u00c3O Recebi, concordo e transcrevo: \u201cAcredito que agora, mais do que nunca, os professores de Canoas podem solicitar adicional de periculosidade para a prefeitura, uma vez que a mesma dispensou os guardas das escolas. Ficamos assim, \u00e0 merc\u00ea da viol\u00eancia que rodeiam as comunidades escolares. A justificativa \u00e9 velha: conten\u00e7\u00e3o de despesas. [&hellip;]<\/p>\n","protected":false},"author":1,"featured_media":0,"comment_status":"open","ping_status":"open","sticky":false,"template":"","format":"standard","meta":{"amp_status":"","footnotes":""},"categories":[19],"tags":[],"class_list":["post-2980","post","type-post","status-publish","format-standard","hentry","category-destaques"],"yoast_head":"<!-- This site is optimized with the Yoast SEO plugin v20.5 - https:\/\/yoast.com\/wordpress\/plugins\/seo\/ -->\n<title>Opini\u00e3o: Coluna Momento Pol\u00edtico - O Timoneiro Jornal Canoas RS<\/title>\n<meta name=\"robots\" content=\"index, follow, max-snippet:-1, max-image-preview:large, max-video-preview:-1\" \/>\n<link rel=\"canonical\" href=\"https:\/\/jornaltimoneiro.com.br\/index.php\/2016\/02\/28\/opiniao-coluna-momento-politico-8\/\" \/>\n<meta property=\"og:locale\" content=\"pt_BR\" \/>\n<meta property=\"og:type\" content=\"article\" \/>\n<meta property=\"og:title\" content=\"Opini\u00e3o: Coluna Momento Pol\u00edtico - O Timoneiro Jornal Canoas RS\" \/>\n<meta property=\"og:description\" content=\"DESCASO COM A EDUCA\u00c7\u00c3O Recebi, concordo e transcrevo: \u201cAcredito que agora, mais do que nunca, os professores de Canoas podem solicitar adicional de periculosidade para a prefeitura, uma vez que a mesma dispensou os guardas das escolas. Ficamos assim, \u00e0 merc\u00ea da viol\u00eancia que rodeiam as comunidades escolares. A justificativa \u00e9 velha: conten\u00e7\u00e3o de despesas. [&hellip;]\" \/>\n<meta property=\"og:url\" content=\"https:\/\/jornaltimoneiro.com.br\/index.php\/2016\/02\/28\/opiniao-coluna-momento-politico-8\/\" \/>\n<meta property=\"og:site_name\" content=\"O Timoneiro Jornal Canoas RS\" \/>\n<meta property=\"article:publisher\" content=\"https:\/\/www.facebook.com\/jornaltimoneiro\" \/>\n<meta property=\"article:published_time\" content=\"2016-02-28T19:48:13+00:00\" \/>\n<meta property=\"og:image\" content=\"http:\/\/otimoneiro.com.br\/wp-content\/uploads\/2016\/02\/wpid-wp-1456688871810.jpg\" \/>\n<meta name=\"author\" content=\"Reda\u00e7\u00e3o\" \/>\n<meta name=\"twitter:card\" content=\"summary_large_image\" \/>\n<meta name=\"twitter:creator\" content=\"@_OTimoneiro\" \/>\n<meta name=\"twitter:site\" content=\"@_OTimoneiro\" \/>\n<meta name=\"twitter:label1\" content=\"Escrito por\" \/>\n\t<meta name=\"twitter:data1\" content=\"Reda\u00e7\u00e3o\" \/>\n\t<meta name=\"twitter:label2\" content=\"Est. tempo de leitura\" \/>\n\t<meta name=\"twitter:data2\" content=\"4 minutos\" \/>\n<script type=\"application\/ld+json\" class=\"yoast-schema-graph\">{\"@context\":\"https:\/\/schema.org\",\"@graph\":[{\"@type\":\"Article\",\"@id\":\"https:\/\/jornaltimoneiro.com.br\/index.php\/2016\/02\/28\/opiniao-coluna-momento-politico-8\/#article\",\"isPartOf\":{\"@id\":\"https:\/\/jornaltimoneiro.com.br\/index.php\/2016\/02\/28\/opiniao-coluna-momento-politico-8\/\"},\"author\":{\"name\":\"Reda\u00e7\u00e3o\",\"@id\":\"https:\/\/jornaltimoneiro.com.br\/#\/schema\/person\/620efd1d8244466117482be494360b08\"},\"headline\":\"Opini\u00e3o: Coluna Momento Pol\u00edtico\",\"datePublished\":\"2016-02-28T19:48:13+00:00\",\"dateModified\":\"2016-02-28T19:48:13+00:00\",\"mainEntityOfPage\":{\"@id\":\"https:\/\/jornaltimoneiro.com.br\/index.php\/2016\/02\/28\/opiniao-coluna-momento-politico-8\/\"},\"wordCount\":785,\"commentCount\":0,\"publisher\":{\"@id\":\"https:\/\/jornaltimoneiro.com.br\/#organization\"},\"articleSection\":[\"Destaques\"],\"inLanguage\":\"pt-BR\",\"potentialAction\":[{\"@type\":\"CommentAction\",\"name\":\"Comment\",\"target\":[\"https:\/\/jornaltimoneiro.com.br\/index.php\/2016\/02\/28\/opiniao-coluna-momento-politico-8\/#respond\"]}]},{\"@type\":\"WebPage\",\"@id\":\"https:\/\/jornaltimoneiro.com.br\/index.php\/2016\/02\/28\/opiniao-coluna-momento-politico-8\/\",\"url\":\"https:\/\/jornaltimoneiro.com.br\/index.php\/2016\/02\/28\/opiniao-coluna-momento-politico-8\/\",\"name\":\"Opini\u00e3o: Coluna Momento Pol\u00edtico - O Timoneiro Jornal Canoas RS\",\"isPartOf\":{\"@id\":\"https:\/\/jornaltimoneiro.com.br\/#website\"},\"datePublished\":\"2016-02-28T19:48:13+00:00\",\"dateModified\":\"2016-02-28T19:48:13+00:00\",\"breadcrumb\":{\"@id\":\"https:\/\/jornaltimoneiro.com.br\/index.php\/2016\/02\/28\/opiniao-coluna-momento-politico-8\/#breadcrumb\"},\"inLanguage\":\"pt-BR\",\"potentialAction\":[{\"@type\":\"ReadAction\",\"target\":[\"https:\/\/jornaltimoneiro.com.br\/index.php\/2016\/02\/28\/opiniao-coluna-momento-politico-8\/\"]}]},{\"@type\":\"BreadcrumbList\",\"@id\":\"https:\/\/jornaltimoneiro.com.br\/index.php\/2016\/02\/28\/opiniao-coluna-momento-politico-8\/#breadcrumb\",\"itemListElement\":[{\"@type\":\"ListItem\",\"position\":1,\"name\":\"In\u00edcio\",\"item\":\"https:\/\/jornaltimoneiro.com.br\/\"},{\"@type\":\"ListItem\",\"position\":2,\"name\":\"Opini\u00e3o: Coluna Momento Pol\u00edtico\"}]},{\"@type\":\"WebSite\",\"@id\":\"https:\/\/jornaltimoneiro.com.br\/#website\",\"url\":\"https:\/\/jornaltimoneiro.com.br\/\",\"name\":\"Jornal Timoneiro Canoas RS\",\"description\":\"Jornal O Timoneiro, o verdadeiro jornal de Canoas\",\"publisher\":{\"@id\":\"https:\/\/jornaltimoneiro.com.br\/#organization\"},\"potentialAction\":[{\"@type\":\"SearchAction\",\"target\":{\"@type\":\"EntryPoint\",\"urlTemplate\":\"https:\/\/jornaltimoneiro.com.br\/?s={search_term_string}\"},\"query-input\":\"required name=search_term_string\"}],\"inLanguage\":\"pt-BR\"},{\"@type\":\"Organization\",\"@id\":\"https:\/\/jornaltimoneiro.com.br\/#organization\",\"name\":\"Jornal Timoneiro Canoas RS\",\"url\":\"https:\/\/jornaltimoneiro.com.br\/\",\"logo\":{\"@type\":\"ImageObject\",\"inLanguage\":\"pt-BR\",\"@id\":\"https:\/\/jornaltimoneiro.com.br\/#\/schema\/logo\/image\/\",\"url\":\"https:\/\/jornaltimoneiro.com.br\/wp-content\/uploads\/2023\/03\/logonovo.png\",\"contentUrl\":\"https:\/\/jornaltimoneiro.com.br\/wp-content\/uploads\/2023\/03\/logonovo.png\",\"width\":\"469\",\"height\":\"171\",\"caption\":\"Jornal Timoneiro Canoas RS\"},\"image\":{\"@id\":\"https:\/\/jornaltimoneiro.com.br\/#\/schema\/logo\/image\/\"},\"sameAs\":[\"https:\/\/www.facebook.com\/jornaltimoneiro\",\"https:\/\/twitter.com\/_OTimoneiro\",\"https:\/\/www.instagram.com\/jornaltimoneirocanoas\/\",\"https:\/\/www.youtube.com\/@jornalotimoneiro7927\"]},{\"@type\":\"Person\",\"@id\":\"https:\/\/jornaltimoneiro.com.br\/#\/schema\/person\/620efd1d8244466117482be494360b08\",\"name\":\"Reda\u00e7\u00e3o\",\"image\":{\"@type\":\"ImageObject\",\"inLanguage\":\"pt-BR\",\"@id\":\"https:\/\/jornaltimoneiro.com.br\/#\/schema\/person\/image\/\",\"url\":\"https:\/\/secure.gravatar.com\/avatar\/2f04e1b304682a8d9db336c7acd77f08?s=96&d=mm&r=g\",\"contentUrl\":\"https:\/\/secure.gravatar.com\/avatar\/2f04e1b304682a8d9db336c7acd77f08?s=96&d=mm&r=g\",\"caption\":\"Reda\u00e7\u00e3o\"},\"url\":\"https:\/\/jornaltimoneiro.com.br\/index.php\/author\/timoneirocanoas\/\"}]}<\/script>\n<!-- \/ Yoast SEO plugin. -->","yoast_head_json":{"title":"Opini\u00e3o: Coluna Momento Pol\u00edtico - O Timoneiro Jornal Canoas RS","robots":{"index":"index","follow":"follow","max-snippet":"max-snippet:-1","max-image-preview":"max-image-preview:large","max-video-preview":"max-video-preview:-1"},"canonical":"https:\/\/jornaltimoneiro.com.br\/index.php\/2016\/02\/28\/opiniao-coluna-momento-politico-8\/","og_locale":"pt_BR","og_type":"article","og_title":"Opini\u00e3o: Coluna Momento Pol\u00edtico - O Timoneiro Jornal Canoas RS","og_description":"DESCASO COM A EDUCA\u00c7\u00c3O Recebi, concordo e transcrevo: \u201cAcredito que agora, mais do que nunca, os professores de Canoas podem solicitar adicional de periculosidade para a prefeitura, uma vez que a mesma dispensou os guardas das escolas. Ficamos assim, \u00e0 merc\u00ea da viol\u00eancia que rodeiam as comunidades escolares. A justificativa \u00e9 velha: conten\u00e7\u00e3o de despesas. [&hellip;]","og_url":"https:\/\/jornaltimoneiro.com.br\/index.php\/2016\/02\/28\/opiniao-coluna-momento-politico-8\/","og_site_name":"O Timoneiro Jornal Canoas RS","article_publisher":"https:\/\/www.facebook.com\/jornaltimoneiro","article_published_time":"2016-02-28T19:48:13+00:00","og_image":[{"url":"http:\/\/otimoneiro.com.br\/wp-content\/uploads\/2016\/02\/wpid-wp-1456688871810.jpg"}],"author":"Reda\u00e7\u00e3o","twitter_card":"summary_large_image","twitter_creator":"@_OTimoneiro","twitter_site":"@_OTimoneiro","twitter_misc":{"Escrito por":"Reda\u00e7\u00e3o","Est. tempo de leitura":"4 minutos"},"schema":{"@context":"https:\/\/schema.org","@graph":[{"@type":"Article","@id":"https:\/\/jornaltimoneiro.com.br\/index.php\/2016\/02\/28\/opiniao-coluna-momento-politico-8\/#article","isPartOf":{"@id":"https:\/\/jornaltimoneiro.com.br\/index.php\/2016\/02\/28\/opiniao-coluna-momento-politico-8\/"},"author":{"name":"Reda\u00e7\u00e3o","@id":"https:\/\/jornaltimoneiro.com.br\/#\/schema\/person\/620efd1d8244466117482be494360b08"},"headline":"Opini\u00e3o: Coluna Momento Pol\u00edtico","datePublished":"2016-02-28T19:48:13+00:00","dateModified":"2016-02-28T19:48:13+00:00","mainEntityOfPage":{"@id":"https:\/\/jornaltimoneiro.com.br\/index.php\/2016\/02\/28\/opiniao-coluna-momento-politico-8\/"},"wordCount":785,"commentCount":0,"publisher":{"@id":"https:\/\/jornaltimoneiro.com.br\/#organization"},"articleSection":["Destaques"],"inLanguage":"pt-BR","potentialAction":[{"@type":"CommentAction","name":"Comment","target":["https:\/\/jornaltimoneiro.com.br\/index.php\/2016\/02\/28\/opiniao-coluna-momento-politico-8\/#respond"]}]},{"@type":"WebPage","@id":"https:\/\/jornaltimoneiro.com.br\/index.php\/2016\/02\/28\/opiniao-coluna-momento-politico-8\/","url":"https:\/\/jornaltimoneiro.com.br\/index.php\/2016\/02\/28\/opiniao-coluna-momento-politico-8\/","name":"Opini\u00e3o: Coluna Momento Pol\u00edtico - O Timoneiro Jornal Canoas RS","isPartOf":{"@id":"https:\/\/jornaltimoneiro.com.br\/#website"},"datePublished":"2016-02-28T19:48:13+00:00","dateModified":"2016-02-28T19:48:13+00:00","breadcrumb":{"@id":"https:\/\/jornaltimoneiro.com.br\/index.php\/2016\/02\/28\/opiniao-coluna-momento-politico-8\/#breadcrumb"},"inLanguage":"pt-BR","potentialAction":[{"@type":"ReadAction","target":["https:\/\/jornaltimoneiro.com.br\/index.php\/2016\/02\/28\/opiniao-coluna-momento-politico-8\/"]}]},{"@type":"BreadcrumbList","@id":"https:\/\/jornaltimoneiro.com.br\/index.php\/2016\/02\/28\/opiniao-coluna-momento-politico-8\/#breadcrumb","itemListElement":[{"@type":"ListItem","position":1,"name":"In\u00edcio","item":"https:\/\/jornaltimoneiro.com.br\/"},{"@type":"ListItem","position":2,"name":"Opini\u00e3o: Coluna Momento Pol\u00edtico"}]},{"@type":"WebSite","@id":"https:\/\/jornaltimoneiro.com.br\/#website","url":"https:\/\/jornaltimoneiro.com.br\/","name":"Jornal Timoneiro Canoas RS","description":"Jornal O Timoneiro, o verdadeiro jornal de Canoas","publisher":{"@id":"https:\/\/jornaltimoneiro.com.br\/#organization"},"potentialAction":[{"@type":"SearchAction","target":{"@type":"EntryPoint","urlTemplate":"https:\/\/jornaltimoneiro.com.br\/?s={search_term_string}"},"query-input":"required name=search_term_string"}],"inLanguage":"pt-BR"},{"@type":"Organization","@id":"https:\/\/jornaltimoneiro.com.br\/#organization","name":"Jornal Timoneiro Canoas RS","url":"https:\/\/jornaltimoneiro.com.br\/","logo":{"@type":"ImageObject","inLanguage":"pt-BR","@id":"https:\/\/jornaltimoneiro.com.br\/#\/schema\/logo\/image\/","url":"https:\/\/jornaltimoneiro.com.br\/wp-content\/uploads\/2023\/03\/logonovo.png","contentUrl":"https:\/\/jornaltimoneiro.com.br\/wp-content\/uploads\/2023\/03\/logonovo.png","width":"469","height":"171","caption":"Jornal Timoneiro Canoas RS"},"image":{"@id":"https:\/\/jornaltimoneiro.com.br\/#\/schema\/logo\/image\/"},"sameAs":["https:\/\/www.facebook.com\/jornaltimoneiro","https:\/\/twitter.com\/_OTimoneiro","https:\/\/www.instagram.com\/jornaltimoneirocanoas\/","https:\/\/www.youtube.com\/@jornalotimoneiro7927"]},{"@type":"Person","@id":"https:\/\/jornaltimoneiro.com.br\/#\/schema\/person\/620efd1d8244466117482be494360b08","name":"Reda\u00e7\u00e3o","image":{"@type":"ImageObject","inLanguage":"pt-BR","@id":"https:\/\/jornaltimoneiro.com.br\/#\/schema\/person\/image\/","url":"https:\/\/secure.gravatar.com\/avatar\/2f04e1b304682a8d9db336c7acd77f08?s=96&d=mm&r=g","contentUrl":"https:\/\/secure.gravatar.com\/avatar\/2f04e1b304682a8d9db336c7acd77f08?s=96&d=mm&r=g","caption":"Reda\u00e7\u00e3o"},"url":"https:\/\/jornaltimoneiro.com.br\/index.php\/author\/timoneirocanoas\/"}]}},"_links":{"self":[{"href":"https:\/\/jornaltimoneiro.com.br\/index.php\/wp-json\/wp\/v2\/posts\/2980"}],"collection":[{"href":"https:\/\/jornaltimoneiro.com.br\/index.php\/wp-json\/wp\/v2\/posts"}],"about":[{"href":"https:\/\/jornaltimoneiro.com.br\/index.php\/wp-json\/wp\/v2\/types\/post"}],"author":[{"embeddable":true,"href":"https:\/\/jornaltimoneiro.com.br\/index.php\/wp-json\/wp\/v2\/users\/1"}],"replies":[{"embeddable":true,"href":"https:\/\/jornaltimoneiro.com.br\/index.php\/wp-json\/wp\/v2\/comments?post=2980"}],"version-history":[{"count":0,"href":"https:\/\/jornaltimoneiro.com.br\/index.php\/wp-json\/wp\/v2\/posts\/2980\/revisions"}],"wp:attachment":[{"href":"https:\/\/jornaltimoneiro.com.br\/index.php\/wp-json\/wp\/v2\/media?parent=2980"}],"wp:term":[{"taxonomy":"category","embeddable":true,"href":"https:\/\/jornaltimoneiro.com.br\/index.php\/wp-json\/wp\/v2\/categories?post=2980"},{"taxonomy":"post_tag","embeddable":true,"href":"https:\/\/jornaltimoneiro.com.br\/index.php\/wp-json\/wp\/v2\/tags?post=2980"}],"curies":[{"name":"wp","href":"https:\/\/api.w.org\/{rel}","templated":true}]}}