{"id":29771,"date":"2024-05-29T15:19:16","date_gmt":"2024-05-29T18:19:16","guid":{"rendered":"https:\/\/jornaltimoneiro.com.br\/?p=29771"},"modified":"2024-05-29T15:26:56","modified_gmt":"2024-05-29T18:26:56","slug":"lado-oeste-de-canoas-tem-mais-duas-linhas-de-onibus-restabelecidas-passe-e-livre","status":"publish","type":"post","link":"https:\/\/jornaltimoneiro.com.br\/index.php\/2024\/05\/29\/lado-oeste-de-canoas-tem-mais-duas-linhas-de-onibus-restabelecidas-passe-e-livre\/","title":{"rendered":"Lado Oeste de Canoas tem mais duas linhas de \u00f4nibus restabelecidas; passe \u00e9 livre"},"content":{"rendered":"<p>O transporte p\u00fablico coletivo est\u00e1 com mais duas linhas retomadas no lado Oeste de Canoas, regi\u00e3o geogr\u00e1fica mais afetada pela cat\u00e1strofe clim\u00e1tica de maio.<\/p>\n<p>De acordo com a Secretaria Municipal de Transportes e Mobilidade (SMTM), Mato Grande e Rio Branco voltam com itiner\u00e1rios parciais e entram na rela\u00e7\u00e3o de aproximadamente 20 linhas atendidas pela empresa Sociedade de \u00d4nibus Ga\u00facha (Sogal).<\/p>\n<p>A Morart foi a primeira a voltar a operar naquele quadrante, com aumento de \u00e1reas secas na regi\u00e3o.<\/p>\n<p>No lado Leste, os usu\u00e1rios possuem 16 linhas \u00e0 disposi\u00e7\u00e3o. O servi\u00e7o nessa regi\u00e3o da cidade est\u00e1 quase todo normalizado, com exce\u00e7\u00e3o de duas liga\u00e7\u00f5es (Petrobras e Ulbra) com a Trensurb, que ainda n\u00e3o retomou o servi\u00e7o. O transporte coletivo permanece com passe livre na cidade.<\/p>\n<h4><strong>Linha Mato Grande<\/strong><\/h4>\n<p>Itiner\u00e1rio se inicia no terminal da Victor Barreto (Golden Center), seguindo pelas ruas Pedro Weingartner, Mathias Velho, Dr. Barcelos, Domingos Martins, Avenida Guilherme Schell, Ara\u00e7\u00e1, Santo Ant\u00f4nio, Rep\u00fablica, Calif\u00f3rnia, Novo M\u00e9xico, Avenida Canoas, Rep\u00fablica, voltando pela Santo Ant\u00f4nio, Ara\u00e7\u00e1, Pedro Weingartner e terminal da Victor Barreto.<\/p>\n<h4><strong>Linha Rio Branco<\/strong><\/h4>\n<p>Terminal da Victor Barreto (Golden Center), ruas Mathias Velho, Dr. Barcelos, Domingos Martins, av. Guilherme Schell, rua Boa Sa\u00fade, rua Cair\u00fa, rua Bartolomeu de Gusm\u00e3o, voltando pela Guilherme Schell, rua Pedro Weingartner e encerrando na Victor Barreto.<\/p>\n<p><strong>Informa\u00e7\u00f5es gerais<br \/>\n<\/strong><br \/>\nD\u00favidas sobre os itiner\u00e1rios e hor\u00e1rios das linhas da Sogal podem ser esclarecidas pelo telefone (51) 3472-6233, no site (www.sogal.com.br). Atrasos e outros assuntos podem ser comunicados para a Diretoria de Transportes, pelo WhatsApp (51) 99365-9452 ou pelo telefone (51) 3425-7637.<\/p>\n","protected":false},"excerpt":{"rendered":"<p>O transporte p\u00fablico coletivo est\u00e1 com mais duas linhas retomadas no lado Oeste de Canoas, regi\u00e3o geogr\u00e1fica mais afetada pela cat\u00e1strofe clim\u00e1tica de maio. De acordo com a Secretaria Municipal de Transportes e Mobilidade (SMTM), Mato Grande e Rio Branco voltam com itiner\u00e1rios parciais e entram na rela\u00e7\u00e3o de aproximadamente 20 linhas atendidas pela empresa [&hellip;]<\/p>\n","protected":false},"author":2,"featured_media":29772,"comment_status":"open","ping_status":"open","sticky":false,"template":"","format":"standard","meta":{"amp_status":"","footnotes":""},"categories":[2629],"tags":[31,791,55,214,213,80,688],"class_list":["post-29771","post","type-post","status-publish","format-standard","has-post-thumbnail","hentry","category-transporte","tag-canoas","tag-enchente","tag-onibus","tag-regiao-metropolitana","tag-rio-grande-do-sul","tag-rs","tag-transporte"],"yoast_head":"<!-- This site is optimized with the Yoast SEO plugin v20.5 - https:\/\/yoast.com\/wordpress\/plugins\/seo\/ -->\n<title>Lado Oeste de Canoas tem mais duas linhas de \u00f4nibus restabelecidas; passe \u00e9 livre - O Timoneiro Jornal Canoas RS<\/title>\n<meta name=\"description\" content=\"Lado Oeste de Canoas tem mais duas linhas de \u00f4nibus restabelecidas transporte coletivo regi\u00e3o metropolitana rio grande do sul enchente rs\" \/>\n<meta name=\"robots\" content=\"index, follow, max-snippet:-1, max-image-preview:large, max-video-preview:-1\" \/>\n<link rel=\"canonical\" href=\"https:\/\/jornaltimoneiro.com.br\/index.php\/2024\/05\/29\/lado-oeste-de-canoas-tem-mais-duas-linhas-de-onibus-restabelecidas-passe-e-livre\/\" \/>\n<meta property=\"og:locale\" content=\"pt_BR\" \/>\n<meta property=\"og:type\" content=\"article\" \/>\n<meta property=\"og:title\" content=\"Lado Oeste de Canoas tem mais duas linhas de \u00f4nibus restabelecidas; passe \u00e9 livre - O Timoneiro Jornal Canoas RS\" \/>\n<meta property=\"og:description\" content=\"Lado Oeste de Canoas tem mais duas linhas de \u00f4nibus restabelecidas transporte coletivo regi\u00e3o metropolitana rio grande do sul enchente rs\" \/>\n<meta property=\"og:url\" content=\"https:\/\/jornaltimoneiro.com.br\/index.php\/2024\/05\/29\/lado-oeste-de-canoas-tem-mais-duas-linhas-de-onibus-restabelecidas-passe-e-livre\/\" \/>\n<meta property=\"og:site_name\" content=\"O Timoneiro Jornal Canoas RS\" \/>\n<meta property=\"article:publisher\" content=\"https:\/\/www.facebook.com\/jornaltimoneiro\" \/>\n<meta property=\"article:published_time\" content=\"2024-05-29T18:19:16+00:00\" \/>\n<meta property=\"article:modified_time\" content=\"2024-05-29T18:26:56+00:00\" \/>\n<meta property=\"og:image\" content=\"https:\/\/jornaltimoneiro.com.br\/wp-content\/uploads\/2024\/05\/REDUZIDAS_17_04_2024-Blitz-Onibus-Casa-dos-Rosas_JulianaReis-17.jpg\" \/>\n\t<meta property=\"og:image:width\" content=\"1080\" \/>\n\t<meta property=\"og:image:height\" content=\"719\" \/>\n\t<meta property=\"og:image:type\" content=\"image\/jpeg\" \/>\n<meta name=\"author\" content=\"Reda\u00e7\u00e3o\" \/>\n<meta name=\"twitter:card\" content=\"summary_large_image\" \/>\n<meta name=\"twitter:creator\" content=\"@_OTimoneiro\" \/>\n<meta name=\"twitter:site\" content=\"@_OTimoneiro\" \/>\n<meta name=\"twitter:label1\" content=\"Escrito por\" \/>\n\t<meta name=\"twitter:data1\" content=\"Reda\u00e7\u00e3o\" \/>\n\t<meta name=\"twitter:label2\" content=\"Est. tempo de leitura\" \/>\n\t<meta name=\"twitter:data2\" content=\"2 minutos\" \/>\n<script type=\"application\/ld+json\" class=\"yoast-schema-graph\">{\"@context\":\"https:\/\/schema.org\",\"@graph\":[{\"@type\":\"Article\",\"@id\":\"https:\/\/jornaltimoneiro.com.br\/index.php\/2024\/05\/29\/lado-oeste-de-canoas-tem-mais-duas-linhas-de-onibus-restabelecidas-passe-e-livre\/#article\",\"isPartOf\":{\"@id\":\"https:\/\/jornaltimoneiro.com.br\/index.php\/2024\/05\/29\/lado-oeste-de-canoas-tem-mais-duas-linhas-de-onibus-restabelecidas-passe-e-livre\/\"},\"author\":{\"name\":\"Reda\u00e7\u00e3o\",\"@id\":\"https:\/\/jornaltimoneiro.com.br\/#\/schema\/person\/f63482f1a02b1a9592707865e509ab40\"},\"headline\":\"Lado Oeste de Canoas tem mais duas linhas de \u00f4nibus restabelecidas; passe \u00e9 livre\",\"datePublished\":\"2024-05-29T18:19:16+00:00\",\"dateModified\":\"2024-05-29T18:26:56+00:00\",\"mainEntityOfPage\":{\"@id\":\"https:\/\/jornaltimoneiro.com.br\/index.php\/2024\/05\/29\/lado-oeste-de-canoas-tem-mais-duas-linhas-de-onibus-restabelecidas-passe-e-livre\/\"},\"wordCount\":296,\"commentCount\":0,\"publisher\":{\"@id\":\"https:\/\/jornaltimoneiro.com.br\/#organization\"},\"keywords\":[\"canoas\",\"enchente\",\"\u00f4nibus\",\"regi\u00e3o metropolitana\",\"rio grande do sul\",\"RS\",\"transporte\"],\"articleSection\":[\"Transporte\"],\"inLanguage\":\"pt-BR\",\"potentialAction\":[{\"@type\":\"CommentAction\",\"name\":\"Comment\",\"target\":[\"https:\/\/jornaltimoneiro.com.br\/index.php\/2024\/05\/29\/lado-oeste-de-canoas-tem-mais-duas-linhas-de-onibus-restabelecidas-passe-e-livre\/#respond\"]}]},{\"@type\":\"WebPage\",\"@id\":\"https:\/\/jornaltimoneiro.com.br\/index.php\/2024\/05\/29\/lado-oeste-de-canoas-tem-mais-duas-linhas-de-onibus-restabelecidas-passe-e-livre\/\",\"url\":\"https:\/\/jornaltimoneiro.com.br\/index.php\/2024\/05\/29\/lado-oeste-de-canoas-tem-mais-duas-linhas-de-onibus-restabelecidas-passe-e-livre\/\",\"name\":\"Lado Oeste de Canoas tem mais duas linhas de \u00f4nibus restabelecidas; passe \u00e9 livre - O Timoneiro Jornal Canoas RS\",\"isPartOf\":{\"@id\":\"https:\/\/jornaltimoneiro.com.br\/#website\"},\"datePublished\":\"2024-05-29T18:19:16+00:00\",\"dateModified\":\"2024-05-29T18:26:56+00:00\",\"description\":\"Lado Oeste de Canoas tem mais duas linhas de \u00f4nibus restabelecidas transporte coletivo regi\u00e3o metropolitana rio grande do sul enchente rs\",\"breadcrumb\":{\"@id\":\"https:\/\/jornaltimoneiro.com.br\/index.php\/2024\/05\/29\/lado-oeste-de-canoas-tem-mais-duas-linhas-de-onibus-restabelecidas-passe-e-livre\/#breadcrumb\"},\"inLanguage\":\"pt-BR\",\"potentialAction\":[{\"@type\":\"ReadAction\",\"target\":[\"https:\/\/jornaltimoneiro.com.br\/index.php\/2024\/05\/29\/lado-oeste-de-canoas-tem-mais-duas-linhas-de-onibus-restabelecidas-passe-e-livre\/\"]}]},{\"@type\":\"BreadcrumbList\",\"@id\":\"https:\/\/jornaltimoneiro.com.br\/index.php\/2024\/05\/29\/lado-oeste-de-canoas-tem-mais-duas-linhas-de-onibus-restabelecidas-passe-e-livre\/#breadcrumb\",\"itemListElement\":[{\"@type\":\"ListItem\",\"position\":1,\"name\":\"In\u00edcio\",\"item\":\"https:\/\/jornaltimoneiro.com.br\/\"},{\"@type\":\"ListItem\",\"position\":2,\"name\":\"Lado Oeste de Canoas tem mais duas linhas de \u00f4nibus restabelecidas; passe \u00e9 livre\"}]},{\"@type\":\"WebSite\",\"@id\":\"https:\/\/jornaltimoneiro.com.br\/#website\",\"url\":\"https:\/\/jornaltimoneiro.com.br\/\",\"name\":\"Jornal Timoneiro Canoas RS\",\"description\":\"Jornal O Timoneiro, o verdadeiro jornal de Canoas\",\"publisher\":{\"@id\":\"https:\/\/jornaltimoneiro.com.br\/#organization\"},\"potentialAction\":[{\"@type\":\"SearchAction\",\"target\":{\"@type\":\"EntryPoint\",\"urlTemplate\":\"https:\/\/jornaltimoneiro.com.br\/?s={search_term_string}\"},\"query-input\":\"required name=search_term_string\"}],\"inLanguage\":\"pt-BR\"},{\"@type\":\"Organization\",\"@id\":\"https:\/\/jornaltimoneiro.com.br\/#organization\",\"name\":\"Jornal Timoneiro Canoas RS\",\"url\":\"https:\/\/jornaltimoneiro.com.br\/\",\"logo\":{\"@type\":\"ImageObject\",\"inLanguage\":\"pt-BR\",\"@id\":\"https:\/\/jornaltimoneiro.com.br\/#\/schema\/logo\/image\/\",\"url\":\"https:\/\/jornaltimoneiro.com.br\/wp-content\/uploads\/2023\/03\/logonovo.png\",\"contentUrl\":\"https:\/\/jornaltimoneiro.com.br\/wp-content\/uploads\/2023\/03\/logonovo.png\",\"width\":\"469\",\"height\":\"171\",\"caption\":\"Jornal Timoneiro Canoas RS\"},\"image\":{\"@id\":\"https:\/\/jornaltimoneiro.com.br\/#\/schema\/logo\/image\/\"},\"sameAs\":[\"https:\/\/www.facebook.com\/jornaltimoneiro\",\"https:\/\/twitter.com\/_OTimoneiro\",\"https:\/\/www.instagram.com\/jornaltimoneirocanoas\/\",\"https:\/\/www.youtube.com\/@jornalotimoneiro7927\"]},{\"@type\":\"Person\",\"@id\":\"https:\/\/jornaltimoneiro.com.br\/#\/schema\/person\/f63482f1a02b1a9592707865e509ab40\",\"name\":\"Reda\u00e7\u00e3o\",\"image\":{\"@type\":\"ImageObject\",\"inLanguage\":\"pt-BR\",\"@id\":\"https:\/\/jornaltimoneiro.com.br\/#\/schema\/person\/image\/\",\"url\":\"https:\/\/jornaltimoneiro.com.br\/wp-content\/uploads\/2023\/03\/download.jpeg\",\"contentUrl\":\"https:\/\/jornaltimoneiro.com.br\/wp-content\/uploads\/2023\/03\/download.jpeg\",\"caption\":\"Reda\u00e7\u00e3o\"},\"url\":\"https:\/\/jornaltimoneiro.com.br\/index.php\/author\/simone-dutra\/\"}]}<\/script>\n<!-- \/ Yoast SEO plugin. -->","yoast_head_json":{"title":"Lado Oeste de Canoas tem mais duas linhas de \u00f4nibus restabelecidas; passe \u00e9 livre - O Timoneiro Jornal Canoas RS","description":"Lado Oeste de Canoas tem mais duas linhas de \u00f4nibus restabelecidas transporte coletivo regi\u00e3o metropolitana rio grande do sul enchente rs","robots":{"index":"index","follow":"follow","max-snippet":"max-snippet:-1","max-image-preview":"max-image-preview:large","max-video-preview":"max-video-preview:-1"},"canonical":"https:\/\/jornaltimoneiro.com.br\/index.php\/2024\/05\/29\/lado-oeste-de-canoas-tem-mais-duas-linhas-de-onibus-restabelecidas-passe-e-livre\/","og_locale":"pt_BR","og_type":"article","og_title":"Lado Oeste de Canoas tem mais duas linhas de \u00f4nibus restabelecidas; passe \u00e9 livre - O Timoneiro Jornal Canoas RS","og_description":"Lado Oeste de Canoas tem mais duas linhas de \u00f4nibus restabelecidas transporte coletivo regi\u00e3o metropolitana rio grande do sul enchente rs","og_url":"https:\/\/jornaltimoneiro.com.br\/index.php\/2024\/05\/29\/lado-oeste-de-canoas-tem-mais-duas-linhas-de-onibus-restabelecidas-passe-e-livre\/","og_site_name":"O Timoneiro Jornal Canoas RS","article_publisher":"https:\/\/www.facebook.com\/jornaltimoneiro","article_published_time":"2024-05-29T18:19:16+00:00","article_modified_time":"2024-05-29T18:26:56+00:00","og_image":[{"width":"1080","height":"719","url":"https:\/\/jornaltimoneiro.com.br\/wp-content\/uploads\/2024\/05\/REDUZIDAS_17_04_2024-Blitz-Onibus-Casa-dos-Rosas_JulianaReis-17.jpg","type":"image\/jpeg"}],"author":"Reda\u00e7\u00e3o","twitter_card":"summary_large_image","twitter_creator":"@_OTimoneiro","twitter_site":"@_OTimoneiro","twitter_misc":{"Escrito por":"Reda\u00e7\u00e3o","Est. tempo de leitura":"2 minutos"},"schema":{"@context":"https:\/\/schema.org","@graph":[{"@type":"Article","@id":"https:\/\/jornaltimoneiro.com.br\/index.php\/2024\/05\/29\/lado-oeste-de-canoas-tem-mais-duas-linhas-de-onibus-restabelecidas-passe-e-livre\/#article","isPartOf":{"@id":"https:\/\/jornaltimoneiro.com.br\/index.php\/2024\/05\/29\/lado-oeste-de-canoas-tem-mais-duas-linhas-de-onibus-restabelecidas-passe-e-livre\/"},"author":{"name":"Reda\u00e7\u00e3o","@id":"https:\/\/jornaltimoneiro.com.br\/#\/schema\/person\/f63482f1a02b1a9592707865e509ab40"},"headline":"Lado Oeste de Canoas tem mais duas linhas de \u00f4nibus restabelecidas; passe \u00e9 livre","datePublished":"2024-05-29T18:19:16+00:00","dateModified":"2024-05-29T18:26:56+00:00","mainEntityOfPage":{"@id":"https:\/\/jornaltimoneiro.com.br\/index.php\/2024\/05\/29\/lado-oeste-de-canoas-tem-mais-duas-linhas-de-onibus-restabelecidas-passe-e-livre\/"},"wordCount":296,"commentCount":0,"publisher":{"@id":"https:\/\/jornaltimoneiro.com.br\/#organization"},"keywords":["canoas","enchente","\u00f4nibus","regi\u00e3o metropolitana","rio grande do sul","RS","transporte"],"articleSection":["Transporte"],"inLanguage":"pt-BR","potentialAction":[{"@type":"CommentAction","name":"Comment","target":["https:\/\/jornaltimoneiro.com.br\/index.php\/2024\/05\/29\/lado-oeste-de-canoas-tem-mais-duas-linhas-de-onibus-restabelecidas-passe-e-livre\/#respond"]}]},{"@type":"WebPage","@id":"https:\/\/jornaltimoneiro.com.br\/index.php\/2024\/05\/29\/lado-oeste-de-canoas-tem-mais-duas-linhas-de-onibus-restabelecidas-passe-e-livre\/","url":"https:\/\/jornaltimoneiro.com.br\/index.php\/2024\/05\/29\/lado-oeste-de-canoas-tem-mais-duas-linhas-de-onibus-restabelecidas-passe-e-livre\/","name":"Lado Oeste de Canoas tem mais duas linhas de \u00f4nibus restabelecidas; passe \u00e9 livre - O Timoneiro Jornal Canoas RS","isPartOf":{"@id":"https:\/\/jornaltimoneiro.com.br\/#website"},"datePublished":"2024-05-29T18:19:16+00:00","dateModified":"2024-05-29T18:26:56+00:00","description":"Lado Oeste de Canoas tem mais duas linhas de \u00f4nibus restabelecidas transporte coletivo regi\u00e3o metropolitana rio grande do sul enchente rs","breadcrumb":{"@id":"https:\/\/jornaltimoneiro.com.br\/index.php\/2024\/05\/29\/lado-oeste-de-canoas-tem-mais-duas-linhas-de-onibus-restabelecidas-passe-e-livre\/#breadcrumb"},"inLanguage":"pt-BR","potentialAction":[{"@type":"ReadAction","target":["https:\/\/jornaltimoneiro.com.br\/index.php\/2024\/05\/29\/lado-oeste-de-canoas-tem-mais-duas-linhas-de-onibus-restabelecidas-passe-e-livre\/"]}]},{"@type":"BreadcrumbList","@id":"https:\/\/jornaltimoneiro.com.br\/index.php\/2024\/05\/29\/lado-oeste-de-canoas-tem-mais-duas-linhas-de-onibus-restabelecidas-passe-e-livre\/#breadcrumb","itemListElement":[{"@type":"ListItem","position":1,"name":"In\u00edcio","item":"https:\/\/jornaltimoneiro.com.br\/"},{"@type":"ListItem","position":2,"name":"Lado Oeste de Canoas tem mais duas linhas de \u00f4nibus restabelecidas; passe \u00e9 livre"}]},{"@type":"WebSite","@id":"https:\/\/jornaltimoneiro.com.br\/#website","url":"https:\/\/jornaltimoneiro.com.br\/","name":"Jornal Timoneiro Canoas RS","description":"Jornal O Timoneiro, o verdadeiro jornal de Canoas","publisher":{"@id":"https:\/\/jornaltimoneiro.com.br\/#organization"},"potentialAction":[{"@type":"SearchAction","target":{"@type":"EntryPoint","urlTemplate":"https:\/\/jornaltimoneiro.com.br\/?s={search_term_string}"},"query-input":"required name=search_term_string"}],"inLanguage":"pt-BR"},{"@type":"Organization","@id":"https:\/\/jornaltimoneiro.com.br\/#organization","name":"Jornal Timoneiro Canoas RS","url":"https:\/\/jornaltimoneiro.com.br\/","logo":{"@type":"ImageObject","inLanguage":"pt-BR","@id":"https:\/\/jornaltimoneiro.com.br\/#\/schema\/logo\/image\/","url":"https:\/\/jornaltimoneiro.com.br\/wp-content\/uploads\/2023\/03\/logonovo.png","contentUrl":"https:\/\/jornaltimoneiro.com.br\/wp-content\/uploads\/2023\/03\/logonovo.png","width":"469","height":"171","caption":"Jornal Timoneiro Canoas RS"},"image":{"@id":"https:\/\/jornaltimoneiro.com.br\/#\/schema\/logo\/image\/"},"sameAs":["https:\/\/www.facebook.com\/jornaltimoneiro","https:\/\/twitter.com\/_OTimoneiro","https:\/\/www.instagram.com\/jornaltimoneirocanoas\/","https:\/\/www.youtube.com\/@jornalotimoneiro7927"]},{"@type":"Person","@id":"https:\/\/jornaltimoneiro.com.br\/#\/schema\/person\/f63482f1a02b1a9592707865e509ab40","name":"Reda\u00e7\u00e3o","image":{"@type":"ImageObject","inLanguage":"pt-BR","@id":"https:\/\/jornaltimoneiro.com.br\/#\/schema\/person\/image\/","url":"https:\/\/jornaltimoneiro.com.br\/wp-content\/uploads\/2023\/03\/download.jpeg","contentUrl":"https:\/\/jornaltimoneiro.com.br\/wp-content\/uploads\/2023\/03\/download.jpeg","caption":"Reda\u00e7\u00e3o"},"url":"https:\/\/jornaltimoneiro.com.br\/index.php\/author\/simone-dutra\/"}]}},"_links":{"self":[{"href":"https:\/\/jornaltimoneiro.com.br\/index.php\/wp-json\/wp\/v2\/posts\/29771"}],"collection":[{"href":"https:\/\/jornaltimoneiro.com.br\/index.php\/wp-json\/wp\/v2\/posts"}],"about":[{"href":"https:\/\/jornaltimoneiro.com.br\/index.php\/wp-json\/wp\/v2\/types\/post"}],"author":[{"embeddable":true,"href":"https:\/\/jornaltimoneiro.com.br\/index.php\/wp-json\/wp\/v2\/users\/2"}],"replies":[{"embeddable":true,"href":"https:\/\/jornaltimoneiro.com.br\/index.php\/wp-json\/wp\/v2\/comments?post=29771"}],"version-history":[{"count":3,"href":"https:\/\/jornaltimoneiro.com.br\/index.php\/wp-json\/wp\/v2\/posts\/29771\/revisions"}],"predecessor-version":[{"id":29775,"href":"https:\/\/jornaltimoneiro.com.br\/index.php\/wp-json\/wp\/v2\/posts\/29771\/revisions\/29775"}],"wp:featuredmedia":[{"embeddable":true,"href":"https:\/\/jornaltimoneiro.com.br\/index.php\/wp-json\/wp\/v2\/media\/29772"}],"wp:attachment":[{"href":"https:\/\/jornaltimoneiro.com.br\/index.php\/wp-json\/wp\/v2\/media?parent=29771"}],"wp:term":[{"taxonomy":"category","embeddable":true,"href":"https:\/\/jornaltimoneiro.com.br\/index.php\/wp-json\/wp\/v2\/categories?post=29771"},{"taxonomy":"post_tag","embeddable":true,"href":"https:\/\/jornaltimoneiro.com.br\/index.php\/wp-json\/wp\/v2\/tags?post=29771"}],"curies":[{"name":"wp","href":"https:\/\/api.w.org\/{rel}","templated":true}]}}