{"id":29703,"date":"2024-05-25T18:51:32","date_gmt":"2024-05-25T21:51:32","guid":{"rendered":"https:\/\/jornaltimoneiro.com.br\/?p=29703"},"modified":"2024-05-25T18:51:32","modified_gmt":"2024-05-25T21:51:32","slug":"estrada-de-acesso-ao-mathias-velho-e-liberada-para-o-publico-na-br-448","status":"publish","type":"post","link":"https:\/\/jornaltimoneiro.com.br\/index.php\/2024\/05\/25\/estrada-de-acesso-ao-mathias-velho-e-liberada-para-o-publico-na-br-448\/","title":{"rendered":"Estrada de acesso ao Mathias Velho \u00e9 liberada para o p\u00fablico na BR-448"},"content":{"rendered":"<p>O acesso de ve\u00edculos particulares foi liberado no acesso ao dique do Mathias Velho na manh\u00e3 deste s\u00e1bado, 25. A estrada foi constru\u00edda a partir da BR-448, a Rodovia do Parque, pr\u00f3ximo \u00e0 empresa Bianchini.<\/p>\n<p>Apesar do acesso aos motoristas, a constru\u00e7\u00e3o foi feita para <a href=\"https:\/\/jornaltimoneiro.com.br\/index.php\/2024\/05\/23\/construcao-de-acesso-ao-dique-da-mathias-velho-pode-viabilizar-reparos\/\"><strong>viabilizar o acesso ao dique para reparos<\/strong><\/a>.<\/p>\n<p>A Secretaria de Seguran\u00e7a P\u00fablica atua no local junto com a Secretaria de Obras para\u00a0 a seguran\u00e7a da opera\u00e7\u00e3o de fechamento do dique e das pessoas que acessam o bairro Mathias Velho pela via.<\/p>\n","protected":false},"excerpt":{"rendered":"<p>O acesso de ve\u00edculos particulares foi liberado no acesso ao dique do Mathias Velho na manh\u00e3 deste s\u00e1bado, 25. A estrada foi constru\u00edda a partir da BR-448, a Rodovia do Parque, pr\u00f3ximo \u00e0 empresa Bianchini. Apesar do acesso aos motoristas, a constru\u00e7\u00e3o foi feita para viabilizar o acesso ao dique para reparos. A Secretaria de [&hellip;]<\/p>\n","protected":false},"author":2,"featured_media":29704,"comment_status":"open","ping_status":"open","sticky":false,"template":"","format":"standard","meta":{"amp_status":"","footnotes":""},"categories":[2443,57],"tags":[2605,1483,190,1037],"class_list":["post-29703","post","type-post","status-publish","format-standard","has-post-thumbnail","hentry","category-enchente-2024-canoas","category-transito","tag-acesso","tag-br-448","tag-featured","tag-mathias-velho"],"yoast_head":"<!-- This site is optimized with the Yoast SEO plugin v20.5 - https:\/\/yoast.com\/wordpress\/plugins\/seo\/ -->\n<title>Estrada de acesso ao Mathias Velho \u00e9 liberada para o p\u00fablico na BR-448 - O Timoneiro Jornal Canoas RS<\/title>\n<meta name=\"robots\" content=\"index, follow, max-snippet:-1, max-image-preview:large, max-video-preview:-1\" \/>\n<link rel=\"canonical\" href=\"https:\/\/jornaltimoneiro.com.br\/index.php\/2024\/05\/25\/estrada-de-acesso-ao-mathias-velho-e-liberada-para-o-publico-na-br-448\/\" \/>\n<meta property=\"og:locale\" content=\"pt_BR\" \/>\n<meta property=\"og:type\" content=\"article\" \/>\n<meta property=\"og:title\" content=\"Estrada de acesso ao Mathias Velho \u00e9 liberada para o p\u00fablico na BR-448 - O Timoneiro Jornal Canoas RS\" \/>\n<meta property=\"og:description\" content=\"O acesso de ve\u00edculos particulares foi liberado no acesso ao dique do Mathias Velho na manh\u00e3 deste s\u00e1bado, 25. A estrada foi constru\u00edda a partir da BR-448, a Rodovia do Parque, pr\u00f3ximo \u00e0 empresa Bianchini. Apesar do acesso aos motoristas, a constru\u00e7\u00e3o foi feita para viabilizar o acesso ao dique para reparos. A Secretaria de [&hellip;]\" \/>\n<meta property=\"og:url\" content=\"https:\/\/jornaltimoneiro.com.br\/index.php\/2024\/05\/25\/estrada-de-acesso-ao-mathias-velho-e-liberada-para-o-publico-na-br-448\/\" \/>\n<meta property=\"og:site_name\" content=\"O Timoneiro Jornal Canoas RS\" \/>\n<meta property=\"article:publisher\" content=\"https:\/\/www.facebook.com\/jornaltimoneiro\" \/>\n<meta property=\"article:published_time\" content=\"2024-05-25T21:51:32+00:00\" \/>\n<meta property=\"og:image\" content=\"https:\/\/jornaltimoneiro.com.br\/wp-content\/uploads\/2024\/05\/IMG_5744-scaled.jpg\" \/>\n\t<meta property=\"og:image:width\" content=\"2560\" \/>\n\t<meta property=\"og:image:height\" content=\"1440\" \/>\n\t<meta property=\"og:image:type\" content=\"image\/jpeg\" \/>\n<meta name=\"author\" content=\"Reda\u00e7\u00e3o\" \/>\n<meta name=\"twitter:card\" content=\"summary_large_image\" \/>\n<meta name=\"twitter:creator\" content=\"@_OTimoneiro\" \/>\n<meta name=\"twitter:site\" content=\"@_OTimoneiro\" \/>\n<meta name=\"twitter:label1\" content=\"Escrito por\" \/>\n\t<meta name=\"twitter:data1\" content=\"Reda\u00e7\u00e3o\" \/>\n\t<meta name=\"twitter:label2\" content=\"Est. tempo de leitura\" \/>\n\t<meta name=\"twitter:data2\" content=\"1 minuto\" \/>\n<script type=\"application\/ld+json\" class=\"yoast-schema-graph\">{\"@context\":\"https:\/\/schema.org\",\"@graph\":[{\"@type\":\"Article\",\"@id\":\"https:\/\/jornaltimoneiro.com.br\/index.php\/2024\/05\/25\/estrada-de-acesso-ao-mathias-velho-e-liberada-para-o-publico-na-br-448\/#article\",\"isPartOf\":{\"@id\":\"https:\/\/jornaltimoneiro.com.br\/index.php\/2024\/05\/25\/estrada-de-acesso-ao-mathias-velho-e-liberada-para-o-publico-na-br-448\/\"},\"author\":{\"name\":\"Reda\u00e7\u00e3o\",\"@id\":\"https:\/\/jornaltimoneiro.com.br\/#\/schema\/person\/f63482f1a02b1a9592707865e509ab40\"},\"headline\":\"Estrada de acesso ao Mathias Velho \u00e9 liberada para o p\u00fablico na BR-448\",\"datePublished\":\"2024-05-25T21:51:32+00:00\",\"dateModified\":\"2024-05-25T21:51:32+00:00\",\"mainEntityOfPage\":{\"@id\":\"https:\/\/jornaltimoneiro.com.br\/index.php\/2024\/05\/25\/estrada-de-acesso-ao-mathias-velho-e-liberada-para-o-publico-na-br-448\/\"},\"wordCount\":106,\"commentCount\":0,\"publisher\":{\"@id\":\"https:\/\/jornaltimoneiro.com.br\/#organization\"},\"keywords\":[\"acesso\",\"BR 448\",\"featured\",\"mathias velho\"],\"articleSection\":[\"Enchente 2024 Canoas\",\"Tr\u00e2nsito\"],\"inLanguage\":\"pt-BR\",\"potentialAction\":[{\"@type\":\"CommentAction\",\"name\":\"Comment\",\"target\":[\"https:\/\/jornaltimoneiro.com.br\/index.php\/2024\/05\/25\/estrada-de-acesso-ao-mathias-velho-e-liberada-para-o-publico-na-br-448\/#respond\"]}]},{\"@type\":\"WebPage\",\"@id\":\"https:\/\/jornaltimoneiro.com.br\/index.php\/2024\/05\/25\/estrada-de-acesso-ao-mathias-velho-e-liberada-para-o-publico-na-br-448\/\",\"url\":\"https:\/\/jornaltimoneiro.com.br\/index.php\/2024\/05\/25\/estrada-de-acesso-ao-mathias-velho-e-liberada-para-o-publico-na-br-448\/\",\"name\":\"Estrada de acesso ao Mathias Velho \u00e9 liberada para o p\u00fablico na BR-448 - O Timoneiro Jornal Canoas RS\",\"isPartOf\":{\"@id\":\"https:\/\/jornaltimoneiro.com.br\/#website\"},\"datePublished\":\"2024-05-25T21:51:32+00:00\",\"dateModified\":\"2024-05-25T21:51:32+00:00\",\"breadcrumb\":{\"@id\":\"https:\/\/jornaltimoneiro.com.br\/index.php\/2024\/05\/25\/estrada-de-acesso-ao-mathias-velho-e-liberada-para-o-publico-na-br-448\/#breadcrumb\"},\"inLanguage\":\"pt-BR\",\"potentialAction\":[{\"@type\":\"ReadAction\",\"target\":[\"https:\/\/jornaltimoneiro.com.br\/index.php\/2024\/05\/25\/estrada-de-acesso-ao-mathias-velho-e-liberada-para-o-publico-na-br-448\/\"]}]},{\"@type\":\"BreadcrumbList\",\"@id\":\"https:\/\/jornaltimoneiro.com.br\/index.php\/2024\/05\/25\/estrada-de-acesso-ao-mathias-velho-e-liberada-para-o-publico-na-br-448\/#breadcrumb\",\"itemListElement\":[{\"@type\":\"ListItem\",\"position\":1,\"name\":\"In\u00edcio\",\"item\":\"https:\/\/jornaltimoneiro.com.br\/\"},{\"@type\":\"ListItem\",\"position\":2,\"name\":\"Estrada de acesso ao Mathias Velho \u00e9 liberada para o p\u00fablico na BR-448\"}]},{\"@type\":\"WebSite\",\"@id\":\"https:\/\/jornaltimoneiro.com.br\/#website\",\"url\":\"https:\/\/jornaltimoneiro.com.br\/\",\"name\":\"Jornal Timoneiro Canoas RS\",\"description\":\"Jornal O Timoneiro, o verdadeiro jornal de Canoas\",\"publisher\":{\"@id\":\"https:\/\/jornaltimoneiro.com.br\/#organization\"},\"potentialAction\":[{\"@type\":\"SearchAction\",\"target\":{\"@type\":\"EntryPoint\",\"urlTemplate\":\"https:\/\/jornaltimoneiro.com.br\/?s={search_term_string}\"},\"query-input\":\"required name=search_term_string\"}],\"inLanguage\":\"pt-BR\"},{\"@type\":\"Organization\",\"@id\":\"https:\/\/jornaltimoneiro.com.br\/#organization\",\"name\":\"Jornal Timoneiro Canoas RS\",\"url\":\"https:\/\/jornaltimoneiro.com.br\/\",\"logo\":{\"@type\":\"ImageObject\",\"inLanguage\":\"pt-BR\",\"@id\":\"https:\/\/jornaltimoneiro.com.br\/#\/schema\/logo\/image\/\",\"url\":\"https:\/\/jornaltimoneiro.com.br\/wp-content\/uploads\/2023\/03\/logonovo.png\",\"contentUrl\":\"https:\/\/jornaltimoneiro.com.br\/wp-content\/uploads\/2023\/03\/logonovo.png\",\"width\":\"469\",\"height\":\"171\",\"caption\":\"Jornal Timoneiro Canoas RS\"},\"image\":{\"@id\":\"https:\/\/jornaltimoneiro.com.br\/#\/schema\/logo\/image\/\"},\"sameAs\":[\"https:\/\/www.facebook.com\/jornaltimoneiro\",\"https:\/\/twitter.com\/_OTimoneiro\",\"https:\/\/www.instagram.com\/jornaltimoneirocanoas\/\",\"https:\/\/www.youtube.com\/@jornalotimoneiro7927\"]},{\"@type\":\"Person\",\"@id\":\"https:\/\/jornaltimoneiro.com.br\/#\/schema\/person\/f63482f1a02b1a9592707865e509ab40\",\"name\":\"Reda\u00e7\u00e3o\",\"image\":{\"@type\":\"ImageObject\",\"inLanguage\":\"pt-BR\",\"@id\":\"https:\/\/jornaltimoneiro.com.br\/#\/schema\/person\/image\/\",\"url\":\"https:\/\/jornaltimoneiro.com.br\/wp-content\/uploads\/2023\/03\/download.jpeg\",\"contentUrl\":\"https:\/\/jornaltimoneiro.com.br\/wp-content\/uploads\/2023\/03\/download.jpeg\",\"caption\":\"Reda\u00e7\u00e3o\"},\"url\":\"https:\/\/jornaltimoneiro.com.br\/index.php\/author\/simone-dutra\/\"}]}<\/script>\n<!-- \/ Yoast SEO plugin. -->","yoast_head_json":{"title":"Estrada de acesso ao Mathias Velho \u00e9 liberada para o p\u00fablico na BR-448 - O Timoneiro Jornal Canoas RS","robots":{"index":"index","follow":"follow","max-snippet":"max-snippet:-1","max-image-preview":"max-image-preview:large","max-video-preview":"max-video-preview:-1"},"canonical":"https:\/\/jornaltimoneiro.com.br\/index.php\/2024\/05\/25\/estrada-de-acesso-ao-mathias-velho-e-liberada-para-o-publico-na-br-448\/","og_locale":"pt_BR","og_type":"article","og_title":"Estrada de acesso ao Mathias Velho \u00e9 liberada para o p\u00fablico na BR-448 - O Timoneiro Jornal Canoas RS","og_description":"O acesso de ve\u00edculos particulares foi liberado no acesso ao dique do Mathias Velho na manh\u00e3 deste s\u00e1bado, 25. A estrada foi constru\u00edda a partir da BR-448, a Rodovia do Parque, pr\u00f3ximo \u00e0 empresa Bianchini. Apesar do acesso aos motoristas, a constru\u00e7\u00e3o foi feita para viabilizar o acesso ao dique para reparos. A Secretaria de [&hellip;]","og_url":"https:\/\/jornaltimoneiro.com.br\/index.php\/2024\/05\/25\/estrada-de-acesso-ao-mathias-velho-e-liberada-para-o-publico-na-br-448\/","og_site_name":"O Timoneiro Jornal Canoas RS","article_publisher":"https:\/\/www.facebook.com\/jornaltimoneiro","article_published_time":"2024-05-25T21:51:32+00:00","og_image":[{"width":"2560","height":"1440","url":"https:\/\/jornaltimoneiro.com.br\/wp-content\/uploads\/2024\/05\/IMG_5744-scaled.jpg","type":"image\/jpeg"}],"author":"Reda\u00e7\u00e3o","twitter_card":"summary_large_image","twitter_creator":"@_OTimoneiro","twitter_site":"@_OTimoneiro","twitter_misc":{"Escrito por":"Reda\u00e7\u00e3o","Est. tempo de leitura":"1 minuto"},"schema":{"@context":"https:\/\/schema.org","@graph":[{"@type":"Article","@id":"https:\/\/jornaltimoneiro.com.br\/index.php\/2024\/05\/25\/estrada-de-acesso-ao-mathias-velho-e-liberada-para-o-publico-na-br-448\/#article","isPartOf":{"@id":"https:\/\/jornaltimoneiro.com.br\/index.php\/2024\/05\/25\/estrada-de-acesso-ao-mathias-velho-e-liberada-para-o-publico-na-br-448\/"},"author":{"name":"Reda\u00e7\u00e3o","@id":"https:\/\/jornaltimoneiro.com.br\/#\/schema\/person\/f63482f1a02b1a9592707865e509ab40"},"headline":"Estrada de acesso ao Mathias Velho \u00e9 liberada para o p\u00fablico na BR-448","datePublished":"2024-05-25T21:51:32+00:00","dateModified":"2024-05-25T21:51:32+00:00","mainEntityOfPage":{"@id":"https:\/\/jornaltimoneiro.com.br\/index.php\/2024\/05\/25\/estrada-de-acesso-ao-mathias-velho-e-liberada-para-o-publico-na-br-448\/"},"wordCount":106,"commentCount":0,"publisher":{"@id":"https:\/\/jornaltimoneiro.com.br\/#organization"},"keywords":["acesso","BR 448","featured","mathias velho"],"articleSection":["Enchente 2024 Canoas","Tr\u00e2nsito"],"inLanguage":"pt-BR","potentialAction":[{"@type":"CommentAction","name":"Comment","target":["https:\/\/jornaltimoneiro.com.br\/index.php\/2024\/05\/25\/estrada-de-acesso-ao-mathias-velho-e-liberada-para-o-publico-na-br-448\/#respond"]}]},{"@type":"WebPage","@id":"https:\/\/jornaltimoneiro.com.br\/index.php\/2024\/05\/25\/estrada-de-acesso-ao-mathias-velho-e-liberada-para-o-publico-na-br-448\/","url":"https:\/\/jornaltimoneiro.com.br\/index.php\/2024\/05\/25\/estrada-de-acesso-ao-mathias-velho-e-liberada-para-o-publico-na-br-448\/","name":"Estrada de acesso ao Mathias Velho \u00e9 liberada para o p\u00fablico na BR-448 - O Timoneiro Jornal Canoas RS","isPartOf":{"@id":"https:\/\/jornaltimoneiro.com.br\/#website"},"datePublished":"2024-05-25T21:51:32+00:00","dateModified":"2024-05-25T21:51:32+00:00","breadcrumb":{"@id":"https:\/\/jornaltimoneiro.com.br\/index.php\/2024\/05\/25\/estrada-de-acesso-ao-mathias-velho-e-liberada-para-o-publico-na-br-448\/#breadcrumb"},"inLanguage":"pt-BR","potentialAction":[{"@type":"ReadAction","target":["https:\/\/jornaltimoneiro.com.br\/index.php\/2024\/05\/25\/estrada-de-acesso-ao-mathias-velho-e-liberada-para-o-publico-na-br-448\/"]}]},{"@type":"BreadcrumbList","@id":"https:\/\/jornaltimoneiro.com.br\/index.php\/2024\/05\/25\/estrada-de-acesso-ao-mathias-velho-e-liberada-para-o-publico-na-br-448\/#breadcrumb","itemListElement":[{"@type":"ListItem","position":1,"name":"In\u00edcio","item":"https:\/\/jornaltimoneiro.com.br\/"},{"@type":"ListItem","position":2,"name":"Estrada de acesso ao Mathias Velho \u00e9 liberada para o p\u00fablico na BR-448"}]},{"@type":"WebSite","@id":"https:\/\/jornaltimoneiro.com.br\/#website","url":"https:\/\/jornaltimoneiro.com.br\/","name":"Jornal Timoneiro Canoas RS","description":"Jornal O Timoneiro, o verdadeiro jornal de Canoas","publisher":{"@id":"https:\/\/jornaltimoneiro.com.br\/#organization"},"potentialAction":[{"@type":"SearchAction","target":{"@type":"EntryPoint","urlTemplate":"https:\/\/jornaltimoneiro.com.br\/?s={search_term_string}"},"query-input":"required name=search_term_string"}],"inLanguage":"pt-BR"},{"@type":"Organization","@id":"https:\/\/jornaltimoneiro.com.br\/#organization","name":"Jornal Timoneiro Canoas RS","url":"https:\/\/jornaltimoneiro.com.br\/","logo":{"@type":"ImageObject","inLanguage":"pt-BR","@id":"https:\/\/jornaltimoneiro.com.br\/#\/schema\/logo\/image\/","url":"https:\/\/jornaltimoneiro.com.br\/wp-content\/uploads\/2023\/03\/logonovo.png","contentUrl":"https:\/\/jornaltimoneiro.com.br\/wp-content\/uploads\/2023\/03\/logonovo.png","width":"469","height":"171","caption":"Jornal Timoneiro Canoas RS"},"image":{"@id":"https:\/\/jornaltimoneiro.com.br\/#\/schema\/logo\/image\/"},"sameAs":["https:\/\/www.facebook.com\/jornaltimoneiro","https:\/\/twitter.com\/_OTimoneiro","https:\/\/www.instagram.com\/jornaltimoneirocanoas\/","https:\/\/www.youtube.com\/@jornalotimoneiro7927"]},{"@type":"Person","@id":"https:\/\/jornaltimoneiro.com.br\/#\/schema\/person\/f63482f1a02b1a9592707865e509ab40","name":"Reda\u00e7\u00e3o","image":{"@type":"ImageObject","inLanguage":"pt-BR","@id":"https:\/\/jornaltimoneiro.com.br\/#\/schema\/person\/image\/","url":"https:\/\/jornaltimoneiro.com.br\/wp-content\/uploads\/2023\/03\/download.jpeg","contentUrl":"https:\/\/jornaltimoneiro.com.br\/wp-content\/uploads\/2023\/03\/download.jpeg","caption":"Reda\u00e7\u00e3o"},"url":"https:\/\/jornaltimoneiro.com.br\/index.php\/author\/simone-dutra\/"}]}},"_links":{"self":[{"href":"https:\/\/jornaltimoneiro.com.br\/index.php\/wp-json\/wp\/v2\/posts\/29703"}],"collection":[{"href":"https:\/\/jornaltimoneiro.com.br\/index.php\/wp-json\/wp\/v2\/posts"}],"about":[{"href":"https:\/\/jornaltimoneiro.com.br\/index.php\/wp-json\/wp\/v2\/types\/post"}],"author":[{"embeddable":true,"href":"https:\/\/jornaltimoneiro.com.br\/index.php\/wp-json\/wp\/v2\/users\/2"}],"replies":[{"embeddable":true,"href":"https:\/\/jornaltimoneiro.com.br\/index.php\/wp-json\/wp\/v2\/comments?post=29703"}],"version-history":[{"count":1,"href":"https:\/\/jornaltimoneiro.com.br\/index.php\/wp-json\/wp\/v2\/posts\/29703\/revisions"}],"predecessor-version":[{"id":29706,"href":"https:\/\/jornaltimoneiro.com.br\/index.php\/wp-json\/wp\/v2\/posts\/29703\/revisions\/29706"}],"wp:featuredmedia":[{"embeddable":true,"href":"https:\/\/jornaltimoneiro.com.br\/index.php\/wp-json\/wp\/v2\/media\/29704"}],"wp:attachment":[{"href":"https:\/\/jornaltimoneiro.com.br\/index.php\/wp-json\/wp\/v2\/media?parent=29703"}],"wp:term":[{"taxonomy":"category","embeddable":true,"href":"https:\/\/jornaltimoneiro.com.br\/index.php\/wp-json\/wp\/v2\/categories?post=29703"},{"taxonomy":"post_tag","embeddable":true,"href":"https:\/\/jornaltimoneiro.com.br\/index.php\/wp-json\/wp\/v2\/tags?post=29703"}],"curies":[{"name":"wp","href":"https:\/\/api.w.org\/{rel}","templated":true}]}}