{"id":29595,"date":"2024-05-20T15:57:02","date_gmt":"2024-05-20T18:57:02","guid":{"rendered":"https:\/\/jornaltimoneiro.com.br\/?p=29595"},"modified":"2024-05-20T15:57:02","modified_gmt":"2024-05-20T18:57:02","slug":"ministerio-da-saude-alerta-para-cuidados-pos-enchente-no-rio-grande-do-sul","status":"publish","type":"post","link":"https:\/\/jornaltimoneiro.com.br\/index.php\/2024\/05\/20\/ministerio-da-saude-alerta-para-cuidados-pos-enchente-no-rio-grande-do-sul\/","title":{"rendered":"Minist\u00e9rio da Sa\u00fade alerta para cuidados p\u00f3s-enchente no Rio Grande do Sul"},"content":{"rendered":"<p>Mesmo diante do recuo das \u00e1guas no Rio Grande do Sul, o cen\u00e1rio ainda exige uma s\u00e9rie de cuidados para garantir a seguran\u00e7a e a sa\u00fade da popula\u00e7\u00e3o afetada pelas enchentes. O Minist\u00e9rio da Sa\u00fade divulgou um documento onde aponta cuidados classificados pela pr\u00f3pria pasta como indispens\u00e1veis durante a limpeza de casas e \u00e1reas atingidas e na remo\u00e7\u00e3o de entulhos.<\/p>\n<h2>Cuidados com a \u00e1gua<\/h2>\n<p>A \u00e1gua contaminada, de acordo com o minist\u00e9rio, \u00e9 um dos principais riscos ap\u00f3s enchentes. Algumas doen\u00e7as podem se propagar facilmente em decorr\u00eancia da contamina\u00e7\u00e3o da \u00e1gua e de alimentos, como diarreia, c\u00f3lera, febre tifoide, hepatite A, giard\u00edase, ameb\u00edase, verminoses e leptospirose.<\/p>\n<p>N\u00e3o consuma alimentos que tenham tido contato com a \u00e1gua da inunda\u00e7\u00e3o ou lama, incluindo alimentos embalados, enlatados ou alimentos perec\u00edveis (como frutas, legumes e verduras). Antes de beber, \u00e9 essencial adotar medidas para tornar a \u00e1gua segura para consumo.<\/p>\n<p>Para garantir que a \u00e1gua seja segura para consumo, a orienta\u00e7\u00e3o da pasta \u00e9 inclui as etapas de filtragem e desinfec\u00e7\u00e3o: use filtros dom\u00e9sticos, coadores de papel ou panos limpos para filtrar a \u00e1gua. Em seguida, adicione duas gotas de hipoclorito de s\u00f3dio a 2,5% (\u00e1gua sanit\u00e1ria) por litro de \u00e1gua, misture bem e aguarde 30 minutos antes de consumir. Caso n\u00e3o tenha hipoclorito de s\u00f3dio, ferva a \u00e1gua por cinco minutos ap\u00f3s o in\u00edcio da fervura. Deixe esfriar antes de consumir.<\/p>\n<h2>Alimentos<\/h2>\n<p>Durante e ap\u00f3s uma situa\u00e7\u00e3o de emerg\u00eancia, \u00e9 poss\u00edvel que os alimentos n\u00e3o estejam em condi\u00e7\u00f5es adequadas para serem consumidos. O cuidado na higieniza\u00e7\u00e3o, na prepara\u00e7\u00e3o e no armazenamento dos alimentos, segundo a pasta, \u00e9 um procedimento de extrema import\u00e2ncia, j\u00e1 que alimentos manipulados e armazenados de forma inadequada podem transmitir doen\u00e7as.<\/p>\n<p>\u00c9 vital descartar qualquer alimento que tenha tido contato com a \u00e1gua da enchente, incluindo embalagens seladas que possam parecer intactas, segundo o minist\u00e9rio. As demais orienta\u00e7\u00f5es incluem n\u00e3o consumir alimentos embalados que tenham sido submersos, incluindo latas de metal herm\u00e9ticas que estejam danificadas, amassadas ou enferrujadas; e lavar cuidadosamente todos os utens\u00edlios de cozinha e superf\u00edcies com \u00e1gua limpa e sab\u00e3o antes de usar.<\/p>\n<h2>Preven\u00e7\u00e3o de doen\u00e7as<\/h2>\n<p>O minist\u00e9rio recomenda evitar qualquer contato da pele com a \u00e1gua, j\u00e1 que transmiss\u00e3o h\u00eddrica n\u00e3o precisa de machucado para servir como porta de entrada para eventos de contamina\u00e7\u00e3o. Confira as principais doen\u00e7as transmitidas por \u00e1gua e alimentos contaminados:<\/p>\n<p>&#8211; leptospirose: causada por uma bact\u00e9ria presente na urina de roedores e transmitida pela \u00e1gua contaminada. Se tiver febre, dores no corpo, especialmente na regi\u00e3o lombar ou panturrilha, procure atendimento m\u00e9dico imediatamente.<\/p>\n<p>&#8211; t\u00e9tano: pode ocorrer atrav\u00e9s de ferimentos causados por objetos contaminados. Mantenha as vacinas em dia e, ao manusear destro\u00e7os, use luvas e botas para evitar les\u00f5es.<\/p>\n<h2>Animais pe\u00e7onhentos<\/h2>\n<p>Quando as \u00e1guas das enchentes come\u00e7am a baixar, animais pe\u00e7onhentos como escorpi\u00f5es, cobras e aranhas procuram abrigo em locais secos, incluindo o interior de resid\u00eancias, ou locais de ac\u00famulo de entulhos, aumentando o risco de acidentes.<\/p>\n<p>As recomenda\u00e7\u00f5es da pasta incluem evitar tocar nesses animais, mesmo que pare\u00e7am mortos, e entrar em contato com autoridades competentes para a remo\u00e7\u00e3o segura.<\/p>\n<h2>Riscos el\u00e9tricos<\/h2>\n<p>A presen\u00e7a de \u00e1gua condutiva aumenta o risco de choques el\u00e9tricos. Se houver qualquer sinal de eletricidade em \u00e1reas inundadas, mantenha dist\u00e2ncia e informe as autoridades.<\/p>\n<p>Outra orienta\u00e7\u00e3o \u00e9 evitar \u00e1reas alagadas com eletricidade exposta, incluindo proximidades de pain\u00e9is solares, al\u00e9m de desligar a energia el\u00e9trica de resid\u00eancias caso seja necess\u00e1rio.<\/p>\n<h2>Contatos \u00fateis em emerg\u00eancia<\/h2>\n<p>Por fim, o minist\u00e9rio pede que a popula\u00e7\u00e3o afetadas pelas enchentes em munic\u00edpios ga\u00fachos tenha sempre em m\u00e3os os seguintes n\u00fameros de emerg\u00eancia para r\u00e1pida assist\u00eancia:<\/p>\n<p>&#8211; Bombeiros: 193<\/p>\n<p>&#8211; SAMU: 192<\/p>\n<p>&#8211; Defesa Civil: 199<\/p>\n","protected":false},"excerpt":{"rendered":"<p>Mesmo diante do recuo das \u00e1guas no Rio Grande do Sul, o cen\u00e1rio ainda exige uma s\u00e9rie de cuidados para garantir a seguran\u00e7a e a sa\u00fade da popula\u00e7\u00e3o afetada pelas enchentes. O Minist\u00e9rio da Sa\u00fade divulgou um documento onde aponta cuidados classificados pela pr\u00f3pria pasta como indispens\u00e1veis durante a limpeza de casas e \u00e1reas atingidas [&hellip;]<\/p>\n","protected":false},"author":2,"featured_media":29596,"comment_status":"open","ping_status":"open","sticky":false,"template":"","format":"standard","meta":{"amp_status":"","footnotes":""},"categories":[2494,26],"tags":[1285,2570,2571,2569,189],"class_list":["post-29595","post","type-post","status-publish","format-standard","has-post-thumbnail","hentry","category-enchente-rs","category-saude","tag-animais","tag-doencas","tag-eletricidade","tag-riscos","tag-saude"],"yoast_head":"<!-- This site is optimized with the Yoast SEO plugin v20.5 - https:\/\/yoast.com\/wordpress\/plugins\/seo\/ -->\n<title>Minist\u00e9rio da Sa\u00fade alerta para cuidados p\u00f3s-enchente no Rio Grande do Sul - O Timoneiro Jornal Canoas RS<\/title>\n<meta name=\"robots\" content=\"index, follow, max-snippet:-1, max-image-preview:large, max-video-preview:-1\" \/>\n<link rel=\"canonical\" href=\"https:\/\/jornaltimoneiro.com.br\/index.php\/2024\/05\/20\/ministerio-da-saude-alerta-para-cuidados-pos-enchente-no-rio-grande-do-sul\/\" \/>\n<meta property=\"og:locale\" content=\"pt_BR\" \/>\n<meta property=\"og:type\" content=\"article\" \/>\n<meta property=\"og:title\" content=\"Minist\u00e9rio da Sa\u00fade alerta para cuidados p\u00f3s-enchente no Rio Grande do Sul - O Timoneiro Jornal Canoas RS\" \/>\n<meta property=\"og:description\" content=\"Mesmo diante do recuo das \u00e1guas no Rio Grande do Sul, o cen\u00e1rio ainda exige uma s\u00e9rie de cuidados para garantir a seguran\u00e7a e a sa\u00fade da popula\u00e7\u00e3o afetada pelas enchentes. O Minist\u00e9rio da Sa\u00fade divulgou um documento onde aponta cuidados classificados pela pr\u00f3pria pasta como indispens\u00e1veis durante a limpeza de casas e \u00e1reas atingidas [&hellip;]\" \/>\n<meta property=\"og:url\" content=\"https:\/\/jornaltimoneiro.com.br\/index.php\/2024\/05\/20\/ministerio-da-saude-alerta-para-cuidados-pos-enchente-no-rio-grande-do-sul\/\" \/>\n<meta property=\"og:site_name\" content=\"O Timoneiro Jornal Canoas RS\" \/>\n<meta property=\"article:publisher\" content=\"https:\/\/www.facebook.com\/jornaltimoneiro\" \/>\n<meta property=\"article:published_time\" content=\"2024-05-20T18:57:02+00:00\" \/>\n<meta property=\"og:image\" content=\"https:\/\/jornaltimoneiro.com.br\/wp-content\/uploads\/2024\/05\/rafa-12.jpg\" \/>\n\t<meta property=\"og:image:width\" content=\"1170\" \/>\n\t<meta property=\"og:image:height\" content=\"700\" \/>\n\t<meta property=\"og:image:type\" content=\"image\/jpeg\" \/>\n<meta name=\"author\" content=\"Reda\u00e7\u00e3o\" \/>\n<meta name=\"twitter:card\" content=\"summary_large_image\" \/>\n<meta name=\"twitter:creator\" content=\"@_OTimoneiro\" \/>\n<meta name=\"twitter:site\" content=\"@_OTimoneiro\" \/>\n<meta name=\"twitter:label1\" content=\"Escrito por\" \/>\n\t<meta name=\"twitter:data1\" content=\"Reda\u00e7\u00e3o\" \/>\n\t<meta name=\"twitter:label2\" content=\"Est. tempo de leitura\" \/>\n\t<meta name=\"twitter:data2\" content=\"4 minutos\" \/>\n<script type=\"application\/ld+json\" class=\"yoast-schema-graph\">{\"@context\":\"https:\/\/schema.org\",\"@graph\":[{\"@type\":\"Article\",\"@id\":\"https:\/\/jornaltimoneiro.com.br\/index.php\/2024\/05\/20\/ministerio-da-saude-alerta-para-cuidados-pos-enchente-no-rio-grande-do-sul\/#article\",\"isPartOf\":{\"@id\":\"https:\/\/jornaltimoneiro.com.br\/index.php\/2024\/05\/20\/ministerio-da-saude-alerta-para-cuidados-pos-enchente-no-rio-grande-do-sul\/\"},\"author\":{\"name\":\"Reda\u00e7\u00e3o\",\"@id\":\"https:\/\/jornaltimoneiro.com.br\/#\/schema\/person\/f63482f1a02b1a9592707865e509ab40\"},\"headline\":\"Minist\u00e9rio da Sa\u00fade alerta para cuidados p\u00f3s-enchente no Rio Grande do Sul\",\"datePublished\":\"2024-05-20T18:57:02+00:00\",\"dateModified\":\"2024-05-20T18:57:02+00:00\",\"mainEntityOfPage\":{\"@id\":\"https:\/\/jornaltimoneiro.com.br\/index.php\/2024\/05\/20\/ministerio-da-saude-alerta-para-cuidados-pos-enchente-no-rio-grande-do-sul\/\"},\"wordCount\":696,\"commentCount\":0,\"publisher\":{\"@id\":\"https:\/\/jornaltimoneiro.com.br\/#organization\"},\"keywords\":[\"animais\",\"doen\u00e7as\",\"eletricidade\",\"riscos\",\"sa\u00fade\"],\"articleSection\":[\"ENCHENTE RS\",\"Sa\u00fade\"],\"inLanguage\":\"pt-BR\",\"potentialAction\":[{\"@type\":\"CommentAction\",\"name\":\"Comment\",\"target\":[\"https:\/\/jornaltimoneiro.com.br\/index.php\/2024\/05\/20\/ministerio-da-saude-alerta-para-cuidados-pos-enchente-no-rio-grande-do-sul\/#respond\"]}]},{\"@type\":\"WebPage\",\"@id\":\"https:\/\/jornaltimoneiro.com.br\/index.php\/2024\/05\/20\/ministerio-da-saude-alerta-para-cuidados-pos-enchente-no-rio-grande-do-sul\/\",\"url\":\"https:\/\/jornaltimoneiro.com.br\/index.php\/2024\/05\/20\/ministerio-da-saude-alerta-para-cuidados-pos-enchente-no-rio-grande-do-sul\/\",\"name\":\"Minist\u00e9rio da Sa\u00fade alerta para cuidados p\u00f3s-enchente no Rio Grande do Sul - O Timoneiro Jornal Canoas RS\",\"isPartOf\":{\"@id\":\"https:\/\/jornaltimoneiro.com.br\/#website\"},\"datePublished\":\"2024-05-20T18:57:02+00:00\",\"dateModified\":\"2024-05-20T18:57:02+00:00\",\"breadcrumb\":{\"@id\":\"https:\/\/jornaltimoneiro.com.br\/index.php\/2024\/05\/20\/ministerio-da-saude-alerta-para-cuidados-pos-enchente-no-rio-grande-do-sul\/#breadcrumb\"},\"inLanguage\":\"pt-BR\",\"potentialAction\":[{\"@type\":\"ReadAction\",\"target\":[\"https:\/\/jornaltimoneiro.com.br\/index.php\/2024\/05\/20\/ministerio-da-saude-alerta-para-cuidados-pos-enchente-no-rio-grande-do-sul\/\"]}]},{\"@type\":\"BreadcrumbList\",\"@id\":\"https:\/\/jornaltimoneiro.com.br\/index.php\/2024\/05\/20\/ministerio-da-saude-alerta-para-cuidados-pos-enchente-no-rio-grande-do-sul\/#breadcrumb\",\"itemListElement\":[{\"@type\":\"ListItem\",\"position\":1,\"name\":\"In\u00edcio\",\"item\":\"https:\/\/jornaltimoneiro.com.br\/\"},{\"@type\":\"ListItem\",\"position\":2,\"name\":\"Minist\u00e9rio da Sa\u00fade alerta para cuidados p\u00f3s-enchente no Rio Grande do Sul\"}]},{\"@type\":\"WebSite\",\"@id\":\"https:\/\/jornaltimoneiro.com.br\/#website\",\"url\":\"https:\/\/jornaltimoneiro.com.br\/\",\"name\":\"Jornal Timoneiro Canoas RS\",\"description\":\"Jornal O Timoneiro, o verdadeiro jornal de Canoas\",\"publisher\":{\"@id\":\"https:\/\/jornaltimoneiro.com.br\/#organization\"},\"potentialAction\":[{\"@type\":\"SearchAction\",\"target\":{\"@type\":\"EntryPoint\",\"urlTemplate\":\"https:\/\/jornaltimoneiro.com.br\/?s={search_term_string}\"},\"query-input\":\"required name=search_term_string\"}],\"inLanguage\":\"pt-BR\"},{\"@type\":\"Organization\",\"@id\":\"https:\/\/jornaltimoneiro.com.br\/#organization\",\"name\":\"Jornal Timoneiro Canoas RS\",\"url\":\"https:\/\/jornaltimoneiro.com.br\/\",\"logo\":{\"@type\":\"ImageObject\",\"inLanguage\":\"pt-BR\",\"@id\":\"https:\/\/jornaltimoneiro.com.br\/#\/schema\/logo\/image\/\",\"url\":\"https:\/\/jornaltimoneiro.com.br\/wp-content\/uploads\/2023\/03\/logonovo.png\",\"contentUrl\":\"https:\/\/jornaltimoneiro.com.br\/wp-content\/uploads\/2023\/03\/logonovo.png\",\"width\":\"469\",\"height\":\"171\",\"caption\":\"Jornal Timoneiro Canoas RS\"},\"image\":{\"@id\":\"https:\/\/jornaltimoneiro.com.br\/#\/schema\/logo\/image\/\"},\"sameAs\":[\"https:\/\/www.facebook.com\/jornaltimoneiro\",\"https:\/\/twitter.com\/_OTimoneiro\",\"https:\/\/www.instagram.com\/jornaltimoneirocanoas\/\",\"https:\/\/www.youtube.com\/@jornalotimoneiro7927\"]},{\"@type\":\"Person\",\"@id\":\"https:\/\/jornaltimoneiro.com.br\/#\/schema\/person\/f63482f1a02b1a9592707865e509ab40\",\"name\":\"Reda\u00e7\u00e3o\",\"image\":{\"@type\":\"ImageObject\",\"inLanguage\":\"pt-BR\",\"@id\":\"https:\/\/jornaltimoneiro.com.br\/#\/schema\/person\/image\/\",\"url\":\"https:\/\/jornaltimoneiro.com.br\/wp-content\/uploads\/2023\/03\/download.jpeg\",\"contentUrl\":\"https:\/\/jornaltimoneiro.com.br\/wp-content\/uploads\/2023\/03\/download.jpeg\",\"caption\":\"Reda\u00e7\u00e3o\"},\"url\":\"https:\/\/jornaltimoneiro.com.br\/index.php\/author\/simone-dutra\/\"}]}<\/script>\n<!-- \/ Yoast SEO plugin. -->","yoast_head_json":{"title":"Minist\u00e9rio da Sa\u00fade alerta para cuidados p\u00f3s-enchente no Rio Grande do Sul - O Timoneiro Jornal Canoas RS","robots":{"index":"index","follow":"follow","max-snippet":"max-snippet:-1","max-image-preview":"max-image-preview:large","max-video-preview":"max-video-preview:-1"},"canonical":"https:\/\/jornaltimoneiro.com.br\/index.php\/2024\/05\/20\/ministerio-da-saude-alerta-para-cuidados-pos-enchente-no-rio-grande-do-sul\/","og_locale":"pt_BR","og_type":"article","og_title":"Minist\u00e9rio da Sa\u00fade alerta para cuidados p\u00f3s-enchente no Rio Grande do Sul - O Timoneiro Jornal Canoas RS","og_description":"Mesmo diante do recuo das \u00e1guas no Rio Grande do Sul, o cen\u00e1rio ainda exige uma s\u00e9rie de cuidados para garantir a seguran\u00e7a e a sa\u00fade da popula\u00e7\u00e3o afetada pelas enchentes. O Minist\u00e9rio da Sa\u00fade divulgou um documento onde aponta cuidados classificados pela pr\u00f3pria pasta como indispens\u00e1veis durante a limpeza de casas e \u00e1reas atingidas [&hellip;]","og_url":"https:\/\/jornaltimoneiro.com.br\/index.php\/2024\/05\/20\/ministerio-da-saude-alerta-para-cuidados-pos-enchente-no-rio-grande-do-sul\/","og_site_name":"O Timoneiro Jornal Canoas RS","article_publisher":"https:\/\/www.facebook.com\/jornaltimoneiro","article_published_time":"2024-05-20T18:57:02+00:00","og_image":[{"width":1170,"height":700,"url":"https:\/\/jornaltimoneiro.com.br\/wp-content\/uploads\/2024\/05\/rafa-12.jpg","type":"image\/jpeg"}],"author":"Reda\u00e7\u00e3o","twitter_card":"summary_large_image","twitter_creator":"@_OTimoneiro","twitter_site":"@_OTimoneiro","twitter_misc":{"Escrito por":"Reda\u00e7\u00e3o","Est. tempo de leitura":"4 minutos"},"schema":{"@context":"https:\/\/schema.org","@graph":[{"@type":"Article","@id":"https:\/\/jornaltimoneiro.com.br\/index.php\/2024\/05\/20\/ministerio-da-saude-alerta-para-cuidados-pos-enchente-no-rio-grande-do-sul\/#article","isPartOf":{"@id":"https:\/\/jornaltimoneiro.com.br\/index.php\/2024\/05\/20\/ministerio-da-saude-alerta-para-cuidados-pos-enchente-no-rio-grande-do-sul\/"},"author":{"name":"Reda\u00e7\u00e3o","@id":"https:\/\/jornaltimoneiro.com.br\/#\/schema\/person\/f63482f1a02b1a9592707865e509ab40"},"headline":"Minist\u00e9rio da Sa\u00fade alerta para cuidados p\u00f3s-enchente no Rio Grande do Sul","datePublished":"2024-05-20T18:57:02+00:00","dateModified":"2024-05-20T18:57:02+00:00","mainEntityOfPage":{"@id":"https:\/\/jornaltimoneiro.com.br\/index.php\/2024\/05\/20\/ministerio-da-saude-alerta-para-cuidados-pos-enchente-no-rio-grande-do-sul\/"},"wordCount":696,"commentCount":0,"publisher":{"@id":"https:\/\/jornaltimoneiro.com.br\/#organization"},"keywords":["animais","doen\u00e7as","eletricidade","riscos","sa\u00fade"],"articleSection":["ENCHENTE RS","Sa\u00fade"],"inLanguage":"pt-BR","potentialAction":[{"@type":"CommentAction","name":"Comment","target":["https:\/\/jornaltimoneiro.com.br\/index.php\/2024\/05\/20\/ministerio-da-saude-alerta-para-cuidados-pos-enchente-no-rio-grande-do-sul\/#respond"]}]},{"@type":"WebPage","@id":"https:\/\/jornaltimoneiro.com.br\/index.php\/2024\/05\/20\/ministerio-da-saude-alerta-para-cuidados-pos-enchente-no-rio-grande-do-sul\/","url":"https:\/\/jornaltimoneiro.com.br\/index.php\/2024\/05\/20\/ministerio-da-saude-alerta-para-cuidados-pos-enchente-no-rio-grande-do-sul\/","name":"Minist\u00e9rio da Sa\u00fade alerta para cuidados p\u00f3s-enchente no Rio Grande do Sul - O Timoneiro Jornal Canoas RS","isPartOf":{"@id":"https:\/\/jornaltimoneiro.com.br\/#website"},"datePublished":"2024-05-20T18:57:02+00:00","dateModified":"2024-05-20T18:57:02+00:00","breadcrumb":{"@id":"https:\/\/jornaltimoneiro.com.br\/index.php\/2024\/05\/20\/ministerio-da-saude-alerta-para-cuidados-pos-enchente-no-rio-grande-do-sul\/#breadcrumb"},"inLanguage":"pt-BR","potentialAction":[{"@type":"ReadAction","target":["https:\/\/jornaltimoneiro.com.br\/index.php\/2024\/05\/20\/ministerio-da-saude-alerta-para-cuidados-pos-enchente-no-rio-grande-do-sul\/"]}]},{"@type":"BreadcrumbList","@id":"https:\/\/jornaltimoneiro.com.br\/index.php\/2024\/05\/20\/ministerio-da-saude-alerta-para-cuidados-pos-enchente-no-rio-grande-do-sul\/#breadcrumb","itemListElement":[{"@type":"ListItem","position":1,"name":"In\u00edcio","item":"https:\/\/jornaltimoneiro.com.br\/"},{"@type":"ListItem","position":2,"name":"Minist\u00e9rio da Sa\u00fade alerta para cuidados p\u00f3s-enchente no Rio Grande do Sul"}]},{"@type":"WebSite","@id":"https:\/\/jornaltimoneiro.com.br\/#website","url":"https:\/\/jornaltimoneiro.com.br\/","name":"Jornal Timoneiro Canoas RS","description":"Jornal O Timoneiro, o verdadeiro jornal de Canoas","publisher":{"@id":"https:\/\/jornaltimoneiro.com.br\/#organization"},"potentialAction":[{"@type":"SearchAction","target":{"@type":"EntryPoint","urlTemplate":"https:\/\/jornaltimoneiro.com.br\/?s={search_term_string}"},"query-input":"required name=search_term_string"}],"inLanguage":"pt-BR"},{"@type":"Organization","@id":"https:\/\/jornaltimoneiro.com.br\/#organization","name":"Jornal Timoneiro Canoas RS","url":"https:\/\/jornaltimoneiro.com.br\/","logo":{"@type":"ImageObject","inLanguage":"pt-BR","@id":"https:\/\/jornaltimoneiro.com.br\/#\/schema\/logo\/image\/","url":"https:\/\/jornaltimoneiro.com.br\/wp-content\/uploads\/2023\/03\/logonovo.png","contentUrl":"https:\/\/jornaltimoneiro.com.br\/wp-content\/uploads\/2023\/03\/logonovo.png","width":"469","height":"171","caption":"Jornal Timoneiro Canoas RS"},"image":{"@id":"https:\/\/jornaltimoneiro.com.br\/#\/schema\/logo\/image\/"},"sameAs":["https:\/\/www.facebook.com\/jornaltimoneiro","https:\/\/twitter.com\/_OTimoneiro","https:\/\/www.instagram.com\/jornaltimoneirocanoas\/","https:\/\/www.youtube.com\/@jornalotimoneiro7927"]},{"@type":"Person","@id":"https:\/\/jornaltimoneiro.com.br\/#\/schema\/person\/f63482f1a02b1a9592707865e509ab40","name":"Reda\u00e7\u00e3o","image":{"@type":"ImageObject","inLanguage":"pt-BR","@id":"https:\/\/jornaltimoneiro.com.br\/#\/schema\/person\/image\/","url":"https:\/\/jornaltimoneiro.com.br\/wp-content\/uploads\/2023\/03\/download.jpeg","contentUrl":"https:\/\/jornaltimoneiro.com.br\/wp-content\/uploads\/2023\/03\/download.jpeg","caption":"Reda\u00e7\u00e3o"},"url":"https:\/\/jornaltimoneiro.com.br\/index.php\/author\/simone-dutra\/"}]}},"_links":{"self":[{"href":"https:\/\/jornaltimoneiro.com.br\/index.php\/wp-json\/wp\/v2\/posts\/29595"}],"collection":[{"href":"https:\/\/jornaltimoneiro.com.br\/index.php\/wp-json\/wp\/v2\/posts"}],"about":[{"href":"https:\/\/jornaltimoneiro.com.br\/index.php\/wp-json\/wp\/v2\/types\/post"}],"author":[{"embeddable":true,"href":"https:\/\/jornaltimoneiro.com.br\/index.php\/wp-json\/wp\/v2\/users\/2"}],"replies":[{"embeddable":true,"href":"https:\/\/jornaltimoneiro.com.br\/index.php\/wp-json\/wp\/v2\/comments?post=29595"}],"version-history":[{"count":1,"href":"https:\/\/jornaltimoneiro.com.br\/index.php\/wp-json\/wp\/v2\/posts\/29595\/revisions"}],"predecessor-version":[{"id":29597,"href":"https:\/\/jornaltimoneiro.com.br\/index.php\/wp-json\/wp\/v2\/posts\/29595\/revisions\/29597"}],"wp:featuredmedia":[{"embeddable":true,"href":"https:\/\/jornaltimoneiro.com.br\/index.php\/wp-json\/wp\/v2\/media\/29596"}],"wp:attachment":[{"href":"https:\/\/jornaltimoneiro.com.br\/index.php\/wp-json\/wp\/v2\/media?parent=29595"}],"wp:term":[{"taxonomy":"category","embeddable":true,"href":"https:\/\/jornaltimoneiro.com.br\/index.php\/wp-json\/wp\/v2\/categories?post=29595"},{"taxonomy":"post_tag","embeddable":true,"href":"https:\/\/jornaltimoneiro.com.br\/index.php\/wp-json\/wp\/v2\/tags?post=29595"}],"curies":[{"name":"wp","href":"https:\/\/api.w.org\/{rel}","templated":true}]}}