{"id":29539,"date":"2024-05-18T16:42:24","date_gmt":"2024-05-18T19:42:24","guid":{"rendered":"https:\/\/jornaltimoneiro.com.br\/?p=29539"},"modified":"2024-05-18T16:42:24","modified_gmt":"2024-05-18T19:42:24","slug":"taxa-de-alfabetizacao-chega-a-93-da-populacao-brasileira","status":"publish","type":"post","link":"https:\/\/jornaltimoneiro.com.br\/index.php\/2024\/05\/18\/taxa-de-alfabetizacao-chega-a-93-da-populacao-brasileira\/","title":{"rendered":"Taxa de alfabetiza\u00e7\u00e3o chega a 93% da popula\u00e7\u00e3o brasileira"},"content":{"rendered":"<p>No Brasil, das 163 milh\u00f5es de pessoas com idade igual ou superior a 15 anos, 151,5 milh\u00f5es sabem ler e escrever ao menos um bilhete simples e 11,4 milh\u00f5es n\u00e3o t\u00eam essa habilidade m\u00ednima. O resultado indica taxa de alfabetiza\u00e7\u00e3o em 93%, em 2022 e, consequentemente, a taxa de analfabetismo foi 7% do contingente populacional.<\/p>\n<p>Os dados s\u00e3o de um estudo baseado no Censo Demogr\u00e1fico 2022, divulgado na sexta-feira, 17, pelo Instituto Brasileiro de Geografia e Estat\u00edstica (IBGE).<\/p>\n<p>Segundo o IBGE, observa-se uma tend\u00eancia de aumento da taxa de alfabetiza\u00e7\u00e3o das pessoas de 15 anos ou mais ao longo dos censos. Em 1940, menos da metade da popula\u00e7\u00e3o era alfabetizada, 44,%. Ap\u00f3s quatro d\u00e9cadas, em 1980, houve aumento de 30,5 pontos percentuais na taxa de alfabetiza\u00e7\u00e3o, passando para 74,5% e, finalmente, depois de mais quatro d\u00e9cadas, o pa\u00eds atingiu um percentual 93% em 2022, representando um aumento de 18,5 pontos percentuais em rela\u00e7\u00e3o a 1980.<\/p>\n<p>De acordo com o IBGE, em 2022, o grupo de 15 a 19 anos atingiu a menor taxa de analfabetismo (1,5%) e o grupo de 65 anos ou mais permaneceu com a maior taxa de analfabetismo (20,3%).<\/p>\n<p>Em 2022, a taxa de analfabetismo de pessoas de cor ou ra\u00e7a branca e amarela com 15 anos ou mais era de 4,3% e de 2,5%, respectivamente, enquanto a taxa de analfabetismo de pretos, pardos e ind\u00edgenas na mesma faixa et\u00e1ria era de 10,1%, 8,8% e 16,1%, respectivamente.<\/p>\n<p>Segundo o IBGE, as mulheres tendem a apresentar melhores indicadores educacionais do que os homens, inclusive melhores taxa de alfabetiza\u00e7\u00e3o. Em 2022, o percentual de mulheres que sabiam ler e escrever era 93,5%, enquanto o de homens era 92,5%.<\/p>\n<p>Essa vantagem das mulheres foi verificada em praticamente todos os grupos et\u00e1rios analisados, exceto entre os mais velhos de 65 anos ou mais de idade. A maior diferen\u00e7a em pontos percentuais a favor das mulheres foi no grupo de 45 a 54 anos, atingindo 2,7 pontos percentuais, ainda que as mulheres pertencentes aos grupos de idade abaixo de 45 anos sigam apresentando maiores taxas de alfabetiza\u00e7\u00e3o comparadas aos homens dos mesmos grupos de idade. Somente na faixa et\u00e1ria de 65 anos ou mais, os homens apresentavam uma propor\u00e7\u00e3o maior de pessoas que sabiam ler e escrever, de 79,9%, comparado ao de 79,6% das mulheres.<\/p>\n<p>A Regi\u00e3o Sul se mant\u00e9m com a maior taxa de alfabetiza\u00e7\u00e3o de pessoas com 15 anos ou mais. O percentual passou de 94,9% em 2010 para 96,6% em 2022. Em seguida, com maiores taxas, vem a Regi\u00e3o Sudeste, que variou de 94,6% em 2010 para 96,1% em 2022.<\/p>\n<p>O percentual de alfabetiza\u00e7\u00e3o da Regi\u00e3o Nordeste permaneceu o mais baixo do pa\u00eds, embora tenha apresentado aumento \u2013 de 80,9% em 2010 para 85,8% em 2022. A segunda menor taxa de alfabetiza\u00e7\u00e3o foi encontrada na Regi\u00e3o Norte tanto em 2010 quanto em 2022. Nessa regi\u00e3o, o indicador seguiu a tend\u00eancia nacional, passando de 88,8% em 2010 para 91,8% em 2022, situando-se um pouco mais pr\u00f3ximo do \u00edndice da Regi\u00e3o Centro-Oeste, que passou de 92,8% em 2010 para 94,9% em 2022.<\/p>\n<h2>Popula\u00e7\u00e3o ind\u00edgena<\/h2>\n<p>A taxa de alfabetiza\u00e7\u00e3o das pessoas ind\u00edgenas \u2013 incluindo as que se consideram ind\u00edgenas pelo crit\u00e9rio de pertencimento \u2013, foi 85% em 2022. De 2010 para 2022, a taxa de analfabetismo dessa popula\u00e7\u00e3o caiu de 23,4% para 15,1%. A queda mais expressiva foi observada na regi\u00e3o Norte (de 31,3% para 15,3%).<\/p>\n<p>A queda na taxa de analfabetismo das pessoas ind\u00edgenas ocorreu em todas as faixas et\u00e1rias, com as maiores redu\u00e7\u00f5es nas faixas de 35 a 44 anos (de 22,9% para 12%), 55 a 64 anos (de 38,3% a 27,4%) e 25 a 34 anos de idade (de 17,4% para 6,7%). Os homens ind\u00edgenas de 15 anos ou mais t\u00eam taxa de alfabetiza\u00e7\u00e3o de 85,7%, 1,4 p.p. acima da taxa de alfabetiza\u00e7\u00e3o das mulheres ind\u00edgenas (84,3%).<\/p>\n","protected":false},"excerpt":{"rendered":"<p>No Brasil, das 163 milh\u00f5es de pessoas com idade igual ou superior a 15 anos, 151,5 milh\u00f5es sabem ler e escrever ao menos um bilhete simples e 11,4 milh\u00f5es n\u00e3o t\u00eam essa habilidade m\u00ednima. O resultado indica taxa de alfabetiza\u00e7\u00e3o em 93%, em 2022 e, consequentemente, a taxa de analfabetismo foi 7% do contingente populacional. [&hellip;]<\/p>\n","protected":false},"author":2,"featured_media":29540,"comment_status":"open","ping_status":"open","sticky":false,"template":"","format":"standard","meta":{"amp_status":"","footnotes":""},"categories":[2210,73],"tags":[2561,225,1766,2562],"class_list":["post-29539","post","type-post","status-publish","format-standard","has-post-thumbnail","hentry","category-educacao","category-pais","tag-alfabetizacao","tag-brasil","tag-censo-2022","tag-igbe"],"yoast_head":"<!-- This site is optimized with the Yoast SEO plugin v20.5 - https:\/\/yoast.com\/wordpress\/plugins\/seo\/ -->\n<title>Taxa de alfabetiza\u00e7\u00e3o chega a 93% da popula\u00e7\u00e3o brasileira - O Timoneiro Jornal Canoas RS<\/title>\n<meta name=\"robots\" content=\"index, follow, max-snippet:-1, max-image-preview:large, max-video-preview:-1\" \/>\n<link rel=\"canonical\" href=\"https:\/\/jornaltimoneiro.com.br\/index.php\/2024\/05\/18\/taxa-de-alfabetizacao-chega-a-93-da-populacao-brasileira\/\" \/>\n<meta property=\"og:locale\" content=\"pt_BR\" \/>\n<meta property=\"og:type\" content=\"article\" \/>\n<meta property=\"og:title\" content=\"Taxa de alfabetiza\u00e7\u00e3o chega a 93% da popula\u00e7\u00e3o brasileira - O Timoneiro Jornal Canoas RS\" \/>\n<meta property=\"og:description\" content=\"No Brasil, das 163 milh\u00f5es de pessoas com idade igual ou superior a 15 anos, 151,5 milh\u00f5es sabem ler e escrever ao menos um bilhete simples e 11,4 milh\u00f5es n\u00e3o t\u00eam essa habilidade m\u00ednima. O resultado indica taxa de alfabetiza\u00e7\u00e3o em 93%, em 2022 e, consequentemente, a taxa de analfabetismo foi 7% do contingente populacional. [&hellip;]\" \/>\n<meta property=\"og:url\" content=\"https:\/\/jornaltimoneiro.com.br\/index.php\/2024\/05\/18\/taxa-de-alfabetizacao-chega-a-93-da-populacao-brasileira\/\" \/>\n<meta property=\"og:site_name\" content=\"O Timoneiro Jornal Canoas RS\" \/>\n<meta property=\"article:publisher\" content=\"https:\/\/www.facebook.com\/jornaltimoneiro\" \/>\n<meta property=\"article:published_time\" content=\"2024-05-18T19:42:24+00:00\" \/>\n<meta property=\"og:image\" content=\"https:\/\/jornaltimoneiro.com.br\/wp-content\/uploads\/2024\/05\/53628410810_2bd7a4d7bd_o.webp\" \/>\n\t<meta property=\"og:image:width\" content=\"1170\" \/>\n\t<meta property=\"og:image:height\" content=\"700\" \/>\n\t<meta property=\"og:image:type\" content=\"image\/webp\" \/>\n<meta name=\"author\" content=\"Reda\u00e7\u00e3o\" \/>\n<meta name=\"twitter:card\" content=\"summary_large_image\" \/>\n<meta name=\"twitter:creator\" content=\"@_OTimoneiro\" \/>\n<meta name=\"twitter:site\" content=\"@_OTimoneiro\" \/>\n<meta name=\"twitter:label1\" content=\"Escrito por\" \/>\n\t<meta name=\"twitter:data1\" content=\"Reda\u00e7\u00e3o\" \/>\n\t<meta name=\"twitter:label2\" content=\"Est. tempo de leitura\" \/>\n\t<meta name=\"twitter:data2\" content=\"4 minutos\" \/>\n<script type=\"application\/ld+json\" class=\"yoast-schema-graph\">{\"@context\":\"https:\/\/schema.org\",\"@graph\":[{\"@type\":\"Article\",\"@id\":\"https:\/\/jornaltimoneiro.com.br\/index.php\/2024\/05\/18\/taxa-de-alfabetizacao-chega-a-93-da-populacao-brasileira\/#article\",\"isPartOf\":{\"@id\":\"https:\/\/jornaltimoneiro.com.br\/index.php\/2024\/05\/18\/taxa-de-alfabetizacao-chega-a-93-da-populacao-brasileira\/\"},\"author\":{\"name\":\"Reda\u00e7\u00e3o\",\"@id\":\"https:\/\/jornaltimoneiro.com.br\/#\/schema\/person\/f63482f1a02b1a9592707865e509ab40\"},\"headline\":\"Taxa de alfabetiza\u00e7\u00e3o chega a 93% da popula\u00e7\u00e3o brasileira\",\"datePublished\":\"2024-05-18T19:42:24+00:00\",\"dateModified\":\"2024-05-18T19:42:24+00:00\",\"mainEntityOfPage\":{\"@id\":\"https:\/\/jornaltimoneiro.com.br\/index.php\/2024\/05\/18\/taxa-de-alfabetizacao-chega-a-93-da-populacao-brasileira\/\"},\"wordCount\":613,\"commentCount\":0,\"publisher\":{\"@id\":\"https:\/\/jornaltimoneiro.com.br\/#organization\"},\"keywords\":[\"alfabetiza\u00e7\u00e3o\",\"Brasil\",\"censo 2022\",\"IGBE\"],\"articleSection\":[\"Educa\u00e7\u00e3o\",\"Pa\u00eds\"],\"inLanguage\":\"pt-BR\",\"potentialAction\":[{\"@type\":\"CommentAction\",\"name\":\"Comment\",\"target\":[\"https:\/\/jornaltimoneiro.com.br\/index.php\/2024\/05\/18\/taxa-de-alfabetizacao-chega-a-93-da-populacao-brasileira\/#respond\"]}]},{\"@type\":\"WebPage\",\"@id\":\"https:\/\/jornaltimoneiro.com.br\/index.php\/2024\/05\/18\/taxa-de-alfabetizacao-chega-a-93-da-populacao-brasileira\/\",\"url\":\"https:\/\/jornaltimoneiro.com.br\/index.php\/2024\/05\/18\/taxa-de-alfabetizacao-chega-a-93-da-populacao-brasileira\/\",\"name\":\"Taxa de alfabetiza\u00e7\u00e3o chega a 93% da popula\u00e7\u00e3o brasileira - O Timoneiro Jornal Canoas RS\",\"isPartOf\":{\"@id\":\"https:\/\/jornaltimoneiro.com.br\/#website\"},\"datePublished\":\"2024-05-18T19:42:24+00:00\",\"dateModified\":\"2024-05-18T19:42:24+00:00\",\"breadcrumb\":{\"@id\":\"https:\/\/jornaltimoneiro.com.br\/index.php\/2024\/05\/18\/taxa-de-alfabetizacao-chega-a-93-da-populacao-brasileira\/#breadcrumb\"},\"inLanguage\":\"pt-BR\",\"potentialAction\":[{\"@type\":\"ReadAction\",\"target\":[\"https:\/\/jornaltimoneiro.com.br\/index.php\/2024\/05\/18\/taxa-de-alfabetizacao-chega-a-93-da-populacao-brasileira\/\"]}]},{\"@type\":\"BreadcrumbList\",\"@id\":\"https:\/\/jornaltimoneiro.com.br\/index.php\/2024\/05\/18\/taxa-de-alfabetizacao-chega-a-93-da-populacao-brasileira\/#breadcrumb\",\"itemListElement\":[{\"@type\":\"ListItem\",\"position\":1,\"name\":\"In\u00edcio\",\"item\":\"https:\/\/jornaltimoneiro.com.br\/\"},{\"@type\":\"ListItem\",\"position\":2,\"name\":\"Taxa de alfabetiza\u00e7\u00e3o chega a 93% da popula\u00e7\u00e3o brasileira\"}]},{\"@type\":\"WebSite\",\"@id\":\"https:\/\/jornaltimoneiro.com.br\/#website\",\"url\":\"https:\/\/jornaltimoneiro.com.br\/\",\"name\":\"Jornal Timoneiro Canoas RS\",\"description\":\"Jornal O Timoneiro, o verdadeiro jornal de Canoas\",\"publisher\":{\"@id\":\"https:\/\/jornaltimoneiro.com.br\/#organization\"},\"potentialAction\":[{\"@type\":\"SearchAction\",\"target\":{\"@type\":\"EntryPoint\",\"urlTemplate\":\"https:\/\/jornaltimoneiro.com.br\/?s={search_term_string}\"},\"query-input\":\"required name=search_term_string\"}],\"inLanguage\":\"pt-BR\"},{\"@type\":\"Organization\",\"@id\":\"https:\/\/jornaltimoneiro.com.br\/#organization\",\"name\":\"Jornal Timoneiro Canoas RS\",\"url\":\"https:\/\/jornaltimoneiro.com.br\/\",\"logo\":{\"@type\":\"ImageObject\",\"inLanguage\":\"pt-BR\",\"@id\":\"https:\/\/jornaltimoneiro.com.br\/#\/schema\/logo\/image\/\",\"url\":\"https:\/\/jornaltimoneiro.com.br\/wp-content\/uploads\/2023\/03\/logonovo.png\",\"contentUrl\":\"https:\/\/jornaltimoneiro.com.br\/wp-content\/uploads\/2023\/03\/logonovo.png\",\"width\":\"469\",\"height\":\"171\",\"caption\":\"Jornal Timoneiro Canoas RS\"},\"image\":{\"@id\":\"https:\/\/jornaltimoneiro.com.br\/#\/schema\/logo\/image\/\"},\"sameAs\":[\"https:\/\/www.facebook.com\/jornaltimoneiro\",\"https:\/\/twitter.com\/_OTimoneiro\",\"https:\/\/www.instagram.com\/jornaltimoneirocanoas\/\",\"https:\/\/www.youtube.com\/@jornalotimoneiro7927\"]},{\"@type\":\"Person\",\"@id\":\"https:\/\/jornaltimoneiro.com.br\/#\/schema\/person\/f63482f1a02b1a9592707865e509ab40\",\"name\":\"Reda\u00e7\u00e3o\",\"image\":{\"@type\":\"ImageObject\",\"inLanguage\":\"pt-BR\",\"@id\":\"https:\/\/jornaltimoneiro.com.br\/#\/schema\/person\/image\/\",\"url\":\"https:\/\/jornaltimoneiro.com.br\/wp-content\/uploads\/2023\/03\/download.jpeg\",\"contentUrl\":\"https:\/\/jornaltimoneiro.com.br\/wp-content\/uploads\/2023\/03\/download.jpeg\",\"caption\":\"Reda\u00e7\u00e3o\"},\"url\":\"https:\/\/jornaltimoneiro.com.br\/index.php\/author\/simone-dutra\/\"}]}<\/script>\n<!-- \/ Yoast SEO plugin. -->","yoast_head_json":{"title":"Taxa de alfabetiza\u00e7\u00e3o chega a 93% da popula\u00e7\u00e3o brasileira - O Timoneiro Jornal Canoas RS","robots":{"index":"index","follow":"follow","max-snippet":"max-snippet:-1","max-image-preview":"max-image-preview:large","max-video-preview":"max-video-preview:-1"},"canonical":"https:\/\/jornaltimoneiro.com.br\/index.php\/2024\/05\/18\/taxa-de-alfabetizacao-chega-a-93-da-populacao-brasileira\/","og_locale":"pt_BR","og_type":"article","og_title":"Taxa de alfabetiza\u00e7\u00e3o chega a 93% da popula\u00e7\u00e3o brasileira - O Timoneiro Jornal Canoas RS","og_description":"No Brasil, das 163 milh\u00f5es de pessoas com idade igual ou superior a 15 anos, 151,5 milh\u00f5es sabem ler e escrever ao menos um bilhete simples e 11,4 milh\u00f5es n\u00e3o t\u00eam essa habilidade m\u00ednima. O resultado indica taxa de alfabetiza\u00e7\u00e3o em 93%, em 2022 e, consequentemente, a taxa de analfabetismo foi 7% do contingente populacional. [&hellip;]","og_url":"https:\/\/jornaltimoneiro.com.br\/index.php\/2024\/05\/18\/taxa-de-alfabetizacao-chega-a-93-da-populacao-brasileira\/","og_site_name":"O Timoneiro Jornal Canoas RS","article_publisher":"https:\/\/www.facebook.com\/jornaltimoneiro","article_published_time":"2024-05-18T19:42:24+00:00","og_image":[{"width":"1170","height":"700","url":"https:\/\/jornaltimoneiro.com.br\/wp-content\/uploads\/2024\/05\/53628410810_2bd7a4d7bd_o.webp","type":"image\/webp"}],"author":"Reda\u00e7\u00e3o","twitter_card":"summary_large_image","twitter_creator":"@_OTimoneiro","twitter_site":"@_OTimoneiro","twitter_misc":{"Escrito por":"Reda\u00e7\u00e3o","Est. tempo de leitura":"4 minutos"},"schema":{"@context":"https:\/\/schema.org","@graph":[{"@type":"Article","@id":"https:\/\/jornaltimoneiro.com.br\/index.php\/2024\/05\/18\/taxa-de-alfabetizacao-chega-a-93-da-populacao-brasileira\/#article","isPartOf":{"@id":"https:\/\/jornaltimoneiro.com.br\/index.php\/2024\/05\/18\/taxa-de-alfabetizacao-chega-a-93-da-populacao-brasileira\/"},"author":{"name":"Reda\u00e7\u00e3o","@id":"https:\/\/jornaltimoneiro.com.br\/#\/schema\/person\/f63482f1a02b1a9592707865e509ab40"},"headline":"Taxa de alfabetiza\u00e7\u00e3o chega a 93% da popula\u00e7\u00e3o brasileira","datePublished":"2024-05-18T19:42:24+00:00","dateModified":"2024-05-18T19:42:24+00:00","mainEntityOfPage":{"@id":"https:\/\/jornaltimoneiro.com.br\/index.php\/2024\/05\/18\/taxa-de-alfabetizacao-chega-a-93-da-populacao-brasileira\/"},"wordCount":613,"commentCount":0,"publisher":{"@id":"https:\/\/jornaltimoneiro.com.br\/#organization"},"keywords":["alfabetiza\u00e7\u00e3o","Brasil","censo 2022","IGBE"],"articleSection":["Educa\u00e7\u00e3o","Pa\u00eds"],"inLanguage":"pt-BR","potentialAction":[{"@type":"CommentAction","name":"Comment","target":["https:\/\/jornaltimoneiro.com.br\/index.php\/2024\/05\/18\/taxa-de-alfabetizacao-chega-a-93-da-populacao-brasileira\/#respond"]}]},{"@type":"WebPage","@id":"https:\/\/jornaltimoneiro.com.br\/index.php\/2024\/05\/18\/taxa-de-alfabetizacao-chega-a-93-da-populacao-brasileira\/","url":"https:\/\/jornaltimoneiro.com.br\/index.php\/2024\/05\/18\/taxa-de-alfabetizacao-chega-a-93-da-populacao-brasileira\/","name":"Taxa de alfabetiza\u00e7\u00e3o chega a 93% da popula\u00e7\u00e3o brasileira - O Timoneiro Jornal Canoas RS","isPartOf":{"@id":"https:\/\/jornaltimoneiro.com.br\/#website"},"datePublished":"2024-05-18T19:42:24+00:00","dateModified":"2024-05-18T19:42:24+00:00","breadcrumb":{"@id":"https:\/\/jornaltimoneiro.com.br\/index.php\/2024\/05\/18\/taxa-de-alfabetizacao-chega-a-93-da-populacao-brasileira\/#breadcrumb"},"inLanguage":"pt-BR","potentialAction":[{"@type":"ReadAction","target":["https:\/\/jornaltimoneiro.com.br\/index.php\/2024\/05\/18\/taxa-de-alfabetizacao-chega-a-93-da-populacao-brasileira\/"]}]},{"@type":"BreadcrumbList","@id":"https:\/\/jornaltimoneiro.com.br\/index.php\/2024\/05\/18\/taxa-de-alfabetizacao-chega-a-93-da-populacao-brasileira\/#breadcrumb","itemListElement":[{"@type":"ListItem","position":1,"name":"In\u00edcio","item":"https:\/\/jornaltimoneiro.com.br\/"},{"@type":"ListItem","position":2,"name":"Taxa de alfabetiza\u00e7\u00e3o chega a 93% da popula\u00e7\u00e3o brasileira"}]},{"@type":"WebSite","@id":"https:\/\/jornaltimoneiro.com.br\/#website","url":"https:\/\/jornaltimoneiro.com.br\/","name":"Jornal Timoneiro Canoas RS","description":"Jornal O Timoneiro, o verdadeiro jornal de Canoas","publisher":{"@id":"https:\/\/jornaltimoneiro.com.br\/#organization"},"potentialAction":[{"@type":"SearchAction","target":{"@type":"EntryPoint","urlTemplate":"https:\/\/jornaltimoneiro.com.br\/?s={search_term_string}"},"query-input":"required name=search_term_string"}],"inLanguage":"pt-BR"},{"@type":"Organization","@id":"https:\/\/jornaltimoneiro.com.br\/#organization","name":"Jornal Timoneiro Canoas RS","url":"https:\/\/jornaltimoneiro.com.br\/","logo":{"@type":"ImageObject","inLanguage":"pt-BR","@id":"https:\/\/jornaltimoneiro.com.br\/#\/schema\/logo\/image\/","url":"https:\/\/jornaltimoneiro.com.br\/wp-content\/uploads\/2023\/03\/logonovo.png","contentUrl":"https:\/\/jornaltimoneiro.com.br\/wp-content\/uploads\/2023\/03\/logonovo.png","width":"469","height":"171","caption":"Jornal Timoneiro Canoas RS"},"image":{"@id":"https:\/\/jornaltimoneiro.com.br\/#\/schema\/logo\/image\/"},"sameAs":["https:\/\/www.facebook.com\/jornaltimoneiro","https:\/\/twitter.com\/_OTimoneiro","https:\/\/www.instagram.com\/jornaltimoneirocanoas\/","https:\/\/www.youtube.com\/@jornalotimoneiro7927"]},{"@type":"Person","@id":"https:\/\/jornaltimoneiro.com.br\/#\/schema\/person\/f63482f1a02b1a9592707865e509ab40","name":"Reda\u00e7\u00e3o","image":{"@type":"ImageObject","inLanguage":"pt-BR","@id":"https:\/\/jornaltimoneiro.com.br\/#\/schema\/person\/image\/","url":"https:\/\/jornaltimoneiro.com.br\/wp-content\/uploads\/2023\/03\/download.jpeg","contentUrl":"https:\/\/jornaltimoneiro.com.br\/wp-content\/uploads\/2023\/03\/download.jpeg","caption":"Reda\u00e7\u00e3o"},"url":"https:\/\/jornaltimoneiro.com.br\/index.php\/author\/simone-dutra\/"}]}},"_links":{"self":[{"href":"https:\/\/jornaltimoneiro.com.br\/index.php\/wp-json\/wp\/v2\/posts\/29539"}],"collection":[{"href":"https:\/\/jornaltimoneiro.com.br\/index.php\/wp-json\/wp\/v2\/posts"}],"about":[{"href":"https:\/\/jornaltimoneiro.com.br\/index.php\/wp-json\/wp\/v2\/types\/post"}],"author":[{"embeddable":true,"href":"https:\/\/jornaltimoneiro.com.br\/index.php\/wp-json\/wp\/v2\/users\/2"}],"replies":[{"embeddable":true,"href":"https:\/\/jornaltimoneiro.com.br\/index.php\/wp-json\/wp\/v2\/comments?post=29539"}],"version-history":[{"count":1,"href":"https:\/\/jornaltimoneiro.com.br\/index.php\/wp-json\/wp\/v2\/posts\/29539\/revisions"}],"predecessor-version":[{"id":29541,"href":"https:\/\/jornaltimoneiro.com.br\/index.php\/wp-json\/wp\/v2\/posts\/29539\/revisions\/29541"}],"wp:featuredmedia":[{"embeddable":true,"href":"https:\/\/jornaltimoneiro.com.br\/index.php\/wp-json\/wp\/v2\/media\/29540"}],"wp:attachment":[{"href":"https:\/\/jornaltimoneiro.com.br\/index.php\/wp-json\/wp\/v2\/media?parent=29539"}],"wp:term":[{"taxonomy":"category","embeddable":true,"href":"https:\/\/jornaltimoneiro.com.br\/index.php\/wp-json\/wp\/v2\/categories?post=29539"},{"taxonomy":"post_tag","embeddable":true,"href":"https:\/\/jornaltimoneiro.com.br\/index.php\/wp-json\/wp\/v2\/tags?post=29539"}],"curies":[{"name":"wp","href":"https:\/\/api.w.org\/{rel}","templated":true}]}}