{"id":29526,"date":"2024-05-17T16:40:50","date_gmt":"2024-05-17T19:40:50","guid":{"rendered":"https:\/\/jornaltimoneiro.com.br\/?p=29526"},"modified":"2024-05-17T16:40:50","modified_gmt":"2024-05-17T19:40:50","slug":"testes-na-estacao-de-tratamento-do-bairro-rio-branco-comecam-domingo","status":"publish","type":"post","link":"https:\/\/jornaltimoneiro.com.br\/index.php\/2024\/05\/17\/testes-na-estacao-de-tratamento-do-bairro-rio-branco-comecam-domingo\/","title":{"rendered":"Testes na Esta\u00e7\u00e3o de Tratamento do bairro Rio Branco come\u00e7am domingo"},"content":{"rendered":"<p>Os primeiros testes para o retorno das opera\u00e7\u00f5es na Esta\u00e7\u00e3o de Tratamento de \u00c1gua (ETA) Rio Branco ocorrem no domingo, 19. A previs\u00e3o da companhia de \u00e1gua Corsan \u00e9 de que o local comece a funcionar j\u00e1 na pr\u00f3xima semana para refor\u00e7ar o abastecimento de \u00e1gua em Canoas.<\/p>\n<p>O lado leste da cidade atualmente abriga cerca de 80% da popula\u00e7\u00e3o canoense devido \u00e0 enchente que atinge o munic\u00edpio desde o final de abril. \u00c0 medida que o alagamento do lado oeste baixar, a ETA iniciar\u00e1 o fornecimento de \u00e1gua tamb\u00e9m para as \u00e1reas secas da regi\u00e3o.<\/p>\n<p>Em uma opera\u00e7\u00e3o coordenada pela Corsan e que envolveu t\u00e9cnicos, mergulhadores e a For\u00e7a A\u00e9rea Brasileira, duas bombas submers\u00edveis e dois geradores de energia el\u00e9trica foram colocados na esta\u00e7\u00e3o de tratamento de \u00e1gua nesta sexta-feira, 17. O transporte foi feito por um helic\u00f3ptero militar, com quatro viagens entre a Base A\u00e9rea de Canoas e o complexo. Cada um dos equipamentos pesa cerca de duas toneladas.<\/p>\n<p>Os trabalhos no local compreendem ainda a instala\u00e7\u00e3o de cabos de energia el\u00e9trica, a instala\u00e7\u00e3o de tubula\u00e7\u00e3o alternativa que ligar\u00e1 a \u00e1rea de capta\u00e7\u00e3o no Arroio das Gar\u00e7as at\u00e9 a esta\u00e7\u00e3o de tratamento e a manuten\u00e7\u00e3o predial e el\u00e9trica da esta\u00e7\u00e3o nas partes onde a cheia j\u00e1 baixou.<\/p>\n<p>A maior parte do complexo da esta\u00e7\u00e3o segue inundada. Segundo a companhia, dez bombas trabalham 24 horas para retirada da \u00e1gua dos pr\u00e9dios e do p\u00e1tio da Corsan.<\/p>\n","protected":false},"excerpt":{"rendered":"<p>Os primeiros testes para o retorno das opera\u00e7\u00f5es na Esta\u00e7\u00e3o de Tratamento de \u00c1gua (ETA) Rio Branco ocorrem no domingo, 19. A previs\u00e3o da companhia de \u00e1gua Corsan \u00e9 de que o local comece a funcionar j\u00e1 na pr\u00f3xima semana para refor\u00e7ar o abastecimento de \u00e1gua em Canoas. O lado leste da cidade atualmente abriga [&hellip;]<\/p>\n","protected":false},"author":2,"featured_media":29527,"comment_status":"open","ping_status":"open","sticky":false,"template":"","format":"standard","meta":{"amp_status":"","footnotes":""},"categories":[2443],"tags":[868,2402,2541,190,2556],"class_list":["post-29526","post","type-post","status-publish","format-standard","has-post-thumbnail","hentry","category-enchente-2024-canoas","tag-corsan","tag-domingo","tag-estacao-de-tratamento","tag-featured","tag-teste"],"yoast_head":"<!-- This site is optimized with the Yoast SEO plugin v20.5 - https:\/\/yoast.com\/wordpress\/plugins\/seo\/ -->\n<title>Testes na Esta\u00e7\u00e3o de Tratamento do bairro Rio Branco come\u00e7am domingo - O Timoneiro Jornal Canoas RS<\/title>\n<meta name=\"robots\" content=\"index, follow, max-snippet:-1, max-image-preview:large, max-video-preview:-1\" \/>\n<link rel=\"canonical\" href=\"https:\/\/jornaltimoneiro.com.br\/index.php\/2024\/05\/17\/testes-na-estacao-de-tratamento-do-bairro-rio-branco-comecam-domingo\/\" \/>\n<meta property=\"og:locale\" content=\"pt_BR\" \/>\n<meta property=\"og:type\" content=\"article\" \/>\n<meta property=\"og:title\" content=\"Testes na Esta\u00e7\u00e3o de Tratamento do bairro Rio Branco come\u00e7am domingo - O Timoneiro Jornal Canoas RS\" \/>\n<meta property=\"og:description\" content=\"Os primeiros testes para o retorno das opera\u00e7\u00f5es na Esta\u00e7\u00e3o de Tratamento de \u00c1gua (ETA) Rio Branco ocorrem no domingo, 19. A previs\u00e3o da companhia de \u00e1gua Corsan \u00e9 de que o local comece a funcionar j\u00e1 na pr\u00f3xima semana para refor\u00e7ar o abastecimento de \u00e1gua em Canoas. O lado leste da cidade atualmente abriga [&hellip;]\" \/>\n<meta property=\"og:url\" content=\"https:\/\/jornaltimoneiro.com.br\/index.php\/2024\/05\/17\/testes-na-estacao-de-tratamento-do-bairro-rio-branco-comecam-domingo\/\" \/>\n<meta property=\"og:site_name\" content=\"O Timoneiro Jornal Canoas RS\" \/>\n<meta property=\"article:publisher\" content=\"https:\/\/www.facebook.com\/jornaltimoneiro\" \/>\n<meta property=\"article:published_time\" content=\"2024-05-17T19:40:50+00:00\" \/>\n<meta property=\"og:image\" content=\"https:\/\/jornaltimoneiro.com.br\/wp-content\/uploads\/2024\/05\/83e3fe11-a08f-480b-ba5a-828076d5095b.jpg\" \/>\n\t<meta property=\"og:image:width\" content=\"1600\" \/>\n\t<meta property=\"og:image:height\" content=\"1200\" \/>\n\t<meta property=\"og:image:type\" content=\"image\/jpeg\" \/>\n<meta name=\"author\" content=\"Reda\u00e7\u00e3o\" \/>\n<meta name=\"twitter:card\" content=\"summary_large_image\" \/>\n<meta name=\"twitter:creator\" content=\"@_OTimoneiro\" \/>\n<meta name=\"twitter:site\" content=\"@_OTimoneiro\" \/>\n<meta name=\"twitter:label1\" content=\"Escrito por\" \/>\n\t<meta name=\"twitter:data1\" content=\"Reda\u00e7\u00e3o\" \/>\n\t<meta name=\"twitter:label2\" content=\"Est. tempo de leitura\" \/>\n\t<meta name=\"twitter:data2\" content=\"2 minutos\" \/>\n<script type=\"application\/ld+json\" class=\"yoast-schema-graph\">{\"@context\":\"https:\/\/schema.org\",\"@graph\":[{\"@type\":\"Article\",\"@id\":\"https:\/\/jornaltimoneiro.com.br\/index.php\/2024\/05\/17\/testes-na-estacao-de-tratamento-do-bairro-rio-branco-comecam-domingo\/#article\",\"isPartOf\":{\"@id\":\"https:\/\/jornaltimoneiro.com.br\/index.php\/2024\/05\/17\/testes-na-estacao-de-tratamento-do-bairro-rio-branco-comecam-domingo\/\"},\"author\":{\"name\":\"Reda\u00e7\u00e3o\",\"@id\":\"https:\/\/jornaltimoneiro.com.br\/#\/schema\/person\/f63482f1a02b1a9592707865e509ab40\"},\"headline\":\"Testes na Esta\u00e7\u00e3o de Tratamento do bairro Rio Branco come\u00e7am domingo\",\"datePublished\":\"2024-05-17T19:40:50+00:00\",\"dateModified\":\"2024-05-17T19:40:50+00:00\",\"mainEntityOfPage\":{\"@id\":\"https:\/\/jornaltimoneiro.com.br\/index.php\/2024\/05\/17\/testes-na-estacao-de-tratamento-do-bairro-rio-branco-comecam-domingo\/\"},\"wordCount\":274,\"commentCount\":0,\"publisher\":{\"@id\":\"https:\/\/jornaltimoneiro.com.br\/#organization\"},\"keywords\":[\"corsan\",\"domingo\",\"esta\u00e7\u00e3o de tratamento\",\"featured\",\"teste\"],\"articleSection\":[\"Enchente 2024 Canoas\"],\"inLanguage\":\"pt-BR\",\"potentialAction\":[{\"@type\":\"CommentAction\",\"name\":\"Comment\",\"target\":[\"https:\/\/jornaltimoneiro.com.br\/index.php\/2024\/05\/17\/testes-na-estacao-de-tratamento-do-bairro-rio-branco-comecam-domingo\/#respond\"]}]},{\"@type\":\"WebPage\",\"@id\":\"https:\/\/jornaltimoneiro.com.br\/index.php\/2024\/05\/17\/testes-na-estacao-de-tratamento-do-bairro-rio-branco-comecam-domingo\/\",\"url\":\"https:\/\/jornaltimoneiro.com.br\/index.php\/2024\/05\/17\/testes-na-estacao-de-tratamento-do-bairro-rio-branco-comecam-domingo\/\",\"name\":\"Testes na Esta\u00e7\u00e3o de Tratamento do bairro Rio Branco come\u00e7am domingo - O Timoneiro Jornal Canoas RS\",\"isPartOf\":{\"@id\":\"https:\/\/jornaltimoneiro.com.br\/#website\"},\"datePublished\":\"2024-05-17T19:40:50+00:00\",\"dateModified\":\"2024-05-17T19:40:50+00:00\",\"breadcrumb\":{\"@id\":\"https:\/\/jornaltimoneiro.com.br\/index.php\/2024\/05\/17\/testes-na-estacao-de-tratamento-do-bairro-rio-branco-comecam-domingo\/#breadcrumb\"},\"inLanguage\":\"pt-BR\",\"potentialAction\":[{\"@type\":\"ReadAction\",\"target\":[\"https:\/\/jornaltimoneiro.com.br\/index.php\/2024\/05\/17\/testes-na-estacao-de-tratamento-do-bairro-rio-branco-comecam-domingo\/\"]}]},{\"@type\":\"BreadcrumbList\",\"@id\":\"https:\/\/jornaltimoneiro.com.br\/index.php\/2024\/05\/17\/testes-na-estacao-de-tratamento-do-bairro-rio-branco-comecam-domingo\/#breadcrumb\",\"itemListElement\":[{\"@type\":\"ListItem\",\"position\":1,\"name\":\"In\u00edcio\",\"item\":\"https:\/\/jornaltimoneiro.com.br\/\"},{\"@type\":\"ListItem\",\"position\":2,\"name\":\"Testes na Esta\u00e7\u00e3o de Tratamento do bairro Rio Branco come\u00e7am domingo\"}]},{\"@type\":\"WebSite\",\"@id\":\"https:\/\/jornaltimoneiro.com.br\/#website\",\"url\":\"https:\/\/jornaltimoneiro.com.br\/\",\"name\":\"Jornal Timoneiro Canoas RS\",\"description\":\"Jornal O Timoneiro, o verdadeiro jornal de Canoas\",\"publisher\":{\"@id\":\"https:\/\/jornaltimoneiro.com.br\/#organization\"},\"potentialAction\":[{\"@type\":\"SearchAction\",\"target\":{\"@type\":\"EntryPoint\",\"urlTemplate\":\"https:\/\/jornaltimoneiro.com.br\/?s={search_term_string}\"},\"query-input\":\"required name=search_term_string\"}],\"inLanguage\":\"pt-BR\"},{\"@type\":\"Organization\",\"@id\":\"https:\/\/jornaltimoneiro.com.br\/#organization\",\"name\":\"Jornal Timoneiro Canoas RS\",\"url\":\"https:\/\/jornaltimoneiro.com.br\/\",\"logo\":{\"@type\":\"ImageObject\",\"inLanguage\":\"pt-BR\",\"@id\":\"https:\/\/jornaltimoneiro.com.br\/#\/schema\/logo\/image\/\",\"url\":\"https:\/\/jornaltimoneiro.com.br\/wp-content\/uploads\/2023\/03\/logonovo.png\",\"contentUrl\":\"https:\/\/jornaltimoneiro.com.br\/wp-content\/uploads\/2023\/03\/logonovo.png\",\"width\":\"469\",\"height\":\"171\",\"caption\":\"Jornal Timoneiro Canoas RS\"},\"image\":{\"@id\":\"https:\/\/jornaltimoneiro.com.br\/#\/schema\/logo\/image\/\"},\"sameAs\":[\"https:\/\/www.facebook.com\/jornaltimoneiro\",\"https:\/\/twitter.com\/_OTimoneiro\",\"https:\/\/www.instagram.com\/jornaltimoneirocanoas\/\",\"https:\/\/www.youtube.com\/@jornalotimoneiro7927\"]},{\"@type\":\"Person\",\"@id\":\"https:\/\/jornaltimoneiro.com.br\/#\/schema\/person\/f63482f1a02b1a9592707865e509ab40\",\"name\":\"Reda\u00e7\u00e3o\",\"image\":{\"@type\":\"ImageObject\",\"inLanguage\":\"pt-BR\",\"@id\":\"https:\/\/jornaltimoneiro.com.br\/#\/schema\/person\/image\/\",\"url\":\"https:\/\/jornaltimoneiro.com.br\/wp-content\/uploads\/2023\/03\/download.jpeg\",\"contentUrl\":\"https:\/\/jornaltimoneiro.com.br\/wp-content\/uploads\/2023\/03\/download.jpeg\",\"caption\":\"Reda\u00e7\u00e3o\"},\"url\":\"https:\/\/jornaltimoneiro.com.br\/index.php\/author\/simone-dutra\/\"}]}<\/script>\n<!-- \/ Yoast SEO plugin. -->","yoast_head_json":{"title":"Testes na Esta\u00e7\u00e3o de Tratamento do bairro Rio Branco come\u00e7am domingo - O Timoneiro Jornal Canoas RS","robots":{"index":"index","follow":"follow","max-snippet":"max-snippet:-1","max-image-preview":"max-image-preview:large","max-video-preview":"max-video-preview:-1"},"canonical":"https:\/\/jornaltimoneiro.com.br\/index.php\/2024\/05\/17\/testes-na-estacao-de-tratamento-do-bairro-rio-branco-comecam-domingo\/","og_locale":"pt_BR","og_type":"article","og_title":"Testes na Esta\u00e7\u00e3o de Tratamento do bairro Rio Branco come\u00e7am domingo - O Timoneiro Jornal Canoas RS","og_description":"Os primeiros testes para o retorno das opera\u00e7\u00f5es na Esta\u00e7\u00e3o de Tratamento de \u00c1gua (ETA) Rio Branco ocorrem no domingo, 19. A previs\u00e3o da companhia de \u00e1gua Corsan \u00e9 de que o local comece a funcionar j\u00e1 na pr\u00f3xima semana para refor\u00e7ar o abastecimento de \u00e1gua em Canoas. O lado leste da cidade atualmente abriga [&hellip;]","og_url":"https:\/\/jornaltimoneiro.com.br\/index.php\/2024\/05\/17\/testes-na-estacao-de-tratamento-do-bairro-rio-branco-comecam-domingo\/","og_site_name":"O Timoneiro Jornal Canoas RS","article_publisher":"https:\/\/www.facebook.com\/jornaltimoneiro","article_published_time":"2024-05-17T19:40:50+00:00","og_image":[{"width":"1600","height":"1200","url":"https:\/\/jornaltimoneiro.com.br\/wp-content\/uploads\/2024\/05\/83e3fe11-a08f-480b-ba5a-828076d5095b.jpg","type":"image\/jpeg"}],"author":"Reda\u00e7\u00e3o","twitter_card":"summary_large_image","twitter_creator":"@_OTimoneiro","twitter_site":"@_OTimoneiro","twitter_misc":{"Escrito por":"Reda\u00e7\u00e3o","Est. tempo de leitura":"2 minutos"},"schema":{"@context":"https:\/\/schema.org","@graph":[{"@type":"Article","@id":"https:\/\/jornaltimoneiro.com.br\/index.php\/2024\/05\/17\/testes-na-estacao-de-tratamento-do-bairro-rio-branco-comecam-domingo\/#article","isPartOf":{"@id":"https:\/\/jornaltimoneiro.com.br\/index.php\/2024\/05\/17\/testes-na-estacao-de-tratamento-do-bairro-rio-branco-comecam-domingo\/"},"author":{"name":"Reda\u00e7\u00e3o","@id":"https:\/\/jornaltimoneiro.com.br\/#\/schema\/person\/f63482f1a02b1a9592707865e509ab40"},"headline":"Testes na Esta\u00e7\u00e3o de Tratamento do bairro Rio Branco come\u00e7am domingo","datePublished":"2024-05-17T19:40:50+00:00","dateModified":"2024-05-17T19:40:50+00:00","mainEntityOfPage":{"@id":"https:\/\/jornaltimoneiro.com.br\/index.php\/2024\/05\/17\/testes-na-estacao-de-tratamento-do-bairro-rio-branco-comecam-domingo\/"},"wordCount":274,"commentCount":0,"publisher":{"@id":"https:\/\/jornaltimoneiro.com.br\/#organization"},"keywords":["corsan","domingo","esta\u00e7\u00e3o de tratamento","featured","teste"],"articleSection":["Enchente 2024 Canoas"],"inLanguage":"pt-BR","potentialAction":[{"@type":"CommentAction","name":"Comment","target":["https:\/\/jornaltimoneiro.com.br\/index.php\/2024\/05\/17\/testes-na-estacao-de-tratamento-do-bairro-rio-branco-comecam-domingo\/#respond"]}]},{"@type":"WebPage","@id":"https:\/\/jornaltimoneiro.com.br\/index.php\/2024\/05\/17\/testes-na-estacao-de-tratamento-do-bairro-rio-branco-comecam-domingo\/","url":"https:\/\/jornaltimoneiro.com.br\/index.php\/2024\/05\/17\/testes-na-estacao-de-tratamento-do-bairro-rio-branco-comecam-domingo\/","name":"Testes na Esta\u00e7\u00e3o de Tratamento do bairro Rio Branco come\u00e7am domingo - O Timoneiro Jornal Canoas RS","isPartOf":{"@id":"https:\/\/jornaltimoneiro.com.br\/#website"},"datePublished":"2024-05-17T19:40:50+00:00","dateModified":"2024-05-17T19:40:50+00:00","breadcrumb":{"@id":"https:\/\/jornaltimoneiro.com.br\/index.php\/2024\/05\/17\/testes-na-estacao-de-tratamento-do-bairro-rio-branco-comecam-domingo\/#breadcrumb"},"inLanguage":"pt-BR","potentialAction":[{"@type":"ReadAction","target":["https:\/\/jornaltimoneiro.com.br\/index.php\/2024\/05\/17\/testes-na-estacao-de-tratamento-do-bairro-rio-branco-comecam-domingo\/"]}]},{"@type":"BreadcrumbList","@id":"https:\/\/jornaltimoneiro.com.br\/index.php\/2024\/05\/17\/testes-na-estacao-de-tratamento-do-bairro-rio-branco-comecam-domingo\/#breadcrumb","itemListElement":[{"@type":"ListItem","position":1,"name":"In\u00edcio","item":"https:\/\/jornaltimoneiro.com.br\/"},{"@type":"ListItem","position":2,"name":"Testes na Esta\u00e7\u00e3o de Tratamento do bairro Rio Branco come\u00e7am domingo"}]},{"@type":"WebSite","@id":"https:\/\/jornaltimoneiro.com.br\/#website","url":"https:\/\/jornaltimoneiro.com.br\/","name":"Jornal Timoneiro Canoas RS","description":"Jornal O Timoneiro, o verdadeiro jornal de Canoas","publisher":{"@id":"https:\/\/jornaltimoneiro.com.br\/#organization"},"potentialAction":[{"@type":"SearchAction","target":{"@type":"EntryPoint","urlTemplate":"https:\/\/jornaltimoneiro.com.br\/?s={search_term_string}"},"query-input":"required name=search_term_string"}],"inLanguage":"pt-BR"},{"@type":"Organization","@id":"https:\/\/jornaltimoneiro.com.br\/#organization","name":"Jornal Timoneiro Canoas RS","url":"https:\/\/jornaltimoneiro.com.br\/","logo":{"@type":"ImageObject","inLanguage":"pt-BR","@id":"https:\/\/jornaltimoneiro.com.br\/#\/schema\/logo\/image\/","url":"https:\/\/jornaltimoneiro.com.br\/wp-content\/uploads\/2023\/03\/logonovo.png","contentUrl":"https:\/\/jornaltimoneiro.com.br\/wp-content\/uploads\/2023\/03\/logonovo.png","width":"469","height":"171","caption":"Jornal Timoneiro Canoas RS"},"image":{"@id":"https:\/\/jornaltimoneiro.com.br\/#\/schema\/logo\/image\/"},"sameAs":["https:\/\/www.facebook.com\/jornaltimoneiro","https:\/\/twitter.com\/_OTimoneiro","https:\/\/www.instagram.com\/jornaltimoneirocanoas\/","https:\/\/www.youtube.com\/@jornalotimoneiro7927"]},{"@type":"Person","@id":"https:\/\/jornaltimoneiro.com.br\/#\/schema\/person\/f63482f1a02b1a9592707865e509ab40","name":"Reda\u00e7\u00e3o","image":{"@type":"ImageObject","inLanguage":"pt-BR","@id":"https:\/\/jornaltimoneiro.com.br\/#\/schema\/person\/image\/","url":"https:\/\/jornaltimoneiro.com.br\/wp-content\/uploads\/2023\/03\/download.jpeg","contentUrl":"https:\/\/jornaltimoneiro.com.br\/wp-content\/uploads\/2023\/03\/download.jpeg","caption":"Reda\u00e7\u00e3o"},"url":"https:\/\/jornaltimoneiro.com.br\/index.php\/author\/simone-dutra\/"}]}},"_links":{"self":[{"href":"https:\/\/jornaltimoneiro.com.br\/index.php\/wp-json\/wp\/v2\/posts\/29526"}],"collection":[{"href":"https:\/\/jornaltimoneiro.com.br\/index.php\/wp-json\/wp\/v2\/posts"}],"about":[{"href":"https:\/\/jornaltimoneiro.com.br\/index.php\/wp-json\/wp\/v2\/types\/post"}],"author":[{"embeddable":true,"href":"https:\/\/jornaltimoneiro.com.br\/index.php\/wp-json\/wp\/v2\/users\/2"}],"replies":[{"embeddable":true,"href":"https:\/\/jornaltimoneiro.com.br\/index.php\/wp-json\/wp\/v2\/comments?post=29526"}],"version-history":[{"count":1,"href":"https:\/\/jornaltimoneiro.com.br\/index.php\/wp-json\/wp\/v2\/posts\/29526\/revisions"}],"predecessor-version":[{"id":29528,"href":"https:\/\/jornaltimoneiro.com.br\/index.php\/wp-json\/wp\/v2\/posts\/29526\/revisions\/29528"}],"wp:featuredmedia":[{"embeddable":true,"href":"https:\/\/jornaltimoneiro.com.br\/index.php\/wp-json\/wp\/v2\/media\/29527"}],"wp:attachment":[{"href":"https:\/\/jornaltimoneiro.com.br\/index.php\/wp-json\/wp\/v2\/media?parent=29526"}],"wp:term":[{"taxonomy":"category","embeddable":true,"href":"https:\/\/jornaltimoneiro.com.br\/index.php\/wp-json\/wp\/v2\/categories?post=29526"},{"taxonomy":"post_tag","embeddable":true,"href":"https:\/\/jornaltimoneiro.com.br\/index.php\/wp-json\/wp\/v2\/tags?post=29526"}],"curies":[{"name":"wp","href":"https:\/\/api.w.org\/{rel}","templated":true}]}}