{"id":29450,"date":"2024-05-15T18:36:43","date_gmt":"2024-05-15T21:36:43","guid":{"rendered":"https:\/\/jornaltimoneiro.com.br\/?p=29450"},"modified":"2024-05-15T18:36:43","modified_gmt":"2024-05-15T21:36:43","slug":"lula-anuncia-acoes-para-moradia-fgts-e-ministerio-para-reconstrucao-do-rs","status":"publish","type":"post","link":"https:\/\/jornaltimoneiro.com.br\/index.php\/2024\/05\/15\/lula-anuncia-acoes-para-moradia-fgts-e-ministerio-para-reconstrucao-do-rs\/","title":{"rendered":"Lula anuncia a\u00e7\u00f5es para moradia, FGTS e Minist\u00e9rio para Reconstru\u00e7\u00e3o do RS"},"content":{"rendered":"<p>O presidente Luiz In\u00e1cio Lula da Silva visitou o Rio Grande do Sul nesta quarta-feira, 15. Foi a terceira vez que o mandat\u00e1rio veio ao Estado em duas semanas, desde que come\u00e7ou a situa\u00e7\u00e3o de cat\u00e1strofe clim\u00e1tica no RS.<\/p>\n<p>Ao desembarcar na Base A\u00e9rea de Canoas, ele anunciou uma s\u00e9rie de novas medidas para a reconstru\u00e7\u00e3o em n\u00edvel estadual. Al\u00e9m de confirmar iniciativas j\u00e1 estudadas pelo governo federal, como o <a href=\"https:\/\/jornaltimoneiro.com.br\/index.php\/2024\/05\/15\/governo-federal-fara-pix-de-r-51-mil-a-cada-familia-que-perdeu-bens-na-enchente\/\"><strong>PIX de R$ 5,1 mil por fam\u00edlia atingida<\/strong><\/a>, novas a\u00e7\u00f5es foram apontadas. Depois disso, o presidente seguiu para a Unisinos, em S\u00e3o Leopoldo, em cerim\u00f4nia oficial.<\/p>\n<p>Para aqueles que tiveram suas casas destru\u00eddas em \u00e1reas urbanas, ser\u00e1 feita a compra assistida de im\u00f3veis usados, com a busca do im\u00f3vel pelo benefici\u00e1rio e tamb\u00e9m atrav\u00e9s de chamamentos p\u00fablicos para interessados em vender casas. Em ambas as situa\u00e7\u00f5es, a Caixa Econ\u00f4mica Federal ficar\u00e1 respons\u00e1vel por fazer a avalia\u00e7\u00e3o dos bens.<\/p>\n<p>Tamb\u00e9m est\u00e1 prevista a aquisi\u00e7\u00e3o de im\u00f3veis em processo de leil\u00e3o da Caixa e do Banco do Brasil que estejam desocupados, al\u00e9m de a\u00e7\u00f5es como a aquisi\u00e7\u00e3o de im\u00f3veis de construtoras j\u00e1 em obras ou conclu\u00eddos e aproveitamento de propostas inscritas e n\u00e3o selecionadas na sele\u00e7\u00e3o do Minha Casa, Minha Vida (MCMV) em 2023. Para os casos que n\u00e3o forem contemplados nas medidas anteriormente citadas, haver\u00e1 uma nova sele\u00e7\u00e3o do MCMV para os munic\u00edpios.<\/p>\n<p>Em sua fala, o presidente Lula enfatizou que o Governo Federal dar\u00e1 todos os recursos necess\u00e1rios para reconstru\u00e7\u00e3o do Estado. \u201cTrago uma mensagem para os ga\u00fachos: n\u00e3o percam a f\u00e9. Vamos reconstruir as casas e reerguer a vida no Rio Grande do Sul. Seguimos trabalhando e cuidando das pessoas. N\u00e3o mediremos esfor\u00e7os para ajudar as pessoas a reconstru\u00edrem suas vidas\u201d, ressaltou.<\/p>\n<p>O prefeito Jairo Jorge destacou a import\u00e2ncia do apoio do Governo Federal para a reconstru\u00e7\u00e3o da cidade. \u201cAl\u00e9m de todas as pessoas e casas atingidas, tivemos grandes preju\u00edzos de equipamentos p\u00fablicos, entre escolas, unidades de sa\u00fade, UPAs, CRAS e o nosso HPS. O presidente Lula garantiu que todos esses bens que o munic\u00edpio perdeu ser\u00e3o devolvidos pelo Governo Federal. Tamb\u00e9m precisaremos arrumar imediatamente todos os sistemas de prote\u00e7\u00e3o, por isso j\u00e1 levamos t\u00e9cnicos do Ex\u00e9rcito para realizar vistorias em nossos diques e nas casas de bombas\u201d, frisou.<\/p>\n<p><strong>Outras medidas<\/strong><\/p>\n<p>Qualquer cidad\u00e3o com saldo na conta do FGTS poder\u00e1 sacar o valor m\u00e1ximo de R$ 6.220,00. Tamb\u00e9m foi anunciada a antecipa\u00e7\u00e3o do pagamento do Bolsa Fam\u00edlia para esta sexta-feira (17). Mais 21 mil fam\u00edlias que preenchem os requisitos do programa no RS entrar\u00e3o na folha de pagamento de junho. O Minist\u00e9rio do Desenvolvimento Regional seguir\u00e1 identificando outras fam\u00edlias que cumpram os requisitos.<\/p>\n<p>Tamb\u00e9m foi feita a antecipa\u00e7\u00e3o do calend\u00e1rio de pagamento do Abono Salarial 2024 para maio para o total de trabalhadores habilitados, cujo estabelecimento empregador esteja nos munic\u00edpios com reconhecimento federal de calamidade\/emerg\u00eancia. Ainda ser\u00e3o liberadas duas parcelas adicionais do Seguro-Desemprego para os desempregados que j\u00e1 estavam recebendo o benef\u00edcio na data do reconhecimento federal de calamidade p\u00fablica, al\u00e9m da restitui\u00e7\u00e3o do Imposto de Renda no 1\u00ba lote para contribuintes do estado.<\/p>\n<p>O Governo Federal ainda suspendeu por seis meses as parcelas do FGTS e do Minha Casa Minha Vida. O tempo para usar o saldo do FGTS para pagar parcelas em atraso foi ampliado de seis para 12 meses, com uma car\u00eancia de 180 dias para novos financiamentos.<\/p>\n<p><strong>Minist\u00e9rio para Reconstru\u00e7\u00e3o do RS<\/strong><\/p>\n<p>Na ocasi\u00e3o, tamb\u00e9m foi anunciada a cria\u00e7\u00e3o do Minist\u00e9rio Extraordin\u00e1rio de Apoio \u00e0 Reconstru\u00e7\u00e3o do Rio Grande do Sul. As atividades ser\u00e3o coordenadas pelo ministro Paulo Pimenta, que fica respons\u00e1vel pela articula\u00e7\u00e3o com o governo estadual e os munic\u00edpios para as a\u00e7\u00f5es de reconstru\u00e7\u00e3o.<\/p>\n","protected":false},"excerpt":{"rendered":"<p>O presidente Luiz In\u00e1cio Lula da Silva visitou o Rio Grande do Sul nesta quarta-feira, 15. Foi a terceira vez que o mandat\u00e1rio veio ao Estado em duas semanas, desde que come\u00e7ou a situa\u00e7\u00e3o de cat\u00e1strofe clim\u00e1tica no RS. Ao desembarcar na Base A\u00e9rea de Canoas, ele anunciou uma s\u00e9rie de novas medidas para a [&hellip;]<\/p>\n","protected":false},"author":2,"featured_media":29451,"comment_status":"open","ping_status":"open","sticky":false,"template":"","format":"standard","meta":{"amp_status":"","footnotes":""},"categories":[2443,2494],"tags":[1923,2488,67,472],"class_list":["post-29450","post","type-post","status-publish","format-standard","has-post-thumbnail","hentry","category-enchente-2024-canoas","category-enchente-rs","tag-acoes","tag-casas","tag-governo-federal","tag-pix"],"yoast_head":"<!-- This site is optimized with the Yoast SEO plugin v20.5 - https:\/\/yoast.com\/wordpress\/plugins\/seo\/ -->\n<title>Lula anuncia a\u00e7\u00f5es para moradia, FGTS e Minist\u00e9rio para Reconstru\u00e7\u00e3o do RS - O Timoneiro Jornal Canoas RS<\/title>\n<meta name=\"robots\" content=\"index, follow, max-snippet:-1, max-image-preview:large, max-video-preview:-1\" \/>\n<link rel=\"canonical\" href=\"https:\/\/jornaltimoneiro.com.br\/index.php\/2024\/05\/15\/lula-anuncia-acoes-para-moradia-fgts-e-ministerio-para-reconstrucao-do-rs\/\" \/>\n<meta property=\"og:locale\" content=\"pt_BR\" \/>\n<meta property=\"og:type\" content=\"article\" \/>\n<meta property=\"og:title\" content=\"Lula anuncia a\u00e7\u00f5es para moradia, FGTS e Minist\u00e9rio para Reconstru\u00e7\u00e3o do RS - O Timoneiro Jornal Canoas RS\" \/>\n<meta property=\"og:description\" content=\"O presidente Luiz In\u00e1cio Lula da Silva visitou o Rio Grande do Sul nesta quarta-feira, 15. Foi a terceira vez que o mandat\u00e1rio veio ao Estado em duas semanas, desde que come\u00e7ou a situa\u00e7\u00e3o de cat\u00e1strofe clim\u00e1tica no RS. Ao desembarcar na Base A\u00e9rea de Canoas, ele anunciou uma s\u00e9rie de novas medidas para a [&hellip;]\" \/>\n<meta property=\"og:url\" content=\"https:\/\/jornaltimoneiro.com.br\/index.php\/2024\/05\/15\/lula-anuncia-acoes-para-moradia-fgts-e-ministerio-para-reconstrucao-do-rs\/\" \/>\n<meta property=\"og:site_name\" content=\"O Timoneiro Jornal Canoas RS\" \/>\n<meta property=\"article:publisher\" content=\"https:\/\/www.facebook.com\/jornaltimoneiro\" \/>\n<meta property=\"article:published_time\" content=\"2024-05-15T21:36:43+00:00\" \/>\n<meta property=\"og:image\" content=\"https:\/\/jornaltimoneiro.com.br\/wp-content\/uploads\/2024\/05\/WhatsApp-Image-2024-05-15-at-16.52.22.jpeg\" \/>\n\t<meta property=\"og:image:width\" content=\"1600\" \/>\n\t<meta property=\"og:image:height\" content=\"1066\" \/>\n\t<meta property=\"og:image:type\" content=\"image\/jpeg\" \/>\n<meta name=\"author\" content=\"Reda\u00e7\u00e3o\" \/>\n<meta name=\"twitter:card\" content=\"summary_large_image\" \/>\n<meta name=\"twitter:creator\" content=\"@_OTimoneiro\" \/>\n<meta name=\"twitter:site\" content=\"@_OTimoneiro\" \/>\n<meta name=\"twitter:label1\" content=\"Escrito por\" \/>\n\t<meta name=\"twitter:data1\" content=\"Reda\u00e7\u00e3o\" \/>\n\t<meta name=\"twitter:label2\" content=\"Est. tempo de leitura\" \/>\n\t<meta name=\"twitter:data2\" content=\"3 minutos\" \/>\n<script type=\"application\/ld+json\" class=\"yoast-schema-graph\">{\"@context\":\"https:\/\/schema.org\",\"@graph\":[{\"@type\":\"Article\",\"@id\":\"https:\/\/jornaltimoneiro.com.br\/index.php\/2024\/05\/15\/lula-anuncia-acoes-para-moradia-fgts-e-ministerio-para-reconstrucao-do-rs\/#article\",\"isPartOf\":{\"@id\":\"https:\/\/jornaltimoneiro.com.br\/index.php\/2024\/05\/15\/lula-anuncia-acoes-para-moradia-fgts-e-ministerio-para-reconstrucao-do-rs\/\"},\"author\":{\"name\":\"Reda\u00e7\u00e3o\",\"@id\":\"https:\/\/jornaltimoneiro.com.br\/#\/schema\/person\/f63482f1a02b1a9592707865e509ab40\"},\"headline\":\"Lula anuncia a\u00e7\u00f5es para moradia, FGTS e Minist\u00e9rio para Reconstru\u00e7\u00e3o do RS\",\"datePublished\":\"2024-05-15T21:36:43+00:00\",\"dateModified\":\"2024-05-15T21:36:43+00:00\",\"mainEntityOfPage\":{\"@id\":\"https:\/\/jornaltimoneiro.com.br\/index.php\/2024\/05\/15\/lula-anuncia-acoes-para-moradia-fgts-e-ministerio-para-reconstrucao-do-rs\/\"},\"wordCount\":699,\"commentCount\":0,\"publisher\":{\"@id\":\"https:\/\/jornaltimoneiro.com.br\/#organization\"},\"keywords\":[\"a\u00e7\u00f5es\",\"casas\",\"Governo Federal\",\"pix\"],\"articleSection\":[\"Enchente 2024 Canoas\",\"ENCHENTE RS\"],\"inLanguage\":\"pt-BR\",\"potentialAction\":[{\"@type\":\"CommentAction\",\"name\":\"Comment\",\"target\":[\"https:\/\/jornaltimoneiro.com.br\/index.php\/2024\/05\/15\/lula-anuncia-acoes-para-moradia-fgts-e-ministerio-para-reconstrucao-do-rs\/#respond\"]}]},{\"@type\":\"WebPage\",\"@id\":\"https:\/\/jornaltimoneiro.com.br\/index.php\/2024\/05\/15\/lula-anuncia-acoes-para-moradia-fgts-e-ministerio-para-reconstrucao-do-rs\/\",\"url\":\"https:\/\/jornaltimoneiro.com.br\/index.php\/2024\/05\/15\/lula-anuncia-acoes-para-moradia-fgts-e-ministerio-para-reconstrucao-do-rs\/\",\"name\":\"Lula anuncia a\u00e7\u00f5es para moradia, FGTS e Minist\u00e9rio para Reconstru\u00e7\u00e3o do RS - O Timoneiro Jornal Canoas RS\",\"isPartOf\":{\"@id\":\"https:\/\/jornaltimoneiro.com.br\/#website\"},\"datePublished\":\"2024-05-15T21:36:43+00:00\",\"dateModified\":\"2024-05-15T21:36:43+00:00\",\"breadcrumb\":{\"@id\":\"https:\/\/jornaltimoneiro.com.br\/index.php\/2024\/05\/15\/lula-anuncia-acoes-para-moradia-fgts-e-ministerio-para-reconstrucao-do-rs\/#breadcrumb\"},\"inLanguage\":\"pt-BR\",\"potentialAction\":[{\"@type\":\"ReadAction\",\"target\":[\"https:\/\/jornaltimoneiro.com.br\/index.php\/2024\/05\/15\/lula-anuncia-acoes-para-moradia-fgts-e-ministerio-para-reconstrucao-do-rs\/\"]}]},{\"@type\":\"BreadcrumbList\",\"@id\":\"https:\/\/jornaltimoneiro.com.br\/index.php\/2024\/05\/15\/lula-anuncia-acoes-para-moradia-fgts-e-ministerio-para-reconstrucao-do-rs\/#breadcrumb\",\"itemListElement\":[{\"@type\":\"ListItem\",\"position\":1,\"name\":\"In\u00edcio\",\"item\":\"https:\/\/jornaltimoneiro.com.br\/\"},{\"@type\":\"ListItem\",\"position\":2,\"name\":\"Lula anuncia a\u00e7\u00f5es para moradia, FGTS e Minist\u00e9rio para Reconstru\u00e7\u00e3o do RS\"}]},{\"@type\":\"WebSite\",\"@id\":\"https:\/\/jornaltimoneiro.com.br\/#website\",\"url\":\"https:\/\/jornaltimoneiro.com.br\/\",\"name\":\"Jornal Timoneiro Canoas RS\",\"description\":\"Jornal O Timoneiro, o verdadeiro jornal de Canoas\",\"publisher\":{\"@id\":\"https:\/\/jornaltimoneiro.com.br\/#organization\"},\"potentialAction\":[{\"@type\":\"SearchAction\",\"target\":{\"@type\":\"EntryPoint\",\"urlTemplate\":\"https:\/\/jornaltimoneiro.com.br\/?s={search_term_string}\"},\"query-input\":\"required name=search_term_string\"}],\"inLanguage\":\"pt-BR\"},{\"@type\":\"Organization\",\"@id\":\"https:\/\/jornaltimoneiro.com.br\/#organization\",\"name\":\"Jornal Timoneiro Canoas RS\",\"url\":\"https:\/\/jornaltimoneiro.com.br\/\",\"logo\":{\"@type\":\"ImageObject\",\"inLanguage\":\"pt-BR\",\"@id\":\"https:\/\/jornaltimoneiro.com.br\/#\/schema\/logo\/image\/\",\"url\":\"https:\/\/jornaltimoneiro.com.br\/wp-content\/uploads\/2023\/03\/logonovo.png\",\"contentUrl\":\"https:\/\/jornaltimoneiro.com.br\/wp-content\/uploads\/2023\/03\/logonovo.png\",\"width\":\"469\",\"height\":\"171\",\"caption\":\"Jornal Timoneiro Canoas RS\"},\"image\":{\"@id\":\"https:\/\/jornaltimoneiro.com.br\/#\/schema\/logo\/image\/\"},\"sameAs\":[\"https:\/\/www.facebook.com\/jornaltimoneiro\",\"https:\/\/twitter.com\/_OTimoneiro\",\"https:\/\/www.instagram.com\/jornaltimoneirocanoas\/\",\"https:\/\/www.youtube.com\/@jornalotimoneiro7927\"]},{\"@type\":\"Person\",\"@id\":\"https:\/\/jornaltimoneiro.com.br\/#\/schema\/person\/f63482f1a02b1a9592707865e509ab40\",\"name\":\"Reda\u00e7\u00e3o\",\"image\":{\"@type\":\"ImageObject\",\"inLanguage\":\"pt-BR\",\"@id\":\"https:\/\/jornaltimoneiro.com.br\/#\/schema\/person\/image\/\",\"url\":\"https:\/\/jornaltimoneiro.com.br\/wp-content\/uploads\/2023\/03\/download.jpeg\",\"contentUrl\":\"https:\/\/jornaltimoneiro.com.br\/wp-content\/uploads\/2023\/03\/download.jpeg\",\"caption\":\"Reda\u00e7\u00e3o\"},\"url\":\"https:\/\/jornaltimoneiro.com.br\/index.php\/author\/simone-dutra\/\"}]}<\/script>\n<!-- \/ Yoast SEO plugin. -->","yoast_head_json":{"title":"Lula anuncia a\u00e7\u00f5es para moradia, FGTS e Minist\u00e9rio para Reconstru\u00e7\u00e3o do RS - O Timoneiro Jornal Canoas RS","robots":{"index":"index","follow":"follow","max-snippet":"max-snippet:-1","max-image-preview":"max-image-preview:large","max-video-preview":"max-video-preview:-1"},"canonical":"https:\/\/jornaltimoneiro.com.br\/index.php\/2024\/05\/15\/lula-anuncia-acoes-para-moradia-fgts-e-ministerio-para-reconstrucao-do-rs\/","og_locale":"pt_BR","og_type":"article","og_title":"Lula anuncia a\u00e7\u00f5es para moradia, FGTS e Minist\u00e9rio para Reconstru\u00e7\u00e3o do RS - O Timoneiro Jornal Canoas RS","og_description":"O presidente Luiz In\u00e1cio Lula da Silva visitou o Rio Grande do Sul nesta quarta-feira, 15. Foi a terceira vez que o mandat\u00e1rio veio ao Estado em duas semanas, desde que come\u00e7ou a situa\u00e7\u00e3o de cat\u00e1strofe clim\u00e1tica no RS. Ao desembarcar na Base A\u00e9rea de Canoas, ele anunciou uma s\u00e9rie de novas medidas para a [&hellip;]","og_url":"https:\/\/jornaltimoneiro.com.br\/index.php\/2024\/05\/15\/lula-anuncia-acoes-para-moradia-fgts-e-ministerio-para-reconstrucao-do-rs\/","og_site_name":"O Timoneiro Jornal Canoas RS","article_publisher":"https:\/\/www.facebook.com\/jornaltimoneiro","article_published_time":"2024-05-15T21:36:43+00:00","og_image":[{"width":"1600","height":"1066","url":"https:\/\/jornaltimoneiro.com.br\/wp-content\/uploads\/2024\/05\/WhatsApp-Image-2024-05-15-at-16.52.22.jpeg","type":"image\/jpeg"}],"author":"Reda\u00e7\u00e3o","twitter_card":"summary_large_image","twitter_creator":"@_OTimoneiro","twitter_site":"@_OTimoneiro","twitter_misc":{"Escrito por":"Reda\u00e7\u00e3o","Est. tempo de leitura":"3 minutos"},"schema":{"@context":"https:\/\/schema.org","@graph":[{"@type":"Article","@id":"https:\/\/jornaltimoneiro.com.br\/index.php\/2024\/05\/15\/lula-anuncia-acoes-para-moradia-fgts-e-ministerio-para-reconstrucao-do-rs\/#article","isPartOf":{"@id":"https:\/\/jornaltimoneiro.com.br\/index.php\/2024\/05\/15\/lula-anuncia-acoes-para-moradia-fgts-e-ministerio-para-reconstrucao-do-rs\/"},"author":{"name":"Reda\u00e7\u00e3o","@id":"https:\/\/jornaltimoneiro.com.br\/#\/schema\/person\/f63482f1a02b1a9592707865e509ab40"},"headline":"Lula anuncia a\u00e7\u00f5es para moradia, FGTS e Minist\u00e9rio para Reconstru\u00e7\u00e3o do RS","datePublished":"2024-05-15T21:36:43+00:00","dateModified":"2024-05-15T21:36:43+00:00","mainEntityOfPage":{"@id":"https:\/\/jornaltimoneiro.com.br\/index.php\/2024\/05\/15\/lula-anuncia-acoes-para-moradia-fgts-e-ministerio-para-reconstrucao-do-rs\/"},"wordCount":699,"commentCount":0,"publisher":{"@id":"https:\/\/jornaltimoneiro.com.br\/#organization"},"keywords":["a\u00e7\u00f5es","casas","Governo Federal","pix"],"articleSection":["Enchente 2024 Canoas","ENCHENTE RS"],"inLanguage":"pt-BR","potentialAction":[{"@type":"CommentAction","name":"Comment","target":["https:\/\/jornaltimoneiro.com.br\/index.php\/2024\/05\/15\/lula-anuncia-acoes-para-moradia-fgts-e-ministerio-para-reconstrucao-do-rs\/#respond"]}]},{"@type":"WebPage","@id":"https:\/\/jornaltimoneiro.com.br\/index.php\/2024\/05\/15\/lula-anuncia-acoes-para-moradia-fgts-e-ministerio-para-reconstrucao-do-rs\/","url":"https:\/\/jornaltimoneiro.com.br\/index.php\/2024\/05\/15\/lula-anuncia-acoes-para-moradia-fgts-e-ministerio-para-reconstrucao-do-rs\/","name":"Lula anuncia a\u00e7\u00f5es para moradia, FGTS e Minist\u00e9rio para Reconstru\u00e7\u00e3o do RS - O Timoneiro Jornal Canoas RS","isPartOf":{"@id":"https:\/\/jornaltimoneiro.com.br\/#website"},"datePublished":"2024-05-15T21:36:43+00:00","dateModified":"2024-05-15T21:36:43+00:00","breadcrumb":{"@id":"https:\/\/jornaltimoneiro.com.br\/index.php\/2024\/05\/15\/lula-anuncia-acoes-para-moradia-fgts-e-ministerio-para-reconstrucao-do-rs\/#breadcrumb"},"inLanguage":"pt-BR","potentialAction":[{"@type":"ReadAction","target":["https:\/\/jornaltimoneiro.com.br\/index.php\/2024\/05\/15\/lula-anuncia-acoes-para-moradia-fgts-e-ministerio-para-reconstrucao-do-rs\/"]}]},{"@type":"BreadcrumbList","@id":"https:\/\/jornaltimoneiro.com.br\/index.php\/2024\/05\/15\/lula-anuncia-acoes-para-moradia-fgts-e-ministerio-para-reconstrucao-do-rs\/#breadcrumb","itemListElement":[{"@type":"ListItem","position":1,"name":"In\u00edcio","item":"https:\/\/jornaltimoneiro.com.br\/"},{"@type":"ListItem","position":2,"name":"Lula anuncia a\u00e7\u00f5es para moradia, FGTS e Minist\u00e9rio para Reconstru\u00e7\u00e3o do RS"}]},{"@type":"WebSite","@id":"https:\/\/jornaltimoneiro.com.br\/#website","url":"https:\/\/jornaltimoneiro.com.br\/","name":"Jornal Timoneiro Canoas RS","description":"Jornal O Timoneiro, o verdadeiro jornal de Canoas","publisher":{"@id":"https:\/\/jornaltimoneiro.com.br\/#organization"},"potentialAction":[{"@type":"SearchAction","target":{"@type":"EntryPoint","urlTemplate":"https:\/\/jornaltimoneiro.com.br\/?s={search_term_string}"},"query-input":"required name=search_term_string"}],"inLanguage":"pt-BR"},{"@type":"Organization","@id":"https:\/\/jornaltimoneiro.com.br\/#organization","name":"Jornal Timoneiro Canoas RS","url":"https:\/\/jornaltimoneiro.com.br\/","logo":{"@type":"ImageObject","inLanguage":"pt-BR","@id":"https:\/\/jornaltimoneiro.com.br\/#\/schema\/logo\/image\/","url":"https:\/\/jornaltimoneiro.com.br\/wp-content\/uploads\/2023\/03\/logonovo.png","contentUrl":"https:\/\/jornaltimoneiro.com.br\/wp-content\/uploads\/2023\/03\/logonovo.png","width":"469","height":"171","caption":"Jornal Timoneiro Canoas RS"},"image":{"@id":"https:\/\/jornaltimoneiro.com.br\/#\/schema\/logo\/image\/"},"sameAs":["https:\/\/www.facebook.com\/jornaltimoneiro","https:\/\/twitter.com\/_OTimoneiro","https:\/\/www.instagram.com\/jornaltimoneirocanoas\/","https:\/\/www.youtube.com\/@jornalotimoneiro7927"]},{"@type":"Person","@id":"https:\/\/jornaltimoneiro.com.br\/#\/schema\/person\/f63482f1a02b1a9592707865e509ab40","name":"Reda\u00e7\u00e3o","image":{"@type":"ImageObject","inLanguage":"pt-BR","@id":"https:\/\/jornaltimoneiro.com.br\/#\/schema\/person\/image\/","url":"https:\/\/jornaltimoneiro.com.br\/wp-content\/uploads\/2023\/03\/download.jpeg","contentUrl":"https:\/\/jornaltimoneiro.com.br\/wp-content\/uploads\/2023\/03\/download.jpeg","caption":"Reda\u00e7\u00e3o"},"url":"https:\/\/jornaltimoneiro.com.br\/index.php\/author\/simone-dutra\/"}]}},"_links":{"self":[{"href":"https:\/\/jornaltimoneiro.com.br\/index.php\/wp-json\/wp\/v2\/posts\/29450"}],"collection":[{"href":"https:\/\/jornaltimoneiro.com.br\/index.php\/wp-json\/wp\/v2\/posts"}],"about":[{"href":"https:\/\/jornaltimoneiro.com.br\/index.php\/wp-json\/wp\/v2\/types\/post"}],"author":[{"embeddable":true,"href":"https:\/\/jornaltimoneiro.com.br\/index.php\/wp-json\/wp\/v2\/users\/2"}],"replies":[{"embeddable":true,"href":"https:\/\/jornaltimoneiro.com.br\/index.php\/wp-json\/wp\/v2\/comments?post=29450"}],"version-history":[{"count":1,"href":"https:\/\/jornaltimoneiro.com.br\/index.php\/wp-json\/wp\/v2\/posts\/29450\/revisions"}],"predecessor-version":[{"id":29452,"href":"https:\/\/jornaltimoneiro.com.br\/index.php\/wp-json\/wp\/v2\/posts\/29450\/revisions\/29452"}],"wp:featuredmedia":[{"embeddable":true,"href":"https:\/\/jornaltimoneiro.com.br\/index.php\/wp-json\/wp\/v2\/media\/29451"}],"wp:attachment":[{"href":"https:\/\/jornaltimoneiro.com.br\/index.php\/wp-json\/wp\/v2\/media?parent=29450"}],"wp:term":[{"taxonomy":"category","embeddable":true,"href":"https:\/\/jornaltimoneiro.com.br\/index.php\/wp-json\/wp\/v2\/categories?post=29450"},{"taxonomy":"post_tag","embeddable":true,"href":"https:\/\/jornaltimoneiro.com.br\/index.php\/wp-json\/wp\/v2\/tags?post=29450"}],"curies":[{"name":"wp","href":"https:\/\/api.w.org\/{rel}","templated":true}]}}