{"id":2943,"date":"2016-02-26T14:05:44","date_gmt":"2016-02-26T17:05:44","guid":{"rendered":"http:\/\/otimoneiro.com.br\/?p=2943"},"modified":"2016-02-26T14:05:44","modified_gmt":"2016-02-26T17:05:44","slug":"audios-programa-ot-noticias-26022016","status":"publish","type":"post","link":"https:\/\/jornaltimoneiro.com.br\/index.php\/2016\/02\/26\/audios-programa-ot-noticias-26022016\/","title":{"rendered":"\u00c1UDIOS: Programa OT Not\u00edcias &#8211; 26\/02\/2016"},"content":{"rendered":"<p>O programa OT Not\u00edcias do dia 26 de fevereiro de 2016 abordou os seguintes assuntos:<br \/>\n&#8211; Minist\u00e9rio P\u00fablico recomenda demiss\u00e3o de 372 CCs em Canoas;<br \/>\n&#8211; Canoas tem 6 casos suspeitos de Zika;<br \/>\n&#8211; Pres\u00eddio de Canoas recebe presos j\u00e1 na pr\u00f3xima semana;<br \/>\n&#8211; Volta \u00e0s aulas na rede municipal com problemas;<span class=\"text_exposed_show\"><br \/>\n&#8211; Faltam cont\u00eaineres para recolhimento de lixo no Centro;<br \/>\n&#8211; Problema nos postes e em fia\u00e7\u00e3o nos bairros Harmonia e Cinco Col\u00f4nias;<br \/>\n&#8211; Momento Pol\u00edtico, com Jorge Uequed.<\/span><\/p>\n<p>Ou\u00e7a o programa completo abaixo, dividido em dois blocos, ou somente os trechos dos principais temas:<\/p>\n<p><strong>Coluna Momento Pol\u00edtico, com Jorge Uequed:<\/strong><\/p>\n<!--[if lt IE 9]><script>document.createElement('audio');<\/script><![endif]-->\n<audio class=\"wp-audio-shortcode\" id=\"audio-2943-1\" preload=\"none\" style=\"width: 100%;\" controls=\"controls\"><source type=\"audio\/mpeg\" src=\"http:\/\/otimoneiro.com.br\/wp-content\/uploads\/2016\/02\/MomentoPol\u00edtico260216.mp3?_=1\" \/><a href=\"http:\/\/otimoneiro.com.br\/wp-content\/uploads\/2016\/02\/MomentoPol\u00edtico260216.mp3\">http:\/\/otimoneiro.com.br\/wp-content\/uploads\/2016\/02\/MomentoPol\u00edtico260216.mp3<\/a><\/audio>\n<p>&nbsp;<\/p>\n<p><strong>Minist\u00e9rio P\u00fablico recomenda exonera\u00e7\u00e3o de 372 CCs na Prefeitura de Canoas:<br \/>\n<\/strong><a href=\"http:\/\/otimoneiro.com.br\/ministerio-publico-recomenda-a-demissao-de-372-cargos-em-confianca-de-canoas\/\" target=\"_blank\">Leia mais sobre isto aqui.<\/a><\/p>\n<audio class=\"wp-audio-shortcode\" id=\"audio-2943-2\" preload=\"none\" style=\"width: 100%;\" controls=\"controls\"><source type=\"audio\/mpeg\" src=\"http:\/\/otimoneiro.com.br\/wp-content\/uploads\/2016\/02\/OTN26022016_CCS.mp3?_=2\" \/><a href=\"http:\/\/otimoneiro.com.br\/wp-content\/uploads\/2016\/02\/OTN26022016_CCS.mp3\">http:\/\/otimoneiro.com.br\/wp-content\/uploads\/2016\/02\/OTN26022016_CCS.mp3<\/a><\/audio>\n<p>&nbsp;<\/p>\n<p><strong>Volta \u00e0s aulas sem guardas nas escolas e outros problemas (entrevista com Jari Rosa de Oliveira):<br \/>\n<\/strong><a href=\"http:\/\/otimoneiro.com.br\/escolas-municipais-iniciam-aulas-sem-guardas-nos-portoes\/\" target=\"_blank\">Leia mais sobre isto aqui.<\/a><\/p>\n<audio class=\"wp-audio-shortcode\" id=\"audio-2943-3\" preload=\"none\" style=\"width: 100%;\" controls=\"controls\"><source type=\"audio\/mpeg\" src=\"http:\/\/otimoneiro.com.br\/wp-content\/uploads\/2016\/02\/OTN26022016_VOLTAasAULAS.mp3?_=3\" \/><a href=\"http:\/\/otimoneiro.com.br\/wp-content\/uploads\/2016\/02\/OTN26022016_VOLTAasAULAS.mp3\">http:\/\/otimoneiro.com.br\/wp-content\/uploads\/2016\/02\/OTN26022016_VOLTAasAULAS.mp3<\/a><\/audio>\n<p>&nbsp;<\/p>\n<p><strong>Entrega dos uniformes custa R$ 269 mil e a inaugura\u00e7\u00e3o de EMEI:<\/strong><br \/>\n<a href=\"http:\/\/otimoneiro.com.br\/estrutura-para-entrega-de-uniformes-custou-r-269-mil-2\/\" target=\"_blank\">Leia mais sobre isto aqui.<\/a><\/p>\n<audio class=\"wp-audio-shortcode\" id=\"audio-2943-4\" preload=\"none\" style=\"width: 100%;\" controls=\"controls\"><source type=\"audio\/mpeg\" src=\"http:\/\/otimoneiro.com.br\/wp-content\/uploads\/2016\/02\/OTN26022016_uniformes_EMEI.mp3?_=4\" \/><a href=\"http:\/\/otimoneiro.com.br\/wp-content\/uploads\/2016\/02\/OTN26022016_uniformes_EMEI.mp3\">http:\/\/otimoneiro.com.br\/wp-content\/uploads\/2016\/02\/OTN26022016_uniformes_EMEI.mp3<\/a><\/audio>\n<p>&nbsp;<\/p>\n<p><strong>Bairros Cinco Col\u00f4nias e Harmonia enfrentam problemas com trocas de postes da rede el\u00e9trica:<br \/>\n<\/strong><a href=\"http:\/\/otimoneiro.com.br\/dois-bairros-sofrem-com-postes-menores-e-mau-atendimento\/\" target=\"_blank\">Leia mais sobre isto aqui.<\/a><\/p>\n<audio class=\"wp-audio-shortcode\" id=\"audio-2943-5\" preload=\"none\" style=\"width: 100%;\" controls=\"controls\"><source type=\"audio\/mpeg\" src=\"http:\/\/otimoneiro.com.br\/wp-content\/uploads\/2016\/02\/OTN26022016_POSTES_TELEFONIA.mp3?_=5\" \/><a href=\"http:\/\/otimoneiro.com.br\/wp-content\/uploads\/2016\/02\/OTN26022016_POSTES_TELEFONIA.mp3\">http:\/\/otimoneiro.com.br\/wp-content\/uploads\/2016\/02\/OTN26022016_POSTES_TELEFONIA.mp3<\/a><\/audio>\n<p>&nbsp;<\/p>\n<p><strong>Sobe para seis o n\u00famero de casos suspeitos de Zika em Canoas:<\/strong><br \/>\n<a href=\"http:\/\/otimoneiro.com.br\/confirmado-sexto-caso-de-dengue-no-municipio\/\" target=\"_blank\">Leia mais sobre isto aqui.<\/a><\/p>\n<audio class=\"wp-audio-shortcode\" id=\"audio-2943-6\" preload=\"none\" style=\"width: 100%;\" controls=\"controls\"><source type=\"audio\/mpeg\" src=\"http:\/\/otimoneiro.com.br\/wp-content\/uploads\/2016\/02\/OTN26022016_zika.mp3?_=6\" \/><a href=\"http:\/\/otimoneiro.com.br\/wp-content\/uploads\/2016\/02\/OTN26022016_zika.mp3\">http:\/\/otimoneiro.com.br\/wp-content\/uploads\/2016\/02\/OTN26022016_zika.mp3<\/a><\/audio>\n<p>&nbsp;<\/p>\n<p><strong>Seguran\u00e7a: primeiro m\u00f3dulo da penitenci\u00e1ria canoense ser\u00e1 inauruada dia 1\u00ba e Cel. Amorim completa um ano \u00e0 frente do 15\u00ba BPM:<br \/>\n<\/strong><a href=\"http:\/\/otimoneiro.com.br\/sem-bloqueador-de-celulares-presidio-deve-inaugurar-terca-feira\/\" target=\"_blank\">Leia mais sobre isto aqui.<\/a><\/p>\n<audio class=\"wp-audio-shortcode\" id=\"audio-2943-7\" preload=\"none\" style=\"width: 100%;\" controls=\"controls\"><source type=\"audio\/mpeg\" src=\"http:\/\/otimoneiro.com.br\/wp-content\/uploads\/2016\/02\/OTN26022016_SEGURANCA.mp3?_=7\" \/><a href=\"http:\/\/otimoneiro.com.br\/wp-content\/uploads\/2016\/02\/OTN26022016_SEGURANCA.mp3\">http:\/\/otimoneiro.com.br\/wp-content\/uploads\/2016\/02\/OTN26022016_SEGURANCA.mp3<\/a><\/audio>\n<p>&nbsp;<\/p>\n<p><strong>Moradores de rua da \u00e1rea central reclamam de falta de cont\u00eaineres de recolhimento de lixo:<br \/>\n<\/strong><a href=\"http:\/\/otimoneiro.com.br\/recolhimento-de-lixo-falta-de-conteineres-incomoda-moradores-na-doutor-barcelos\/\" target=\"_blank\">Saiba mais sobre isto aqui.<\/a><\/p>\n<audio class=\"wp-audio-shortcode\" id=\"audio-2943-8\" preload=\"none\" style=\"width: 100%;\" controls=\"controls\"><source type=\"audio\/mpeg\" src=\"http:\/\/otimoneiro.com.br\/wp-content\/uploads\/2016\/02\/OTN26022016_CONTEINERES.mp3?_=8\" \/><a href=\"http:\/\/otimoneiro.com.br\/wp-content\/uploads\/2016\/02\/OTN26022016_CONTEINERES.mp3\">http:\/\/otimoneiro.com.br\/wp-content\/uploads\/2016\/02\/OTN26022016_CONTEINERES.mp3<\/a><\/audio>\n<p>&nbsp;<\/p>\n<p><strong>PROGRAMA OT NOT\u00cdCIAS DE 26\/02\/2016 NA \u00cdNTEGRA:<\/strong><\/p>\n<p><strong>Parte 1<\/strong><\/p>\n<audio class=\"wp-audio-shortcode\" id=\"audio-2943-9\" preload=\"none\" style=\"width: 100%;\" controls=\"controls\"><source type=\"audio\/mpeg\" src=\"http:\/\/otimoneiro.com.br\/wp-content\/uploads\/2016\/02\/OTN26022016_parte1.mp3?_=9\" \/><a href=\"http:\/\/otimoneiro.com.br\/wp-content\/uploads\/2016\/02\/OTN26022016_parte1.mp3\">http:\/\/otimoneiro.com.br\/wp-content\/uploads\/2016\/02\/OTN26022016_parte1.mp3<\/a><\/audio>\n<p><strong>Parte 2<\/strong><\/p>\n<audio class=\"wp-audio-shortcode\" id=\"audio-2943-10\" preload=\"none\" style=\"width: 100%;\" controls=\"controls\"><source type=\"audio\/mpeg\" src=\"http:\/\/otimoneiro.com.br\/wp-content\/uploads\/2016\/02\/OTN26022016_parte2.mp3?_=10\" \/><a href=\"http:\/\/otimoneiro.com.br\/wp-content\/uploads\/2016\/02\/OTN26022016_parte2.mp3\">http:\/\/otimoneiro.com.br\/wp-content\/uploads\/2016\/02\/OTN26022016_parte2.mp3<\/a><\/audio>\n","protected":false},"excerpt":{"rendered":"<p>O programa OT Not\u00edcias do dia 26 de fevereiro de 2016 abordou os seguintes assuntos: &#8211; Minist\u00e9rio P\u00fablico recomenda demiss\u00e3o de 372 CCs em Canoas; &#8211; Canoas tem 6 casos suspeitos de Zika; &#8211; Pres\u00eddio de Canoas recebe presos j\u00e1 na pr\u00f3xima semana; &#8211; Volta \u00e0s aulas na rede municipal com problemas; &#8211; Faltam cont\u00eaineres [&hellip;]<\/p>\n","protected":false},"author":1,"featured_media":0,"comment_status":"open","ping_status":"open","sticky":false,"template":"","format":"standard","meta":{"amp_status":"","footnotes":""},"categories":[19,34],"tags":[],"class_list":["post-2943","post","type-post","status-publish","format-standard","hentry","category-destaques","category-ot-noticias"],"yoast_head":"<!-- This site is optimized with the Yoast SEO plugin v20.5 - https:\/\/yoast.com\/wordpress\/plugins\/seo\/ -->\n<title>\u00c1UDIOS: Programa OT Not\u00edcias - 26\/02\/2016 - O Timoneiro Jornal Canoas RS<\/title>\n<meta name=\"robots\" content=\"index, follow, max-snippet:-1, max-image-preview:large, max-video-preview:-1\" \/>\n<link rel=\"canonical\" href=\"https:\/\/jornaltimoneiro.com.br\/index.php\/2016\/02\/26\/audios-programa-ot-noticias-26022016\/\" \/>\n<meta property=\"og:locale\" content=\"pt_BR\" \/>\n<meta property=\"og:type\" content=\"article\" \/>\n<meta property=\"og:title\" content=\"\u00c1UDIOS: Programa OT Not\u00edcias - 26\/02\/2016 - O Timoneiro Jornal Canoas RS\" \/>\n<meta property=\"og:description\" content=\"O programa OT Not\u00edcias do dia 26 de fevereiro de 2016 abordou os seguintes assuntos: &#8211; Minist\u00e9rio P\u00fablico recomenda demiss\u00e3o de 372 CCs em Canoas; &#8211; Canoas tem 6 casos suspeitos de Zika; &#8211; Pres\u00eddio de Canoas recebe presos j\u00e1 na pr\u00f3xima semana; &#8211; Volta \u00e0s aulas na rede municipal com problemas; &#8211; Faltam cont\u00eaineres [&hellip;]\" \/>\n<meta property=\"og:url\" content=\"https:\/\/jornaltimoneiro.com.br\/index.php\/2016\/02\/26\/audios-programa-ot-noticias-26022016\/\" \/>\n<meta property=\"og:site_name\" content=\"O Timoneiro Jornal Canoas RS\" \/>\n<meta property=\"article:publisher\" content=\"https:\/\/www.facebook.com\/jornaltimoneiro\" \/>\n<meta property=\"article:published_time\" content=\"2016-02-26T17:05:44+00:00\" \/>\n<meta name=\"author\" content=\"Reda\u00e7\u00e3o\" \/>\n<meta name=\"twitter:card\" content=\"summary_large_image\" \/>\n<meta name=\"twitter:creator\" content=\"@_OTimoneiro\" \/>\n<meta name=\"twitter:site\" content=\"@_OTimoneiro\" \/>\n<meta name=\"twitter:label1\" content=\"Escrito por\" \/>\n\t<meta name=\"twitter:data1\" content=\"Reda\u00e7\u00e3o\" \/>\n\t<meta name=\"twitter:label2\" content=\"Est. tempo de leitura\" \/>\n\t<meta name=\"twitter:data2\" content=\"2 minutos\" \/>\n<script type=\"application\/ld+json\" class=\"yoast-schema-graph\">{\"@context\":\"https:\/\/schema.org\",\"@graph\":[{\"@type\":\"Article\",\"@id\":\"https:\/\/jornaltimoneiro.com.br\/index.php\/2016\/02\/26\/audios-programa-ot-noticias-26022016\/#article\",\"isPartOf\":{\"@id\":\"https:\/\/jornaltimoneiro.com.br\/index.php\/2016\/02\/26\/audios-programa-ot-noticias-26022016\/\"},\"author\":{\"name\":\"Reda\u00e7\u00e3o\",\"@id\":\"https:\/\/jornaltimoneiro.com.br\/#\/schema\/person\/620efd1d8244466117482be494360b08\"},\"headline\":\"\u00c1UDIOS: Programa OT Not\u00edcias &#8211; 26\/02\/2016\",\"datePublished\":\"2016-02-26T17:05:44+00:00\",\"dateModified\":\"2016-02-26T17:05:44+00:00\",\"mainEntityOfPage\":{\"@id\":\"https:\/\/jornaltimoneiro.com.br\/index.php\/2016\/02\/26\/audios-programa-ot-noticias-26022016\/\"},\"wordCount\":397,\"commentCount\":0,\"publisher\":{\"@id\":\"https:\/\/jornaltimoneiro.com.br\/#organization\"},\"articleSection\":[\"Destaques\",\"OT Not\u00edcias\"],\"inLanguage\":\"pt-BR\",\"potentialAction\":[{\"@type\":\"CommentAction\",\"name\":\"Comment\",\"target\":[\"https:\/\/jornaltimoneiro.com.br\/index.php\/2016\/02\/26\/audios-programa-ot-noticias-26022016\/#respond\"]}]},{\"@type\":\"WebPage\",\"@id\":\"https:\/\/jornaltimoneiro.com.br\/index.php\/2016\/02\/26\/audios-programa-ot-noticias-26022016\/\",\"url\":\"https:\/\/jornaltimoneiro.com.br\/index.php\/2016\/02\/26\/audios-programa-ot-noticias-26022016\/\",\"name\":\"\u00c1UDIOS: Programa OT Not\u00edcias - 26\/02\/2016 - O Timoneiro Jornal Canoas RS\",\"isPartOf\":{\"@id\":\"https:\/\/jornaltimoneiro.com.br\/#website\"},\"datePublished\":\"2016-02-26T17:05:44+00:00\",\"dateModified\":\"2016-02-26T17:05:44+00:00\",\"breadcrumb\":{\"@id\":\"https:\/\/jornaltimoneiro.com.br\/index.php\/2016\/02\/26\/audios-programa-ot-noticias-26022016\/#breadcrumb\"},\"inLanguage\":\"pt-BR\",\"potentialAction\":[{\"@type\":\"ReadAction\",\"target\":[\"https:\/\/jornaltimoneiro.com.br\/index.php\/2016\/02\/26\/audios-programa-ot-noticias-26022016\/\"]}]},{\"@type\":\"BreadcrumbList\",\"@id\":\"https:\/\/jornaltimoneiro.com.br\/index.php\/2016\/02\/26\/audios-programa-ot-noticias-26022016\/#breadcrumb\",\"itemListElement\":[{\"@type\":\"ListItem\",\"position\":1,\"name\":\"In\u00edcio\",\"item\":\"https:\/\/jornaltimoneiro.com.br\/\"},{\"@type\":\"ListItem\",\"position\":2,\"name\":\"\u00c1UDIOS: Programa OT Not\u00edcias &#8211; 26\/02\/2016\"}]},{\"@type\":\"WebSite\",\"@id\":\"https:\/\/jornaltimoneiro.com.br\/#website\",\"url\":\"https:\/\/jornaltimoneiro.com.br\/\",\"name\":\"Jornal Timoneiro Canoas RS\",\"description\":\"Jornal O Timoneiro, o verdadeiro jornal de Canoas\",\"publisher\":{\"@id\":\"https:\/\/jornaltimoneiro.com.br\/#organization\"},\"potentialAction\":[{\"@type\":\"SearchAction\",\"target\":{\"@type\":\"EntryPoint\",\"urlTemplate\":\"https:\/\/jornaltimoneiro.com.br\/?s={search_term_string}\"},\"query-input\":\"required name=search_term_string\"}],\"inLanguage\":\"pt-BR\"},{\"@type\":\"Organization\",\"@id\":\"https:\/\/jornaltimoneiro.com.br\/#organization\",\"name\":\"Jornal Timoneiro Canoas RS\",\"url\":\"https:\/\/jornaltimoneiro.com.br\/\",\"logo\":{\"@type\":\"ImageObject\",\"inLanguage\":\"pt-BR\",\"@id\":\"https:\/\/jornaltimoneiro.com.br\/#\/schema\/logo\/image\/\",\"url\":\"https:\/\/jornaltimoneiro.com.br\/wp-content\/uploads\/2023\/03\/logonovo.png\",\"contentUrl\":\"https:\/\/jornaltimoneiro.com.br\/wp-content\/uploads\/2023\/03\/logonovo.png\",\"width\":\"469\",\"height\":\"171\",\"caption\":\"Jornal Timoneiro Canoas RS\"},\"image\":{\"@id\":\"https:\/\/jornaltimoneiro.com.br\/#\/schema\/logo\/image\/\"},\"sameAs\":[\"https:\/\/www.facebook.com\/jornaltimoneiro\",\"https:\/\/twitter.com\/_OTimoneiro\",\"https:\/\/www.instagram.com\/jornaltimoneirocanoas\/\",\"https:\/\/www.youtube.com\/@jornalotimoneiro7927\"]},{\"@type\":\"Person\",\"@id\":\"https:\/\/jornaltimoneiro.com.br\/#\/schema\/person\/620efd1d8244466117482be494360b08\",\"name\":\"Reda\u00e7\u00e3o\",\"image\":{\"@type\":\"ImageObject\",\"inLanguage\":\"pt-BR\",\"@id\":\"https:\/\/jornaltimoneiro.com.br\/#\/schema\/person\/image\/\",\"url\":\"https:\/\/secure.gravatar.com\/avatar\/2f04e1b304682a8d9db336c7acd77f08?s=96&d=mm&r=g\",\"contentUrl\":\"https:\/\/secure.gravatar.com\/avatar\/2f04e1b304682a8d9db336c7acd77f08?s=96&d=mm&r=g\",\"caption\":\"Reda\u00e7\u00e3o\"},\"url\":\"https:\/\/jornaltimoneiro.com.br\/index.php\/author\/timoneirocanoas\/\"}]}<\/script>\n<!-- \/ Yoast SEO plugin. -->","yoast_head_json":{"title":"\u00c1UDIOS: Programa OT Not\u00edcias - 26\/02\/2016 - O Timoneiro Jornal Canoas RS","robots":{"index":"index","follow":"follow","max-snippet":"max-snippet:-1","max-image-preview":"max-image-preview:large","max-video-preview":"max-video-preview:-1"},"canonical":"https:\/\/jornaltimoneiro.com.br\/index.php\/2016\/02\/26\/audios-programa-ot-noticias-26022016\/","og_locale":"pt_BR","og_type":"article","og_title":"\u00c1UDIOS: Programa OT Not\u00edcias - 26\/02\/2016 - O Timoneiro Jornal Canoas RS","og_description":"O programa OT Not\u00edcias do dia 26 de fevereiro de 2016 abordou os seguintes assuntos: &#8211; Minist\u00e9rio P\u00fablico recomenda demiss\u00e3o de 372 CCs em Canoas; &#8211; Canoas tem 6 casos suspeitos de Zika; &#8211; Pres\u00eddio de Canoas recebe presos j\u00e1 na pr\u00f3xima semana; &#8211; Volta \u00e0s aulas na rede municipal com problemas; &#8211; Faltam cont\u00eaineres [&hellip;]","og_url":"https:\/\/jornaltimoneiro.com.br\/index.php\/2016\/02\/26\/audios-programa-ot-noticias-26022016\/","og_site_name":"O Timoneiro Jornal Canoas RS","article_publisher":"https:\/\/www.facebook.com\/jornaltimoneiro","article_published_time":"2016-02-26T17:05:44+00:00","author":"Reda\u00e7\u00e3o","twitter_card":"summary_large_image","twitter_creator":"@_OTimoneiro","twitter_site":"@_OTimoneiro","twitter_misc":{"Escrito por":"Reda\u00e7\u00e3o","Est. tempo de leitura":"2 minutos"},"schema":{"@context":"https:\/\/schema.org","@graph":[{"@type":"Article","@id":"https:\/\/jornaltimoneiro.com.br\/index.php\/2016\/02\/26\/audios-programa-ot-noticias-26022016\/#article","isPartOf":{"@id":"https:\/\/jornaltimoneiro.com.br\/index.php\/2016\/02\/26\/audios-programa-ot-noticias-26022016\/"},"author":{"name":"Reda\u00e7\u00e3o","@id":"https:\/\/jornaltimoneiro.com.br\/#\/schema\/person\/620efd1d8244466117482be494360b08"},"headline":"\u00c1UDIOS: Programa OT Not\u00edcias &#8211; 26\/02\/2016","datePublished":"2016-02-26T17:05:44+00:00","dateModified":"2016-02-26T17:05:44+00:00","mainEntityOfPage":{"@id":"https:\/\/jornaltimoneiro.com.br\/index.php\/2016\/02\/26\/audios-programa-ot-noticias-26022016\/"},"wordCount":397,"commentCount":0,"publisher":{"@id":"https:\/\/jornaltimoneiro.com.br\/#organization"},"articleSection":["Destaques","OT Not\u00edcias"],"inLanguage":"pt-BR","potentialAction":[{"@type":"CommentAction","name":"Comment","target":["https:\/\/jornaltimoneiro.com.br\/index.php\/2016\/02\/26\/audios-programa-ot-noticias-26022016\/#respond"]}]},{"@type":"WebPage","@id":"https:\/\/jornaltimoneiro.com.br\/index.php\/2016\/02\/26\/audios-programa-ot-noticias-26022016\/","url":"https:\/\/jornaltimoneiro.com.br\/index.php\/2016\/02\/26\/audios-programa-ot-noticias-26022016\/","name":"\u00c1UDIOS: Programa OT Not\u00edcias - 26\/02\/2016 - O Timoneiro Jornal Canoas RS","isPartOf":{"@id":"https:\/\/jornaltimoneiro.com.br\/#website"},"datePublished":"2016-02-26T17:05:44+00:00","dateModified":"2016-02-26T17:05:44+00:00","breadcrumb":{"@id":"https:\/\/jornaltimoneiro.com.br\/index.php\/2016\/02\/26\/audios-programa-ot-noticias-26022016\/#breadcrumb"},"inLanguage":"pt-BR","potentialAction":[{"@type":"ReadAction","target":["https:\/\/jornaltimoneiro.com.br\/index.php\/2016\/02\/26\/audios-programa-ot-noticias-26022016\/"]}]},{"@type":"BreadcrumbList","@id":"https:\/\/jornaltimoneiro.com.br\/index.php\/2016\/02\/26\/audios-programa-ot-noticias-26022016\/#breadcrumb","itemListElement":[{"@type":"ListItem","position":1,"name":"In\u00edcio","item":"https:\/\/jornaltimoneiro.com.br\/"},{"@type":"ListItem","position":2,"name":"\u00c1UDIOS: Programa OT Not\u00edcias &#8211; 26\/02\/2016"}]},{"@type":"WebSite","@id":"https:\/\/jornaltimoneiro.com.br\/#website","url":"https:\/\/jornaltimoneiro.com.br\/","name":"Jornal Timoneiro Canoas RS","description":"Jornal O Timoneiro, o verdadeiro jornal de Canoas","publisher":{"@id":"https:\/\/jornaltimoneiro.com.br\/#organization"},"potentialAction":[{"@type":"SearchAction","target":{"@type":"EntryPoint","urlTemplate":"https:\/\/jornaltimoneiro.com.br\/?s={search_term_string}"},"query-input":"required name=search_term_string"}],"inLanguage":"pt-BR"},{"@type":"Organization","@id":"https:\/\/jornaltimoneiro.com.br\/#organization","name":"Jornal Timoneiro Canoas RS","url":"https:\/\/jornaltimoneiro.com.br\/","logo":{"@type":"ImageObject","inLanguage":"pt-BR","@id":"https:\/\/jornaltimoneiro.com.br\/#\/schema\/logo\/image\/","url":"https:\/\/jornaltimoneiro.com.br\/wp-content\/uploads\/2023\/03\/logonovo.png","contentUrl":"https:\/\/jornaltimoneiro.com.br\/wp-content\/uploads\/2023\/03\/logonovo.png","width":"469","height":"171","caption":"Jornal Timoneiro Canoas RS"},"image":{"@id":"https:\/\/jornaltimoneiro.com.br\/#\/schema\/logo\/image\/"},"sameAs":["https:\/\/www.facebook.com\/jornaltimoneiro","https:\/\/twitter.com\/_OTimoneiro","https:\/\/www.instagram.com\/jornaltimoneirocanoas\/","https:\/\/www.youtube.com\/@jornalotimoneiro7927"]},{"@type":"Person","@id":"https:\/\/jornaltimoneiro.com.br\/#\/schema\/person\/620efd1d8244466117482be494360b08","name":"Reda\u00e7\u00e3o","image":{"@type":"ImageObject","inLanguage":"pt-BR","@id":"https:\/\/jornaltimoneiro.com.br\/#\/schema\/person\/image\/","url":"https:\/\/secure.gravatar.com\/avatar\/2f04e1b304682a8d9db336c7acd77f08?s=96&d=mm&r=g","contentUrl":"https:\/\/secure.gravatar.com\/avatar\/2f04e1b304682a8d9db336c7acd77f08?s=96&d=mm&r=g","caption":"Reda\u00e7\u00e3o"},"url":"https:\/\/jornaltimoneiro.com.br\/index.php\/author\/timoneirocanoas\/"}]}},"_links":{"self":[{"href":"https:\/\/jornaltimoneiro.com.br\/index.php\/wp-json\/wp\/v2\/posts\/2943"}],"collection":[{"href":"https:\/\/jornaltimoneiro.com.br\/index.php\/wp-json\/wp\/v2\/posts"}],"about":[{"href":"https:\/\/jornaltimoneiro.com.br\/index.php\/wp-json\/wp\/v2\/types\/post"}],"author":[{"embeddable":true,"href":"https:\/\/jornaltimoneiro.com.br\/index.php\/wp-json\/wp\/v2\/users\/1"}],"replies":[{"embeddable":true,"href":"https:\/\/jornaltimoneiro.com.br\/index.php\/wp-json\/wp\/v2\/comments?post=2943"}],"version-history":[{"count":0,"href":"https:\/\/jornaltimoneiro.com.br\/index.php\/wp-json\/wp\/v2\/posts\/2943\/revisions"}],"wp:attachment":[{"href":"https:\/\/jornaltimoneiro.com.br\/index.php\/wp-json\/wp\/v2\/media?parent=2943"}],"wp:term":[{"taxonomy":"category","embeddable":true,"href":"https:\/\/jornaltimoneiro.com.br\/index.php\/wp-json\/wp\/v2\/categories?post=2943"},{"taxonomy":"post_tag","embeddable":true,"href":"https:\/\/jornaltimoneiro.com.br\/index.php\/wp-json\/wp\/v2\/tags?post=2943"}],"curies":[{"name":"wp","href":"https:\/\/api.w.org\/{rel}","templated":true}]}}