{"id":29236,"date":"2024-05-09T19:53:36","date_gmt":"2024-05-09T22:53:36","guid":{"rendered":"https:\/\/jornaltimoneiro.com.br\/?p=29236"},"modified":"2024-05-13T14:33:13","modified_gmt":"2024-05-13T17:33:13","slug":"pacote-do-governo-federal-para-mitigar-efeitos-da-enchente-deve-injetar-r-50-milhoes-no-rs","status":"publish","type":"post","link":"https:\/\/jornaltimoneiro.com.br\/index.php\/2024\/05\/09\/pacote-do-governo-federal-para-mitigar-efeitos-da-enchente-deve-injetar-r-50-milhoes-no-rs\/","title":{"rendered":"Pacote do governo federal para mitigar efeitos da enchente deve injetar R$ 50 bilh\u00f5es no RS"},"content":{"rendered":"<p>O governo federal anunciou um conjunto de medidas que deve injetar cerca de R$ 50,9 bilh\u00f5es na economia do Rio Grande do Sul. O an\u00fancio foi feito em evento na manh\u00e3 desta quinta-feira,9, em Bras\u00edlia. A antecipa\u00e7\u00e3o de benef\u00edcios, a estrutura\u00e7\u00e3o de projetos de log\u00edstica e infraestrutura e o aporte de recursos para alavancar e subvencionar o cr\u00e9dito est\u00e3o entre as a\u00e7\u00f5es.<\/p>\n<p>Em apresenta\u00e7\u00e3o no Pal\u00e1cio do Planalto, o presidente Luiz In\u00e1cio Lula da Silva explicou que esses s\u00e3o recursos iniciais. \u201cEu tenho dito aos ministros que n\u00f3s temos que nos preparar porque a gente vai ter o tamanho da grandeza dos problemas quando a \u00e1gua baixar e quando os rios voltarem \u00e0 normalidade\u201d, disse.<\/p>\n<p>Lula garantiu ainda que o governo federal est\u00e1 empenhado para que nenhuma burocracia atrapalhe a urg\u00eancia das a\u00e7\u00f5es anunciadas.<\/p>\n<h4>P\u00fablico atendido<\/h4>\n<p>Segundo o ministro da Fazenda, Fernando Haddad, as medidas e recursos v\u00e3o beneficiar trabalhadores assalariados, benefici\u00e1rios de programas sociais, estado e munic\u00edpios, empresas e produtores rurais. \u201c\u00c9 uma primeira medida que vai garantir um fluxo de recursos importante nesse primeiro momento, at\u00e9 que tenhamos um apanhado maior da situa\u00e7\u00e3o, que pode exigir medidas adicionais\u201d, explicou.<\/p>\n<p>De acordo com o ministro, o impacto prim\u00e1rio das medidas \u00e9 de R$ 7,695 bilh\u00f5es e n\u00e3o afetar\u00e1 as a\u00e7\u00f5es e programas executados ordinariamente pelo governo federal em outras regi\u00f5es do pa\u00eds.<\/p>\n<p>Adicionalmente, cada minist\u00e9rio est\u00e1 elaborando seu plano de a\u00e7\u00e3o para o Rio Grande do Sul. Al\u00e9m disso, na pr\u00f3xima segunda-feira, 13, a pasta deve anunciar o resultado das negocia\u00e7\u00f5es em torno da d\u00edvida do estado com a Uni\u00e3o. O governador Eduardo Leite pede a suspens\u00e3o das parcelas dos d\u00e9bitos com o governo federal para liberar cerca de R$ 3,5 bilh\u00f5es do caixa do estado.<\/p>\n<p>Durante o evento, Banco do Brasil, Caixa e BNDES tamb\u00e9m anunciaram medidas adicionais para atender a popula\u00e7\u00e3o do Rio Grande do Sul. Os bancos p\u00fablicos anunciaram a suspens\u00e3o do pagamento de d\u00edvidas e do FGTS por parte das empresas.<\/p>\n<h4>Trabalhadores e programas sociais<\/h4>\n<p>Outra medida do pacote \u00e9 a antecipa\u00e7\u00e3o do pagamento do abono salarial para este m\u00eas de maio. Ser\u00e3o R$ 758 milh\u00f5es destinados a 705 mil trabalhadores com carteira assinada.<\/p>\n<p>Tamb\u00e9m haver\u00e1 a libera\u00e7\u00e3o de duas parcelas adicionais do seguro-desemprego para os desempregados que j\u00e1 estavam recebendo antes da decreta\u00e7\u00e3o de calamidade, ao final da \u00faltima parcela. Ser\u00e3o beneficiadas 140 mil pessoas.<\/p>\n<p>A Receita Federal trabalha na prioriza\u00e7\u00e3o no pagamento da restitui\u00e7\u00e3o do Imposto de Renda para contribuintes do Rio Grande do Sul. O pagamento ocorrer\u00e1 at\u00e9 junho para at\u00e9 1,6 milh\u00e3o de pessoas, no valor de R$ 1 bilh\u00e3o. \u201c\u00c9 um valor que \u00e9 delas, a \u00fanica coisa que estamos fazendo \u00e9 antecipando o cronograma para mobilizar recursos para ativar a economia e a reconstru\u00e7\u00e3o da vida das pessoas afetadas\u201d, disse o ministro Fernando Haddad.<\/p>\n<p>O governo federal tamb\u00e9m antecipar\u00e1 os pagamentos do m\u00eas de maio do Bolsa Fam\u00edlia e do Aux\u00edlio-G\u00e1s para 583 mil fam\u00edlias ga\u00fachas. O impacto imediato ser\u00e1 de 380 milh\u00f5es.<\/p>\n<h4>Estado e munic\u00edpios<\/h4>\n<p>Ser\u00e3o aportados R$ 200 milh\u00f5es para apoiar e financiar projetos de reconstru\u00e7\u00e3o de infraestrutura do estado e dos munic\u00edpios afetados. Isso inclui pontes, viadutos, estradas, de um conjunto de ativos, log\u00edsticos sobretudo, que v\u00e3o exigir um escrit\u00f3rio de projetos para celeridade na contrata\u00e7\u00e3o e obras.<\/p>\n<p>\u201cUma coisa \u00e9 contratar obras em regime de urg\u00eancia, outra coisa \u00e9 n\u00e3o ter o projeto e contrata\u00e7\u00e3o de obra, voc\u00ea n\u00e3o consegue nem or\u00e7ar para fazer uma contrata\u00e7\u00e3o emergencial\u201d, explicou Fernando Haddad.<\/p>\n<p>O governo federal tamb\u00e9m far\u00e1 uma for\u00e7a-tarefa para acelerar a an\u00e1lise de cr\u00e9dito com aval da Uni\u00e3o para munic\u00edpios do Rio Grande do Sul. S\u00e3o 14 munic\u00edpios que est\u00e3o com opera\u00e7\u00f5es de cr\u00e9dito em andamento no valor de R$ 1,8 bilh\u00e3o.<\/p>\n","protected":false},"excerpt":{"rendered":"<p>O governo federal anunciou um conjunto de medidas que deve injetar cerca de R$ 50,9 bilh\u00f5es na economia do Rio Grande do Sul. O an\u00fancio foi feito em evento na manh\u00e3 desta quinta-feira,9, em Bras\u00edlia. A antecipa\u00e7\u00e3o de benef\u00edcios, a estrutura\u00e7\u00e3o de projetos de log\u00edstica e infraestrutura e o aporte de recursos para alavancar e [&hellip;]<\/p>\n","protected":false},"author":2,"featured_media":29237,"comment_status":"open","ping_status":"open","sticky":false,"template":"","format":"standard","meta":{"amp_status":"","footnotes":""},"categories":[1854,2494,73,20],"tags":[2450,791,190,67,2206],"class_list":["post-29236","post","type-post","status-publish","format-standard","has-post-thumbnail","hentry","category-economia","category-enchente-rs","category-pais","category-politica-noticias","tag-bilhoes","tag-enchente","tag-featured","tag-governo-federal","tag-pacote"],"yoast_head":"<!-- This site is optimized with the Yoast SEO plugin v20.5 - https:\/\/yoast.com\/wordpress\/plugins\/seo\/ -->\n<title>Pacote do governo federal para mitigar efeitos da enchente deve injetar R$ 50 bilh\u00f5es no RS - O Timoneiro Jornal Canoas RS<\/title>\n<meta name=\"robots\" content=\"index, follow, max-snippet:-1, max-image-preview:large, max-video-preview:-1\" \/>\n<link rel=\"canonical\" href=\"https:\/\/jornaltimoneiro.com.br\/index.php\/2024\/05\/09\/pacote-do-governo-federal-para-mitigar-efeitos-da-enchente-deve-injetar-r-50-milhoes-no-rs\/\" \/>\n<meta property=\"og:locale\" content=\"pt_BR\" \/>\n<meta property=\"og:type\" content=\"article\" \/>\n<meta property=\"og:title\" content=\"Pacote do governo federal para mitigar efeitos da enchente deve injetar R$ 50 bilh\u00f5es no RS - O Timoneiro Jornal Canoas RS\" \/>\n<meta property=\"og:description\" content=\"O governo federal anunciou um conjunto de medidas que deve injetar cerca de R$ 50,9 bilh\u00f5es na economia do Rio Grande do Sul. O an\u00fancio foi feito em evento na manh\u00e3 desta quinta-feira,9, em Bras\u00edlia. A antecipa\u00e7\u00e3o de benef\u00edcios, a estrutura\u00e7\u00e3o de projetos de log\u00edstica e infraestrutura e o aporte de recursos para alavancar e [&hellip;]\" \/>\n<meta property=\"og:url\" content=\"https:\/\/jornaltimoneiro.com.br\/index.php\/2024\/05\/09\/pacote-do-governo-federal-para-mitigar-efeitos-da-enchente-deve-injetar-r-50-milhoes-no-rs\/\" \/>\n<meta property=\"og:site_name\" content=\"O Timoneiro Jornal Canoas RS\" \/>\n<meta property=\"article:publisher\" content=\"https:\/\/www.facebook.com\/jornaltimoneiro\" \/>\n<meta property=\"article:published_time\" content=\"2024-05-09T22:53:36+00:00\" \/>\n<meta property=\"article:modified_time\" content=\"2024-05-13T17:33:13+00:00\" \/>\n<meta property=\"og:image\" content=\"https:\/\/jornaltimoneiro.com.br\/wp-content\/uploads\/2024\/05\/0d9a6409_0.jpg\" \/>\n\t<meta property=\"og:image:width\" content=\"1170\" \/>\n\t<meta property=\"og:image:height\" content=\"700\" \/>\n\t<meta property=\"og:image:type\" content=\"image\/jpeg\" \/>\n<meta name=\"author\" content=\"Reda\u00e7\u00e3o\" \/>\n<meta name=\"twitter:card\" content=\"summary_large_image\" \/>\n<meta name=\"twitter:creator\" content=\"@_OTimoneiro\" \/>\n<meta name=\"twitter:site\" content=\"@_OTimoneiro\" \/>\n<meta name=\"twitter:label1\" content=\"Escrito por\" \/>\n\t<meta name=\"twitter:data1\" content=\"Reda\u00e7\u00e3o\" \/>\n\t<meta name=\"twitter:label2\" content=\"Est. tempo de leitura\" \/>\n\t<meta name=\"twitter:data2\" content=\"4 minutos\" \/>\n<script type=\"application\/ld+json\" class=\"yoast-schema-graph\">{\"@context\":\"https:\/\/schema.org\",\"@graph\":[{\"@type\":\"Article\",\"@id\":\"https:\/\/jornaltimoneiro.com.br\/index.php\/2024\/05\/09\/pacote-do-governo-federal-para-mitigar-efeitos-da-enchente-deve-injetar-r-50-milhoes-no-rs\/#article\",\"isPartOf\":{\"@id\":\"https:\/\/jornaltimoneiro.com.br\/index.php\/2024\/05\/09\/pacote-do-governo-federal-para-mitigar-efeitos-da-enchente-deve-injetar-r-50-milhoes-no-rs\/\"},\"author\":{\"name\":\"Reda\u00e7\u00e3o\",\"@id\":\"https:\/\/jornaltimoneiro.com.br\/#\/schema\/person\/f63482f1a02b1a9592707865e509ab40\"},\"headline\":\"Pacote do governo federal para mitigar efeitos da enchente deve injetar R$ 50 bilh\u00f5es no RS\",\"datePublished\":\"2024-05-09T22:53:36+00:00\",\"dateModified\":\"2024-05-13T17:33:13+00:00\",\"mainEntityOfPage\":{\"@id\":\"https:\/\/jornaltimoneiro.com.br\/index.php\/2024\/05\/09\/pacote-do-governo-federal-para-mitigar-efeitos-da-enchente-deve-injetar-r-50-milhoes-no-rs\/\"},\"wordCount\":700,\"commentCount\":0,\"publisher\":{\"@id\":\"https:\/\/jornaltimoneiro.com.br\/#organization\"},\"keywords\":[\"bilh\u00f5es\",\"enchente\",\"featured\",\"Governo Federal\",\"pacote\"],\"articleSection\":[\"Economia\",\"ENCHENTE RS\",\"Pa\u00eds\",\"Pol\u00edtica\"],\"inLanguage\":\"pt-BR\",\"potentialAction\":[{\"@type\":\"CommentAction\",\"name\":\"Comment\",\"target\":[\"https:\/\/jornaltimoneiro.com.br\/index.php\/2024\/05\/09\/pacote-do-governo-federal-para-mitigar-efeitos-da-enchente-deve-injetar-r-50-milhoes-no-rs\/#respond\"]}]},{\"@type\":\"WebPage\",\"@id\":\"https:\/\/jornaltimoneiro.com.br\/index.php\/2024\/05\/09\/pacote-do-governo-federal-para-mitigar-efeitos-da-enchente-deve-injetar-r-50-milhoes-no-rs\/\",\"url\":\"https:\/\/jornaltimoneiro.com.br\/index.php\/2024\/05\/09\/pacote-do-governo-federal-para-mitigar-efeitos-da-enchente-deve-injetar-r-50-milhoes-no-rs\/\",\"name\":\"Pacote do governo federal para mitigar efeitos da enchente deve injetar R$ 50 bilh\u00f5es no RS - O Timoneiro Jornal Canoas RS\",\"isPartOf\":{\"@id\":\"https:\/\/jornaltimoneiro.com.br\/#website\"},\"datePublished\":\"2024-05-09T22:53:36+00:00\",\"dateModified\":\"2024-05-13T17:33:13+00:00\",\"breadcrumb\":{\"@id\":\"https:\/\/jornaltimoneiro.com.br\/index.php\/2024\/05\/09\/pacote-do-governo-federal-para-mitigar-efeitos-da-enchente-deve-injetar-r-50-milhoes-no-rs\/#breadcrumb\"},\"inLanguage\":\"pt-BR\",\"potentialAction\":[{\"@type\":\"ReadAction\",\"target\":[\"https:\/\/jornaltimoneiro.com.br\/index.php\/2024\/05\/09\/pacote-do-governo-federal-para-mitigar-efeitos-da-enchente-deve-injetar-r-50-milhoes-no-rs\/\"]}]},{\"@type\":\"BreadcrumbList\",\"@id\":\"https:\/\/jornaltimoneiro.com.br\/index.php\/2024\/05\/09\/pacote-do-governo-federal-para-mitigar-efeitos-da-enchente-deve-injetar-r-50-milhoes-no-rs\/#breadcrumb\",\"itemListElement\":[{\"@type\":\"ListItem\",\"position\":1,\"name\":\"In\u00edcio\",\"item\":\"https:\/\/jornaltimoneiro.com.br\/\"},{\"@type\":\"ListItem\",\"position\":2,\"name\":\"Pacote do governo federal para mitigar efeitos da enchente deve injetar R$ 50 bilh\u00f5es no RS\"}]},{\"@type\":\"WebSite\",\"@id\":\"https:\/\/jornaltimoneiro.com.br\/#website\",\"url\":\"https:\/\/jornaltimoneiro.com.br\/\",\"name\":\"Jornal Timoneiro Canoas RS\",\"description\":\"Jornal O Timoneiro, o verdadeiro jornal de Canoas\",\"publisher\":{\"@id\":\"https:\/\/jornaltimoneiro.com.br\/#organization\"},\"potentialAction\":[{\"@type\":\"SearchAction\",\"target\":{\"@type\":\"EntryPoint\",\"urlTemplate\":\"https:\/\/jornaltimoneiro.com.br\/?s={search_term_string}\"},\"query-input\":\"required name=search_term_string\"}],\"inLanguage\":\"pt-BR\"},{\"@type\":\"Organization\",\"@id\":\"https:\/\/jornaltimoneiro.com.br\/#organization\",\"name\":\"Jornal Timoneiro Canoas RS\",\"url\":\"https:\/\/jornaltimoneiro.com.br\/\",\"logo\":{\"@type\":\"ImageObject\",\"inLanguage\":\"pt-BR\",\"@id\":\"https:\/\/jornaltimoneiro.com.br\/#\/schema\/logo\/image\/\",\"url\":\"https:\/\/jornaltimoneiro.com.br\/wp-content\/uploads\/2023\/03\/logonovo.png\",\"contentUrl\":\"https:\/\/jornaltimoneiro.com.br\/wp-content\/uploads\/2023\/03\/logonovo.png\",\"width\":\"469\",\"height\":\"171\",\"caption\":\"Jornal Timoneiro Canoas RS\"},\"image\":{\"@id\":\"https:\/\/jornaltimoneiro.com.br\/#\/schema\/logo\/image\/\"},\"sameAs\":[\"https:\/\/www.facebook.com\/jornaltimoneiro\",\"https:\/\/twitter.com\/_OTimoneiro\",\"https:\/\/www.instagram.com\/jornaltimoneirocanoas\/\",\"https:\/\/www.youtube.com\/@jornalotimoneiro7927\"]},{\"@type\":\"Person\",\"@id\":\"https:\/\/jornaltimoneiro.com.br\/#\/schema\/person\/f63482f1a02b1a9592707865e509ab40\",\"name\":\"Reda\u00e7\u00e3o\",\"image\":{\"@type\":\"ImageObject\",\"inLanguage\":\"pt-BR\",\"@id\":\"https:\/\/jornaltimoneiro.com.br\/#\/schema\/person\/image\/\",\"url\":\"https:\/\/jornaltimoneiro.com.br\/wp-content\/uploads\/2023\/03\/download.jpeg\",\"contentUrl\":\"https:\/\/jornaltimoneiro.com.br\/wp-content\/uploads\/2023\/03\/download.jpeg\",\"caption\":\"Reda\u00e7\u00e3o\"},\"url\":\"https:\/\/jornaltimoneiro.com.br\/index.php\/author\/simone-dutra\/\"}]}<\/script>\n<!-- \/ Yoast SEO plugin. -->","yoast_head_json":{"title":"Pacote do governo federal para mitigar efeitos da enchente deve injetar R$ 50 bilh\u00f5es no RS - O Timoneiro Jornal Canoas RS","robots":{"index":"index","follow":"follow","max-snippet":"max-snippet:-1","max-image-preview":"max-image-preview:large","max-video-preview":"max-video-preview:-1"},"canonical":"https:\/\/jornaltimoneiro.com.br\/index.php\/2024\/05\/09\/pacote-do-governo-federal-para-mitigar-efeitos-da-enchente-deve-injetar-r-50-milhoes-no-rs\/","og_locale":"pt_BR","og_type":"article","og_title":"Pacote do governo federal para mitigar efeitos da enchente deve injetar R$ 50 bilh\u00f5es no RS - O Timoneiro Jornal Canoas RS","og_description":"O governo federal anunciou um conjunto de medidas que deve injetar cerca de R$ 50,9 bilh\u00f5es na economia do Rio Grande do Sul. O an\u00fancio foi feito em evento na manh\u00e3 desta quinta-feira,9, em Bras\u00edlia. A antecipa\u00e7\u00e3o de benef\u00edcios, a estrutura\u00e7\u00e3o de projetos de log\u00edstica e infraestrutura e o aporte de recursos para alavancar e [&hellip;]","og_url":"https:\/\/jornaltimoneiro.com.br\/index.php\/2024\/05\/09\/pacote-do-governo-federal-para-mitigar-efeitos-da-enchente-deve-injetar-r-50-milhoes-no-rs\/","og_site_name":"O Timoneiro Jornal Canoas RS","article_publisher":"https:\/\/www.facebook.com\/jornaltimoneiro","article_published_time":"2024-05-09T22:53:36+00:00","article_modified_time":"2024-05-13T17:33:13+00:00","og_image":[{"width":"1170","height":"700","url":"https:\/\/jornaltimoneiro.com.br\/wp-content\/uploads\/2024\/05\/0d9a6409_0.jpg","type":"image\/jpeg"}],"author":"Reda\u00e7\u00e3o","twitter_card":"summary_large_image","twitter_creator":"@_OTimoneiro","twitter_site":"@_OTimoneiro","twitter_misc":{"Escrito por":"Reda\u00e7\u00e3o","Est. tempo de leitura":"4 minutos"},"schema":{"@context":"https:\/\/schema.org","@graph":[{"@type":"Article","@id":"https:\/\/jornaltimoneiro.com.br\/index.php\/2024\/05\/09\/pacote-do-governo-federal-para-mitigar-efeitos-da-enchente-deve-injetar-r-50-milhoes-no-rs\/#article","isPartOf":{"@id":"https:\/\/jornaltimoneiro.com.br\/index.php\/2024\/05\/09\/pacote-do-governo-federal-para-mitigar-efeitos-da-enchente-deve-injetar-r-50-milhoes-no-rs\/"},"author":{"name":"Reda\u00e7\u00e3o","@id":"https:\/\/jornaltimoneiro.com.br\/#\/schema\/person\/f63482f1a02b1a9592707865e509ab40"},"headline":"Pacote do governo federal para mitigar efeitos da enchente deve injetar R$ 50 bilh\u00f5es no RS","datePublished":"2024-05-09T22:53:36+00:00","dateModified":"2024-05-13T17:33:13+00:00","mainEntityOfPage":{"@id":"https:\/\/jornaltimoneiro.com.br\/index.php\/2024\/05\/09\/pacote-do-governo-federal-para-mitigar-efeitos-da-enchente-deve-injetar-r-50-milhoes-no-rs\/"},"wordCount":700,"commentCount":0,"publisher":{"@id":"https:\/\/jornaltimoneiro.com.br\/#organization"},"keywords":["bilh\u00f5es","enchente","featured","Governo Federal","pacote"],"articleSection":["Economia","ENCHENTE RS","Pa\u00eds","Pol\u00edtica"],"inLanguage":"pt-BR","potentialAction":[{"@type":"CommentAction","name":"Comment","target":["https:\/\/jornaltimoneiro.com.br\/index.php\/2024\/05\/09\/pacote-do-governo-federal-para-mitigar-efeitos-da-enchente-deve-injetar-r-50-milhoes-no-rs\/#respond"]}]},{"@type":"WebPage","@id":"https:\/\/jornaltimoneiro.com.br\/index.php\/2024\/05\/09\/pacote-do-governo-federal-para-mitigar-efeitos-da-enchente-deve-injetar-r-50-milhoes-no-rs\/","url":"https:\/\/jornaltimoneiro.com.br\/index.php\/2024\/05\/09\/pacote-do-governo-federal-para-mitigar-efeitos-da-enchente-deve-injetar-r-50-milhoes-no-rs\/","name":"Pacote do governo federal para mitigar efeitos da enchente deve injetar R$ 50 bilh\u00f5es no RS - O Timoneiro Jornal Canoas RS","isPartOf":{"@id":"https:\/\/jornaltimoneiro.com.br\/#website"},"datePublished":"2024-05-09T22:53:36+00:00","dateModified":"2024-05-13T17:33:13+00:00","breadcrumb":{"@id":"https:\/\/jornaltimoneiro.com.br\/index.php\/2024\/05\/09\/pacote-do-governo-federal-para-mitigar-efeitos-da-enchente-deve-injetar-r-50-milhoes-no-rs\/#breadcrumb"},"inLanguage":"pt-BR","potentialAction":[{"@type":"ReadAction","target":["https:\/\/jornaltimoneiro.com.br\/index.php\/2024\/05\/09\/pacote-do-governo-federal-para-mitigar-efeitos-da-enchente-deve-injetar-r-50-milhoes-no-rs\/"]}]},{"@type":"BreadcrumbList","@id":"https:\/\/jornaltimoneiro.com.br\/index.php\/2024\/05\/09\/pacote-do-governo-federal-para-mitigar-efeitos-da-enchente-deve-injetar-r-50-milhoes-no-rs\/#breadcrumb","itemListElement":[{"@type":"ListItem","position":1,"name":"In\u00edcio","item":"https:\/\/jornaltimoneiro.com.br\/"},{"@type":"ListItem","position":2,"name":"Pacote do governo federal para mitigar efeitos da enchente deve injetar R$ 50 bilh\u00f5es no RS"}]},{"@type":"WebSite","@id":"https:\/\/jornaltimoneiro.com.br\/#website","url":"https:\/\/jornaltimoneiro.com.br\/","name":"Jornal Timoneiro Canoas RS","description":"Jornal O Timoneiro, o verdadeiro jornal de Canoas","publisher":{"@id":"https:\/\/jornaltimoneiro.com.br\/#organization"},"potentialAction":[{"@type":"SearchAction","target":{"@type":"EntryPoint","urlTemplate":"https:\/\/jornaltimoneiro.com.br\/?s={search_term_string}"},"query-input":"required name=search_term_string"}],"inLanguage":"pt-BR"},{"@type":"Organization","@id":"https:\/\/jornaltimoneiro.com.br\/#organization","name":"Jornal Timoneiro Canoas RS","url":"https:\/\/jornaltimoneiro.com.br\/","logo":{"@type":"ImageObject","inLanguage":"pt-BR","@id":"https:\/\/jornaltimoneiro.com.br\/#\/schema\/logo\/image\/","url":"https:\/\/jornaltimoneiro.com.br\/wp-content\/uploads\/2023\/03\/logonovo.png","contentUrl":"https:\/\/jornaltimoneiro.com.br\/wp-content\/uploads\/2023\/03\/logonovo.png","width":"469","height":"171","caption":"Jornal Timoneiro Canoas RS"},"image":{"@id":"https:\/\/jornaltimoneiro.com.br\/#\/schema\/logo\/image\/"},"sameAs":["https:\/\/www.facebook.com\/jornaltimoneiro","https:\/\/twitter.com\/_OTimoneiro","https:\/\/www.instagram.com\/jornaltimoneirocanoas\/","https:\/\/www.youtube.com\/@jornalotimoneiro7927"]},{"@type":"Person","@id":"https:\/\/jornaltimoneiro.com.br\/#\/schema\/person\/f63482f1a02b1a9592707865e509ab40","name":"Reda\u00e7\u00e3o","image":{"@type":"ImageObject","inLanguage":"pt-BR","@id":"https:\/\/jornaltimoneiro.com.br\/#\/schema\/person\/image\/","url":"https:\/\/jornaltimoneiro.com.br\/wp-content\/uploads\/2023\/03\/download.jpeg","contentUrl":"https:\/\/jornaltimoneiro.com.br\/wp-content\/uploads\/2023\/03\/download.jpeg","caption":"Reda\u00e7\u00e3o"},"url":"https:\/\/jornaltimoneiro.com.br\/index.php\/author\/simone-dutra\/"}]}},"_links":{"self":[{"href":"https:\/\/jornaltimoneiro.com.br\/index.php\/wp-json\/wp\/v2\/posts\/29236"}],"collection":[{"href":"https:\/\/jornaltimoneiro.com.br\/index.php\/wp-json\/wp\/v2\/posts"}],"about":[{"href":"https:\/\/jornaltimoneiro.com.br\/index.php\/wp-json\/wp\/v2\/types\/post"}],"author":[{"embeddable":true,"href":"https:\/\/jornaltimoneiro.com.br\/index.php\/wp-json\/wp\/v2\/users\/2"}],"replies":[{"embeddable":true,"href":"https:\/\/jornaltimoneiro.com.br\/index.php\/wp-json\/wp\/v2\/comments?post=29236"}],"version-history":[{"count":2,"href":"https:\/\/jornaltimoneiro.com.br\/index.php\/wp-json\/wp\/v2\/posts\/29236\/revisions"}],"predecessor-version":[{"id":29368,"href":"https:\/\/jornaltimoneiro.com.br\/index.php\/wp-json\/wp\/v2\/posts\/29236\/revisions\/29368"}],"wp:featuredmedia":[{"embeddable":true,"href":"https:\/\/jornaltimoneiro.com.br\/index.php\/wp-json\/wp\/v2\/media\/29237"}],"wp:attachment":[{"href":"https:\/\/jornaltimoneiro.com.br\/index.php\/wp-json\/wp\/v2\/media?parent=29236"}],"wp:term":[{"taxonomy":"category","embeddable":true,"href":"https:\/\/jornaltimoneiro.com.br\/index.php\/wp-json\/wp\/v2\/categories?post=29236"},{"taxonomy":"post_tag","embeddable":true,"href":"https:\/\/jornaltimoneiro.com.br\/index.php\/wp-json\/wp\/v2\/tags?post=29236"}],"curies":[{"name":"wp","href":"https:\/\/api.w.org\/{rel}","templated":true}]}}