{"id":29127,"date":"2024-05-04T15:52:25","date_gmt":"2024-05-04T18:52:25","guid":{"rendered":"https:\/\/jornaltimoneiro.com.br\/?p=29127"},"modified":"2024-05-13T11:17:50","modified_gmt":"2024-05-13T14:17:50","slug":"tragedia-em-canoas-deixa-milhares-de-desabrigados-e-cena-e-de-guerra","status":"publish","type":"post","link":"https:\/\/jornaltimoneiro.com.br\/index.php\/2024\/05\/04\/tragedia-em-canoas-deixa-milhares-de-desabrigados-e-cena-e-de-guerra\/","title":{"rendered":"Trag\u00e9dia em Canoas deixa milhares de desabrigados e cena \u00e9 de guerra"},"content":{"rendered":"<p>As chuvas come\u00e7aram no s\u00e1bado, 27, e praticamente n\u00e3o pararam mais no Rio Grande do Sul. Inicialmente, os pontos cr\u00edticos vieram da regi\u00e3o do Vales, da serra ga\u00facha e cidades do interior do Estado.<\/p>\n<p>Ao todo, foram confirmadas 56 mortes e mais de 60 pessoas desaparecidas (dado subestimado de acordo com in\u00fameros relatos de parentes, amigos e vizinhos de v\u00edtimas de alagamentos, deslizamentos, desabamentos de casas&#8230;<\/p>\n<p>Em Canoas o drama come\u00e7ou ap\u00f3s a \u00e1gua transbordar do Rio Gravata\u00ed, na noite quinta-feira, e invadir a Av. Guilherme Schell em dire\u00e7\u00e3o ao bairro Rio Branco. Nesta sexta-feira, 4, o temido fato do dique localizado no bairro Mathias Velho n\u00e3o suportar a press\u00e3o das \u00e1guas aconteceu.<\/p>\n<p><img decoding=\"async\" class=\"alignnone wp-image-29129 size-full\" src=\"https:\/\/jornaltimoneiro.com.br\/wp-content\/uploads\/2024\/05\/WhatsApp-Image-2024-05-04-at-13.36.16-1-scaled-e1714848544883.jpeg\" alt=\"\" width=\"700\" height=\"525\" \/><\/p>\n<p>Desde ent\u00e3o, mais de sete bairros tiveram que ser evacuados por pedido da Prefeitura de Canoas, mas nem todos conseguiram sair de suas casas tamanha altura das \u00e1guas. Agora, o cen\u00e1rio \u00e9 dram\u00e1tico, principalmente nas regi\u00f5es dos bairros Rio Branco, Mato Grande, Mathias Velho, Niter\u00f3i.<\/p>\n<p>H\u00e1 relatos de centenas de pessoas ilhadas e\/ou em cima do telhado, e o resgate tem sido dividido entre for\u00e7as municipais e de volunt\u00e1rios, inclusive de outras cidades. A dificuldade se concentra na necessidade de obter lanchas, barcos e jet-skis.<\/p>\n<h4>Acolhidos<\/h4>\n<p>At\u00e9 o momento, mais de 7,5 mil pessoas nos abrigos da Prefeitura. Principais necessidades de doa\u00e7\u00f5es s\u00e3o de produtos de higiene, limpeza e colch\u00f5es.<\/p>\n","protected":false},"excerpt":{"rendered":"<p>As chuvas come\u00e7aram no s\u00e1bado, 27, e praticamente n\u00e3o pararam mais no Rio Grande do Sul. Inicialmente, os pontos cr\u00edticos vieram da regi\u00e3o do Vales, da serra ga\u00facha e cidades do interior do Estado. Ao todo, foram confirmadas 56 mortes e mais de 60 pessoas desaparecidas (dado subestimado de acordo com in\u00fameros relatos de parentes, [&hellip;]<\/p>\n","protected":false},"author":2,"featured_media":29131,"comment_status":"open","ping_status":"open","sticky":false,"template":"","format":"standard","meta":{"amp_status":"","footnotes":""},"categories":[19,2443],"tags":[31,1416,791,190,213,80],"class_list":["post-29127","post","type-post","status-publish","format-standard","has-post-thumbnail","hentry","category-destaques","category-enchente-2024-canoas","tag-canoas","tag-chuvas","tag-enchente","tag-featured","tag-rio-grande-do-sul","tag-rs"],"yoast_head":"<!-- This site is optimized with the Yoast SEO plugin v20.5 - https:\/\/yoast.com\/wordpress\/plugins\/seo\/ -->\n<title>Trag\u00e9dia em Canoas deixa milhares de desabrigados e cena \u00e9 de guerra - O Timoneiro Jornal Canoas RS<\/title>\n<meta name=\"description\" content=\"Trag\u00e9dia em Canoas deixa milhares de desabrigados e cena \u00e9 de guerrnchente chuvas rio grande do sul rs desastre no rs\" \/>\n<meta name=\"robots\" content=\"index, follow, max-snippet:-1, max-image-preview:large, max-video-preview:-1\" \/>\n<link rel=\"canonical\" href=\"https:\/\/jornaltimoneiro.com.br\/index.php\/2024\/05\/04\/tragedia-em-canoas-deixa-milhares-de-desabrigados-e-cena-e-de-guerra\/\" \/>\n<meta property=\"og:locale\" content=\"pt_BR\" \/>\n<meta property=\"og:type\" content=\"article\" \/>\n<meta property=\"og:title\" content=\"Trag\u00e9dia em Canoas deixa milhares de desabrigados e cena \u00e9 de guerra - O Timoneiro Jornal Canoas RS\" \/>\n<meta property=\"og:description\" content=\"Trag\u00e9dia em Canoas deixa milhares de desabrigados e cena \u00e9 de guerrnchente chuvas rio grande do sul rs desastre no rs\" \/>\n<meta property=\"og:url\" content=\"https:\/\/jornaltimoneiro.com.br\/index.php\/2024\/05\/04\/tragedia-em-canoas-deixa-milhares-de-desabrigados-e-cena-e-de-guerra\/\" \/>\n<meta property=\"og:site_name\" content=\"O Timoneiro Jornal Canoas RS\" \/>\n<meta property=\"article:publisher\" content=\"https:\/\/www.facebook.com\/jornaltimoneiro\" \/>\n<meta property=\"article:published_time\" content=\"2024-05-04T18:52:25+00:00\" \/>\n<meta property=\"article:modified_time\" content=\"2024-05-13T14:17:50+00:00\" \/>\n<meta property=\"og:image\" content=\"https:\/\/jornaltimoneiro.com.br\/wp-content\/uploads\/2024\/05\/WhatsApp-Image-2024-05-04-at-12.45.24-1.jpeg\" \/>\n\t<meta property=\"og:image:width\" content=\"1080\" \/>\n\t<meta property=\"og:image:height\" content=\"1078\" \/>\n\t<meta property=\"og:image:type\" content=\"image\/jpeg\" \/>\n<meta name=\"author\" content=\"Reda\u00e7\u00e3o\" \/>\n<meta name=\"twitter:card\" content=\"summary_large_image\" \/>\n<meta name=\"twitter:creator\" content=\"@_OTimoneiro\" \/>\n<meta name=\"twitter:site\" content=\"@_OTimoneiro\" \/>\n<meta name=\"twitter:label1\" content=\"Escrito por\" \/>\n\t<meta name=\"twitter:data1\" content=\"Reda\u00e7\u00e3o\" \/>\n\t<meta name=\"twitter:label2\" content=\"Est. tempo de leitura\" \/>\n\t<meta name=\"twitter:data2\" content=\"2 minutos\" \/>\n<script type=\"application\/ld+json\" class=\"yoast-schema-graph\">{\"@context\":\"https:\/\/schema.org\",\"@graph\":[{\"@type\":\"Article\",\"@id\":\"https:\/\/jornaltimoneiro.com.br\/index.php\/2024\/05\/04\/tragedia-em-canoas-deixa-milhares-de-desabrigados-e-cena-e-de-guerra\/#article\",\"isPartOf\":{\"@id\":\"https:\/\/jornaltimoneiro.com.br\/index.php\/2024\/05\/04\/tragedia-em-canoas-deixa-milhares-de-desabrigados-e-cena-e-de-guerra\/\"},\"author\":{\"name\":\"Reda\u00e7\u00e3o\",\"@id\":\"https:\/\/jornaltimoneiro.com.br\/#\/schema\/person\/f63482f1a02b1a9592707865e509ab40\"},\"headline\":\"Trag\u00e9dia em Canoas deixa milhares de desabrigados e cena \u00e9 de guerra\",\"datePublished\":\"2024-05-04T18:52:25+00:00\",\"dateModified\":\"2024-05-13T14:17:50+00:00\",\"mainEntityOfPage\":{\"@id\":\"https:\/\/jornaltimoneiro.com.br\/index.php\/2024\/05\/04\/tragedia-em-canoas-deixa-milhares-de-desabrigados-e-cena-e-de-guerra\/\"},\"wordCount\":253,\"commentCount\":0,\"publisher\":{\"@id\":\"https:\/\/jornaltimoneiro.com.br\/#organization\"},\"keywords\":[\"canoas\",\"chuvas\",\"enchente\",\"featured\",\"rio grande do sul\",\"RS\"],\"articleSection\":[\"Destaques\",\"Enchente 2024 Canoas\"],\"inLanguage\":\"pt-BR\",\"potentialAction\":[{\"@type\":\"CommentAction\",\"name\":\"Comment\",\"target\":[\"https:\/\/jornaltimoneiro.com.br\/index.php\/2024\/05\/04\/tragedia-em-canoas-deixa-milhares-de-desabrigados-e-cena-e-de-guerra\/#respond\"]}]},{\"@type\":\"WebPage\",\"@id\":\"https:\/\/jornaltimoneiro.com.br\/index.php\/2024\/05\/04\/tragedia-em-canoas-deixa-milhares-de-desabrigados-e-cena-e-de-guerra\/\",\"url\":\"https:\/\/jornaltimoneiro.com.br\/index.php\/2024\/05\/04\/tragedia-em-canoas-deixa-milhares-de-desabrigados-e-cena-e-de-guerra\/\",\"name\":\"Trag\u00e9dia em Canoas deixa milhares de desabrigados e cena \u00e9 de guerra - O Timoneiro Jornal Canoas RS\",\"isPartOf\":{\"@id\":\"https:\/\/jornaltimoneiro.com.br\/#website\"},\"datePublished\":\"2024-05-04T18:52:25+00:00\",\"dateModified\":\"2024-05-13T14:17:50+00:00\",\"description\":\"Trag\u00e9dia em Canoas deixa milhares de desabrigados e cena \u00e9 de guerrnchente chuvas rio grande do sul rs desastre no rs\",\"breadcrumb\":{\"@id\":\"https:\/\/jornaltimoneiro.com.br\/index.php\/2024\/05\/04\/tragedia-em-canoas-deixa-milhares-de-desabrigados-e-cena-e-de-guerra\/#breadcrumb\"},\"inLanguage\":\"pt-BR\",\"potentialAction\":[{\"@type\":\"ReadAction\",\"target\":[\"https:\/\/jornaltimoneiro.com.br\/index.php\/2024\/05\/04\/tragedia-em-canoas-deixa-milhares-de-desabrigados-e-cena-e-de-guerra\/\"]}]},{\"@type\":\"BreadcrumbList\",\"@id\":\"https:\/\/jornaltimoneiro.com.br\/index.php\/2024\/05\/04\/tragedia-em-canoas-deixa-milhares-de-desabrigados-e-cena-e-de-guerra\/#breadcrumb\",\"itemListElement\":[{\"@type\":\"ListItem\",\"position\":1,\"name\":\"In\u00edcio\",\"item\":\"https:\/\/jornaltimoneiro.com.br\/\"},{\"@type\":\"ListItem\",\"position\":2,\"name\":\"Trag\u00e9dia em Canoas deixa milhares de desabrigados e cena \u00e9 de guerra\"}]},{\"@type\":\"WebSite\",\"@id\":\"https:\/\/jornaltimoneiro.com.br\/#website\",\"url\":\"https:\/\/jornaltimoneiro.com.br\/\",\"name\":\"Jornal Timoneiro Canoas RS\",\"description\":\"Jornal O Timoneiro, o verdadeiro jornal de Canoas\",\"publisher\":{\"@id\":\"https:\/\/jornaltimoneiro.com.br\/#organization\"},\"potentialAction\":[{\"@type\":\"SearchAction\",\"target\":{\"@type\":\"EntryPoint\",\"urlTemplate\":\"https:\/\/jornaltimoneiro.com.br\/?s={search_term_string}\"},\"query-input\":\"required name=search_term_string\"}],\"inLanguage\":\"pt-BR\"},{\"@type\":\"Organization\",\"@id\":\"https:\/\/jornaltimoneiro.com.br\/#organization\",\"name\":\"Jornal Timoneiro Canoas RS\",\"url\":\"https:\/\/jornaltimoneiro.com.br\/\",\"logo\":{\"@type\":\"ImageObject\",\"inLanguage\":\"pt-BR\",\"@id\":\"https:\/\/jornaltimoneiro.com.br\/#\/schema\/logo\/image\/\",\"url\":\"https:\/\/jornaltimoneiro.com.br\/wp-content\/uploads\/2023\/03\/logonovo.png\",\"contentUrl\":\"https:\/\/jornaltimoneiro.com.br\/wp-content\/uploads\/2023\/03\/logonovo.png\",\"width\":\"469\",\"height\":\"171\",\"caption\":\"Jornal Timoneiro Canoas RS\"},\"image\":{\"@id\":\"https:\/\/jornaltimoneiro.com.br\/#\/schema\/logo\/image\/\"},\"sameAs\":[\"https:\/\/www.facebook.com\/jornaltimoneiro\",\"https:\/\/twitter.com\/_OTimoneiro\",\"https:\/\/www.instagram.com\/jornaltimoneirocanoas\/\",\"https:\/\/www.youtube.com\/@jornalotimoneiro7927\"]},{\"@type\":\"Person\",\"@id\":\"https:\/\/jornaltimoneiro.com.br\/#\/schema\/person\/f63482f1a02b1a9592707865e509ab40\",\"name\":\"Reda\u00e7\u00e3o\",\"image\":{\"@type\":\"ImageObject\",\"inLanguage\":\"pt-BR\",\"@id\":\"https:\/\/jornaltimoneiro.com.br\/#\/schema\/person\/image\/\",\"url\":\"https:\/\/jornaltimoneiro.com.br\/wp-content\/uploads\/2023\/03\/download.jpeg\",\"contentUrl\":\"https:\/\/jornaltimoneiro.com.br\/wp-content\/uploads\/2023\/03\/download.jpeg\",\"caption\":\"Reda\u00e7\u00e3o\"},\"url\":\"https:\/\/jornaltimoneiro.com.br\/index.php\/author\/simone-dutra\/\"}]}<\/script>\n<!-- \/ Yoast SEO plugin. -->","yoast_head_json":{"title":"Trag\u00e9dia em Canoas deixa milhares de desabrigados e cena \u00e9 de guerra - O Timoneiro Jornal Canoas RS","description":"Trag\u00e9dia em Canoas deixa milhares de desabrigados e cena \u00e9 de guerrnchente chuvas rio grande do sul rs desastre no rs","robots":{"index":"index","follow":"follow","max-snippet":"max-snippet:-1","max-image-preview":"max-image-preview:large","max-video-preview":"max-video-preview:-1"},"canonical":"https:\/\/jornaltimoneiro.com.br\/index.php\/2024\/05\/04\/tragedia-em-canoas-deixa-milhares-de-desabrigados-e-cena-e-de-guerra\/","og_locale":"pt_BR","og_type":"article","og_title":"Trag\u00e9dia em Canoas deixa milhares de desabrigados e cena \u00e9 de guerra - O Timoneiro Jornal Canoas RS","og_description":"Trag\u00e9dia em Canoas deixa milhares de desabrigados e cena \u00e9 de guerrnchente chuvas rio grande do sul rs desastre no rs","og_url":"https:\/\/jornaltimoneiro.com.br\/index.php\/2024\/05\/04\/tragedia-em-canoas-deixa-milhares-de-desabrigados-e-cena-e-de-guerra\/","og_site_name":"O Timoneiro Jornal Canoas RS","article_publisher":"https:\/\/www.facebook.com\/jornaltimoneiro","article_published_time":"2024-05-04T18:52:25+00:00","article_modified_time":"2024-05-13T14:17:50+00:00","og_image":[{"width":"1080","height":"1078","url":"https:\/\/jornaltimoneiro.com.br\/wp-content\/uploads\/2024\/05\/WhatsApp-Image-2024-05-04-at-12.45.24-1.jpeg","type":"image\/jpeg"}],"author":"Reda\u00e7\u00e3o","twitter_card":"summary_large_image","twitter_creator":"@_OTimoneiro","twitter_site":"@_OTimoneiro","twitter_misc":{"Escrito por":"Reda\u00e7\u00e3o","Est. tempo de leitura":"2 minutos"},"schema":{"@context":"https:\/\/schema.org","@graph":[{"@type":"Article","@id":"https:\/\/jornaltimoneiro.com.br\/index.php\/2024\/05\/04\/tragedia-em-canoas-deixa-milhares-de-desabrigados-e-cena-e-de-guerra\/#article","isPartOf":{"@id":"https:\/\/jornaltimoneiro.com.br\/index.php\/2024\/05\/04\/tragedia-em-canoas-deixa-milhares-de-desabrigados-e-cena-e-de-guerra\/"},"author":{"name":"Reda\u00e7\u00e3o","@id":"https:\/\/jornaltimoneiro.com.br\/#\/schema\/person\/f63482f1a02b1a9592707865e509ab40"},"headline":"Trag\u00e9dia em Canoas deixa milhares de desabrigados e cena \u00e9 de guerra","datePublished":"2024-05-04T18:52:25+00:00","dateModified":"2024-05-13T14:17:50+00:00","mainEntityOfPage":{"@id":"https:\/\/jornaltimoneiro.com.br\/index.php\/2024\/05\/04\/tragedia-em-canoas-deixa-milhares-de-desabrigados-e-cena-e-de-guerra\/"},"wordCount":253,"commentCount":0,"publisher":{"@id":"https:\/\/jornaltimoneiro.com.br\/#organization"},"keywords":["canoas","chuvas","enchente","featured","rio grande do sul","RS"],"articleSection":["Destaques","Enchente 2024 Canoas"],"inLanguage":"pt-BR","potentialAction":[{"@type":"CommentAction","name":"Comment","target":["https:\/\/jornaltimoneiro.com.br\/index.php\/2024\/05\/04\/tragedia-em-canoas-deixa-milhares-de-desabrigados-e-cena-e-de-guerra\/#respond"]}]},{"@type":"WebPage","@id":"https:\/\/jornaltimoneiro.com.br\/index.php\/2024\/05\/04\/tragedia-em-canoas-deixa-milhares-de-desabrigados-e-cena-e-de-guerra\/","url":"https:\/\/jornaltimoneiro.com.br\/index.php\/2024\/05\/04\/tragedia-em-canoas-deixa-milhares-de-desabrigados-e-cena-e-de-guerra\/","name":"Trag\u00e9dia em Canoas deixa milhares de desabrigados e cena \u00e9 de guerra - O Timoneiro Jornal Canoas RS","isPartOf":{"@id":"https:\/\/jornaltimoneiro.com.br\/#website"},"datePublished":"2024-05-04T18:52:25+00:00","dateModified":"2024-05-13T14:17:50+00:00","description":"Trag\u00e9dia em Canoas deixa milhares de desabrigados e cena \u00e9 de guerrnchente chuvas rio grande do sul rs desastre no rs","breadcrumb":{"@id":"https:\/\/jornaltimoneiro.com.br\/index.php\/2024\/05\/04\/tragedia-em-canoas-deixa-milhares-de-desabrigados-e-cena-e-de-guerra\/#breadcrumb"},"inLanguage":"pt-BR","potentialAction":[{"@type":"ReadAction","target":["https:\/\/jornaltimoneiro.com.br\/index.php\/2024\/05\/04\/tragedia-em-canoas-deixa-milhares-de-desabrigados-e-cena-e-de-guerra\/"]}]},{"@type":"BreadcrumbList","@id":"https:\/\/jornaltimoneiro.com.br\/index.php\/2024\/05\/04\/tragedia-em-canoas-deixa-milhares-de-desabrigados-e-cena-e-de-guerra\/#breadcrumb","itemListElement":[{"@type":"ListItem","position":1,"name":"In\u00edcio","item":"https:\/\/jornaltimoneiro.com.br\/"},{"@type":"ListItem","position":2,"name":"Trag\u00e9dia em Canoas deixa milhares de desabrigados e cena \u00e9 de guerra"}]},{"@type":"WebSite","@id":"https:\/\/jornaltimoneiro.com.br\/#website","url":"https:\/\/jornaltimoneiro.com.br\/","name":"Jornal Timoneiro Canoas RS","description":"Jornal O Timoneiro, o verdadeiro jornal de Canoas","publisher":{"@id":"https:\/\/jornaltimoneiro.com.br\/#organization"},"potentialAction":[{"@type":"SearchAction","target":{"@type":"EntryPoint","urlTemplate":"https:\/\/jornaltimoneiro.com.br\/?s={search_term_string}"},"query-input":"required name=search_term_string"}],"inLanguage":"pt-BR"},{"@type":"Organization","@id":"https:\/\/jornaltimoneiro.com.br\/#organization","name":"Jornal Timoneiro Canoas RS","url":"https:\/\/jornaltimoneiro.com.br\/","logo":{"@type":"ImageObject","inLanguage":"pt-BR","@id":"https:\/\/jornaltimoneiro.com.br\/#\/schema\/logo\/image\/","url":"https:\/\/jornaltimoneiro.com.br\/wp-content\/uploads\/2023\/03\/logonovo.png","contentUrl":"https:\/\/jornaltimoneiro.com.br\/wp-content\/uploads\/2023\/03\/logonovo.png","width":"469","height":"171","caption":"Jornal Timoneiro Canoas RS"},"image":{"@id":"https:\/\/jornaltimoneiro.com.br\/#\/schema\/logo\/image\/"},"sameAs":["https:\/\/www.facebook.com\/jornaltimoneiro","https:\/\/twitter.com\/_OTimoneiro","https:\/\/www.instagram.com\/jornaltimoneirocanoas\/","https:\/\/www.youtube.com\/@jornalotimoneiro7927"]},{"@type":"Person","@id":"https:\/\/jornaltimoneiro.com.br\/#\/schema\/person\/f63482f1a02b1a9592707865e509ab40","name":"Reda\u00e7\u00e3o","image":{"@type":"ImageObject","inLanguage":"pt-BR","@id":"https:\/\/jornaltimoneiro.com.br\/#\/schema\/person\/image\/","url":"https:\/\/jornaltimoneiro.com.br\/wp-content\/uploads\/2023\/03\/download.jpeg","contentUrl":"https:\/\/jornaltimoneiro.com.br\/wp-content\/uploads\/2023\/03\/download.jpeg","caption":"Reda\u00e7\u00e3o"},"url":"https:\/\/jornaltimoneiro.com.br\/index.php\/author\/simone-dutra\/"}]}},"_links":{"self":[{"href":"https:\/\/jornaltimoneiro.com.br\/index.php\/wp-json\/wp\/v2\/posts\/29127"}],"collection":[{"href":"https:\/\/jornaltimoneiro.com.br\/index.php\/wp-json\/wp\/v2\/posts"}],"about":[{"href":"https:\/\/jornaltimoneiro.com.br\/index.php\/wp-json\/wp\/v2\/types\/post"}],"author":[{"embeddable":true,"href":"https:\/\/jornaltimoneiro.com.br\/index.php\/wp-json\/wp\/v2\/users\/2"}],"replies":[{"embeddable":true,"href":"https:\/\/jornaltimoneiro.com.br\/index.php\/wp-json\/wp\/v2\/comments?post=29127"}],"version-history":[{"count":2,"href":"https:\/\/jornaltimoneiro.com.br\/index.php\/wp-json\/wp\/v2\/posts\/29127\/revisions"}],"predecessor-version":[{"id":29133,"href":"https:\/\/jornaltimoneiro.com.br\/index.php\/wp-json\/wp\/v2\/posts\/29127\/revisions\/29133"}],"wp:featuredmedia":[{"embeddable":true,"href":"https:\/\/jornaltimoneiro.com.br\/index.php\/wp-json\/wp\/v2\/media\/29131"}],"wp:attachment":[{"href":"https:\/\/jornaltimoneiro.com.br\/index.php\/wp-json\/wp\/v2\/media?parent=29127"}],"wp:term":[{"taxonomy":"category","embeddable":true,"href":"https:\/\/jornaltimoneiro.com.br\/index.php\/wp-json\/wp\/v2\/categories?post=29127"},{"taxonomy":"post_tag","embeddable":true,"href":"https:\/\/jornaltimoneiro.com.br\/index.php\/wp-json\/wp\/v2\/tags?post=29127"}],"curies":[{"name":"wp","href":"https:\/\/api.w.org\/{rel}","templated":true}]}}