{"id":29112,"date":"2024-05-04T10:20:16","date_gmt":"2024-05-04T13:20:16","guid":{"rendered":"https:\/\/jornaltimoneiro.com.br\/?p=29112"},"modified":"2024-05-13T11:19:22","modified_gmt":"2024-05-13T14:19:22","slug":"desastre-no-rs-nivel-do-guaiba-ultrapassa-5m-e-ja-registra-maior-cheia-da-historia-de-porto-alegre","status":"publish","type":"post","link":"https:\/\/jornaltimoneiro.com.br\/index.php\/2024\/05\/04\/desastre-no-rs-nivel-do-guaiba-ultrapassa-5m-e-ja-registra-maior-cheia-da-historia-de-porto-alegre\/","title":{"rendered":"DESASTRE NO RS: N\u00edvel do Gua\u00edba ultrapassa 5m e j\u00e1 registra maior cheia da hist\u00f3ria de Porto Alegre"},"content":{"rendered":"<p>Neste s\u00e1bado, 4, o Lago Gua\u00edba, em Porto Alegre, atingiu <span class=\"highlight highlighted\">a marca de 5,02 metros, logo ap\u00f3s bater sua marca hist\u00f3rica ao passar<\/span> de 4,76 metros, registrada em 1941, por conta das fortes chuvas que caem em solo ga\u00facho desde s\u00e1bado, 27.<\/p>\n<div id=\"chunk-1tq3b\">\n<div class=\"mc-column content-text active-extra-styles \" data-block-type=\"unstyled\" data-block-weight=\"43\" data-block-id=\"8\">\n<h4 data-track-category=\"Link no Texto\" data-mrf-recirculation=\"Article links\">N\u00fameros<\/h4>\n<p class=\" content-text__container \" data-track-category=\"Link no Texto\" data-track-links=\"\" data-mrf-recirculation=\"Article links\">A Defesa Civil registrou o recorde da cheia na noite de sexta-feira, 3, com a marca de 4,77 metros. No in\u00edcio da madrugada deste s\u00e1bado, 4, essa mesma esta\u00e7\u00e3o registrou 4,88 metros. Na medi\u00e7\u00e3o feita pela prefeitura no Cais Mau\u00e1, a marca\u00e7\u00e3o atingiu 4,82 metros no in\u00edcio desta madrugada. \u00c0s 8 horas deste s\u00e1bado, atingiu 5,02.<\/p>\n<\/div>\n<\/div>\n","protected":false},"excerpt":{"rendered":"<p>Neste s\u00e1bado, 4, o Lago Gua\u00edba, em Porto Alegre, atingiu a marca de 5,02 metros, logo ap\u00f3s bater sua marca hist\u00f3rica ao passar de 4,76 metros, registrada em 1941, por conta das fortes chuvas que caem em solo ga\u00facho desde s\u00e1bado, 27. N\u00fameros A Defesa Civil registrou o recorde da cheia na noite de sexta-feira, [&hellip;]<\/p>\n","protected":false},"author":2,"featured_media":29114,"comment_status":"open","ping_status":"open","sticky":false,"template":"","format":"standard","meta":{"amp_status":"","footnotes":""},"categories":[2494,143],"tags":[1416,791,190,1643,121,2369,213,80],"class_list":["post-29112","post","type-post","status-publish","format-standard","has-post-thumbnail","hentry","category-enchente-rs","category-estado","tag-chuvas","tag-enchente","tag-featured","tag-guaiba","tag-porto-alegre","tag-recorde","tag-rio-grande-do-sul","tag-rs"],"yoast_head":"<!-- This site is optimized with the Yoast SEO plugin v20.5 - https:\/\/yoast.com\/wordpress\/plugins\/seo\/ -->\n<title>DESASTRE NO RS: N\u00edvel do Gua\u00edba ultrapassa 5m e j\u00e1 registra maior cheia da hist\u00f3ria de Porto Alegre - O Timoneiro Jornal Canoas RS<\/title>\n<meta name=\"description\" content=\"DESASTRE NO RS: N\u00edvel do Gua\u00edba ultrapassa 5m e j\u00e1 registra maior cheia da hist\u00f3ria de Porto Alegre chuvas enchente rio grande do sul\" \/>\n<meta name=\"robots\" content=\"index, follow, max-snippet:-1, max-image-preview:large, max-video-preview:-1\" \/>\n<link rel=\"canonical\" href=\"https:\/\/jornaltimoneiro.com.br\/index.php\/2024\/05\/04\/desastre-no-rs-nivel-do-guaiba-ultrapassa-5m-e-ja-registra-maior-cheia-da-historia-de-porto-alegre\/\" \/>\n<meta property=\"og:locale\" content=\"pt_BR\" \/>\n<meta property=\"og:type\" content=\"article\" \/>\n<meta property=\"og:title\" content=\"DESASTRE NO RS: N\u00edvel do Gua\u00edba ultrapassa 5m e j\u00e1 registra maior cheia da hist\u00f3ria de Porto Alegre - O Timoneiro Jornal Canoas RS\" \/>\n<meta property=\"og:description\" content=\"DESASTRE NO RS: N\u00edvel do Gua\u00edba ultrapassa 5m e j\u00e1 registra maior cheia da hist\u00f3ria de Porto Alegre chuvas enchente rio grande do sul\" \/>\n<meta property=\"og:url\" content=\"https:\/\/jornaltimoneiro.com.br\/index.php\/2024\/05\/04\/desastre-no-rs-nivel-do-guaiba-ultrapassa-5m-e-ja-registra-maior-cheia-da-historia-de-porto-alegre\/\" \/>\n<meta property=\"og:site_name\" content=\"O Timoneiro Jornal Canoas RS\" \/>\n<meta property=\"article:publisher\" content=\"https:\/\/www.facebook.com\/jornaltimoneiro\" \/>\n<meta property=\"article:published_time\" content=\"2024-05-04T13:20:16+00:00\" \/>\n<meta property=\"article:modified_time\" content=\"2024-05-13T14:19:22+00:00\" \/>\n<meta property=\"og:image\" content=\"https:\/\/jornaltimoneiro.com.br\/wp-content\/uploads\/2024\/05\/WhatsApp-Image-2024-05-04-at-09.28.19.jpeg\" \/>\n\t<meta property=\"og:image:width\" content=\"1600\" \/>\n\t<meta property=\"og:image:height\" content=\"1200\" \/>\n\t<meta property=\"og:image:type\" content=\"image\/jpeg\" \/>\n<meta name=\"author\" content=\"Reda\u00e7\u00e3o\" \/>\n<meta name=\"twitter:card\" content=\"summary_large_image\" \/>\n<meta name=\"twitter:creator\" content=\"@_OTimoneiro\" \/>\n<meta name=\"twitter:site\" content=\"@_OTimoneiro\" \/>\n<meta name=\"twitter:label1\" content=\"Escrito por\" \/>\n\t<meta name=\"twitter:data1\" content=\"Reda\u00e7\u00e3o\" \/>\n\t<meta name=\"twitter:label2\" content=\"Est. tempo de leitura\" \/>\n\t<meta name=\"twitter:data2\" content=\"1 minuto\" \/>\n<script type=\"application\/ld+json\" class=\"yoast-schema-graph\">{\"@context\":\"https:\/\/schema.org\",\"@graph\":[{\"@type\":\"Article\",\"@id\":\"https:\/\/jornaltimoneiro.com.br\/index.php\/2024\/05\/04\/desastre-no-rs-nivel-do-guaiba-ultrapassa-5m-e-ja-registra-maior-cheia-da-historia-de-porto-alegre\/#article\",\"isPartOf\":{\"@id\":\"https:\/\/jornaltimoneiro.com.br\/index.php\/2024\/05\/04\/desastre-no-rs-nivel-do-guaiba-ultrapassa-5m-e-ja-registra-maior-cheia-da-historia-de-porto-alegre\/\"},\"author\":{\"name\":\"Reda\u00e7\u00e3o\",\"@id\":\"https:\/\/jornaltimoneiro.com.br\/#\/schema\/person\/f63482f1a02b1a9592707865e509ab40\"},\"headline\":\"DESASTRE NO RS: N\u00edvel do Gua\u00edba ultrapassa 5m e j\u00e1 registra maior cheia da hist\u00f3ria de Porto Alegre\",\"datePublished\":\"2024-05-04T13:20:16+00:00\",\"dateModified\":\"2024-05-13T14:19:22+00:00\",\"mainEntityOfPage\":{\"@id\":\"https:\/\/jornaltimoneiro.com.br\/index.php\/2024\/05\/04\/desastre-no-rs-nivel-do-guaiba-ultrapassa-5m-e-ja-registra-maior-cheia-da-historia-de-porto-alegre\/\"},\"wordCount\":122,\"commentCount\":0,\"publisher\":{\"@id\":\"https:\/\/jornaltimoneiro.com.br\/#organization\"},\"keywords\":[\"chuvas\",\"enchente\",\"featured\",\"Gua\u00edba\",\"Porto Alegre\",\"recorde\",\"rio grande do sul\",\"RS\"],\"articleSection\":[\"ENCHENTE RS\",\"Estado\"],\"inLanguage\":\"pt-BR\",\"potentialAction\":[{\"@type\":\"CommentAction\",\"name\":\"Comment\",\"target\":[\"https:\/\/jornaltimoneiro.com.br\/index.php\/2024\/05\/04\/desastre-no-rs-nivel-do-guaiba-ultrapassa-5m-e-ja-registra-maior-cheia-da-historia-de-porto-alegre\/#respond\"]}]},{\"@type\":\"WebPage\",\"@id\":\"https:\/\/jornaltimoneiro.com.br\/index.php\/2024\/05\/04\/desastre-no-rs-nivel-do-guaiba-ultrapassa-5m-e-ja-registra-maior-cheia-da-historia-de-porto-alegre\/\",\"url\":\"https:\/\/jornaltimoneiro.com.br\/index.php\/2024\/05\/04\/desastre-no-rs-nivel-do-guaiba-ultrapassa-5m-e-ja-registra-maior-cheia-da-historia-de-porto-alegre\/\",\"name\":\"DESASTRE NO RS: N\u00edvel do Gua\u00edba ultrapassa 5m e j\u00e1 registra maior cheia da hist\u00f3ria de Porto Alegre - O Timoneiro Jornal Canoas RS\",\"isPartOf\":{\"@id\":\"https:\/\/jornaltimoneiro.com.br\/#website\"},\"datePublished\":\"2024-05-04T13:20:16+00:00\",\"dateModified\":\"2024-05-13T14:19:22+00:00\",\"description\":\"DESASTRE NO RS: N\u00edvel do Gua\u00edba ultrapassa 5m e j\u00e1 registra maior cheia da hist\u00f3ria de Porto Alegre chuvas enchente rio grande do sul\",\"breadcrumb\":{\"@id\":\"https:\/\/jornaltimoneiro.com.br\/index.php\/2024\/05\/04\/desastre-no-rs-nivel-do-guaiba-ultrapassa-5m-e-ja-registra-maior-cheia-da-historia-de-porto-alegre\/#breadcrumb\"},\"inLanguage\":\"pt-BR\",\"potentialAction\":[{\"@type\":\"ReadAction\",\"target\":[\"https:\/\/jornaltimoneiro.com.br\/index.php\/2024\/05\/04\/desastre-no-rs-nivel-do-guaiba-ultrapassa-5m-e-ja-registra-maior-cheia-da-historia-de-porto-alegre\/\"]}]},{\"@type\":\"BreadcrumbList\",\"@id\":\"https:\/\/jornaltimoneiro.com.br\/index.php\/2024\/05\/04\/desastre-no-rs-nivel-do-guaiba-ultrapassa-5m-e-ja-registra-maior-cheia-da-historia-de-porto-alegre\/#breadcrumb\",\"itemListElement\":[{\"@type\":\"ListItem\",\"position\":1,\"name\":\"In\u00edcio\",\"item\":\"https:\/\/jornaltimoneiro.com.br\/\"},{\"@type\":\"ListItem\",\"position\":2,\"name\":\"DESASTRE NO RS: N\u00edvel do Gua\u00edba ultrapassa 5m e j\u00e1 registra maior cheia da hist\u00f3ria de Porto Alegre\"}]},{\"@type\":\"WebSite\",\"@id\":\"https:\/\/jornaltimoneiro.com.br\/#website\",\"url\":\"https:\/\/jornaltimoneiro.com.br\/\",\"name\":\"Jornal Timoneiro Canoas RS\",\"description\":\"Jornal O Timoneiro, o verdadeiro jornal de Canoas\",\"publisher\":{\"@id\":\"https:\/\/jornaltimoneiro.com.br\/#organization\"},\"potentialAction\":[{\"@type\":\"SearchAction\",\"target\":{\"@type\":\"EntryPoint\",\"urlTemplate\":\"https:\/\/jornaltimoneiro.com.br\/?s={search_term_string}\"},\"query-input\":\"required name=search_term_string\"}],\"inLanguage\":\"pt-BR\"},{\"@type\":\"Organization\",\"@id\":\"https:\/\/jornaltimoneiro.com.br\/#organization\",\"name\":\"Jornal Timoneiro Canoas RS\",\"url\":\"https:\/\/jornaltimoneiro.com.br\/\",\"logo\":{\"@type\":\"ImageObject\",\"inLanguage\":\"pt-BR\",\"@id\":\"https:\/\/jornaltimoneiro.com.br\/#\/schema\/logo\/image\/\",\"url\":\"https:\/\/jornaltimoneiro.com.br\/wp-content\/uploads\/2023\/03\/logonovo.png\",\"contentUrl\":\"https:\/\/jornaltimoneiro.com.br\/wp-content\/uploads\/2023\/03\/logonovo.png\",\"width\":\"469\",\"height\":\"171\",\"caption\":\"Jornal Timoneiro Canoas RS\"},\"image\":{\"@id\":\"https:\/\/jornaltimoneiro.com.br\/#\/schema\/logo\/image\/\"},\"sameAs\":[\"https:\/\/www.facebook.com\/jornaltimoneiro\",\"https:\/\/twitter.com\/_OTimoneiro\",\"https:\/\/www.instagram.com\/jornaltimoneirocanoas\/\",\"https:\/\/www.youtube.com\/@jornalotimoneiro7927\"]},{\"@type\":\"Person\",\"@id\":\"https:\/\/jornaltimoneiro.com.br\/#\/schema\/person\/f63482f1a02b1a9592707865e509ab40\",\"name\":\"Reda\u00e7\u00e3o\",\"image\":{\"@type\":\"ImageObject\",\"inLanguage\":\"pt-BR\",\"@id\":\"https:\/\/jornaltimoneiro.com.br\/#\/schema\/person\/image\/\",\"url\":\"https:\/\/jornaltimoneiro.com.br\/wp-content\/uploads\/2023\/03\/download.jpeg\",\"contentUrl\":\"https:\/\/jornaltimoneiro.com.br\/wp-content\/uploads\/2023\/03\/download.jpeg\",\"caption\":\"Reda\u00e7\u00e3o\"},\"url\":\"https:\/\/jornaltimoneiro.com.br\/index.php\/author\/simone-dutra\/\"}]}<\/script>\n<!-- \/ Yoast SEO plugin. -->","yoast_head_json":{"title":"DESASTRE NO RS: N\u00edvel do Gua\u00edba ultrapassa 5m e j\u00e1 registra maior cheia da hist\u00f3ria de Porto Alegre - O Timoneiro Jornal Canoas RS","description":"DESASTRE NO RS: N\u00edvel do Gua\u00edba ultrapassa 5m e j\u00e1 registra maior cheia da hist\u00f3ria de Porto Alegre chuvas enchente rio grande do sul","robots":{"index":"index","follow":"follow","max-snippet":"max-snippet:-1","max-image-preview":"max-image-preview:large","max-video-preview":"max-video-preview:-1"},"canonical":"https:\/\/jornaltimoneiro.com.br\/index.php\/2024\/05\/04\/desastre-no-rs-nivel-do-guaiba-ultrapassa-5m-e-ja-registra-maior-cheia-da-historia-de-porto-alegre\/","og_locale":"pt_BR","og_type":"article","og_title":"DESASTRE NO RS: N\u00edvel do Gua\u00edba ultrapassa 5m e j\u00e1 registra maior cheia da hist\u00f3ria de Porto Alegre - O Timoneiro Jornal Canoas RS","og_description":"DESASTRE NO RS: N\u00edvel do Gua\u00edba ultrapassa 5m e j\u00e1 registra maior cheia da hist\u00f3ria de Porto Alegre chuvas enchente rio grande do sul","og_url":"https:\/\/jornaltimoneiro.com.br\/index.php\/2024\/05\/04\/desastre-no-rs-nivel-do-guaiba-ultrapassa-5m-e-ja-registra-maior-cheia-da-historia-de-porto-alegre\/","og_site_name":"O Timoneiro Jornal Canoas RS","article_publisher":"https:\/\/www.facebook.com\/jornaltimoneiro","article_published_time":"2024-05-04T13:20:16+00:00","article_modified_time":"2024-05-13T14:19:22+00:00","og_image":[{"width":"1600","height":"1200","url":"https:\/\/jornaltimoneiro.com.br\/wp-content\/uploads\/2024\/05\/WhatsApp-Image-2024-05-04-at-09.28.19.jpeg","type":"image\/jpeg"}],"author":"Reda\u00e7\u00e3o","twitter_card":"summary_large_image","twitter_creator":"@_OTimoneiro","twitter_site":"@_OTimoneiro","twitter_misc":{"Escrito por":"Reda\u00e7\u00e3o","Est. tempo de leitura":"1 minuto"},"schema":{"@context":"https:\/\/schema.org","@graph":[{"@type":"Article","@id":"https:\/\/jornaltimoneiro.com.br\/index.php\/2024\/05\/04\/desastre-no-rs-nivel-do-guaiba-ultrapassa-5m-e-ja-registra-maior-cheia-da-historia-de-porto-alegre\/#article","isPartOf":{"@id":"https:\/\/jornaltimoneiro.com.br\/index.php\/2024\/05\/04\/desastre-no-rs-nivel-do-guaiba-ultrapassa-5m-e-ja-registra-maior-cheia-da-historia-de-porto-alegre\/"},"author":{"name":"Reda\u00e7\u00e3o","@id":"https:\/\/jornaltimoneiro.com.br\/#\/schema\/person\/f63482f1a02b1a9592707865e509ab40"},"headline":"DESASTRE NO RS: N\u00edvel do Gua\u00edba ultrapassa 5m e j\u00e1 registra maior cheia da hist\u00f3ria de Porto Alegre","datePublished":"2024-05-04T13:20:16+00:00","dateModified":"2024-05-13T14:19:22+00:00","mainEntityOfPage":{"@id":"https:\/\/jornaltimoneiro.com.br\/index.php\/2024\/05\/04\/desastre-no-rs-nivel-do-guaiba-ultrapassa-5m-e-ja-registra-maior-cheia-da-historia-de-porto-alegre\/"},"wordCount":122,"commentCount":0,"publisher":{"@id":"https:\/\/jornaltimoneiro.com.br\/#organization"},"keywords":["chuvas","enchente","featured","Gua\u00edba","Porto Alegre","recorde","rio grande do sul","RS"],"articleSection":["ENCHENTE RS","Estado"],"inLanguage":"pt-BR","potentialAction":[{"@type":"CommentAction","name":"Comment","target":["https:\/\/jornaltimoneiro.com.br\/index.php\/2024\/05\/04\/desastre-no-rs-nivel-do-guaiba-ultrapassa-5m-e-ja-registra-maior-cheia-da-historia-de-porto-alegre\/#respond"]}]},{"@type":"WebPage","@id":"https:\/\/jornaltimoneiro.com.br\/index.php\/2024\/05\/04\/desastre-no-rs-nivel-do-guaiba-ultrapassa-5m-e-ja-registra-maior-cheia-da-historia-de-porto-alegre\/","url":"https:\/\/jornaltimoneiro.com.br\/index.php\/2024\/05\/04\/desastre-no-rs-nivel-do-guaiba-ultrapassa-5m-e-ja-registra-maior-cheia-da-historia-de-porto-alegre\/","name":"DESASTRE NO RS: N\u00edvel do Gua\u00edba ultrapassa 5m e j\u00e1 registra maior cheia da hist\u00f3ria de Porto Alegre - O Timoneiro Jornal Canoas RS","isPartOf":{"@id":"https:\/\/jornaltimoneiro.com.br\/#website"},"datePublished":"2024-05-04T13:20:16+00:00","dateModified":"2024-05-13T14:19:22+00:00","description":"DESASTRE NO RS: N\u00edvel do Gua\u00edba ultrapassa 5m e j\u00e1 registra maior cheia da hist\u00f3ria de Porto Alegre chuvas enchente rio grande do sul","breadcrumb":{"@id":"https:\/\/jornaltimoneiro.com.br\/index.php\/2024\/05\/04\/desastre-no-rs-nivel-do-guaiba-ultrapassa-5m-e-ja-registra-maior-cheia-da-historia-de-porto-alegre\/#breadcrumb"},"inLanguage":"pt-BR","potentialAction":[{"@type":"ReadAction","target":["https:\/\/jornaltimoneiro.com.br\/index.php\/2024\/05\/04\/desastre-no-rs-nivel-do-guaiba-ultrapassa-5m-e-ja-registra-maior-cheia-da-historia-de-porto-alegre\/"]}]},{"@type":"BreadcrumbList","@id":"https:\/\/jornaltimoneiro.com.br\/index.php\/2024\/05\/04\/desastre-no-rs-nivel-do-guaiba-ultrapassa-5m-e-ja-registra-maior-cheia-da-historia-de-porto-alegre\/#breadcrumb","itemListElement":[{"@type":"ListItem","position":1,"name":"In\u00edcio","item":"https:\/\/jornaltimoneiro.com.br\/"},{"@type":"ListItem","position":2,"name":"DESASTRE NO RS: N\u00edvel do Gua\u00edba ultrapassa 5m e j\u00e1 registra maior cheia da hist\u00f3ria de Porto Alegre"}]},{"@type":"WebSite","@id":"https:\/\/jornaltimoneiro.com.br\/#website","url":"https:\/\/jornaltimoneiro.com.br\/","name":"Jornal Timoneiro Canoas RS","description":"Jornal O Timoneiro, o verdadeiro jornal de Canoas","publisher":{"@id":"https:\/\/jornaltimoneiro.com.br\/#organization"},"potentialAction":[{"@type":"SearchAction","target":{"@type":"EntryPoint","urlTemplate":"https:\/\/jornaltimoneiro.com.br\/?s={search_term_string}"},"query-input":"required name=search_term_string"}],"inLanguage":"pt-BR"},{"@type":"Organization","@id":"https:\/\/jornaltimoneiro.com.br\/#organization","name":"Jornal Timoneiro Canoas RS","url":"https:\/\/jornaltimoneiro.com.br\/","logo":{"@type":"ImageObject","inLanguage":"pt-BR","@id":"https:\/\/jornaltimoneiro.com.br\/#\/schema\/logo\/image\/","url":"https:\/\/jornaltimoneiro.com.br\/wp-content\/uploads\/2023\/03\/logonovo.png","contentUrl":"https:\/\/jornaltimoneiro.com.br\/wp-content\/uploads\/2023\/03\/logonovo.png","width":"469","height":"171","caption":"Jornal Timoneiro Canoas RS"},"image":{"@id":"https:\/\/jornaltimoneiro.com.br\/#\/schema\/logo\/image\/"},"sameAs":["https:\/\/www.facebook.com\/jornaltimoneiro","https:\/\/twitter.com\/_OTimoneiro","https:\/\/www.instagram.com\/jornaltimoneirocanoas\/","https:\/\/www.youtube.com\/@jornalotimoneiro7927"]},{"@type":"Person","@id":"https:\/\/jornaltimoneiro.com.br\/#\/schema\/person\/f63482f1a02b1a9592707865e509ab40","name":"Reda\u00e7\u00e3o","image":{"@type":"ImageObject","inLanguage":"pt-BR","@id":"https:\/\/jornaltimoneiro.com.br\/#\/schema\/person\/image\/","url":"https:\/\/jornaltimoneiro.com.br\/wp-content\/uploads\/2023\/03\/download.jpeg","contentUrl":"https:\/\/jornaltimoneiro.com.br\/wp-content\/uploads\/2023\/03\/download.jpeg","caption":"Reda\u00e7\u00e3o"},"url":"https:\/\/jornaltimoneiro.com.br\/index.php\/author\/simone-dutra\/"}]}},"_links":{"self":[{"href":"https:\/\/jornaltimoneiro.com.br\/index.php\/wp-json\/wp\/v2\/posts\/29112"}],"collection":[{"href":"https:\/\/jornaltimoneiro.com.br\/index.php\/wp-json\/wp\/v2\/posts"}],"about":[{"href":"https:\/\/jornaltimoneiro.com.br\/index.php\/wp-json\/wp\/v2\/types\/post"}],"author":[{"embeddable":true,"href":"https:\/\/jornaltimoneiro.com.br\/index.php\/wp-json\/wp\/v2\/users\/2"}],"replies":[{"embeddable":true,"href":"https:\/\/jornaltimoneiro.com.br\/index.php\/wp-json\/wp\/v2\/comments?post=29112"}],"version-history":[{"count":1,"href":"https:\/\/jornaltimoneiro.com.br\/index.php\/wp-json\/wp\/v2\/posts\/29112\/revisions"}],"predecessor-version":[{"id":29115,"href":"https:\/\/jornaltimoneiro.com.br\/index.php\/wp-json\/wp\/v2\/posts\/29112\/revisions\/29115"}],"wp:featuredmedia":[{"embeddable":true,"href":"https:\/\/jornaltimoneiro.com.br\/index.php\/wp-json\/wp\/v2\/media\/29114"}],"wp:attachment":[{"href":"https:\/\/jornaltimoneiro.com.br\/index.php\/wp-json\/wp\/v2\/media?parent=29112"}],"wp:term":[{"taxonomy":"category","embeddable":true,"href":"https:\/\/jornaltimoneiro.com.br\/index.php\/wp-json\/wp\/v2\/categories?post=29112"},{"taxonomy":"post_tag","embeddable":true,"href":"https:\/\/jornaltimoneiro.com.br\/index.php\/wp-json\/wp\/v2\/tags?post=29112"}],"curies":[{"name":"wp","href":"https:\/\/api.w.org\/{rel}","templated":true}]}}