{"id":29003,"date":"2024-04-30T17:55:13","date_gmt":"2024-04-30T20:55:13","guid":{"rendered":"https:\/\/jornaltimoneiro.com.br\/?p=29003"},"modified":"2024-04-30T17:55:13","modified_gmt":"2024-04-30T20:55:13","slug":"jairo-jorge-se-reune-com-juiza-para-falar-sobre-edital-do-hospital-universitario","status":"publish","type":"post","link":"https:\/\/jornaltimoneiro.com.br\/index.php\/2024\/04\/30\/jairo-jorge-se-reune-com-juiza-para-falar-sobre-edital-do-hospital-universitario\/","title":{"rendered":"Jairo Jorge se re\u00fane com ju\u00edza para falar sobre edital do Hospital Universit\u00e1rio"},"content":{"rendered":"<p>Nesta ter\u00e7a-feira, 30, o prefeito de Canoas, Jairo Jorge, reuniu-se com a ju\u00edza da 2\u00aa Vara C\u00edvel de Canoas, Adriana Rosa Morozini. O objetivo do encontro era tratar sobre o chamamento p\u00fablico para gest\u00e3o do Hospital Universit\u00e1rio (HU).<\/p>\n<p>Como encaminhamento do encontro, ficou definida a cria\u00e7\u00e3o de uma comiss\u00e3o. Formado por m\u00e9dicos, o grupo far\u00e1 visitas t\u00e9cnicas a institui\u00e7\u00f5es de sa\u00fade geridas pela Associa\u00e7\u00e3o Sa\u00fade e Movimento, vencedora do certame. Eles dever\u00e3o verificar presencialmente como funciona a presta\u00e7\u00e3o dos servi\u00e7os administrados pela associa\u00e7\u00e3o.<\/p>\n<p>Ao final da miss\u00e3o, a comiss\u00e3o e a Procuradoria-Geral do Munic\u00edpio v\u00e3o elaborar um relat\u00f3rio t\u00e9cnico, que ser\u00e1 encaminhado \u00e0 ju\u00edza.<\/p>\n<p>O objetivo da visita t\u00e9cnica e da elabora\u00e7\u00e3o de parecer \u00e9 captar mais informa\u00e7\u00f5es para garantir que a assist\u00eancia m\u00e9dica prestada pelo HU \u00e0 popula\u00e7\u00e3o canoense n\u00e3o tenha preju\u00edzos com a troca de gest\u00e3o.<\/p>\n","protected":false},"excerpt":{"rendered":"<p>Nesta ter\u00e7a-feira, 30, o prefeito de Canoas, Jairo Jorge, reuniu-se com a ju\u00edza da 2\u00aa Vara C\u00edvel de Canoas, Adriana Rosa Morozini. O objetivo do encontro era tratar sobre o chamamento p\u00fablico para gest\u00e3o do Hospital Universit\u00e1rio (HU). Como encaminhamento do encontro, ficou definida a cria\u00e7\u00e3o de uma comiss\u00e3o. Formado por m\u00e9dicos, o grupo far\u00e1 [&hellip;]<\/p>\n","protected":false},"author":2,"featured_media":29004,"comment_status":"open","ping_status":"open","sticky":false,"template":"","format":"standard","meta":{"amp_status":"","footnotes":""},"categories":[26],"tags":[2411,280,51,2410],"class_list":["post-29003","post","type-post","status-publish","format-standard","has-post-thumbnail","hentry","category-saude","tag-comissao","tag-hu","tag-jairo-jorge","tag-juiza"],"yoast_head":"<!-- This site is optimized with the Yoast SEO plugin v20.5 - https:\/\/yoast.com\/wordpress\/plugins\/seo\/ -->\n<title>Jairo Jorge se re\u00fane com ju\u00edza para falar sobre edital do Hospital Universit\u00e1rio - O Timoneiro Jornal Canoas RS<\/title>\n<meta name=\"robots\" content=\"index, follow, max-snippet:-1, max-image-preview:large, max-video-preview:-1\" \/>\n<link rel=\"canonical\" href=\"https:\/\/jornaltimoneiro.com.br\/index.php\/2024\/04\/30\/jairo-jorge-se-reune-com-juiza-para-falar-sobre-edital-do-hospital-universitario\/\" \/>\n<meta property=\"og:locale\" content=\"pt_BR\" \/>\n<meta property=\"og:type\" content=\"article\" \/>\n<meta property=\"og:title\" content=\"Jairo Jorge se re\u00fane com ju\u00edza para falar sobre edital do Hospital Universit\u00e1rio - O Timoneiro Jornal Canoas RS\" \/>\n<meta property=\"og:description\" content=\"Nesta ter\u00e7a-feira, 30, o prefeito de Canoas, Jairo Jorge, reuniu-se com a ju\u00edza da 2\u00aa Vara C\u00edvel de Canoas, Adriana Rosa Morozini. O objetivo do encontro era tratar sobre o chamamento p\u00fablico para gest\u00e3o do Hospital Universit\u00e1rio (HU). Como encaminhamento do encontro, ficou definida a cria\u00e7\u00e3o de uma comiss\u00e3o. Formado por m\u00e9dicos, o grupo far\u00e1 [&hellip;]\" \/>\n<meta property=\"og:url\" content=\"https:\/\/jornaltimoneiro.com.br\/index.php\/2024\/04\/30\/jairo-jorge-se-reune-com-juiza-para-falar-sobre-edital-do-hospital-universitario\/\" \/>\n<meta property=\"og:site_name\" content=\"O Timoneiro Jornal Canoas RS\" \/>\n<meta property=\"article:publisher\" content=\"https:\/\/www.facebook.com\/jornaltimoneiro\" \/>\n<meta property=\"article:published_time\" content=\"2024-04-30T20:55:13+00:00\" \/>\n<meta property=\"og:image\" content=\"https:\/\/jornaltimoneiro.com.br\/wp-content\/uploads\/2024\/04\/Vinicius-Thormann-1024x683-1.jpg\" \/>\n\t<meta property=\"og:image:width\" content=\"1024\" \/>\n\t<meta property=\"og:image:height\" content=\"683\" \/>\n\t<meta property=\"og:image:type\" content=\"image\/jpeg\" \/>\n<meta name=\"author\" content=\"Reda\u00e7\u00e3o\" \/>\n<meta name=\"twitter:card\" content=\"summary_large_image\" \/>\n<meta name=\"twitter:creator\" content=\"@_OTimoneiro\" \/>\n<meta name=\"twitter:site\" content=\"@_OTimoneiro\" \/>\n<meta name=\"twitter:label1\" content=\"Escrito por\" \/>\n\t<meta name=\"twitter:data1\" content=\"Reda\u00e7\u00e3o\" \/>\n\t<meta name=\"twitter:label2\" content=\"Est. tempo de leitura\" \/>\n\t<meta name=\"twitter:data2\" content=\"1 minuto\" \/>\n<script type=\"application\/ld+json\" class=\"yoast-schema-graph\">{\"@context\":\"https:\/\/schema.org\",\"@graph\":[{\"@type\":\"Article\",\"@id\":\"https:\/\/jornaltimoneiro.com.br\/index.php\/2024\/04\/30\/jairo-jorge-se-reune-com-juiza-para-falar-sobre-edital-do-hospital-universitario\/#article\",\"isPartOf\":{\"@id\":\"https:\/\/jornaltimoneiro.com.br\/index.php\/2024\/04\/30\/jairo-jorge-se-reune-com-juiza-para-falar-sobre-edital-do-hospital-universitario\/\"},\"author\":{\"name\":\"Reda\u00e7\u00e3o\",\"@id\":\"https:\/\/jornaltimoneiro.com.br\/#\/schema\/person\/f63482f1a02b1a9592707865e509ab40\"},\"headline\":\"Jairo Jorge se re\u00fane com ju\u00edza para falar sobre edital do Hospital Universit\u00e1rio\",\"datePublished\":\"2024-04-30T20:55:13+00:00\",\"dateModified\":\"2024-04-30T20:55:13+00:00\",\"mainEntityOfPage\":{\"@id\":\"https:\/\/jornaltimoneiro.com.br\/index.php\/2024\/04\/30\/jairo-jorge-se-reune-com-juiza-para-falar-sobre-edital-do-hospital-universitario\/\"},\"wordCount\":183,\"commentCount\":0,\"publisher\":{\"@id\":\"https:\/\/jornaltimoneiro.com.br\/#organization\"},\"keywords\":[\"comiss\u00e3o\",\"HU\",\"Jairo Jorge\",\"ju\u00edza\"],\"articleSection\":[\"Sa\u00fade\"],\"inLanguage\":\"pt-BR\",\"potentialAction\":[{\"@type\":\"CommentAction\",\"name\":\"Comment\",\"target\":[\"https:\/\/jornaltimoneiro.com.br\/index.php\/2024\/04\/30\/jairo-jorge-se-reune-com-juiza-para-falar-sobre-edital-do-hospital-universitario\/#respond\"]}]},{\"@type\":\"WebPage\",\"@id\":\"https:\/\/jornaltimoneiro.com.br\/index.php\/2024\/04\/30\/jairo-jorge-se-reune-com-juiza-para-falar-sobre-edital-do-hospital-universitario\/\",\"url\":\"https:\/\/jornaltimoneiro.com.br\/index.php\/2024\/04\/30\/jairo-jorge-se-reune-com-juiza-para-falar-sobre-edital-do-hospital-universitario\/\",\"name\":\"Jairo Jorge se re\u00fane com ju\u00edza para falar sobre edital do Hospital Universit\u00e1rio - O Timoneiro Jornal Canoas RS\",\"isPartOf\":{\"@id\":\"https:\/\/jornaltimoneiro.com.br\/#website\"},\"datePublished\":\"2024-04-30T20:55:13+00:00\",\"dateModified\":\"2024-04-30T20:55:13+00:00\",\"breadcrumb\":{\"@id\":\"https:\/\/jornaltimoneiro.com.br\/index.php\/2024\/04\/30\/jairo-jorge-se-reune-com-juiza-para-falar-sobre-edital-do-hospital-universitario\/#breadcrumb\"},\"inLanguage\":\"pt-BR\",\"potentialAction\":[{\"@type\":\"ReadAction\",\"target\":[\"https:\/\/jornaltimoneiro.com.br\/index.php\/2024\/04\/30\/jairo-jorge-se-reune-com-juiza-para-falar-sobre-edital-do-hospital-universitario\/\"]}]},{\"@type\":\"BreadcrumbList\",\"@id\":\"https:\/\/jornaltimoneiro.com.br\/index.php\/2024\/04\/30\/jairo-jorge-se-reune-com-juiza-para-falar-sobre-edital-do-hospital-universitario\/#breadcrumb\",\"itemListElement\":[{\"@type\":\"ListItem\",\"position\":1,\"name\":\"In\u00edcio\",\"item\":\"https:\/\/jornaltimoneiro.com.br\/\"},{\"@type\":\"ListItem\",\"position\":2,\"name\":\"Jairo Jorge se re\u00fane com ju\u00edza para falar sobre edital do Hospital Universit\u00e1rio\"}]},{\"@type\":\"WebSite\",\"@id\":\"https:\/\/jornaltimoneiro.com.br\/#website\",\"url\":\"https:\/\/jornaltimoneiro.com.br\/\",\"name\":\"Jornal Timoneiro Canoas RS\",\"description\":\"Jornal O Timoneiro, o verdadeiro jornal de Canoas\",\"publisher\":{\"@id\":\"https:\/\/jornaltimoneiro.com.br\/#organization\"},\"potentialAction\":[{\"@type\":\"SearchAction\",\"target\":{\"@type\":\"EntryPoint\",\"urlTemplate\":\"https:\/\/jornaltimoneiro.com.br\/?s={search_term_string}\"},\"query-input\":\"required name=search_term_string\"}],\"inLanguage\":\"pt-BR\"},{\"@type\":\"Organization\",\"@id\":\"https:\/\/jornaltimoneiro.com.br\/#organization\",\"name\":\"Jornal Timoneiro Canoas RS\",\"url\":\"https:\/\/jornaltimoneiro.com.br\/\",\"logo\":{\"@type\":\"ImageObject\",\"inLanguage\":\"pt-BR\",\"@id\":\"https:\/\/jornaltimoneiro.com.br\/#\/schema\/logo\/image\/\",\"url\":\"https:\/\/jornaltimoneiro.com.br\/wp-content\/uploads\/2023\/03\/logonovo.png\",\"contentUrl\":\"https:\/\/jornaltimoneiro.com.br\/wp-content\/uploads\/2023\/03\/logonovo.png\",\"width\":\"469\",\"height\":\"171\",\"caption\":\"Jornal Timoneiro Canoas RS\"},\"image\":{\"@id\":\"https:\/\/jornaltimoneiro.com.br\/#\/schema\/logo\/image\/\"},\"sameAs\":[\"https:\/\/www.facebook.com\/jornaltimoneiro\",\"https:\/\/twitter.com\/_OTimoneiro\",\"https:\/\/www.instagram.com\/jornaltimoneirocanoas\/\",\"https:\/\/www.youtube.com\/@jornalotimoneiro7927\"]},{\"@type\":\"Person\",\"@id\":\"https:\/\/jornaltimoneiro.com.br\/#\/schema\/person\/f63482f1a02b1a9592707865e509ab40\",\"name\":\"Reda\u00e7\u00e3o\",\"image\":{\"@type\":\"ImageObject\",\"inLanguage\":\"pt-BR\",\"@id\":\"https:\/\/jornaltimoneiro.com.br\/#\/schema\/person\/image\/\",\"url\":\"https:\/\/jornaltimoneiro.com.br\/wp-content\/uploads\/2023\/03\/download.jpeg\",\"contentUrl\":\"https:\/\/jornaltimoneiro.com.br\/wp-content\/uploads\/2023\/03\/download.jpeg\",\"caption\":\"Reda\u00e7\u00e3o\"},\"url\":\"https:\/\/jornaltimoneiro.com.br\/index.php\/author\/simone-dutra\/\"}]}<\/script>\n<!-- \/ Yoast SEO plugin. -->","yoast_head_json":{"title":"Jairo Jorge se re\u00fane com ju\u00edza para falar sobre edital do Hospital Universit\u00e1rio - O Timoneiro Jornal Canoas RS","robots":{"index":"index","follow":"follow","max-snippet":"max-snippet:-1","max-image-preview":"max-image-preview:large","max-video-preview":"max-video-preview:-1"},"canonical":"https:\/\/jornaltimoneiro.com.br\/index.php\/2024\/04\/30\/jairo-jorge-se-reune-com-juiza-para-falar-sobre-edital-do-hospital-universitario\/","og_locale":"pt_BR","og_type":"article","og_title":"Jairo Jorge se re\u00fane com ju\u00edza para falar sobre edital do Hospital Universit\u00e1rio - O Timoneiro Jornal Canoas RS","og_description":"Nesta ter\u00e7a-feira, 30, o prefeito de Canoas, Jairo Jorge, reuniu-se com a ju\u00edza da 2\u00aa Vara C\u00edvel de Canoas, Adriana Rosa Morozini. O objetivo do encontro era tratar sobre o chamamento p\u00fablico para gest\u00e3o do Hospital Universit\u00e1rio (HU). Como encaminhamento do encontro, ficou definida a cria\u00e7\u00e3o de uma comiss\u00e3o. Formado por m\u00e9dicos, o grupo far\u00e1 [&hellip;]","og_url":"https:\/\/jornaltimoneiro.com.br\/index.php\/2024\/04\/30\/jairo-jorge-se-reune-com-juiza-para-falar-sobre-edital-do-hospital-universitario\/","og_site_name":"O Timoneiro Jornal Canoas RS","article_publisher":"https:\/\/www.facebook.com\/jornaltimoneiro","article_published_time":"2024-04-30T20:55:13+00:00","og_image":[{"width":"1024","height":"683","url":"https:\/\/jornaltimoneiro.com.br\/wp-content\/uploads\/2024\/04\/Vinicius-Thormann-1024x683-1.jpg","type":"image\/jpeg"}],"author":"Reda\u00e7\u00e3o","twitter_card":"summary_large_image","twitter_creator":"@_OTimoneiro","twitter_site":"@_OTimoneiro","twitter_misc":{"Escrito por":"Reda\u00e7\u00e3o","Est. tempo de leitura":"1 minuto"},"schema":{"@context":"https:\/\/schema.org","@graph":[{"@type":"Article","@id":"https:\/\/jornaltimoneiro.com.br\/index.php\/2024\/04\/30\/jairo-jorge-se-reune-com-juiza-para-falar-sobre-edital-do-hospital-universitario\/#article","isPartOf":{"@id":"https:\/\/jornaltimoneiro.com.br\/index.php\/2024\/04\/30\/jairo-jorge-se-reune-com-juiza-para-falar-sobre-edital-do-hospital-universitario\/"},"author":{"name":"Reda\u00e7\u00e3o","@id":"https:\/\/jornaltimoneiro.com.br\/#\/schema\/person\/f63482f1a02b1a9592707865e509ab40"},"headline":"Jairo Jorge se re\u00fane com ju\u00edza para falar sobre edital do Hospital Universit\u00e1rio","datePublished":"2024-04-30T20:55:13+00:00","dateModified":"2024-04-30T20:55:13+00:00","mainEntityOfPage":{"@id":"https:\/\/jornaltimoneiro.com.br\/index.php\/2024\/04\/30\/jairo-jorge-se-reune-com-juiza-para-falar-sobre-edital-do-hospital-universitario\/"},"wordCount":183,"commentCount":0,"publisher":{"@id":"https:\/\/jornaltimoneiro.com.br\/#organization"},"keywords":["comiss\u00e3o","HU","Jairo Jorge","ju\u00edza"],"articleSection":["Sa\u00fade"],"inLanguage":"pt-BR","potentialAction":[{"@type":"CommentAction","name":"Comment","target":["https:\/\/jornaltimoneiro.com.br\/index.php\/2024\/04\/30\/jairo-jorge-se-reune-com-juiza-para-falar-sobre-edital-do-hospital-universitario\/#respond"]}]},{"@type":"WebPage","@id":"https:\/\/jornaltimoneiro.com.br\/index.php\/2024\/04\/30\/jairo-jorge-se-reune-com-juiza-para-falar-sobre-edital-do-hospital-universitario\/","url":"https:\/\/jornaltimoneiro.com.br\/index.php\/2024\/04\/30\/jairo-jorge-se-reune-com-juiza-para-falar-sobre-edital-do-hospital-universitario\/","name":"Jairo Jorge se re\u00fane com ju\u00edza para falar sobre edital do Hospital Universit\u00e1rio - O Timoneiro Jornal Canoas RS","isPartOf":{"@id":"https:\/\/jornaltimoneiro.com.br\/#website"},"datePublished":"2024-04-30T20:55:13+00:00","dateModified":"2024-04-30T20:55:13+00:00","breadcrumb":{"@id":"https:\/\/jornaltimoneiro.com.br\/index.php\/2024\/04\/30\/jairo-jorge-se-reune-com-juiza-para-falar-sobre-edital-do-hospital-universitario\/#breadcrumb"},"inLanguage":"pt-BR","potentialAction":[{"@type":"ReadAction","target":["https:\/\/jornaltimoneiro.com.br\/index.php\/2024\/04\/30\/jairo-jorge-se-reune-com-juiza-para-falar-sobre-edital-do-hospital-universitario\/"]}]},{"@type":"BreadcrumbList","@id":"https:\/\/jornaltimoneiro.com.br\/index.php\/2024\/04\/30\/jairo-jorge-se-reune-com-juiza-para-falar-sobre-edital-do-hospital-universitario\/#breadcrumb","itemListElement":[{"@type":"ListItem","position":1,"name":"In\u00edcio","item":"https:\/\/jornaltimoneiro.com.br\/"},{"@type":"ListItem","position":2,"name":"Jairo Jorge se re\u00fane com ju\u00edza para falar sobre edital do Hospital Universit\u00e1rio"}]},{"@type":"WebSite","@id":"https:\/\/jornaltimoneiro.com.br\/#website","url":"https:\/\/jornaltimoneiro.com.br\/","name":"Jornal Timoneiro Canoas RS","description":"Jornal O Timoneiro, o verdadeiro jornal de Canoas","publisher":{"@id":"https:\/\/jornaltimoneiro.com.br\/#organization"},"potentialAction":[{"@type":"SearchAction","target":{"@type":"EntryPoint","urlTemplate":"https:\/\/jornaltimoneiro.com.br\/?s={search_term_string}"},"query-input":"required name=search_term_string"}],"inLanguage":"pt-BR"},{"@type":"Organization","@id":"https:\/\/jornaltimoneiro.com.br\/#organization","name":"Jornal Timoneiro Canoas RS","url":"https:\/\/jornaltimoneiro.com.br\/","logo":{"@type":"ImageObject","inLanguage":"pt-BR","@id":"https:\/\/jornaltimoneiro.com.br\/#\/schema\/logo\/image\/","url":"https:\/\/jornaltimoneiro.com.br\/wp-content\/uploads\/2023\/03\/logonovo.png","contentUrl":"https:\/\/jornaltimoneiro.com.br\/wp-content\/uploads\/2023\/03\/logonovo.png","width":"469","height":"171","caption":"Jornal Timoneiro Canoas RS"},"image":{"@id":"https:\/\/jornaltimoneiro.com.br\/#\/schema\/logo\/image\/"},"sameAs":["https:\/\/www.facebook.com\/jornaltimoneiro","https:\/\/twitter.com\/_OTimoneiro","https:\/\/www.instagram.com\/jornaltimoneirocanoas\/","https:\/\/www.youtube.com\/@jornalotimoneiro7927"]},{"@type":"Person","@id":"https:\/\/jornaltimoneiro.com.br\/#\/schema\/person\/f63482f1a02b1a9592707865e509ab40","name":"Reda\u00e7\u00e3o","image":{"@type":"ImageObject","inLanguage":"pt-BR","@id":"https:\/\/jornaltimoneiro.com.br\/#\/schema\/person\/image\/","url":"https:\/\/jornaltimoneiro.com.br\/wp-content\/uploads\/2023\/03\/download.jpeg","contentUrl":"https:\/\/jornaltimoneiro.com.br\/wp-content\/uploads\/2023\/03\/download.jpeg","caption":"Reda\u00e7\u00e3o"},"url":"https:\/\/jornaltimoneiro.com.br\/index.php\/author\/simone-dutra\/"}]}},"_links":{"self":[{"href":"https:\/\/jornaltimoneiro.com.br\/index.php\/wp-json\/wp\/v2\/posts\/29003"}],"collection":[{"href":"https:\/\/jornaltimoneiro.com.br\/index.php\/wp-json\/wp\/v2\/posts"}],"about":[{"href":"https:\/\/jornaltimoneiro.com.br\/index.php\/wp-json\/wp\/v2\/types\/post"}],"author":[{"embeddable":true,"href":"https:\/\/jornaltimoneiro.com.br\/index.php\/wp-json\/wp\/v2\/users\/2"}],"replies":[{"embeddable":true,"href":"https:\/\/jornaltimoneiro.com.br\/index.php\/wp-json\/wp\/v2\/comments?post=29003"}],"version-history":[{"count":1,"href":"https:\/\/jornaltimoneiro.com.br\/index.php\/wp-json\/wp\/v2\/posts\/29003\/revisions"}],"predecessor-version":[{"id":29005,"href":"https:\/\/jornaltimoneiro.com.br\/index.php\/wp-json\/wp\/v2\/posts\/29003\/revisions\/29005"}],"wp:featuredmedia":[{"embeddable":true,"href":"https:\/\/jornaltimoneiro.com.br\/index.php\/wp-json\/wp\/v2\/media\/29004"}],"wp:attachment":[{"href":"https:\/\/jornaltimoneiro.com.br\/index.php\/wp-json\/wp\/v2\/media?parent=29003"}],"wp:term":[{"taxonomy":"category","embeddable":true,"href":"https:\/\/jornaltimoneiro.com.br\/index.php\/wp-json\/wp\/v2\/categories?post=29003"},{"taxonomy":"post_tag","embeddable":true,"href":"https:\/\/jornaltimoneiro.com.br\/index.php\/wp-json\/wp\/v2\/tags?post=29003"}],"curies":[{"name":"wp","href":"https:\/\/api.w.org\/{rel}","templated":true}]}}