{"id":28962,"date":"2024-04-29T18:10:41","date_gmt":"2024-04-29T21:10:41","guid":{"rendered":"https:\/\/jornaltimoneiro.com.br\/?p=28962"},"modified":"2024-04-29T18:10:41","modified_gmt":"2024-04-29T21:10:41","slug":"governador-desiste-de-aumentar-icms-da-cesta-basica-e-deve-apostar-em-corte-de-beneficios-fiscais","status":"publish","type":"post","link":"https:\/\/jornaltimoneiro.com.br\/index.php\/2024\/04\/29\/governador-desiste-de-aumentar-icms-da-cesta-basica-e-deve-apostar-em-corte-de-beneficios-fiscais\/","title":{"rendered":"Governador desiste de aumentar ICMS da cesta b\u00e1sica e deve apostar em corte de benef\u00edcios fiscais"},"content":{"rendered":"<p>A incid\u00eancia de at\u00e9 12% do ICMS sobre produtos da cesta b\u00e1sica, <a href=\"https:\/\/jornaltimoneiro.com.br\/index.php\/2024\/03\/28\/governador-adia-em-um-mes-aumento-de-icms-sobre-cesta-basica\/\"><strong>adiada do dia 1\u00ba de abril para esta quarta-feira, 1\u00ba de maio<\/strong><\/a>, pode n\u00e3o mais acontecer. Representantes da base do governo na Assembleia Legislativa do RS afirmam que Eduardo Leite deve tirar o item da pauta de vota\u00e7\u00e3o at\u00e9 a ter\u00e7a-feira, 30.<\/p>\n<p>L\u00edder do governo na Assembleia, o deputado Frederico Antunes (PP) aponta que n\u00e3o h\u00e1 apoio para votar o aumento de al\u00edquotas do tributo estadual de 17% para 19,5%, como tenta Leite desde o final do ano passado. &#8220;Notamos que n\u00e3o h\u00e1 interesse dos deputados em votar o projeto agora, e o governador deve estar providenciando at\u00e9 amanh\u00e3 a retirada do projeto&#8221;, comentou em declara\u00e7\u00e3o ao portal GZH.<\/p>\n<p>Em videoconfer\u00eancia com aliados, o governador teria afirmado que tamb\u00e9m iria atenuar os efeitos do decreto que cortaria uma s\u00e9rie de benef\u00edcios fiscais a empresas no Estado e ainda instituiria aumento de at\u00e9 12% no ICMS sobre itens da cesta b\u00e1sica, v\u00e1rios deles at\u00e9 o momento isentos do tributo. Nesse caso, Leite manteria apenas o corte de benesses a empresas.<\/p>\n<p>Al\u00e9m disso, outras medidas que mexem com benef\u00edcios fiscais seriam tomadas pelo governo estadual. O Fator de Ajuste de Frui\u00e7\u00e3o (FAF), benef\u00edcio que reduz a cobran\u00e7a de imposto para empresas ga\u00fachas que adquirem insumos e produtos produzidos no RS, seria adiado para o final do ano, por exemplo.<\/p>\n<p>O cen\u00e1rio pol\u00edtico \u00e9 o mesmo do final de 2023, quando Leite enviou o projeto de aumento de ICMS para os legisladores estaduais, mas n\u00e3o houve apoio suficiente para vota\u00e7\u00e3o da proposta na Assembleia.<\/p>\n<h4>Entenda o caso<\/h4>\n<p>O plano original do governador era que houvesse a incid\u00eancia de uma al\u00edquota maior do tributo estadual sobre diversos setores da economia, exceto g\u00e1s de cozinha e combust\u00edveis. Essa medida seria uma forma de compensar mudan\u00e7as de 2022 ocorridas em \u00e2mbito nacional, assim como as futuras mudan\u00e7as promovidas pela Reforma Tribut\u00e1ria.<\/p>\n<p>As novas regras sobre impostos no Brasil, atualmente em processo de regulamenta\u00e7\u00e3o, preveem tamb\u00e9m a cria\u00e7\u00e3o do Imposto sobre Bens e Servi\u00e7os, o IBS, que deve substituir o ICMS e o ISS, que s\u00e3o recolhidos por estados e munic\u00edpios, respectivamente.<\/p>\n<p>Ao contr\u00e1rio destes, no entanto, o IBS ser\u00e1 recolhido pela Uni\u00e3o e depois repassado aos outros entes federativos. A altera\u00e7\u00e3o deve ocorrer a partir de 2029, e os repasses aos Estados devem seguir as al\u00edquotas de ICMS em vigor entre 2024 e 2028. Por isso, desde o final do ano passado, 17 Estados j\u00e1 aumentaram o que cobram dos impostos estaduais para garantirem menor perda de recursos a partir da mudan\u00e7a para o IBS.<\/p>\n","protected":false},"excerpt":{"rendered":"<p>A incid\u00eancia de at\u00e9 12% do ICMS sobre produtos da cesta b\u00e1sica, adiada do dia 1\u00ba de abril para esta quarta-feira, 1\u00ba de maio, pode n\u00e3o mais acontecer. Representantes da base do governo na Assembleia Legislativa do RS afirmam que Eduardo Leite deve tirar o item da pauta de vota\u00e7\u00e3o at\u00e9 a ter\u00e7a-feira, 30. L\u00edder [&hellip;]<\/p>\n","protected":false},"author":2,"featured_media":28156,"comment_status":"open","ping_status":"open","sticky":false,"template":"","format":"standard","meta":{"amp_status":"","footnotes":""},"categories":[1854],"tags":[315,2187,2176,2368],"class_list":["post-28962","post","type-post","status-publish","format-standard","has-post-thumbnail","hentry","category-economia","tag-aumento","tag-cesta-basica","tag-icms","tag-impostos"],"yoast_head":"<!-- This site is optimized with the Yoast SEO plugin v20.5 - https:\/\/yoast.com\/wordpress\/plugins\/seo\/ -->\n<title>Governador desiste de aumentar ICMS da cesta b\u00e1sica e deve apostar em corte de benef\u00edcios fiscais - O Timoneiro Jornal Canoas RS<\/title>\n<meta name=\"robots\" content=\"index, follow, max-snippet:-1, max-image-preview:large, max-video-preview:-1\" \/>\n<link rel=\"canonical\" href=\"https:\/\/jornaltimoneiro.com.br\/index.php\/2024\/04\/29\/governador-desiste-de-aumentar-icms-da-cesta-basica-e-deve-apostar-em-corte-de-beneficios-fiscais\/\" \/>\n<meta property=\"og:locale\" content=\"pt_BR\" \/>\n<meta property=\"og:type\" content=\"article\" \/>\n<meta property=\"og:title\" content=\"Governador desiste de aumentar ICMS da cesta b\u00e1sica e deve apostar em corte de benef\u00edcios fiscais - O Timoneiro Jornal Canoas RS\" \/>\n<meta property=\"og:description\" content=\"A incid\u00eancia de at\u00e9 12% do ICMS sobre produtos da cesta b\u00e1sica, adiada do dia 1\u00ba de abril para esta quarta-feira, 1\u00ba de maio, pode n\u00e3o mais acontecer. Representantes da base do governo na Assembleia Legislativa do RS afirmam que Eduardo Leite deve tirar o item da pauta de vota\u00e7\u00e3o at\u00e9 a ter\u00e7a-feira, 30. L\u00edder [&hellip;]\" \/>\n<meta property=\"og:url\" content=\"https:\/\/jornaltimoneiro.com.br\/index.php\/2024\/04\/29\/governador-desiste-de-aumentar-icms-da-cesta-basica-e-deve-apostar-em-corte-de-beneficios-fiscais\/\" \/>\n<meta property=\"og:site_name\" content=\"O Timoneiro Jornal Canoas RS\" \/>\n<meta property=\"article:publisher\" content=\"https:\/\/www.facebook.com\/jornaltimoneiro\" \/>\n<meta property=\"article:published_time\" content=\"2024-04-29T21:10:41+00:00\" \/>\n<meta property=\"og:image\" content=\"https:\/\/jornaltimoneiro.com.br\/wp-content\/uploads\/2024\/03\/WhatsApp-Image-2024-03-26-at-5.30.26-PM.jpeg\" \/>\n\t<meta property=\"og:image:width\" content=\"1600\" \/>\n\t<meta property=\"og:image:height\" content=\"900\" \/>\n\t<meta property=\"og:image:type\" content=\"image\/jpeg\" \/>\n<meta name=\"author\" content=\"Reda\u00e7\u00e3o\" \/>\n<meta name=\"twitter:card\" content=\"summary_large_image\" \/>\n<meta name=\"twitter:creator\" content=\"@_OTimoneiro\" \/>\n<meta name=\"twitter:site\" content=\"@_OTimoneiro\" \/>\n<meta name=\"twitter:label1\" content=\"Escrito por\" \/>\n\t<meta name=\"twitter:data1\" content=\"Reda\u00e7\u00e3o\" \/>\n\t<meta name=\"twitter:label2\" content=\"Est. tempo de leitura\" \/>\n\t<meta name=\"twitter:data2\" content=\"3 minutos\" \/>\n<script type=\"application\/ld+json\" class=\"yoast-schema-graph\">{\"@context\":\"https:\/\/schema.org\",\"@graph\":[{\"@type\":\"Article\",\"@id\":\"https:\/\/jornaltimoneiro.com.br\/index.php\/2024\/04\/29\/governador-desiste-de-aumentar-icms-da-cesta-basica-e-deve-apostar-em-corte-de-beneficios-fiscais\/#article\",\"isPartOf\":{\"@id\":\"https:\/\/jornaltimoneiro.com.br\/index.php\/2024\/04\/29\/governador-desiste-de-aumentar-icms-da-cesta-basica-e-deve-apostar-em-corte-de-beneficios-fiscais\/\"},\"author\":{\"name\":\"Reda\u00e7\u00e3o\",\"@id\":\"https:\/\/jornaltimoneiro.com.br\/#\/schema\/person\/f63482f1a02b1a9592707865e509ab40\"},\"headline\":\"Governador desiste de aumentar ICMS da cesta b\u00e1sica e deve apostar em corte de benef\u00edcios fiscais\",\"datePublished\":\"2024-04-29T21:10:41+00:00\",\"dateModified\":\"2024-04-29T21:10:41+00:00\",\"mainEntityOfPage\":{\"@id\":\"https:\/\/jornaltimoneiro.com.br\/index.php\/2024\/04\/29\/governador-desiste-de-aumentar-icms-da-cesta-basica-e-deve-apostar-em-corte-de-beneficios-fiscais\/\"},\"wordCount\":479,\"commentCount\":0,\"publisher\":{\"@id\":\"https:\/\/jornaltimoneiro.com.br\/#organization\"},\"keywords\":[\"aumento\",\"cesta b\u00e1sica\",\"ICMS\",\"impostos\"],\"articleSection\":[\"Economia\"],\"inLanguage\":\"pt-BR\",\"potentialAction\":[{\"@type\":\"CommentAction\",\"name\":\"Comment\",\"target\":[\"https:\/\/jornaltimoneiro.com.br\/index.php\/2024\/04\/29\/governador-desiste-de-aumentar-icms-da-cesta-basica-e-deve-apostar-em-corte-de-beneficios-fiscais\/#respond\"]}]},{\"@type\":\"WebPage\",\"@id\":\"https:\/\/jornaltimoneiro.com.br\/index.php\/2024\/04\/29\/governador-desiste-de-aumentar-icms-da-cesta-basica-e-deve-apostar-em-corte-de-beneficios-fiscais\/\",\"url\":\"https:\/\/jornaltimoneiro.com.br\/index.php\/2024\/04\/29\/governador-desiste-de-aumentar-icms-da-cesta-basica-e-deve-apostar-em-corte-de-beneficios-fiscais\/\",\"name\":\"Governador desiste de aumentar ICMS da cesta b\u00e1sica e deve apostar em corte de benef\u00edcios fiscais - O Timoneiro Jornal Canoas RS\",\"isPartOf\":{\"@id\":\"https:\/\/jornaltimoneiro.com.br\/#website\"},\"datePublished\":\"2024-04-29T21:10:41+00:00\",\"dateModified\":\"2024-04-29T21:10:41+00:00\",\"breadcrumb\":{\"@id\":\"https:\/\/jornaltimoneiro.com.br\/index.php\/2024\/04\/29\/governador-desiste-de-aumentar-icms-da-cesta-basica-e-deve-apostar-em-corte-de-beneficios-fiscais\/#breadcrumb\"},\"inLanguage\":\"pt-BR\",\"potentialAction\":[{\"@type\":\"ReadAction\",\"target\":[\"https:\/\/jornaltimoneiro.com.br\/index.php\/2024\/04\/29\/governador-desiste-de-aumentar-icms-da-cesta-basica-e-deve-apostar-em-corte-de-beneficios-fiscais\/\"]}]},{\"@type\":\"BreadcrumbList\",\"@id\":\"https:\/\/jornaltimoneiro.com.br\/index.php\/2024\/04\/29\/governador-desiste-de-aumentar-icms-da-cesta-basica-e-deve-apostar-em-corte-de-beneficios-fiscais\/#breadcrumb\",\"itemListElement\":[{\"@type\":\"ListItem\",\"position\":1,\"name\":\"In\u00edcio\",\"item\":\"https:\/\/jornaltimoneiro.com.br\/\"},{\"@type\":\"ListItem\",\"position\":2,\"name\":\"Governador desiste de aumentar ICMS da cesta b\u00e1sica e deve apostar em corte de benef\u00edcios fiscais\"}]},{\"@type\":\"WebSite\",\"@id\":\"https:\/\/jornaltimoneiro.com.br\/#website\",\"url\":\"https:\/\/jornaltimoneiro.com.br\/\",\"name\":\"Jornal Timoneiro Canoas RS\",\"description\":\"Jornal O Timoneiro, o verdadeiro jornal de Canoas\",\"publisher\":{\"@id\":\"https:\/\/jornaltimoneiro.com.br\/#organization\"},\"potentialAction\":[{\"@type\":\"SearchAction\",\"target\":{\"@type\":\"EntryPoint\",\"urlTemplate\":\"https:\/\/jornaltimoneiro.com.br\/?s={search_term_string}\"},\"query-input\":\"required name=search_term_string\"}],\"inLanguage\":\"pt-BR\"},{\"@type\":\"Organization\",\"@id\":\"https:\/\/jornaltimoneiro.com.br\/#organization\",\"name\":\"Jornal Timoneiro Canoas RS\",\"url\":\"https:\/\/jornaltimoneiro.com.br\/\",\"logo\":{\"@type\":\"ImageObject\",\"inLanguage\":\"pt-BR\",\"@id\":\"https:\/\/jornaltimoneiro.com.br\/#\/schema\/logo\/image\/\",\"url\":\"https:\/\/jornaltimoneiro.com.br\/wp-content\/uploads\/2023\/03\/logonovo.png\",\"contentUrl\":\"https:\/\/jornaltimoneiro.com.br\/wp-content\/uploads\/2023\/03\/logonovo.png\",\"width\":\"469\",\"height\":\"171\",\"caption\":\"Jornal Timoneiro Canoas RS\"},\"image\":{\"@id\":\"https:\/\/jornaltimoneiro.com.br\/#\/schema\/logo\/image\/\"},\"sameAs\":[\"https:\/\/www.facebook.com\/jornaltimoneiro\",\"https:\/\/twitter.com\/_OTimoneiro\",\"https:\/\/www.instagram.com\/jornaltimoneirocanoas\/\",\"https:\/\/www.youtube.com\/@jornalotimoneiro7927\"]},{\"@type\":\"Person\",\"@id\":\"https:\/\/jornaltimoneiro.com.br\/#\/schema\/person\/f63482f1a02b1a9592707865e509ab40\",\"name\":\"Reda\u00e7\u00e3o\",\"image\":{\"@type\":\"ImageObject\",\"inLanguage\":\"pt-BR\",\"@id\":\"https:\/\/jornaltimoneiro.com.br\/#\/schema\/person\/image\/\",\"url\":\"https:\/\/jornaltimoneiro.com.br\/wp-content\/uploads\/2023\/03\/download.jpeg\",\"contentUrl\":\"https:\/\/jornaltimoneiro.com.br\/wp-content\/uploads\/2023\/03\/download.jpeg\",\"caption\":\"Reda\u00e7\u00e3o\"},\"url\":\"https:\/\/jornaltimoneiro.com.br\/index.php\/author\/simone-dutra\/\"}]}<\/script>\n<!-- \/ Yoast SEO plugin. -->","yoast_head_json":{"title":"Governador desiste de aumentar ICMS da cesta b\u00e1sica e deve apostar em corte de benef\u00edcios fiscais - O Timoneiro Jornal Canoas RS","robots":{"index":"index","follow":"follow","max-snippet":"max-snippet:-1","max-image-preview":"max-image-preview:large","max-video-preview":"max-video-preview:-1"},"canonical":"https:\/\/jornaltimoneiro.com.br\/index.php\/2024\/04\/29\/governador-desiste-de-aumentar-icms-da-cesta-basica-e-deve-apostar-em-corte-de-beneficios-fiscais\/","og_locale":"pt_BR","og_type":"article","og_title":"Governador desiste de aumentar ICMS da cesta b\u00e1sica e deve apostar em corte de benef\u00edcios fiscais - O Timoneiro Jornal Canoas RS","og_description":"A incid\u00eancia de at\u00e9 12% do ICMS sobre produtos da cesta b\u00e1sica, adiada do dia 1\u00ba de abril para esta quarta-feira, 1\u00ba de maio, pode n\u00e3o mais acontecer. Representantes da base do governo na Assembleia Legislativa do RS afirmam que Eduardo Leite deve tirar o item da pauta de vota\u00e7\u00e3o at\u00e9 a ter\u00e7a-feira, 30. L\u00edder [&hellip;]","og_url":"https:\/\/jornaltimoneiro.com.br\/index.php\/2024\/04\/29\/governador-desiste-de-aumentar-icms-da-cesta-basica-e-deve-apostar-em-corte-de-beneficios-fiscais\/","og_site_name":"O Timoneiro Jornal Canoas RS","article_publisher":"https:\/\/www.facebook.com\/jornaltimoneiro","article_published_time":"2024-04-29T21:10:41+00:00","og_image":[{"width":"1600","height":"900","url":"https:\/\/jornaltimoneiro.com.br\/wp-content\/uploads\/2024\/03\/WhatsApp-Image-2024-03-26-at-5.30.26-PM.jpeg","type":"image\/jpeg"}],"author":"Reda\u00e7\u00e3o","twitter_card":"summary_large_image","twitter_creator":"@_OTimoneiro","twitter_site":"@_OTimoneiro","twitter_misc":{"Escrito por":"Reda\u00e7\u00e3o","Est. tempo de leitura":"3 minutos"},"schema":{"@context":"https:\/\/schema.org","@graph":[{"@type":"Article","@id":"https:\/\/jornaltimoneiro.com.br\/index.php\/2024\/04\/29\/governador-desiste-de-aumentar-icms-da-cesta-basica-e-deve-apostar-em-corte-de-beneficios-fiscais\/#article","isPartOf":{"@id":"https:\/\/jornaltimoneiro.com.br\/index.php\/2024\/04\/29\/governador-desiste-de-aumentar-icms-da-cesta-basica-e-deve-apostar-em-corte-de-beneficios-fiscais\/"},"author":{"name":"Reda\u00e7\u00e3o","@id":"https:\/\/jornaltimoneiro.com.br\/#\/schema\/person\/f63482f1a02b1a9592707865e509ab40"},"headline":"Governador desiste de aumentar ICMS da cesta b\u00e1sica e deve apostar em corte de benef\u00edcios fiscais","datePublished":"2024-04-29T21:10:41+00:00","dateModified":"2024-04-29T21:10:41+00:00","mainEntityOfPage":{"@id":"https:\/\/jornaltimoneiro.com.br\/index.php\/2024\/04\/29\/governador-desiste-de-aumentar-icms-da-cesta-basica-e-deve-apostar-em-corte-de-beneficios-fiscais\/"},"wordCount":479,"commentCount":0,"publisher":{"@id":"https:\/\/jornaltimoneiro.com.br\/#organization"},"keywords":["aumento","cesta b\u00e1sica","ICMS","impostos"],"articleSection":["Economia"],"inLanguage":"pt-BR","potentialAction":[{"@type":"CommentAction","name":"Comment","target":["https:\/\/jornaltimoneiro.com.br\/index.php\/2024\/04\/29\/governador-desiste-de-aumentar-icms-da-cesta-basica-e-deve-apostar-em-corte-de-beneficios-fiscais\/#respond"]}]},{"@type":"WebPage","@id":"https:\/\/jornaltimoneiro.com.br\/index.php\/2024\/04\/29\/governador-desiste-de-aumentar-icms-da-cesta-basica-e-deve-apostar-em-corte-de-beneficios-fiscais\/","url":"https:\/\/jornaltimoneiro.com.br\/index.php\/2024\/04\/29\/governador-desiste-de-aumentar-icms-da-cesta-basica-e-deve-apostar-em-corte-de-beneficios-fiscais\/","name":"Governador desiste de aumentar ICMS da cesta b\u00e1sica e deve apostar em corte de benef\u00edcios fiscais - O Timoneiro Jornal Canoas RS","isPartOf":{"@id":"https:\/\/jornaltimoneiro.com.br\/#website"},"datePublished":"2024-04-29T21:10:41+00:00","dateModified":"2024-04-29T21:10:41+00:00","breadcrumb":{"@id":"https:\/\/jornaltimoneiro.com.br\/index.php\/2024\/04\/29\/governador-desiste-de-aumentar-icms-da-cesta-basica-e-deve-apostar-em-corte-de-beneficios-fiscais\/#breadcrumb"},"inLanguage":"pt-BR","potentialAction":[{"@type":"ReadAction","target":["https:\/\/jornaltimoneiro.com.br\/index.php\/2024\/04\/29\/governador-desiste-de-aumentar-icms-da-cesta-basica-e-deve-apostar-em-corte-de-beneficios-fiscais\/"]}]},{"@type":"BreadcrumbList","@id":"https:\/\/jornaltimoneiro.com.br\/index.php\/2024\/04\/29\/governador-desiste-de-aumentar-icms-da-cesta-basica-e-deve-apostar-em-corte-de-beneficios-fiscais\/#breadcrumb","itemListElement":[{"@type":"ListItem","position":1,"name":"In\u00edcio","item":"https:\/\/jornaltimoneiro.com.br\/"},{"@type":"ListItem","position":2,"name":"Governador desiste de aumentar ICMS da cesta b\u00e1sica e deve apostar em corte de benef\u00edcios fiscais"}]},{"@type":"WebSite","@id":"https:\/\/jornaltimoneiro.com.br\/#website","url":"https:\/\/jornaltimoneiro.com.br\/","name":"Jornal Timoneiro Canoas RS","description":"Jornal O Timoneiro, o verdadeiro jornal de Canoas","publisher":{"@id":"https:\/\/jornaltimoneiro.com.br\/#organization"},"potentialAction":[{"@type":"SearchAction","target":{"@type":"EntryPoint","urlTemplate":"https:\/\/jornaltimoneiro.com.br\/?s={search_term_string}"},"query-input":"required name=search_term_string"}],"inLanguage":"pt-BR"},{"@type":"Organization","@id":"https:\/\/jornaltimoneiro.com.br\/#organization","name":"Jornal Timoneiro Canoas RS","url":"https:\/\/jornaltimoneiro.com.br\/","logo":{"@type":"ImageObject","inLanguage":"pt-BR","@id":"https:\/\/jornaltimoneiro.com.br\/#\/schema\/logo\/image\/","url":"https:\/\/jornaltimoneiro.com.br\/wp-content\/uploads\/2023\/03\/logonovo.png","contentUrl":"https:\/\/jornaltimoneiro.com.br\/wp-content\/uploads\/2023\/03\/logonovo.png","width":"469","height":"171","caption":"Jornal Timoneiro Canoas RS"},"image":{"@id":"https:\/\/jornaltimoneiro.com.br\/#\/schema\/logo\/image\/"},"sameAs":["https:\/\/www.facebook.com\/jornaltimoneiro","https:\/\/twitter.com\/_OTimoneiro","https:\/\/www.instagram.com\/jornaltimoneirocanoas\/","https:\/\/www.youtube.com\/@jornalotimoneiro7927"]},{"@type":"Person","@id":"https:\/\/jornaltimoneiro.com.br\/#\/schema\/person\/f63482f1a02b1a9592707865e509ab40","name":"Reda\u00e7\u00e3o","image":{"@type":"ImageObject","inLanguage":"pt-BR","@id":"https:\/\/jornaltimoneiro.com.br\/#\/schema\/person\/image\/","url":"https:\/\/jornaltimoneiro.com.br\/wp-content\/uploads\/2023\/03\/download.jpeg","contentUrl":"https:\/\/jornaltimoneiro.com.br\/wp-content\/uploads\/2023\/03\/download.jpeg","caption":"Reda\u00e7\u00e3o"},"url":"https:\/\/jornaltimoneiro.com.br\/index.php\/author\/simone-dutra\/"}]}},"_links":{"self":[{"href":"https:\/\/jornaltimoneiro.com.br\/index.php\/wp-json\/wp\/v2\/posts\/28962"}],"collection":[{"href":"https:\/\/jornaltimoneiro.com.br\/index.php\/wp-json\/wp\/v2\/posts"}],"about":[{"href":"https:\/\/jornaltimoneiro.com.br\/index.php\/wp-json\/wp\/v2\/types\/post"}],"author":[{"embeddable":true,"href":"https:\/\/jornaltimoneiro.com.br\/index.php\/wp-json\/wp\/v2\/users\/2"}],"replies":[{"embeddable":true,"href":"https:\/\/jornaltimoneiro.com.br\/index.php\/wp-json\/wp\/v2\/comments?post=28962"}],"version-history":[{"count":1,"href":"https:\/\/jornaltimoneiro.com.br\/index.php\/wp-json\/wp\/v2\/posts\/28962\/revisions"}],"predecessor-version":[{"id":28963,"href":"https:\/\/jornaltimoneiro.com.br\/index.php\/wp-json\/wp\/v2\/posts\/28962\/revisions\/28963"}],"wp:featuredmedia":[{"embeddable":true,"href":"https:\/\/jornaltimoneiro.com.br\/index.php\/wp-json\/wp\/v2\/media\/28156"}],"wp:attachment":[{"href":"https:\/\/jornaltimoneiro.com.br\/index.php\/wp-json\/wp\/v2\/media?parent=28962"}],"wp:term":[{"taxonomy":"category","embeddable":true,"href":"https:\/\/jornaltimoneiro.com.br\/index.php\/wp-json\/wp\/v2\/categories?post=28962"},{"taxonomy":"post_tag","embeddable":true,"href":"https:\/\/jornaltimoneiro.com.br\/index.php\/wp-json\/wp\/v2\/tags?post=28962"}],"curies":[{"name":"wp","href":"https:\/\/api.w.org\/{rel}","templated":true}]}}