{"id":28941,"date":"2024-04-29T15:58:20","date_gmt":"2024-04-29T18:58:20","guid":{"rendered":"https:\/\/jornaltimoneiro.com.br\/?p=28941"},"modified":"2024-04-29T17:24:15","modified_gmt":"2024-04-29T20:24:15","slug":"operacao-balada-segura-autua-mais-de-100-veiculos-no-final-de-semana-em-canoas","status":"publish","type":"post","link":"https:\/\/jornaltimoneiro.com.br\/index.php\/2024\/04\/29\/operacao-balada-segura-autua-mais-de-100-veiculos-no-final-de-semana-em-canoas\/","title":{"rendered":"Opera\u00e7\u00e3o Balada Segura autua mais de 100 ve\u00edculos no final de semana em Canoas"},"content":{"rendered":"<p>A Opera\u00e7\u00e3o Balada Segura fez atividade de fiscaliza\u00e7\u00e3o entre a noite de sexta-feira, 26, e a madrugada do s\u00e1bado, 27. A a\u00e7\u00e3o ocorreu na Avenida Ven\u00e2ncio Aires, em Canoas.<\/p>\n<p>Do total de abordagens, 101 ve\u00edculos foram autuados, mas n\u00e3o houve recolhimento de Carteiras Nacionais de Habilita\u00e7\u00e3o (CNHs).<\/p>\n<p>De 24 casos de alcoolemia, 22 motoristas se negaram a realizar o teste do baf\u00f4metro. Oito ve\u00edculos foram recolhidos para o dep\u00f3sito municipal.<\/p>\n<h4>N\u00fameros da a\u00e7\u00e3o<\/h4>\n<ul>\n<li>Ve\u00edculos fiscalizados: 390<\/li>\n<li>Total de autua\u00e7\u00f5es: 101<\/li>\n<li>Ve\u00edculos recolhidos: 8<\/li>\n<li>Casos de alcoolemia: 24<\/li>\n<li>Ve\u00edculos que realizaram pagamento de d\u00e9bitos no local e n\u00e3o foram recolhidos ao dep\u00f3sito: 12<\/li>\n<\/ul>\n<p>A Opera\u00e7\u00e3o Balada Segura consiste em uma blitz de fiscaliza\u00e7\u00e3o em locais de grande concentra\u00e7\u00e3o de bares e casas noturnas. O objetivo \u00e9 o de preservar vidas e proporcionar mais seguran\u00e7a no tr\u00e2nsito. A a\u00e7\u00e3o \u00e9 coordenada pela Diretoria de Tr\u00e2nsito e conta com a participa\u00e7\u00e3o da Guarda Municipal.<\/p>\n","protected":false},"excerpt":{"rendered":"<p>A Opera\u00e7\u00e3o Balada Segura fez atividade de fiscaliza\u00e7\u00e3o entre a noite de sexta-feira, 26, e a madrugada do s\u00e1bado, 27. A a\u00e7\u00e3o ocorreu na Avenida Ven\u00e2ncio Aires, em Canoas. Do total de abordagens, 101 ve\u00edculos foram autuados, mas n\u00e3o houve recolhimento de Carteiras Nacionais de Habilita\u00e7\u00e3o (CNHs). De 24 casos de alcoolemia, 22 motoristas se [&hellip;]<\/p>\n","protected":false},"author":2,"featured_media":28942,"comment_status":"open","ping_status":"open","sticky":false,"template":"","format":"standard","meta":{"amp_status":"","footnotes":""},"categories":[57],"tags":[2189,1972,1973],"class_list":["post-28941","post","type-post","status-publish","format-standard","has-post-thumbnail","hentry","category-transito","tag-autuacao","tag-balada-segura","tag-veiculos"],"yoast_head":"<!-- This site is optimized with the Yoast SEO plugin v20.5 - https:\/\/yoast.com\/wordpress\/plugins\/seo\/ -->\n<title>Opera\u00e7\u00e3o Balada Segura autua mais de 100 ve\u00edculos no final de semana em Canoas - O Timoneiro Jornal Canoas RS<\/title>\n<meta name=\"robots\" content=\"index, follow, max-snippet:-1, max-image-preview:large, max-video-preview:-1\" \/>\n<link rel=\"canonical\" href=\"https:\/\/jornaltimoneiro.com.br\/index.php\/2024\/04\/29\/operacao-balada-segura-autua-mais-de-100-veiculos-no-final-de-semana-em-canoas\/\" \/>\n<meta property=\"og:locale\" content=\"pt_BR\" \/>\n<meta property=\"og:type\" content=\"article\" \/>\n<meta property=\"og:title\" content=\"Opera\u00e7\u00e3o Balada Segura autua mais de 100 ve\u00edculos no final de semana em Canoas - O Timoneiro Jornal Canoas RS\" \/>\n<meta property=\"og:description\" content=\"A Opera\u00e7\u00e3o Balada Segura fez atividade de fiscaliza\u00e7\u00e3o entre a noite de sexta-feira, 26, e a madrugada do s\u00e1bado, 27. A a\u00e7\u00e3o ocorreu na Avenida Ven\u00e2ncio Aires, em Canoas. Do total de abordagens, 101 ve\u00edculos foram autuados, mas n\u00e3o houve recolhimento de Carteiras Nacionais de Habilita\u00e7\u00e3o (CNHs). De 24 casos de alcoolemia, 22 motoristas se [&hellip;]\" \/>\n<meta property=\"og:url\" content=\"https:\/\/jornaltimoneiro.com.br\/index.php\/2024\/04\/29\/operacao-balada-segura-autua-mais-de-100-veiculos-no-final-de-semana-em-canoas\/\" \/>\n<meta property=\"og:site_name\" content=\"O Timoneiro Jornal Canoas RS\" \/>\n<meta property=\"article:publisher\" content=\"https:\/\/www.facebook.com\/jornaltimoneiro\" \/>\n<meta property=\"article:published_time\" content=\"2024-04-29T18:58:20+00:00\" \/>\n<meta property=\"article:modified_time\" content=\"2024-04-29T20:24:15+00:00\" \/>\n<meta property=\"og:image\" content=\"https:\/\/jornaltimoneiro.com.br\/wp-content\/uploads\/2024\/04\/Balada-Segura-Venancio.jpeg\" \/>\n\t<meta property=\"og:image:width\" content=\"1416\" \/>\n\t<meta property=\"og:image:height\" content=\"1062\" \/>\n\t<meta property=\"og:image:type\" content=\"image\/jpeg\" \/>\n<meta name=\"author\" content=\"Reda\u00e7\u00e3o\" \/>\n<meta name=\"twitter:card\" content=\"summary_large_image\" \/>\n<meta name=\"twitter:creator\" content=\"@_OTimoneiro\" \/>\n<meta name=\"twitter:site\" content=\"@_OTimoneiro\" \/>\n<meta name=\"twitter:label1\" content=\"Escrito por\" \/>\n\t<meta name=\"twitter:data1\" content=\"Reda\u00e7\u00e3o\" \/>\n\t<meta name=\"twitter:label2\" content=\"Est. tempo de leitura\" \/>\n\t<meta name=\"twitter:data2\" content=\"1 minuto\" \/>\n<script type=\"application\/ld+json\" class=\"yoast-schema-graph\">{\"@context\":\"https:\/\/schema.org\",\"@graph\":[{\"@type\":\"Article\",\"@id\":\"https:\/\/jornaltimoneiro.com.br\/index.php\/2024\/04\/29\/operacao-balada-segura-autua-mais-de-100-veiculos-no-final-de-semana-em-canoas\/#article\",\"isPartOf\":{\"@id\":\"https:\/\/jornaltimoneiro.com.br\/index.php\/2024\/04\/29\/operacao-balada-segura-autua-mais-de-100-veiculos-no-final-de-semana-em-canoas\/\"},\"author\":{\"name\":\"Reda\u00e7\u00e3o\",\"@id\":\"https:\/\/jornaltimoneiro.com.br\/#\/schema\/person\/f63482f1a02b1a9592707865e509ab40\"},\"headline\":\"Opera\u00e7\u00e3o Balada Segura autua mais de 100 ve\u00edculos no final de semana em Canoas\",\"datePublished\":\"2024-04-29T18:58:20+00:00\",\"dateModified\":\"2024-04-29T20:24:15+00:00\",\"mainEntityOfPage\":{\"@id\":\"https:\/\/jornaltimoneiro.com.br\/index.php\/2024\/04\/29\/operacao-balada-segura-autua-mais-de-100-veiculos-no-final-de-semana-em-canoas\/\"},\"wordCount\":182,\"commentCount\":0,\"publisher\":{\"@id\":\"https:\/\/jornaltimoneiro.com.br\/#organization\"},\"keywords\":[\"autua\u00e7\u00e3o\",\"balada segura\",\"ve\u00edculos\"],\"articleSection\":[\"Tr\u00e2nsito\"],\"inLanguage\":\"pt-BR\",\"potentialAction\":[{\"@type\":\"CommentAction\",\"name\":\"Comment\",\"target\":[\"https:\/\/jornaltimoneiro.com.br\/index.php\/2024\/04\/29\/operacao-balada-segura-autua-mais-de-100-veiculos-no-final-de-semana-em-canoas\/#respond\"]}]},{\"@type\":\"WebPage\",\"@id\":\"https:\/\/jornaltimoneiro.com.br\/index.php\/2024\/04\/29\/operacao-balada-segura-autua-mais-de-100-veiculos-no-final-de-semana-em-canoas\/\",\"url\":\"https:\/\/jornaltimoneiro.com.br\/index.php\/2024\/04\/29\/operacao-balada-segura-autua-mais-de-100-veiculos-no-final-de-semana-em-canoas\/\",\"name\":\"Opera\u00e7\u00e3o Balada Segura autua mais de 100 ve\u00edculos no final de semana em Canoas - O Timoneiro Jornal Canoas RS\",\"isPartOf\":{\"@id\":\"https:\/\/jornaltimoneiro.com.br\/#website\"},\"datePublished\":\"2024-04-29T18:58:20+00:00\",\"dateModified\":\"2024-04-29T20:24:15+00:00\",\"breadcrumb\":{\"@id\":\"https:\/\/jornaltimoneiro.com.br\/index.php\/2024\/04\/29\/operacao-balada-segura-autua-mais-de-100-veiculos-no-final-de-semana-em-canoas\/#breadcrumb\"},\"inLanguage\":\"pt-BR\",\"potentialAction\":[{\"@type\":\"ReadAction\",\"target\":[\"https:\/\/jornaltimoneiro.com.br\/index.php\/2024\/04\/29\/operacao-balada-segura-autua-mais-de-100-veiculos-no-final-de-semana-em-canoas\/\"]}]},{\"@type\":\"BreadcrumbList\",\"@id\":\"https:\/\/jornaltimoneiro.com.br\/index.php\/2024\/04\/29\/operacao-balada-segura-autua-mais-de-100-veiculos-no-final-de-semana-em-canoas\/#breadcrumb\",\"itemListElement\":[{\"@type\":\"ListItem\",\"position\":1,\"name\":\"In\u00edcio\",\"item\":\"https:\/\/jornaltimoneiro.com.br\/\"},{\"@type\":\"ListItem\",\"position\":2,\"name\":\"Opera\u00e7\u00e3o Balada Segura autua mais de 100 ve\u00edculos no final de semana em Canoas\"}]},{\"@type\":\"WebSite\",\"@id\":\"https:\/\/jornaltimoneiro.com.br\/#website\",\"url\":\"https:\/\/jornaltimoneiro.com.br\/\",\"name\":\"Jornal Timoneiro Canoas RS\",\"description\":\"Jornal O Timoneiro, o verdadeiro jornal de Canoas\",\"publisher\":{\"@id\":\"https:\/\/jornaltimoneiro.com.br\/#organization\"},\"potentialAction\":[{\"@type\":\"SearchAction\",\"target\":{\"@type\":\"EntryPoint\",\"urlTemplate\":\"https:\/\/jornaltimoneiro.com.br\/?s={search_term_string}\"},\"query-input\":\"required name=search_term_string\"}],\"inLanguage\":\"pt-BR\"},{\"@type\":\"Organization\",\"@id\":\"https:\/\/jornaltimoneiro.com.br\/#organization\",\"name\":\"Jornal Timoneiro Canoas RS\",\"url\":\"https:\/\/jornaltimoneiro.com.br\/\",\"logo\":{\"@type\":\"ImageObject\",\"inLanguage\":\"pt-BR\",\"@id\":\"https:\/\/jornaltimoneiro.com.br\/#\/schema\/logo\/image\/\",\"url\":\"https:\/\/jornaltimoneiro.com.br\/wp-content\/uploads\/2023\/03\/logonovo.png\",\"contentUrl\":\"https:\/\/jornaltimoneiro.com.br\/wp-content\/uploads\/2023\/03\/logonovo.png\",\"width\":\"469\",\"height\":\"171\",\"caption\":\"Jornal Timoneiro Canoas RS\"},\"image\":{\"@id\":\"https:\/\/jornaltimoneiro.com.br\/#\/schema\/logo\/image\/\"},\"sameAs\":[\"https:\/\/www.facebook.com\/jornaltimoneiro\",\"https:\/\/twitter.com\/_OTimoneiro\",\"https:\/\/www.instagram.com\/jornaltimoneirocanoas\/\",\"https:\/\/www.youtube.com\/@jornalotimoneiro7927\"]},{\"@type\":\"Person\",\"@id\":\"https:\/\/jornaltimoneiro.com.br\/#\/schema\/person\/f63482f1a02b1a9592707865e509ab40\",\"name\":\"Reda\u00e7\u00e3o\",\"image\":{\"@type\":\"ImageObject\",\"inLanguage\":\"pt-BR\",\"@id\":\"https:\/\/jornaltimoneiro.com.br\/#\/schema\/person\/image\/\",\"url\":\"https:\/\/jornaltimoneiro.com.br\/wp-content\/uploads\/2023\/03\/download.jpeg\",\"contentUrl\":\"https:\/\/jornaltimoneiro.com.br\/wp-content\/uploads\/2023\/03\/download.jpeg\",\"caption\":\"Reda\u00e7\u00e3o\"},\"url\":\"https:\/\/jornaltimoneiro.com.br\/index.php\/author\/simone-dutra\/\"}]}<\/script>\n<!-- \/ Yoast SEO plugin. -->","yoast_head_json":{"title":"Opera\u00e7\u00e3o Balada Segura autua mais de 100 ve\u00edculos no final de semana em Canoas - O Timoneiro Jornal Canoas RS","robots":{"index":"index","follow":"follow","max-snippet":"max-snippet:-1","max-image-preview":"max-image-preview:large","max-video-preview":"max-video-preview:-1"},"canonical":"https:\/\/jornaltimoneiro.com.br\/index.php\/2024\/04\/29\/operacao-balada-segura-autua-mais-de-100-veiculos-no-final-de-semana-em-canoas\/","og_locale":"pt_BR","og_type":"article","og_title":"Opera\u00e7\u00e3o Balada Segura autua mais de 100 ve\u00edculos no final de semana em Canoas - O Timoneiro Jornal Canoas RS","og_description":"A Opera\u00e7\u00e3o Balada Segura fez atividade de fiscaliza\u00e7\u00e3o entre a noite de sexta-feira, 26, e a madrugada do s\u00e1bado, 27. A a\u00e7\u00e3o ocorreu na Avenida Ven\u00e2ncio Aires, em Canoas. Do total de abordagens, 101 ve\u00edculos foram autuados, mas n\u00e3o houve recolhimento de Carteiras Nacionais de Habilita\u00e7\u00e3o (CNHs). De 24 casos de alcoolemia, 22 motoristas se [&hellip;]","og_url":"https:\/\/jornaltimoneiro.com.br\/index.php\/2024\/04\/29\/operacao-balada-segura-autua-mais-de-100-veiculos-no-final-de-semana-em-canoas\/","og_site_name":"O Timoneiro Jornal Canoas RS","article_publisher":"https:\/\/www.facebook.com\/jornaltimoneiro","article_published_time":"2024-04-29T18:58:20+00:00","article_modified_time":"2024-04-29T20:24:15+00:00","og_image":[{"width":"1416","height":"1062","url":"https:\/\/jornaltimoneiro.com.br\/wp-content\/uploads\/2024\/04\/Balada-Segura-Venancio.jpeg","type":"image\/jpeg"}],"author":"Reda\u00e7\u00e3o","twitter_card":"summary_large_image","twitter_creator":"@_OTimoneiro","twitter_site":"@_OTimoneiro","twitter_misc":{"Escrito por":"Reda\u00e7\u00e3o","Est. tempo de leitura":"1 minuto"},"schema":{"@context":"https:\/\/schema.org","@graph":[{"@type":"Article","@id":"https:\/\/jornaltimoneiro.com.br\/index.php\/2024\/04\/29\/operacao-balada-segura-autua-mais-de-100-veiculos-no-final-de-semana-em-canoas\/#article","isPartOf":{"@id":"https:\/\/jornaltimoneiro.com.br\/index.php\/2024\/04\/29\/operacao-balada-segura-autua-mais-de-100-veiculos-no-final-de-semana-em-canoas\/"},"author":{"name":"Reda\u00e7\u00e3o","@id":"https:\/\/jornaltimoneiro.com.br\/#\/schema\/person\/f63482f1a02b1a9592707865e509ab40"},"headline":"Opera\u00e7\u00e3o Balada Segura autua mais de 100 ve\u00edculos no final de semana em Canoas","datePublished":"2024-04-29T18:58:20+00:00","dateModified":"2024-04-29T20:24:15+00:00","mainEntityOfPage":{"@id":"https:\/\/jornaltimoneiro.com.br\/index.php\/2024\/04\/29\/operacao-balada-segura-autua-mais-de-100-veiculos-no-final-de-semana-em-canoas\/"},"wordCount":182,"commentCount":0,"publisher":{"@id":"https:\/\/jornaltimoneiro.com.br\/#organization"},"keywords":["autua\u00e7\u00e3o","balada segura","ve\u00edculos"],"articleSection":["Tr\u00e2nsito"],"inLanguage":"pt-BR","potentialAction":[{"@type":"CommentAction","name":"Comment","target":["https:\/\/jornaltimoneiro.com.br\/index.php\/2024\/04\/29\/operacao-balada-segura-autua-mais-de-100-veiculos-no-final-de-semana-em-canoas\/#respond"]}]},{"@type":"WebPage","@id":"https:\/\/jornaltimoneiro.com.br\/index.php\/2024\/04\/29\/operacao-balada-segura-autua-mais-de-100-veiculos-no-final-de-semana-em-canoas\/","url":"https:\/\/jornaltimoneiro.com.br\/index.php\/2024\/04\/29\/operacao-balada-segura-autua-mais-de-100-veiculos-no-final-de-semana-em-canoas\/","name":"Opera\u00e7\u00e3o Balada Segura autua mais de 100 ve\u00edculos no final de semana em Canoas - O Timoneiro Jornal Canoas RS","isPartOf":{"@id":"https:\/\/jornaltimoneiro.com.br\/#website"},"datePublished":"2024-04-29T18:58:20+00:00","dateModified":"2024-04-29T20:24:15+00:00","breadcrumb":{"@id":"https:\/\/jornaltimoneiro.com.br\/index.php\/2024\/04\/29\/operacao-balada-segura-autua-mais-de-100-veiculos-no-final-de-semana-em-canoas\/#breadcrumb"},"inLanguage":"pt-BR","potentialAction":[{"@type":"ReadAction","target":["https:\/\/jornaltimoneiro.com.br\/index.php\/2024\/04\/29\/operacao-balada-segura-autua-mais-de-100-veiculos-no-final-de-semana-em-canoas\/"]}]},{"@type":"BreadcrumbList","@id":"https:\/\/jornaltimoneiro.com.br\/index.php\/2024\/04\/29\/operacao-balada-segura-autua-mais-de-100-veiculos-no-final-de-semana-em-canoas\/#breadcrumb","itemListElement":[{"@type":"ListItem","position":1,"name":"In\u00edcio","item":"https:\/\/jornaltimoneiro.com.br\/"},{"@type":"ListItem","position":2,"name":"Opera\u00e7\u00e3o Balada Segura autua mais de 100 ve\u00edculos no final de semana em Canoas"}]},{"@type":"WebSite","@id":"https:\/\/jornaltimoneiro.com.br\/#website","url":"https:\/\/jornaltimoneiro.com.br\/","name":"Jornal Timoneiro Canoas RS","description":"Jornal O Timoneiro, o verdadeiro jornal de Canoas","publisher":{"@id":"https:\/\/jornaltimoneiro.com.br\/#organization"},"potentialAction":[{"@type":"SearchAction","target":{"@type":"EntryPoint","urlTemplate":"https:\/\/jornaltimoneiro.com.br\/?s={search_term_string}"},"query-input":"required name=search_term_string"}],"inLanguage":"pt-BR"},{"@type":"Organization","@id":"https:\/\/jornaltimoneiro.com.br\/#organization","name":"Jornal Timoneiro Canoas RS","url":"https:\/\/jornaltimoneiro.com.br\/","logo":{"@type":"ImageObject","inLanguage":"pt-BR","@id":"https:\/\/jornaltimoneiro.com.br\/#\/schema\/logo\/image\/","url":"https:\/\/jornaltimoneiro.com.br\/wp-content\/uploads\/2023\/03\/logonovo.png","contentUrl":"https:\/\/jornaltimoneiro.com.br\/wp-content\/uploads\/2023\/03\/logonovo.png","width":"469","height":"171","caption":"Jornal Timoneiro Canoas RS"},"image":{"@id":"https:\/\/jornaltimoneiro.com.br\/#\/schema\/logo\/image\/"},"sameAs":["https:\/\/www.facebook.com\/jornaltimoneiro","https:\/\/twitter.com\/_OTimoneiro","https:\/\/www.instagram.com\/jornaltimoneirocanoas\/","https:\/\/www.youtube.com\/@jornalotimoneiro7927"]},{"@type":"Person","@id":"https:\/\/jornaltimoneiro.com.br\/#\/schema\/person\/f63482f1a02b1a9592707865e509ab40","name":"Reda\u00e7\u00e3o","image":{"@type":"ImageObject","inLanguage":"pt-BR","@id":"https:\/\/jornaltimoneiro.com.br\/#\/schema\/person\/image\/","url":"https:\/\/jornaltimoneiro.com.br\/wp-content\/uploads\/2023\/03\/download.jpeg","contentUrl":"https:\/\/jornaltimoneiro.com.br\/wp-content\/uploads\/2023\/03\/download.jpeg","caption":"Reda\u00e7\u00e3o"},"url":"https:\/\/jornaltimoneiro.com.br\/index.php\/author\/simone-dutra\/"}]}},"_links":{"self":[{"href":"https:\/\/jornaltimoneiro.com.br\/index.php\/wp-json\/wp\/v2\/posts\/28941"}],"collection":[{"href":"https:\/\/jornaltimoneiro.com.br\/index.php\/wp-json\/wp\/v2\/posts"}],"about":[{"href":"https:\/\/jornaltimoneiro.com.br\/index.php\/wp-json\/wp\/v2\/types\/post"}],"author":[{"embeddable":true,"href":"https:\/\/jornaltimoneiro.com.br\/index.php\/wp-json\/wp\/v2\/users\/2"}],"replies":[{"embeddable":true,"href":"https:\/\/jornaltimoneiro.com.br\/index.php\/wp-json\/wp\/v2\/comments?post=28941"}],"version-history":[{"count":1,"href":"https:\/\/jornaltimoneiro.com.br\/index.php\/wp-json\/wp\/v2\/posts\/28941\/revisions"}],"predecessor-version":[{"id":28943,"href":"https:\/\/jornaltimoneiro.com.br\/index.php\/wp-json\/wp\/v2\/posts\/28941\/revisions\/28943"}],"wp:featuredmedia":[{"embeddable":true,"href":"https:\/\/jornaltimoneiro.com.br\/index.php\/wp-json\/wp\/v2\/media\/28942"}],"wp:attachment":[{"href":"https:\/\/jornaltimoneiro.com.br\/index.php\/wp-json\/wp\/v2\/media?parent=28941"}],"wp:term":[{"taxonomy":"category","embeddable":true,"href":"https:\/\/jornaltimoneiro.com.br\/index.php\/wp-json\/wp\/v2\/categories?post=28941"},{"taxonomy":"post_tag","embeddable":true,"href":"https:\/\/jornaltimoneiro.com.br\/index.php\/wp-json\/wp\/v2\/tags?post=28941"}],"curies":[{"name":"wp","href":"https:\/\/api.w.org\/{rel}","templated":true}]}}