{"id":28937,"date":"2024-04-29T15:24:46","date_gmt":"2024-04-29T18:24:46","guid":{"rendered":"https:\/\/jornaltimoneiro.com.br\/?p=28937"},"modified":"2024-04-29T15:24:46","modified_gmt":"2024-04-29T18:24:46","slug":"afetados-pelo-temporal-de-janeiro-tem-direito-a-nova-chance-de-cadastro-para-saque-emergencial","status":"publish","type":"post","link":"https:\/\/jornaltimoneiro.com.br\/index.php\/2024\/04\/29\/afetados-pelo-temporal-de-janeiro-tem-direito-a-nova-chance-de-cadastro-para-saque-emergencial\/","title":{"rendered":"Afetados pelo temporal de janeiro t\u00eam direito a nova chance de cadastro para Saque Emergencial"},"content":{"rendered":"<p>O recadastramento de moradores afetados pela tempestade de 16 de janeiro e interessados em solicitar o Saque Calamidade do Fundo de Garantia do Tempo de Servi\u00e7o (FGTS) foi aberto nesta segunda-feira, 29. O prazo vai at\u00e9 a pr\u00f3xima segunda, dia 6 de maio, \u00e0s 23h59.<\/p>\n<p>Os canoenses atingidos e que possuem saldo de FGTS na conta devem informar nome completo, endere\u00e7o da resid\u00eancia atingida, bairro e telefone de contato. O formul\u00e1rio est\u00e1 <strong><a href=\"https:\/\/forms.gle\/7c3adGVa4B9VYoWM9\">dispon\u00edvel no site<\/a>\u00a0<\/strong>da Prefeitura.<\/p>\n<p>\u201cA Prefeitura faz isso agora porque v\u00e1rias pessoas tiveram dificuldades para atender a todas as exig\u00eancias formais exigidas pela Caixa. Para possibilitar que estas fam\u00edlias n\u00e3o sejam prejudicadas pelos atos formais, estamos reabrindo o prazo para possibilitar que todos possam receber os recursos dispon\u00edveis\u201d, explica o secret\u00e1rio do Escrit\u00f3rio de Resili\u00eancia Clim\u00e1tica (Eclima) e Defesa Civil, Jos\u00e9 Fortunati.<\/p>\n<p>O munic\u00edpio e a Caixa far\u00e3o a avalia\u00e7\u00e3o das informa\u00e7\u00f5es dos recadastrados. Com a libera\u00e7\u00e3o aprovada, o saque poder\u00e1 ser operado via aplicativo ou na ag\u00eancia da CEF mais pr\u00f3xima. A estimativa da Defesa Civil \u00e9 que essa \u00faltima etapa ocorra <strong>a partir da segunda quinzena de maio.<\/strong><\/p>\n<p>Algumas situa\u00e7\u00f5es podem resultar em solicita\u00e7\u00e3o negada, com bloqueio do saldo, por parte da Caixa Econ\u00f4mica, como o cidad\u00e3o ter realizado antecipa\u00e7\u00e3o do saque anivers\u00e1rio ou saldo insuficiente no FGTS.<\/p>\n<h4>Tempestade severa<\/h4>\n<p>A instabilidade que atingiu o munic\u00edpio na noite de 16 de janeiro, resultou em diferentes danos em pontos da cidade. Foram registrados volumes de chuva superiores a 80 mil\u00edmetros e rajadas de vento de mais de 100 km\/h. O pico do fen\u00f4meno ocorreu entre 22h e 23h.<\/p>\n<p>Segundo balan\u00e7o da Defesa Civil de Canoas, o evento clim\u00e1tico afetou 8.800 pessoas e atingiu 2.200 resid\u00eancias. O n\u00famero foi comunicado pelo \u00f3rg\u00e3o junto ao Sistema Integrado de Informa\u00e7\u00f5es sobre Desastres (S2iD) do Sistema Nacional e Prote\u00e7\u00e3o e Defesa Civil do Governo Federal. Desse total de moradores afetados, Canoas teve 4.302 cadastros no Saque Calamidade.<\/p>\n<h4>Saque Calamidade<\/h4>\n<p>Conforme a Caixa Econ\u00f4mica Federal, o Saque Calamidade \u00e9 poss\u00edvel em situa\u00e7\u00f5es urgentes e graves a partir de um desastre natural na cidade. A retirada do dinheiro pertencente ao trabalhador neste momento apenas \u00e9 poss\u00edvel caso o munic\u00edpio esteja sob decreto de situa\u00e7\u00e3o de emerg\u00eancia ou estado de calamidade p\u00fablica, reconhecidos pelo Governo Federal.<\/p>\n","protected":false},"excerpt":{"rendered":"<p>O recadastramento de moradores afetados pela tempestade de 16 de janeiro e interessados em solicitar o Saque Calamidade do Fundo de Garantia do Tempo de Servi\u00e7o (FGTS) foi aberto nesta segunda-feira, 29. O prazo vai at\u00e9 a pr\u00f3xima segunda, dia 6 de maio, \u00e0s 23h59. Os canoenses atingidos e que possuem saldo de FGTS na [&hellip;]<\/p>\n","protected":false},"author":2,"featured_media":25886,"comment_status":"open","ping_status":"open","sticky":false,"template":"","format":"standard","meta":{"amp_status":"","footnotes":""},"categories":[2193,1854],"tags":[2404,190,1846,2405,1965,392],"class_list":["post-28937","post","type-post","status-publish","format-standard","has-post-thumbnail","hentry","category-clima","category-economia","tag-afetados","tag-featured","tag-fgts","tag-janeiro","tag-saque-calamidade","tag-temporal"],"yoast_head":"<!-- This site is optimized with the Yoast SEO plugin v20.5 - https:\/\/yoast.com\/wordpress\/plugins\/seo\/ -->\n<title>Afetados pelo temporal de janeiro t\u00eam direito a nova chance de cadastro para Saque Emergencial - O Timoneiro Jornal Canoas RS<\/title>\n<meta name=\"robots\" content=\"index, follow, max-snippet:-1, max-image-preview:large, max-video-preview:-1\" \/>\n<link rel=\"canonical\" href=\"https:\/\/jornaltimoneiro.com.br\/index.php\/2024\/04\/29\/afetados-pelo-temporal-de-janeiro-tem-direito-a-nova-chance-de-cadastro-para-saque-emergencial\/\" \/>\n<meta property=\"og:locale\" content=\"pt_BR\" \/>\n<meta property=\"og:type\" content=\"article\" \/>\n<meta property=\"og:title\" content=\"Afetados pelo temporal de janeiro t\u00eam direito a nova chance de cadastro para Saque Emergencial - O Timoneiro Jornal Canoas RS\" \/>\n<meta property=\"og:description\" content=\"O recadastramento de moradores afetados pela tempestade de 16 de janeiro e interessados em solicitar o Saque Calamidade do Fundo de Garantia do Tempo de Servi\u00e7o (FGTS) foi aberto nesta segunda-feira, 29. O prazo vai at\u00e9 a pr\u00f3xima segunda, dia 6 de maio, \u00e0s 23h59. Os canoenses atingidos e que possuem saldo de FGTS na [&hellip;]\" \/>\n<meta property=\"og:url\" content=\"https:\/\/jornaltimoneiro.com.br\/index.php\/2024\/04\/29\/afetados-pelo-temporal-de-janeiro-tem-direito-a-nova-chance-de-cadastro-para-saque-emergencial\/\" \/>\n<meta property=\"og:site_name\" content=\"O Timoneiro Jornal Canoas RS\" \/>\n<meta property=\"article:publisher\" content=\"https:\/\/www.facebook.com\/jornaltimoneiro\" \/>\n<meta property=\"article:published_time\" content=\"2024-04-29T18:24:46+00:00\" \/>\n<meta property=\"og:image\" content=\"https:\/\/jornaltimoneiro.com.br\/wp-content\/uploads\/2023\/09\/27-09-2023-ORIENTACAO-DEFESA-CIVIL-RUA-HERMES-DA-FONSECA-THIAGO-GUIMARAES-21.jpg\" \/>\n\t<meta property=\"og:image:width\" content=\"1080\" \/>\n\t<meta property=\"og:image:height\" content=\"581\" \/>\n\t<meta property=\"og:image:type\" content=\"image\/jpeg\" \/>\n<meta name=\"author\" content=\"Reda\u00e7\u00e3o\" \/>\n<meta name=\"twitter:card\" content=\"summary_large_image\" \/>\n<meta name=\"twitter:creator\" content=\"@_OTimoneiro\" \/>\n<meta name=\"twitter:site\" content=\"@_OTimoneiro\" \/>\n<meta name=\"twitter:label1\" content=\"Escrito por\" \/>\n\t<meta name=\"twitter:data1\" content=\"Reda\u00e7\u00e3o\" \/>\n\t<meta name=\"twitter:label2\" content=\"Est. tempo de leitura\" \/>\n\t<meta name=\"twitter:data2\" content=\"3 minutos\" \/>\n<script type=\"application\/ld+json\" class=\"yoast-schema-graph\">{\"@context\":\"https:\/\/schema.org\",\"@graph\":[{\"@type\":\"Article\",\"@id\":\"https:\/\/jornaltimoneiro.com.br\/index.php\/2024\/04\/29\/afetados-pelo-temporal-de-janeiro-tem-direito-a-nova-chance-de-cadastro-para-saque-emergencial\/#article\",\"isPartOf\":{\"@id\":\"https:\/\/jornaltimoneiro.com.br\/index.php\/2024\/04\/29\/afetados-pelo-temporal-de-janeiro-tem-direito-a-nova-chance-de-cadastro-para-saque-emergencial\/\"},\"author\":{\"name\":\"Reda\u00e7\u00e3o\",\"@id\":\"https:\/\/jornaltimoneiro.com.br\/#\/schema\/person\/f63482f1a02b1a9592707865e509ab40\"},\"headline\":\"Afetados pelo temporal de janeiro t\u00eam direito a nova chance de cadastro para Saque Emergencial\",\"datePublished\":\"2024-04-29T18:24:46+00:00\",\"dateModified\":\"2024-04-29T18:24:46+00:00\",\"mainEntityOfPage\":{\"@id\":\"https:\/\/jornaltimoneiro.com.br\/index.php\/2024\/04\/29\/afetados-pelo-temporal-de-janeiro-tem-direito-a-nova-chance-de-cadastro-para-saque-emergencial\/\"},\"wordCount\":425,\"commentCount\":0,\"publisher\":{\"@id\":\"https:\/\/jornaltimoneiro.com.br\/#organization\"},\"keywords\":[\"afetados\",\"featured\",\"FGTS\",\"janeiro\",\"saque calamidade\",\"temporal\"],\"articleSection\":[\"Clima\",\"Economia\"],\"inLanguage\":\"pt-BR\",\"potentialAction\":[{\"@type\":\"CommentAction\",\"name\":\"Comment\",\"target\":[\"https:\/\/jornaltimoneiro.com.br\/index.php\/2024\/04\/29\/afetados-pelo-temporal-de-janeiro-tem-direito-a-nova-chance-de-cadastro-para-saque-emergencial\/#respond\"]}]},{\"@type\":\"WebPage\",\"@id\":\"https:\/\/jornaltimoneiro.com.br\/index.php\/2024\/04\/29\/afetados-pelo-temporal-de-janeiro-tem-direito-a-nova-chance-de-cadastro-para-saque-emergencial\/\",\"url\":\"https:\/\/jornaltimoneiro.com.br\/index.php\/2024\/04\/29\/afetados-pelo-temporal-de-janeiro-tem-direito-a-nova-chance-de-cadastro-para-saque-emergencial\/\",\"name\":\"Afetados pelo temporal de janeiro t\u00eam direito a nova chance de cadastro para Saque Emergencial - O Timoneiro Jornal Canoas RS\",\"isPartOf\":{\"@id\":\"https:\/\/jornaltimoneiro.com.br\/#website\"},\"datePublished\":\"2024-04-29T18:24:46+00:00\",\"dateModified\":\"2024-04-29T18:24:46+00:00\",\"breadcrumb\":{\"@id\":\"https:\/\/jornaltimoneiro.com.br\/index.php\/2024\/04\/29\/afetados-pelo-temporal-de-janeiro-tem-direito-a-nova-chance-de-cadastro-para-saque-emergencial\/#breadcrumb\"},\"inLanguage\":\"pt-BR\",\"potentialAction\":[{\"@type\":\"ReadAction\",\"target\":[\"https:\/\/jornaltimoneiro.com.br\/index.php\/2024\/04\/29\/afetados-pelo-temporal-de-janeiro-tem-direito-a-nova-chance-de-cadastro-para-saque-emergencial\/\"]}]},{\"@type\":\"BreadcrumbList\",\"@id\":\"https:\/\/jornaltimoneiro.com.br\/index.php\/2024\/04\/29\/afetados-pelo-temporal-de-janeiro-tem-direito-a-nova-chance-de-cadastro-para-saque-emergencial\/#breadcrumb\",\"itemListElement\":[{\"@type\":\"ListItem\",\"position\":1,\"name\":\"In\u00edcio\",\"item\":\"https:\/\/jornaltimoneiro.com.br\/\"},{\"@type\":\"ListItem\",\"position\":2,\"name\":\"Afetados pelo temporal de janeiro t\u00eam direito a nova chance de cadastro para Saque Emergencial\"}]},{\"@type\":\"WebSite\",\"@id\":\"https:\/\/jornaltimoneiro.com.br\/#website\",\"url\":\"https:\/\/jornaltimoneiro.com.br\/\",\"name\":\"Jornal Timoneiro Canoas RS\",\"description\":\"Jornal O Timoneiro, o verdadeiro jornal de Canoas\",\"publisher\":{\"@id\":\"https:\/\/jornaltimoneiro.com.br\/#organization\"},\"potentialAction\":[{\"@type\":\"SearchAction\",\"target\":{\"@type\":\"EntryPoint\",\"urlTemplate\":\"https:\/\/jornaltimoneiro.com.br\/?s={search_term_string}\"},\"query-input\":\"required name=search_term_string\"}],\"inLanguage\":\"pt-BR\"},{\"@type\":\"Organization\",\"@id\":\"https:\/\/jornaltimoneiro.com.br\/#organization\",\"name\":\"Jornal Timoneiro Canoas RS\",\"url\":\"https:\/\/jornaltimoneiro.com.br\/\",\"logo\":{\"@type\":\"ImageObject\",\"inLanguage\":\"pt-BR\",\"@id\":\"https:\/\/jornaltimoneiro.com.br\/#\/schema\/logo\/image\/\",\"url\":\"https:\/\/jornaltimoneiro.com.br\/wp-content\/uploads\/2023\/03\/logonovo.png\",\"contentUrl\":\"https:\/\/jornaltimoneiro.com.br\/wp-content\/uploads\/2023\/03\/logonovo.png\",\"width\":\"469\",\"height\":\"171\",\"caption\":\"Jornal Timoneiro Canoas RS\"},\"image\":{\"@id\":\"https:\/\/jornaltimoneiro.com.br\/#\/schema\/logo\/image\/\"},\"sameAs\":[\"https:\/\/www.facebook.com\/jornaltimoneiro\",\"https:\/\/twitter.com\/_OTimoneiro\",\"https:\/\/www.instagram.com\/jornaltimoneirocanoas\/\",\"https:\/\/www.youtube.com\/@jornalotimoneiro7927\"]},{\"@type\":\"Person\",\"@id\":\"https:\/\/jornaltimoneiro.com.br\/#\/schema\/person\/f63482f1a02b1a9592707865e509ab40\",\"name\":\"Reda\u00e7\u00e3o\",\"image\":{\"@type\":\"ImageObject\",\"inLanguage\":\"pt-BR\",\"@id\":\"https:\/\/jornaltimoneiro.com.br\/#\/schema\/person\/image\/\",\"url\":\"https:\/\/jornaltimoneiro.com.br\/wp-content\/uploads\/2023\/03\/download.jpeg\",\"contentUrl\":\"https:\/\/jornaltimoneiro.com.br\/wp-content\/uploads\/2023\/03\/download.jpeg\",\"caption\":\"Reda\u00e7\u00e3o\"},\"url\":\"https:\/\/jornaltimoneiro.com.br\/index.php\/author\/simone-dutra\/\"}]}<\/script>\n<!-- \/ Yoast SEO plugin. -->","yoast_head_json":{"title":"Afetados pelo temporal de janeiro t\u00eam direito a nova chance de cadastro para Saque Emergencial - O Timoneiro Jornal Canoas RS","robots":{"index":"index","follow":"follow","max-snippet":"max-snippet:-1","max-image-preview":"max-image-preview:large","max-video-preview":"max-video-preview:-1"},"canonical":"https:\/\/jornaltimoneiro.com.br\/index.php\/2024\/04\/29\/afetados-pelo-temporal-de-janeiro-tem-direito-a-nova-chance-de-cadastro-para-saque-emergencial\/","og_locale":"pt_BR","og_type":"article","og_title":"Afetados pelo temporal de janeiro t\u00eam direito a nova chance de cadastro para Saque Emergencial - O Timoneiro Jornal Canoas RS","og_description":"O recadastramento de moradores afetados pela tempestade de 16 de janeiro e interessados em solicitar o Saque Calamidade do Fundo de Garantia do Tempo de Servi\u00e7o (FGTS) foi aberto nesta segunda-feira, 29. O prazo vai at\u00e9 a pr\u00f3xima segunda, dia 6 de maio, \u00e0s 23h59. Os canoenses atingidos e que possuem saldo de FGTS na [&hellip;]","og_url":"https:\/\/jornaltimoneiro.com.br\/index.php\/2024\/04\/29\/afetados-pelo-temporal-de-janeiro-tem-direito-a-nova-chance-de-cadastro-para-saque-emergencial\/","og_site_name":"O Timoneiro Jornal Canoas RS","article_publisher":"https:\/\/www.facebook.com\/jornaltimoneiro","article_published_time":"2024-04-29T18:24:46+00:00","og_image":[{"width":"1080","height":"581","url":"https:\/\/jornaltimoneiro.com.br\/wp-content\/uploads\/2023\/09\/27-09-2023-ORIENTACAO-DEFESA-CIVIL-RUA-HERMES-DA-FONSECA-THIAGO-GUIMARAES-21.jpg","type":"image\/jpeg"}],"author":"Reda\u00e7\u00e3o","twitter_card":"summary_large_image","twitter_creator":"@_OTimoneiro","twitter_site":"@_OTimoneiro","twitter_misc":{"Escrito por":"Reda\u00e7\u00e3o","Est. tempo de leitura":"3 minutos"},"schema":{"@context":"https:\/\/schema.org","@graph":[{"@type":"Article","@id":"https:\/\/jornaltimoneiro.com.br\/index.php\/2024\/04\/29\/afetados-pelo-temporal-de-janeiro-tem-direito-a-nova-chance-de-cadastro-para-saque-emergencial\/#article","isPartOf":{"@id":"https:\/\/jornaltimoneiro.com.br\/index.php\/2024\/04\/29\/afetados-pelo-temporal-de-janeiro-tem-direito-a-nova-chance-de-cadastro-para-saque-emergencial\/"},"author":{"name":"Reda\u00e7\u00e3o","@id":"https:\/\/jornaltimoneiro.com.br\/#\/schema\/person\/f63482f1a02b1a9592707865e509ab40"},"headline":"Afetados pelo temporal de janeiro t\u00eam direito a nova chance de cadastro para Saque Emergencial","datePublished":"2024-04-29T18:24:46+00:00","dateModified":"2024-04-29T18:24:46+00:00","mainEntityOfPage":{"@id":"https:\/\/jornaltimoneiro.com.br\/index.php\/2024\/04\/29\/afetados-pelo-temporal-de-janeiro-tem-direito-a-nova-chance-de-cadastro-para-saque-emergencial\/"},"wordCount":425,"commentCount":0,"publisher":{"@id":"https:\/\/jornaltimoneiro.com.br\/#organization"},"keywords":["afetados","featured","FGTS","janeiro","saque calamidade","temporal"],"articleSection":["Clima","Economia"],"inLanguage":"pt-BR","potentialAction":[{"@type":"CommentAction","name":"Comment","target":["https:\/\/jornaltimoneiro.com.br\/index.php\/2024\/04\/29\/afetados-pelo-temporal-de-janeiro-tem-direito-a-nova-chance-de-cadastro-para-saque-emergencial\/#respond"]}]},{"@type":"WebPage","@id":"https:\/\/jornaltimoneiro.com.br\/index.php\/2024\/04\/29\/afetados-pelo-temporal-de-janeiro-tem-direito-a-nova-chance-de-cadastro-para-saque-emergencial\/","url":"https:\/\/jornaltimoneiro.com.br\/index.php\/2024\/04\/29\/afetados-pelo-temporal-de-janeiro-tem-direito-a-nova-chance-de-cadastro-para-saque-emergencial\/","name":"Afetados pelo temporal de janeiro t\u00eam direito a nova chance de cadastro para Saque Emergencial - O Timoneiro Jornal Canoas RS","isPartOf":{"@id":"https:\/\/jornaltimoneiro.com.br\/#website"},"datePublished":"2024-04-29T18:24:46+00:00","dateModified":"2024-04-29T18:24:46+00:00","breadcrumb":{"@id":"https:\/\/jornaltimoneiro.com.br\/index.php\/2024\/04\/29\/afetados-pelo-temporal-de-janeiro-tem-direito-a-nova-chance-de-cadastro-para-saque-emergencial\/#breadcrumb"},"inLanguage":"pt-BR","potentialAction":[{"@type":"ReadAction","target":["https:\/\/jornaltimoneiro.com.br\/index.php\/2024\/04\/29\/afetados-pelo-temporal-de-janeiro-tem-direito-a-nova-chance-de-cadastro-para-saque-emergencial\/"]}]},{"@type":"BreadcrumbList","@id":"https:\/\/jornaltimoneiro.com.br\/index.php\/2024\/04\/29\/afetados-pelo-temporal-de-janeiro-tem-direito-a-nova-chance-de-cadastro-para-saque-emergencial\/#breadcrumb","itemListElement":[{"@type":"ListItem","position":1,"name":"In\u00edcio","item":"https:\/\/jornaltimoneiro.com.br\/"},{"@type":"ListItem","position":2,"name":"Afetados pelo temporal de janeiro t\u00eam direito a nova chance de cadastro para Saque Emergencial"}]},{"@type":"WebSite","@id":"https:\/\/jornaltimoneiro.com.br\/#website","url":"https:\/\/jornaltimoneiro.com.br\/","name":"Jornal Timoneiro Canoas RS","description":"Jornal O Timoneiro, o verdadeiro jornal de Canoas","publisher":{"@id":"https:\/\/jornaltimoneiro.com.br\/#organization"},"potentialAction":[{"@type":"SearchAction","target":{"@type":"EntryPoint","urlTemplate":"https:\/\/jornaltimoneiro.com.br\/?s={search_term_string}"},"query-input":"required name=search_term_string"}],"inLanguage":"pt-BR"},{"@type":"Organization","@id":"https:\/\/jornaltimoneiro.com.br\/#organization","name":"Jornal Timoneiro Canoas RS","url":"https:\/\/jornaltimoneiro.com.br\/","logo":{"@type":"ImageObject","inLanguage":"pt-BR","@id":"https:\/\/jornaltimoneiro.com.br\/#\/schema\/logo\/image\/","url":"https:\/\/jornaltimoneiro.com.br\/wp-content\/uploads\/2023\/03\/logonovo.png","contentUrl":"https:\/\/jornaltimoneiro.com.br\/wp-content\/uploads\/2023\/03\/logonovo.png","width":"469","height":"171","caption":"Jornal Timoneiro Canoas RS"},"image":{"@id":"https:\/\/jornaltimoneiro.com.br\/#\/schema\/logo\/image\/"},"sameAs":["https:\/\/www.facebook.com\/jornaltimoneiro","https:\/\/twitter.com\/_OTimoneiro","https:\/\/www.instagram.com\/jornaltimoneirocanoas\/","https:\/\/www.youtube.com\/@jornalotimoneiro7927"]},{"@type":"Person","@id":"https:\/\/jornaltimoneiro.com.br\/#\/schema\/person\/f63482f1a02b1a9592707865e509ab40","name":"Reda\u00e7\u00e3o","image":{"@type":"ImageObject","inLanguage":"pt-BR","@id":"https:\/\/jornaltimoneiro.com.br\/#\/schema\/person\/image\/","url":"https:\/\/jornaltimoneiro.com.br\/wp-content\/uploads\/2023\/03\/download.jpeg","contentUrl":"https:\/\/jornaltimoneiro.com.br\/wp-content\/uploads\/2023\/03\/download.jpeg","caption":"Reda\u00e7\u00e3o"},"url":"https:\/\/jornaltimoneiro.com.br\/index.php\/author\/simone-dutra\/"}]}},"_links":{"self":[{"href":"https:\/\/jornaltimoneiro.com.br\/index.php\/wp-json\/wp\/v2\/posts\/28937"}],"collection":[{"href":"https:\/\/jornaltimoneiro.com.br\/index.php\/wp-json\/wp\/v2\/posts"}],"about":[{"href":"https:\/\/jornaltimoneiro.com.br\/index.php\/wp-json\/wp\/v2\/types\/post"}],"author":[{"embeddable":true,"href":"https:\/\/jornaltimoneiro.com.br\/index.php\/wp-json\/wp\/v2\/users\/2"}],"replies":[{"embeddable":true,"href":"https:\/\/jornaltimoneiro.com.br\/index.php\/wp-json\/wp\/v2\/comments?post=28937"}],"version-history":[{"count":1,"href":"https:\/\/jornaltimoneiro.com.br\/index.php\/wp-json\/wp\/v2\/posts\/28937\/revisions"}],"predecessor-version":[{"id":28938,"href":"https:\/\/jornaltimoneiro.com.br\/index.php\/wp-json\/wp\/v2\/posts\/28937\/revisions\/28938"}],"wp:featuredmedia":[{"embeddable":true,"href":"https:\/\/jornaltimoneiro.com.br\/index.php\/wp-json\/wp\/v2\/media\/25886"}],"wp:attachment":[{"href":"https:\/\/jornaltimoneiro.com.br\/index.php\/wp-json\/wp\/v2\/media?parent=28937"}],"wp:term":[{"taxonomy":"category","embeddable":true,"href":"https:\/\/jornaltimoneiro.com.br\/index.php\/wp-json\/wp\/v2\/categories?post=28937"},{"taxonomy":"post_tag","embeddable":true,"href":"https:\/\/jornaltimoneiro.com.br\/index.php\/wp-json\/wp\/v2\/tags?post=28937"}],"curies":[{"name":"wp","href":"https:\/\/api.w.org\/{rel}","templated":true}]}}