{"id":28884,"date":"2024-04-26T14:50:30","date_gmt":"2024-04-26T17:50:30","guid":{"rendered":"https:\/\/jornaltimoneiro.com.br\/?p=28884"},"modified":"2024-04-26T14:50:30","modified_gmt":"2024-04-26T17:50:30","slug":"grande-expediente-na-camara-de-canoas-debate-futuro-economico-da-cidade","status":"publish","type":"post","link":"https:\/\/jornaltimoneiro.com.br\/index.php\/2024\/04\/26\/grande-expediente-na-camara-de-canoas-debate-futuro-economico-da-cidade\/","title":{"rendered":"Grande Expediente na C\u00e2mara de Canoas debate futuro econ\u00f4mico da cidade"},"content":{"rendered":"<p>Em Grande Expediente realizado na ter\u00e7a-feira, 23, a C\u00e2mara Municipal de Canoas tornou-se palco de um debate estrat\u00e9gico sobre o futuro econ\u00f4mico da cidade, com foco no Parque Canoas de Inova\u00e7\u00e3o (PCI). A reuni\u00e3o, proposta pelo vereador Duarte (Republicanos).<\/p>\n<p>O evento contou com a presen\u00e7a de R\u00e9gis Sell Haubert, presidente da Associa\u00e7\u00e3o das Empresas do Parque de Inova\u00e7\u00e3o (AEPCI), e Schirley Panizzi, presidente da C\u00e2mara de Ind\u00fastria, Com\u00e9rcio e Servi\u00e7os (CICS).<\/p>\n<p>A mesa foi composta tamb\u00e9m por Melchiades Neto, Secret\u00e1rio Municipal de Desenvolvimento Econ\u00f4mico, Turismo e Inova\u00e7\u00e3o, refor\u00e7ando o suporte do governo municipal ao projeto.<\/p>\n<p>Entre os convidados estavam Gleverton de Munno, assessor da AEPCI; Marcos Dillenburg, Diretor Geral da Novus; Gabriel Borges, Diretor de Tecnologia da Savefarm; Andr\u00e9 Guindane, Vice-Presidente da CICS; C\u00e9sar Augusto, Diretor da STI; e Daniel Dalo, tamb\u00e9m assessor da AEPCI.<\/p>\n<p>Durante seu discurso, o vereador Duarte expressou entusiasmo com os avan\u00e7os j\u00e1 alcan\u00e7ados e delineou as expectativas futuras: \u201cCom 90 empresas potenciais, o parque poder\u00e1 gerar cerca de 10 mil empregos, transformando significativamente a regi\u00e3o do Guajuviras\u201d, afirmou. Ele tamb\u00e9m destacou o impacto substancial que o PCI poderia ter na arrecada\u00e7\u00e3o municipal e no aumento do ICMS em at\u00e9 20%.<\/p>\n","protected":false},"excerpt":{"rendered":"<p>Em Grande Expediente realizado na ter\u00e7a-feira, 23, a C\u00e2mara Municipal de Canoas tornou-se palco de um debate estrat\u00e9gico sobre o futuro econ\u00f4mico da cidade, com foco no Parque Canoas de Inova\u00e7\u00e3o (PCI). A reuni\u00e3o, proposta pelo vereador Duarte (Republicanos). O evento contou com a presen\u00e7a de R\u00e9gis Sell Haubert, presidente da Associa\u00e7\u00e3o das Empresas do [&hellip;]<\/p>\n","protected":false},"author":2,"featured_media":28885,"comment_status":"open","ping_status":"open","sticky":false,"template":"","format":"standard","meta":{"amp_status":"","footnotes":""},"categories":[1854,20],"tags":[86,87,2389,835],"class_list":["post-28884","post","type-post","status-publish","format-standard","has-post-thumbnail","hentry","category-economia","category-politica-noticias","tag-camara-de-vereadores-de-canoas","tag-economia","tag-futuro","tag-grande-expediente"],"yoast_head":"<!-- This site is optimized with the Yoast SEO plugin v20.5 - https:\/\/yoast.com\/wordpress\/plugins\/seo\/ -->\n<title>Grande Expediente na C\u00e2mara de Canoas debate futuro econ\u00f4mico da cidade - O Timoneiro Jornal Canoas RS<\/title>\n<meta name=\"robots\" content=\"index, follow, max-snippet:-1, max-image-preview:large, max-video-preview:-1\" \/>\n<link rel=\"canonical\" href=\"https:\/\/jornaltimoneiro.com.br\/index.php\/2024\/04\/26\/grande-expediente-na-camara-de-canoas-debate-futuro-economico-da-cidade\/\" \/>\n<meta property=\"og:locale\" content=\"pt_BR\" \/>\n<meta property=\"og:type\" content=\"article\" \/>\n<meta property=\"og:title\" content=\"Grande Expediente na C\u00e2mara de Canoas debate futuro econ\u00f4mico da cidade - O Timoneiro Jornal Canoas RS\" \/>\n<meta property=\"og:description\" content=\"Em Grande Expediente realizado na ter\u00e7a-feira, 23, a C\u00e2mara Municipal de Canoas tornou-se palco de um debate estrat\u00e9gico sobre o futuro econ\u00f4mico da cidade, com foco no Parque Canoas de Inova\u00e7\u00e3o (PCI). A reuni\u00e3o, proposta pelo vereador Duarte (Republicanos). O evento contou com a presen\u00e7a de R\u00e9gis Sell Haubert, presidente da Associa\u00e7\u00e3o das Empresas do [&hellip;]\" \/>\n<meta property=\"og:url\" content=\"https:\/\/jornaltimoneiro.com.br\/index.php\/2024\/04\/26\/grande-expediente-na-camara-de-canoas-debate-futuro-economico-da-cidade\/\" \/>\n<meta property=\"og:site_name\" content=\"O Timoneiro Jornal Canoas RS\" \/>\n<meta property=\"article:publisher\" content=\"https:\/\/www.facebook.com\/jornaltimoneiro\" \/>\n<meta property=\"article:published_time\" content=\"2024-04-26T17:50:30+00:00\" \/>\n<meta property=\"og:image\" content=\"https:\/\/jornaltimoneiro.com.br\/wp-content\/uploads\/2024\/04\/WhatsApp-Image-2024-04-25-at-10.50.05-1024x682.jpeg\" \/>\n\t<meta property=\"og:image:width\" content=\"1024\" \/>\n\t<meta property=\"og:image:height\" content=\"682\" \/>\n\t<meta property=\"og:image:type\" content=\"image\/jpeg\" \/>\n<meta name=\"author\" content=\"Reda\u00e7\u00e3o\" \/>\n<meta name=\"twitter:card\" content=\"summary_large_image\" \/>\n<meta name=\"twitter:creator\" content=\"@_OTimoneiro\" \/>\n<meta name=\"twitter:site\" content=\"@_OTimoneiro\" \/>\n<meta name=\"twitter:label1\" content=\"Escrito por\" \/>\n\t<meta name=\"twitter:data1\" content=\"Reda\u00e7\u00e3o\" \/>\n\t<meta name=\"twitter:label2\" content=\"Est. tempo de leitura\" \/>\n\t<meta name=\"twitter:data2\" content=\"2 minutos\" \/>\n<script type=\"application\/ld+json\" class=\"yoast-schema-graph\">{\"@context\":\"https:\/\/schema.org\",\"@graph\":[{\"@type\":\"Article\",\"@id\":\"https:\/\/jornaltimoneiro.com.br\/index.php\/2024\/04\/26\/grande-expediente-na-camara-de-canoas-debate-futuro-economico-da-cidade\/#article\",\"isPartOf\":{\"@id\":\"https:\/\/jornaltimoneiro.com.br\/index.php\/2024\/04\/26\/grande-expediente-na-camara-de-canoas-debate-futuro-economico-da-cidade\/\"},\"author\":{\"name\":\"Reda\u00e7\u00e3o\",\"@id\":\"https:\/\/jornaltimoneiro.com.br\/#\/schema\/person\/f63482f1a02b1a9592707865e509ab40\"},\"headline\":\"Grande Expediente na C\u00e2mara de Canoas debate futuro econ\u00f4mico da cidade\",\"datePublished\":\"2024-04-26T17:50:30+00:00\",\"dateModified\":\"2024-04-26T17:50:30+00:00\",\"mainEntityOfPage\":{\"@id\":\"https:\/\/jornaltimoneiro.com.br\/index.php\/2024\/04\/26\/grande-expediente-na-camara-de-canoas-debate-futuro-economico-da-cidade\/\"},\"wordCount\":230,\"commentCount\":0,\"publisher\":{\"@id\":\"https:\/\/jornaltimoneiro.com.br\/#organization\"},\"keywords\":[\"C\u00e2mara de Vereadores de Canoas\",\"economia\",\"futuro\",\"grande expediente\"],\"articleSection\":[\"Economia\",\"Pol\u00edtica\"],\"inLanguage\":\"pt-BR\",\"potentialAction\":[{\"@type\":\"CommentAction\",\"name\":\"Comment\",\"target\":[\"https:\/\/jornaltimoneiro.com.br\/index.php\/2024\/04\/26\/grande-expediente-na-camara-de-canoas-debate-futuro-economico-da-cidade\/#respond\"]}]},{\"@type\":\"WebPage\",\"@id\":\"https:\/\/jornaltimoneiro.com.br\/index.php\/2024\/04\/26\/grande-expediente-na-camara-de-canoas-debate-futuro-economico-da-cidade\/\",\"url\":\"https:\/\/jornaltimoneiro.com.br\/index.php\/2024\/04\/26\/grande-expediente-na-camara-de-canoas-debate-futuro-economico-da-cidade\/\",\"name\":\"Grande Expediente na C\u00e2mara de Canoas debate futuro econ\u00f4mico da cidade - O Timoneiro Jornal Canoas RS\",\"isPartOf\":{\"@id\":\"https:\/\/jornaltimoneiro.com.br\/#website\"},\"datePublished\":\"2024-04-26T17:50:30+00:00\",\"dateModified\":\"2024-04-26T17:50:30+00:00\",\"breadcrumb\":{\"@id\":\"https:\/\/jornaltimoneiro.com.br\/index.php\/2024\/04\/26\/grande-expediente-na-camara-de-canoas-debate-futuro-economico-da-cidade\/#breadcrumb\"},\"inLanguage\":\"pt-BR\",\"potentialAction\":[{\"@type\":\"ReadAction\",\"target\":[\"https:\/\/jornaltimoneiro.com.br\/index.php\/2024\/04\/26\/grande-expediente-na-camara-de-canoas-debate-futuro-economico-da-cidade\/\"]}]},{\"@type\":\"BreadcrumbList\",\"@id\":\"https:\/\/jornaltimoneiro.com.br\/index.php\/2024\/04\/26\/grande-expediente-na-camara-de-canoas-debate-futuro-economico-da-cidade\/#breadcrumb\",\"itemListElement\":[{\"@type\":\"ListItem\",\"position\":1,\"name\":\"In\u00edcio\",\"item\":\"https:\/\/jornaltimoneiro.com.br\/\"},{\"@type\":\"ListItem\",\"position\":2,\"name\":\"Grande Expediente na C\u00e2mara de Canoas debate futuro econ\u00f4mico da cidade\"}]},{\"@type\":\"WebSite\",\"@id\":\"https:\/\/jornaltimoneiro.com.br\/#website\",\"url\":\"https:\/\/jornaltimoneiro.com.br\/\",\"name\":\"Jornal Timoneiro Canoas RS\",\"description\":\"Jornal O Timoneiro, o verdadeiro jornal de Canoas\",\"publisher\":{\"@id\":\"https:\/\/jornaltimoneiro.com.br\/#organization\"},\"potentialAction\":[{\"@type\":\"SearchAction\",\"target\":{\"@type\":\"EntryPoint\",\"urlTemplate\":\"https:\/\/jornaltimoneiro.com.br\/?s={search_term_string}\"},\"query-input\":\"required name=search_term_string\"}],\"inLanguage\":\"pt-BR\"},{\"@type\":\"Organization\",\"@id\":\"https:\/\/jornaltimoneiro.com.br\/#organization\",\"name\":\"Jornal Timoneiro Canoas RS\",\"url\":\"https:\/\/jornaltimoneiro.com.br\/\",\"logo\":{\"@type\":\"ImageObject\",\"inLanguage\":\"pt-BR\",\"@id\":\"https:\/\/jornaltimoneiro.com.br\/#\/schema\/logo\/image\/\",\"url\":\"https:\/\/jornaltimoneiro.com.br\/wp-content\/uploads\/2023\/03\/logonovo.png\",\"contentUrl\":\"https:\/\/jornaltimoneiro.com.br\/wp-content\/uploads\/2023\/03\/logonovo.png\",\"width\":\"469\",\"height\":\"171\",\"caption\":\"Jornal Timoneiro Canoas RS\"},\"image\":{\"@id\":\"https:\/\/jornaltimoneiro.com.br\/#\/schema\/logo\/image\/\"},\"sameAs\":[\"https:\/\/www.facebook.com\/jornaltimoneiro\",\"https:\/\/twitter.com\/_OTimoneiro\",\"https:\/\/www.instagram.com\/jornaltimoneirocanoas\/\",\"https:\/\/www.youtube.com\/@jornalotimoneiro7927\"]},{\"@type\":\"Person\",\"@id\":\"https:\/\/jornaltimoneiro.com.br\/#\/schema\/person\/f63482f1a02b1a9592707865e509ab40\",\"name\":\"Reda\u00e7\u00e3o\",\"image\":{\"@type\":\"ImageObject\",\"inLanguage\":\"pt-BR\",\"@id\":\"https:\/\/jornaltimoneiro.com.br\/#\/schema\/person\/image\/\",\"url\":\"https:\/\/jornaltimoneiro.com.br\/wp-content\/uploads\/2023\/03\/download.jpeg\",\"contentUrl\":\"https:\/\/jornaltimoneiro.com.br\/wp-content\/uploads\/2023\/03\/download.jpeg\",\"caption\":\"Reda\u00e7\u00e3o\"},\"url\":\"https:\/\/jornaltimoneiro.com.br\/index.php\/author\/simone-dutra\/\"}]}<\/script>\n<!-- \/ Yoast SEO plugin. -->","yoast_head_json":{"title":"Grande Expediente na C\u00e2mara de Canoas debate futuro econ\u00f4mico da cidade - O Timoneiro Jornal Canoas RS","robots":{"index":"index","follow":"follow","max-snippet":"max-snippet:-1","max-image-preview":"max-image-preview:large","max-video-preview":"max-video-preview:-1"},"canonical":"https:\/\/jornaltimoneiro.com.br\/index.php\/2024\/04\/26\/grande-expediente-na-camara-de-canoas-debate-futuro-economico-da-cidade\/","og_locale":"pt_BR","og_type":"article","og_title":"Grande Expediente na C\u00e2mara de Canoas debate futuro econ\u00f4mico da cidade - O Timoneiro Jornal Canoas RS","og_description":"Em Grande Expediente realizado na ter\u00e7a-feira, 23, a C\u00e2mara Municipal de Canoas tornou-se palco de um debate estrat\u00e9gico sobre o futuro econ\u00f4mico da cidade, com foco no Parque Canoas de Inova\u00e7\u00e3o (PCI). A reuni\u00e3o, proposta pelo vereador Duarte (Republicanos). O evento contou com a presen\u00e7a de R\u00e9gis Sell Haubert, presidente da Associa\u00e7\u00e3o das Empresas do [&hellip;]","og_url":"https:\/\/jornaltimoneiro.com.br\/index.php\/2024\/04\/26\/grande-expediente-na-camara-de-canoas-debate-futuro-economico-da-cidade\/","og_site_name":"O Timoneiro Jornal Canoas RS","article_publisher":"https:\/\/www.facebook.com\/jornaltimoneiro","article_published_time":"2024-04-26T17:50:30+00:00","og_image":[{"width":"1024","height":"682","url":"https:\/\/jornaltimoneiro.com.br\/wp-content\/uploads\/2024\/04\/WhatsApp-Image-2024-04-25-at-10.50.05-1024x682.jpeg","type":"image\/jpeg"}],"author":"Reda\u00e7\u00e3o","twitter_card":"summary_large_image","twitter_creator":"@_OTimoneiro","twitter_site":"@_OTimoneiro","twitter_misc":{"Escrito por":"Reda\u00e7\u00e3o","Est. tempo de leitura":"2 minutos"},"schema":{"@context":"https:\/\/schema.org","@graph":[{"@type":"Article","@id":"https:\/\/jornaltimoneiro.com.br\/index.php\/2024\/04\/26\/grande-expediente-na-camara-de-canoas-debate-futuro-economico-da-cidade\/#article","isPartOf":{"@id":"https:\/\/jornaltimoneiro.com.br\/index.php\/2024\/04\/26\/grande-expediente-na-camara-de-canoas-debate-futuro-economico-da-cidade\/"},"author":{"name":"Reda\u00e7\u00e3o","@id":"https:\/\/jornaltimoneiro.com.br\/#\/schema\/person\/f63482f1a02b1a9592707865e509ab40"},"headline":"Grande Expediente na C\u00e2mara de Canoas debate futuro econ\u00f4mico da cidade","datePublished":"2024-04-26T17:50:30+00:00","dateModified":"2024-04-26T17:50:30+00:00","mainEntityOfPage":{"@id":"https:\/\/jornaltimoneiro.com.br\/index.php\/2024\/04\/26\/grande-expediente-na-camara-de-canoas-debate-futuro-economico-da-cidade\/"},"wordCount":230,"commentCount":0,"publisher":{"@id":"https:\/\/jornaltimoneiro.com.br\/#organization"},"keywords":["C\u00e2mara de Vereadores de Canoas","economia","futuro","grande expediente"],"articleSection":["Economia","Pol\u00edtica"],"inLanguage":"pt-BR","potentialAction":[{"@type":"CommentAction","name":"Comment","target":["https:\/\/jornaltimoneiro.com.br\/index.php\/2024\/04\/26\/grande-expediente-na-camara-de-canoas-debate-futuro-economico-da-cidade\/#respond"]}]},{"@type":"WebPage","@id":"https:\/\/jornaltimoneiro.com.br\/index.php\/2024\/04\/26\/grande-expediente-na-camara-de-canoas-debate-futuro-economico-da-cidade\/","url":"https:\/\/jornaltimoneiro.com.br\/index.php\/2024\/04\/26\/grande-expediente-na-camara-de-canoas-debate-futuro-economico-da-cidade\/","name":"Grande Expediente na C\u00e2mara de Canoas debate futuro econ\u00f4mico da cidade - O Timoneiro Jornal Canoas RS","isPartOf":{"@id":"https:\/\/jornaltimoneiro.com.br\/#website"},"datePublished":"2024-04-26T17:50:30+00:00","dateModified":"2024-04-26T17:50:30+00:00","breadcrumb":{"@id":"https:\/\/jornaltimoneiro.com.br\/index.php\/2024\/04\/26\/grande-expediente-na-camara-de-canoas-debate-futuro-economico-da-cidade\/#breadcrumb"},"inLanguage":"pt-BR","potentialAction":[{"@type":"ReadAction","target":["https:\/\/jornaltimoneiro.com.br\/index.php\/2024\/04\/26\/grande-expediente-na-camara-de-canoas-debate-futuro-economico-da-cidade\/"]}]},{"@type":"BreadcrumbList","@id":"https:\/\/jornaltimoneiro.com.br\/index.php\/2024\/04\/26\/grande-expediente-na-camara-de-canoas-debate-futuro-economico-da-cidade\/#breadcrumb","itemListElement":[{"@type":"ListItem","position":1,"name":"In\u00edcio","item":"https:\/\/jornaltimoneiro.com.br\/"},{"@type":"ListItem","position":2,"name":"Grande Expediente na C\u00e2mara de Canoas debate futuro econ\u00f4mico da cidade"}]},{"@type":"WebSite","@id":"https:\/\/jornaltimoneiro.com.br\/#website","url":"https:\/\/jornaltimoneiro.com.br\/","name":"Jornal Timoneiro Canoas RS","description":"Jornal O Timoneiro, o verdadeiro jornal de Canoas","publisher":{"@id":"https:\/\/jornaltimoneiro.com.br\/#organization"},"potentialAction":[{"@type":"SearchAction","target":{"@type":"EntryPoint","urlTemplate":"https:\/\/jornaltimoneiro.com.br\/?s={search_term_string}"},"query-input":"required name=search_term_string"}],"inLanguage":"pt-BR"},{"@type":"Organization","@id":"https:\/\/jornaltimoneiro.com.br\/#organization","name":"Jornal Timoneiro Canoas RS","url":"https:\/\/jornaltimoneiro.com.br\/","logo":{"@type":"ImageObject","inLanguage":"pt-BR","@id":"https:\/\/jornaltimoneiro.com.br\/#\/schema\/logo\/image\/","url":"https:\/\/jornaltimoneiro.com.br\/wp-content\/uploads\/2023\/03\/logonovo.png","contentUrl":"https:\/\/jornaltimoneiro.com.br\/wp-content\/uploads\/2023\/03\/logonovo.png","width":"469","height":"171","caption":"Jornal Timoneiro Canoas RS"},"image":{"@id":"https:\/\/jornaltimoneiro.com.br\/#\/schema\/logo\/image\/"},"sameAs":["https:\/\/www.facebook.com\/jornaltimoneiro","https:\/\/twitter.com\/_OTimoneiro","https:\/\/www.instagram.com\/jornaltimoneirocanoas\/","https:\/\/www.youtube.com\/@jornalotimoneiro7927"]},{"@type":"Person","@id":"https:\/\/jornaltimoneiro.com.br\/#\/schema\/person\/f63482f1a02b1a9592707865e509ab40","name":"Reda\u00e7\u00e3o","image":{"@type":"ImageObject","inLanguage":"pt-BR","@id":"https:\/\/jornaltimoneiro.com.br\/#\/schema\/person\/image\/","url":"https:\/\/jornaltimoneiro.com.br\/wp-content\/uploads\/2023\/03\/download.jpeg","contentUrl":"https:\/\/jornaltimoneiro.com.br\/wp-content\/uploads\/2023\/03\/download.jpeg","caption":"Reda\u00e7\u00e3o"},"url":"https:\/\/jornaltimoneiro.com.br\/index.php\/author\/simone-dutra\/"}]}},"_links":{"self":[{"href":"https:\/\/jornaltimoneiro.com.br\/index.php\/wp-json\/wp\/v2\/posts\/28884"}],"collection":[{"href":"https:\/\/jornaltimoneiro.com.br\/index.php\/wp-json\/wp\/v2\/posts"}],"about":[{"href":"https:\/\/jornaltimoneiro.com.br\/index.php\/wp-json\/wp\/v2\/types\/post"}],"author":[{"embeddable":true,"href":"https:\/\/jornaltimoneiro.com.br\/index.php\/wp-json\/wp\/v2\/users\/2"}],"replies":[{"embeddable":true,"href":"https:\/\/jornaltimoneiro.com.br\/index.php\/wp-json\/wp\/v2\/comments?post=28884"}],"version-history":[{"count":1,"href":"https:\/\/jornaltimoneiro.com.br\/index.php\/wp-json\/wp\/v2\/posts\/28884\/revisions"}],"predecessor-version":[{"id":28886,"href":"https:\/\/jornaltimoneiro.com.br\/index.php\/wp-json\/wp\/v2\/posts\/28884\/revisions\/28886"}],"wp:featuredmedia":[{"embeddable":true,"href":"https:\/\/jornaltimoneiro.com.br\/index.php\/wp-json\/wp\/v2\/media\/28885"}],"wp:attachment":[{"href":"https:\/\/jornaltimoneiro.com.br\/index.php\/wp-json\/wp\/v2\/media?parent=28884"}],"wp:term":[{"taxonomy":"category","embeddable":true,"href":"https:\/\/jornaltimoneiro.com.br\/index.php\/wp-json\/wp\/v2\/categories?post=28884"},{"taxonomy":"post_tag","embeddable":true,"href":"https:\/\/jornaltimoneiro.com.br\/index.php\/wp-json\/wp\/v2\/tags?post=28884"}],"curies":[{"name":"wp","href":"https:\/\/api.w.org\/{rel}","templated":true}]}}